{"id":258,"date":"2025-11-19T16:59:54","date_gmt":"2025-11-19T14:59:54","guid":{"rendered":"https:\/\/meripelastus.fi\/uusikaupunki-vedos\/?p=258"},"modified":"2025-11-19T16:59:55","modified_gmt":"2025-11-19T14:59:55","slug":"talvikausi","status":"publish","type":"post","link":"https:\/\/meripelastus.fi\/uusikaupunki\/2025\/11\/19\/talvikausi\/","title":{"rendered":"vuoden 2025 kausi on p\u00e4\u00e4ttynyt"},"content":{"rendered":"<p style=\"font-weight: 400\">Yksi meripelastuskausi on j\u00e4lleen kohdallamme takana p\u00e4in. Vuosi 2025 oli yhdistyksemme 66. toimintavuosi ja jonkin verran muutamaa edellist\u00e4 kiireisempi. Viile\u00e4 alkukes\u00e4 n\u00e4kyi selv\u00e4sti merell\u00e4, ja veneilykausi l\u00e4htikin kunnolla k\u00e4yntiin vasta kes\u00e4kuun loppupuolella.<\/p>\n<p style=\"font-weight: 400\">Suoritimme yhteens\u00e4 23 teht\u00e4v\u00e4\u00e4, joista kaksi oli Meripelastuskeskuksen johtamia meripelastusteht\u00e4vi\u00e4. Viime vuosina teht\u00e4v\u00e4m\u00e4\u00e4r\u00e4mme on py\u00f6rinyt noin 15 molemmin puolin. P\u00e4\u00e4osa teht\u00e4vist\u00e4 liittyi j\u00e4lleen erilaisiin teknisiin ongelmiin sek\u00e4 polttoaineen loppumiseen. Osallistuimme my\u00f6s yhteen etsint\u00e4teht\u00e4v\u00e4\u00e4n osana Vapaaehtoisen Pelastuspalvelun (VAPEPA) vapaaehtoisverkostoa.<\/p>\n<p style=\"font-weight: 400\">Suomen meripelastusseuran Trossi-palvelun puitteissa avustimme 9 veneilij\u00e4\u00e4. Trossi-palvelun palveluehtojen puitteissa saatu apu tai hinauspalvelu ei j\u00e4senelle maksa erikseen mit\u00e4\u00e4n, vaan se sis\u00e4ltyy j\u00e4senen vuosihintaan. Meripelastusseura on uudistamassa j\u00e4senpalvelua tulevalle veneilykaudelle 2026: seuraa Meripelastusseuran kanavia ja pysyt t\u00e4st\u00e4 ajan tasalla.<\/p>\n<p style=\"font-weight: 400\">Kaikki aluksemme (PV Ankka, PV Vekara ja PR Janne Mal\u00e9n) toimivat kauden aikana hyvin, eik\u00e4 isompia teknisi\u00e4 ongelmia ollut. P\u00e4ivystyskausi meill\u00e4 alkoi huhtikuun puoliv\u00e4liss\u00e4 ja p\u00e4\u00e4ttyi marraskuun puoliv\u00e4liss\u00e4, kest\u00e4en siis yli 200 p\u00e4iv\u00e4\u00e4.<\/p>\n<p style=\"font-weight: 400\">Viime talvena saimme lahjoitusvaroin ja Suomen Meripelastusseuran tuella hankittua 4 uutta pelastuspukua rikkoutuneiden tilalle ja kes\u00e4ll\u00e4 PV Vekaraan saatiin siihen jo kauan toivottu intercom-j\u00e4rjestelm\u00e4 helpottamaan kommunikointia tuulessa ja tuiverruksessa. Lis\u00e4ksi kev\u00e4\u00e4ll\u00e4 PR Janne Mal\u00e9niin saatiin hankittua uusi karttaplotteri yl\u00e4ohjaamoon Uudenkaupungin Suomalaisen Seuran S\u00e4\u00e4ti\u00f6n avustuksella.<\/p>\n<p style=\"font-weight: 400\">Nyt on aika hiljenty\u00e4 talven viettoon alusten viimeisten syyshuoltojen kautta ja valmistautua tulevaan veneilykauteen 2026. Talven aikana miehist\u00f6 yll\u00e4pit\u00e4\u00e4 osaamistaan aluksiin ja meripelastustoimintaan koulutuksilla ja Meripelastusseuran verkkoluennoilla sek\u00e4 huoltaa ja yll\u00e4pit\u00e4\u00e4 alusten irtovarusteet valmiiksi tulevalle kaudelle.<\/p>\n<p style=\"font-weight: 400\">Tino Niekka<\/p>\n<p style=\"font-weight: 400\">Puheenjohtaja<\/p>\n","protected":false},"excerpt":{"rendered":"<p>Yksi meripelastuskausi on j\u00e4lleen kohdallamme takana p\u00e4in. Vuosi 2025 oli yhdistyksemme 66. toimintavuosi ja jonkin verran muutamaa edellist\u00e4 kiireisempi. Viile\u00e4 alkukes\u00e4 n\u00e4kyi selv\u00e4sti merell\u00e4, ja veneilykausi l\u00e4htikin kunnolla k\u00e4yntiin vasta kes\u00e4kuun loppupuolella. Suoritimme yhteens\u00e4 23 teht\u00e4v\u00e4\u00e4, joista kaksi oli Meripelastuskeskuksen johtamia meripelastusteht\u00e4vi\u00e4. Viime vuosina teht\u00e4v\u00e4m\u00e4\u00e4r\u00e4mme on py\u00f6rinyt noin 15 molemmin puolin. P\u00e4\u00e4osa teht\u00e4vist\u00e4 liittyi j\u00e4lleen [&hellip;]<\/p>\n","protected":false},"author":34,"featured_media":631,"comment_status":"closed","ping_status":"open","sticky":false,"template":"","format":"standard","meta":{"_acf_changed":false,"inline_featured_image":false,"footnotes":""},"categories":[1],"tags":[],"class_list":["post-258","post","type-post","status-publish","format-standard","has-post-thumbnail","hentry","category-uutiset"],"acf":[],"yoast_head":"<!-- This site is optimized with the Yoast SEO Premium plugin v27.4 (Yoast SEO v27.4) - https:\/\/yoast.com\/product\/yoast-seo-premium-wordpress\/ -->\n<title>vuoden 2025 kausi on p\u00e4\u00e4ttynyt - Uudenkaupungin Meripelastajat<\/title>\n<meta name=\"robots\" content=\"index, follow, max-snippet:-1, max-image-preview:large, max-video-preview:-1\" \/>\n<link rel=\"canonical\" href=\"https:\/\/meripelastus.fi\/uusikaupunki\/2025\/11\/19\/talvikausi\/\" \/>\n<meta property=\"og:locale\" content=\"fi_FI\" \/>\n<meta property=\"og:type\" content=\"article\" \/>\n<meta property=\"og:title\" content=\"vuoden 2025 kausi on p\u00e4\u00e4ttynyt\" \/>\n<meta property=\"og:description\" content=\"Yksi meripelastuskausi on j\u00e4lleen kohdallamme takana p\u00e4in. Vuosi 2025 oli yhdistyksemme 66. toimintavuosi ja jonkin verran muutamaa edellist\u00e4 kiireisempi. Viile\u00e4 alkukes\u00e4 n\u00e4kyi selv\u00e4sti merell\u00e4, ja veneilykausi l\u00e4htikin kunnolla k\u00e4yntiin vasta kes\u00e4kuun loppupuolella. Suoritimme yhteens\u00e4 23 teht\u00e4v\u00e4\u00e4, joista kaksi oli Meripelastuskeskuksen johtamia meripelastusteht\u00e4vi\u00e4. Viime vuosina teht\u00e4v\u00e4m\u00e4\u00e4r\u00e4mme on py\u00f6rinyt noin 15 molemmin puolin. P\u00e4\u00e4osa teht\u00e4vist\u00e4 liittyi j\u00e4lleen [&hellip;]\" \/>\n<meta property=\"og:url\" content=\"https:\/\/meripelastus.fi\/uusikaupunki\/2025\/11\/19\/talvikausi\/\" \/>\n<meta property=\"og:site_name\" content=\"Uudenkaupungin Meripelastajat\" \/>\n<meta property=\"article:published_time\" content=\"2025-11-19T14:59:54+00:00\" \/>\n<meta property=\"article:modified_time\" content=\"2025-11-19T14:59:55+00:00\" \/>\n<meta property=\"og:image\" content=\"https:\/\/meripelastus.fi\/uusikaupunki\/wp-content\/uploads\/sites\/17\/2025\/05\/malen_2025-scaled.jpg\" \/>\n\t<meta property=\"og:image:width\" content=\"2560\" \/>\n\t<meta property=\"og:image:height\" content=\"1920\" \/>\n\t<meta property=\"og:image:type\" content=\"image\/jpeg\" \/>\n<meta name=\"author\" content=\"marianne\" \/>\n<meta name=\"twitter:card\" content=\"summary_large_image\" \/>\n<meta name=\"twitter:label1\" content=\"Kirjoittanut\" \/>\n\t<meta name=\"twitter:data1\" content=\"marianne\" \/>\n\t<meta name=\"twitter:label2\" content=\"Arvioitu lukuaika\" \/>\n\t<meta name=\"twitter:data2\" content=\"2 minuuttia\" \/>\n<script type=\"application\/ld+json\" class=\"yoast-schema-graph\">{\"@context\":\"https:\\\/\\\/schema.org\",\"@graph\":[{\"@type\":\"Article\",\"@id\":\"https:\\\/\\\/meripelastus.fi\\\/uusikaupunki\\\/2025\\\/11\\\/19\\\/talvikausi\\\/#article\",\"isPartOf\":{\"@id\":\"https:\\\/\\\/meripelastus.fi\\\/uusikaupunki\\\/2025\\\/11\\\/19\\\/talvikausi\\\/\"},\"author\":{\"name\":\"marianne\",\"@id\":\"https:\\\/\\\/meripelastus.fi\\\/uusikaupunki\\\/#\\\/schema\\\/person\\\/bce5ad662e5e4b62e4734ccea6b7985f\"},\"headline\":\"vuoden 2025 kausi on p\u00e4\u00e4ttynyt\",\"datePublished\":\"2025-11-19T14:59:54+00:00\",\"dateModified\":\"2025-11-19T14:59:55+00:00\",\"mainEntityOfPage\":{\"@id\":\"https:\\\/\\\/meripelastus.fi\\\/uusikaupunki\\\/2025\\\/11\\\/19\\\/talvikausi\\\/\"},\"wordCount\":265,\"image\":{\"@id\":\"https:\\\/\\\/meripelastus.fi\\\/uusikaupunki\\\/2025\\\/11\\\/19\\\/talvikausi\\\/#primaryimage\"},\"thumbnailUrl\":\"https:\\\/\\\/meripelastus.fi\\\/uusikaupunki\\\/wp-content\\\/uploads\\\/sites\\\/17\\\/2025\\\/05\\\/malen_2025-scaled.jpg\",\"articleSection\":[\"Uutiset\"],\"inLanguage\":\"fi\"},{\"@type\":\"WebPage\",\"@id\":\"https:\\\/\\\/meripelastus.fi\\\/uusikaupunki\\\/2025\\\/11\\\/19\\\/talvikausi\\\/\",\"url\":\"https:\\\/\\\/meripelastus.fi\\\/uusikaupunki\\\/2025\\\/11\\\/19\\\/talvikausi\\\/\",\"name\":\"vuoden 2025 kausi on p\u00e4\u00e4ttynyt - Uudenkaupungin Meripelastajat\",\"isPartOf\":{\"@id\":\"https:\\\/\\\/meripelastus.fi\\\/uusikaupunki\\\/#website\"},\"primaryImageOfPage\":{\"@id\":\"https:\\\/\\\/meripelastus.fi\\\/uusikaupunki\\\/2025\\\/11\\\/19\\\/talvikausi\\\/#primaryimage\"},\"image\":{\"@id\":\"https:\\\/\\\/meripelastus.fi\\\/uusikaupunki\\\/2025\\\/11\\\/19\\\/talvikausi\\\/#primaryimage\"},\"thumbnailUrl\":\"https:\\\/\\\/meripelastus.fi\\\/uusikaupunki\\\/wp-content\\\/uploads\\\/sites\\\/17\\\/2025\\\/05\\\/malen_2025-scaled.jpg\",\"datePublished\":\"2025-11-19T14:59:54+00:00\",\"dateModified\":\"2025-11-19T14:59:55+00:00\",\"author\":{\"@id\":\"https:\\\/\\\/meripelastus.fi\\\/uusikaupunki\\\/#\\\/schema\\\/person\\\/bce5ad662e5e4b62e4734ccea6b7985f\"},\"breadcrumb\":{\"@id\":\"https:\\\/\\\/meripelastus.fi\\\/uusikaupunki\\\/2025\\\/11\\\/19\\\/talvikausi\\\/#breadcrumb\"},\"inLanguage\":\"fi\",\"potentialAction\":[{\"@type\":\"ReadAction\",\"target\":[\"https:\\\/\\\/meripelastus.fi\\\/uusikaupunki\\\/2025\\\/11\\\/19\\\/talvikausi\\\/\"]}]},{\"@type\":\"ImageObject\",\"inLanguage\":\"fi\",\"@id\":\"https:\\\/\\\/meripelastus.fi\\\/uusikaupunki\\\/2025\\\/11\\\/19\\\/talvikausi\\\/#primaryimage\",\"url\":\"https:\\\/\\\/meripelastus.fi\\\/uusikaupunki\\\/wp-content\\\/uploads\\\/sites\\\/17\\\/2025\\\/05\\\/malen_2025-scaled.jpg\",\"contentUrl\":\"https:\\\/\\\/meripelastus.fi\\\/uusikaupunki\\\/wp-content\\\/uploads\\\/sites\\\/17\\\/2025\\\/05\\\/malen_2025-scaled.jpg\",\"width\":2560,\"height\":1920},{\"@type\":\"BreadcrumbList\",\"@id\":\"https:\\\/\\\/meripelastus.fi\\\/uusikaupunki\\\/2025\\\/11\\\/19\\\/talvikausi\\\/#breadcrumb\",\"itemListElement\":[{\"@type\":\"ListItem\",\"position\":1,\"name\":\"Etusivu\",\"item\":\"https:\\\/\\\/meripelastus.fi\\\/uusikaupunki\\\/\"},{\"@type\":\"ListItem\",\"position\":2,\"name\":\"vuoden 2025 kausi on p\u00e4\u00e4ttynyt\"}]},{\"@type\":\"WebSite\",\"@id\":\"https:\\\/\\\/meripelastus.fi\\\/uusikaupunki\\\/#website\",\"url\":\"https:\\\/\\\/meripelastus.fi\\\/uusikaupunki\\\/\",\"name\":\"Uudenkaupungin Meripelastajat\",\"description\":\"Vapaaehtoiset apunasi vesill\u00e4\",\"potentialAction\":[{\"@type\":\"SearchAction\",\"target\":{\"@type\":\"EntryPoint\",\"urlTemplate\":\"https:\\\/\\\/meripelastus.fi\\\/uusikaupunki\\\/?s={search_term_string}\"},\"query-input\":{\"@type\":\"PropertyValueSpecification\",\"valueRequired\":true,\"valueName\":\"search_term_string\"}}],\"inLanguage\":\"fi\"},{\"@type\":\"Person\",\"@id\":\"https:\\\/\\\/meripelastus.fi\\\/uusikaupunki\\\/#\\\/schema\\\/person\\\/bce5ad662e5e4b62e4734ccea6b7985f\",\"name\":\"marianne\",\"image\":{\"@type\":\"ImageObject\",\"inLanguage\":\"fi\",\"@id\":\"https:\\\/\\\/secure.gravatar.com\\\/avatar\\\/1d9748d02dc257bb08991ee39ab0bfe21ef922764f52cf72690280d745b480ed?s=96&d=mm&r=g\",\"url\":\"https:\\\/\\\/secure.gravatar.com\\\/avatar\\\/1d9748d02dc257bb08991ee39ab0bfe21ef922764f52cf72690280d745b480ed?s=96&d=mm&r=g\",\"contentUrl\":\"https:\\\/\\\/secure.gravatar.com\\\/avatar\\\/1d9748d02dc257bb08991ee39ab0bfe21ef922764f52cf72690280d745b480ed?s=96&d=mm&r=g\",\"caption\":\"marianne\"},\"url\":\"https:\\\/\\\/meripelastus.fi\\\/uusikaupunki\\\/author\\\/marianne\\\/\"}]}<\/script>\n<!-- \/ Yoast SEO Premium plugin. -->","yoast_head_json":{"title":"vuoden 2025 kausi on p\u00e4\u00e4ttynyt - Uudenkaupungin Meripelastajat","robots":{"index":"index","follow":"follow","max-snippet":"max-snippet:-1","max-image-preview":"max-image-preview:large","max-video-preview":"max-video-preview:-1"},"canonical":"https:\/\/meripelastus.fi\/uusikaupunki\/2025\/11\/19\/talvikausi\/","og_locale":"fi_FI","og_type":"article","og_title":"vuoden 2025 kausi on p\u00e4\u00e4ttynyt","og_description":"Yksi meripelastuskausi on j\u00e4lleen kohdallamme takana p\u00e4in. Vuosi 2025 oli yhdistyksemme 66. toimintavuosi ja jonkin verran muutamaa edellist\u00e4 kiireisempi. Viile\u00e4 alkukes\u00e4 n\u00e4kyi selv\u00e4sti merell\u00e4, ja veneilykausi l\u00e4htikin kunnolla k\u00e4yntiin vasta kes\u00e4kuun loppupuolella. Suoritimme yhteens\u00e4 23 teht\u00e4v\u00e4\u00e4, joista kaksi oli Meripelastuskeskuksen johtamia meripelastusteht\u00e4vi\u00e4. Viime vuosina teht\u00e4v\u00e4m\u00e4\u00e4r\u00e4mme on py\u00f6rinyt noin 15 molemmin puolin. P\u00e4\u00e4osa teht\u00e4vist\u00e4 liittyi j\u00e4lleen [&hellip;]","og_url":"https:\/\/meripelastus.fi\/uusikaupunki\/2025\/11\/19\/talvikausi\/","og_site_name":"Uudenkaupungin Meripelastajat","article_published_time":"2025-11-19T14:59:54+00:00","article_modified_time":"2025-11-19T14:59:55+00:00","og_image":[{"width":2560,"height":1920,"url":"https:\/\/meripelastus.fi\/uusikaupunki\/wp-content\/uploads\/sites\/17\/2025\/05\/malen_2025-scaled.jpg","type":"image\/jpeg"}],"author":"marianne","twitter_card":"summary_large_image","twitter_misc":{"Kirjoittanut":"marianne","Arvioitu lukuaika":"2 minuuttia"},"schema":{"@context":"https:\/\/schema.org","@graph":[{"@type":"Article","@id":"https:\/\/meripelastus.fi\/uusikaupunki\/2025\/11\/19\/talvikausi\/#article","isPartOf":{"@id":"https:\/\/meripelastus.fi\/uusikaupunki\/2025\/11\/19\/talvikausi\/"},"author":{"name":"marianne","@id":"https:\/\/meripelastus.fi\/uusikaupunki\/#\/schema\/person\/bce5ad662e5e4b62e4734ccea6b7985f"},"headline":"vuoden 2025 kausi on p\u00e4\u00e4ttynyt","datePublished":"2025-11-19T14:59:54+00:00","dateModified":"2025-11-19T14:59:55+00:00","mainEntityOfPage":{"@id":"https:\/\/meripelastus.fi\/uusikaupunki\/2025\/11\/19\/talvikausi\/"},"wordCount":265,"image":{"@id":"https:\/\/meripelastus.fi\/uusikaupunki\/2025\/11\/19\/talvikausi\/#primaryimage"},"thumbnailUrl":"https:\/\/meripelastus.fi\/uusikaupunki\/wp-content\/uploads\/sites\/17\/2025\/05\/malen_2025-scaled.jpg","articleSection":["Uutiset"],"inLanguage":"fi"},{"@type":"WebPage","@id":"https:\/\/meripelastus.fi\/uusikaupunki\/2025\/11\/19\/talvikausi\/","url":"https:\/\/meripelastus.fi\/uusikaupunki\/2025\/11\/19\/talvikausi\/","name":"vuoden 2025 kausi on p\u00e4\u00e4ttynyt - Uudenkaupungin Meripelastajat","isPartOf":{"@id":"https:\/\/meripelastus.fi\/uusikaupunki\/#website"},"primaryImageOfPage":{"@id":"https:\/\/meripelastus.fi\/uusikaupunki\/2025\/11\/19\/talvikausi\/#primaryimage"},"image":{"@id":"https:\/\/meripelastus.fi\/uusikaupunki\/2025\/11\/19\/talvikausi\/#primaryimage"},"thumbnailUrl":"https:\/\/meripelastus.fi\/uusikaupunki\/wp-content\/uploads\/sites\/17\/2025\/05\/malen_2025-scaled.jpg","datePublished":"2025-11-19T14:59:54+00:00","dateModified":"2025-11-19T14:59:55+00:00","author":{"@id":"https:\/\/meripelastus.fi\/uusikaupunki\/#\/schema\/person\/bce5ad662e5e4b62e4734ccea6b7985f"},"breadcrumb":{"@id":"https:\/\/meripelastus.fi\/uusikaupunki\/2025\/11\/19\/talvikausi\/#breadcrumb"},"inLanguage":"fi","potentialAction":[{"@type":"ReadAction","target":["https:\/\/meripelastus.fi\/uusikaupunki\/2025\/11\/19\/talvikausi\/"]}]},{"@type":"ImageObject","inLanguage":"fi","@id":"https:\/\/meripelastus.fi\/uusikaupunki\/2025\/11\/19\/talvikausi\/#primaryimage","url":"https:\/\/meripelastus.fi\/uusikaupunki\/wp-content\/uploads\/sites\/17\/2025\/05\/malen_2025-scaled.jpg","contentUrl":"https:\/\/meripelastus.fi\/uusikaupunki\/wp-content\/uploads\/sites\/17\/2025\/05\/malen_2025-scaled.jpg","width":2560,"height":1920},{"@type":"BreadcrumbList","@id":"https:\/\/meripelastus.fi\/uusikaupunki\/2025\/11\/19\/talvikausi\/#breadcrumb","itemListElement":[{"@type":"ListItem","position":1,"name":"Etusivu","item":"https:\/\/meripelastus.fi\/uusikaupunki\/"},{"@type":"ListItem","position":2,"name":"vuoden 2025 kausi on p\u00e4\u00e4ttynyt"}]},{"@type":"WebSite","@id":"https:\/\/meripelastus.fi\/uusikaupunki\/#website","url":"https:\/\/meripelastus.fi\/uusikaupunki\/","name":"Uudenkaupungin Meripelastajat","description":"Vapaaehtoiset apunasi vesill\u00e4","potentialAction":[{"@type":"SearchAction","target":{"@type":"EntryPoint","urlTemplate":"https:\/\/meripelastus.fi\/uusikaupunki\/?s={search_term_string}"},"query-input":{"@type":"PropertyValueSpecification","valueRequired":true,"valueName":"search_term_string"}}],"inLanguage":"fi"},{"@type":"Person","@id":"https:\/\/meripelastus.fi\/uusikaupunki\/#\/schema\/person\/bce5ad662e5e4b62e4734ccea6b7985f","name":"marianne","image":{"@type":"ImageObject","inLanguage":"fi","@id":"https:\/\/secure.gravatar.com\/avatar\/1d9748d02dc257bb08991ee39ab0bfe21ef922764f52cf72690280d745b480ed?s=96&d=mm&r=g","url":"https:\/\/secure.gravatar.com\/avatar\/1d9748d02dc257bb08991ee39ab0bfe21ef922764f52cf72690280d745b480ed?s=96&d=mm&r=g","contentUrl":"https:\/\/secure.gravatar.com\/avatar\/1d9748d02dc257bb08991ee39ab0bfe21ef922764f52cf72690280d745b480ed?s=96&d=mm&r=g","caption":"marianne"},"url":"https:\/\/meripelastus.fi\/uusikaupunki\/author\/marianne\/"}]}},"_links":{"self":[{"href":"https:\/\/meripelastus.fi\/uusikaupunki\/wp-json\/wp\/v2\/posts\/258","targetHints":{"allow":["GET"]}}],"collection":[{"href":"https:\/\/meripelastus.fi\/uusikaupunki\/wp-json\/wp\/v2\/posts"}],"about":[{"href":"https:\/\/meripelastus.fi\/uusikaupunki\/wp-json\/wp\/v2\/types\/post"}],"author":[{"embeddable":true,"href":"https:\/\/meripelastus.fi\/uusikaupunki\/wp-json\/wp\/v2\/users\/34"}],"replies":[{"embeddable":true,"href":"https:\/\/meripelastus.fi\/uusikaupunki\/wp-json\/wp\/v2\/comments?post=258"}],"version-history":[{"count":17,"href":"https:\/\/meripelastus.fi\/uusikaupunki\/wp-json\/wp\/v2\/posts\/258\/revisions"}],"predecessor-version":[{"id":636,"href":"https:\/\/meripelastus.fi\/uusikaupunki\/wp-json\/wp\/v2\/posts\/258\/revisions\/636"}],"wp:featuredmedia":[{"embeddable":true,"href":"https:\/\/meripelastus.fi\/uusikaupunki\/wp-json\/wp\/v2\/media\/631"}],"wp:attachment":[{"href":"https:\/\/meripelastus.fi\/uusikaupunki\/wp-json\/wp\/v2\/media?parent=258"}],"wp:term":[{"taxonomy":"category","embeddable":true,"href":"https:\/\/meripelastus.fi\/uusikaupunki\/wp-json\/wp\/v2\/categories?post=258"},{"taxonomy":"post_tag","embeddable":true,"href":"https:\/\/meripelastus.fi\/uusikaupunki\/wp-json\/wp\/v2\/tags?post=258"}],"curies":[{"name":"wp","href":"https:\/\/api.w.org\/{rel}","templated":true}]}}