{"id":755,"date":"2021-06-23T11:36:09","date_gmt":"2021-06-23T08:36:09","guid":{"rendered":"https:\/\/meripelastus.fi\/turku\/?p=755"},"modified":"2021-06-23T12:08:48","modified_gmt":"2021-06-23T09:08:48","slug":"kesapaivystys-on-alkanut","status":"publish","type":"post","link":"https:\/\/meripelastus.fi\/turku\/kesapaivystys-on-alkanut\/","title":{"rendered":"TMPY:n ensivaste- ja meripelastusp\u00e4ivystys on alkanut"},"content":{"rendered":"<p><span>SMPS Turun Meripelastusyhdistyksen keskikes\u00e4n ensivaste- ja meripelastusp\u00e4ivystys k\u00e4ynnistyi maanantaina. Yhdistyksen vapaaehtoisten miehitt\u00e4m\u00e4 pelastusalus ABSO p\u00e4ivyst\u00e4\u00e4 koulujen alkuun saakka vuorokauden ymp\u00e4ri Saaristomerell\u00e4. <\/span><span><\/span><\/p>\n<p><b>Keskikes\u00e4n p\u00e4ivystyksell\u00e4 pitk\u00e4t perinteet<\/b><\/p>\n<p><span>Aiempina vuosina Turun Meripelastusyhdistys suoritti merellisi\u00e4 ensivasteteht\u00e4vi\u00e4 yhdess\u00e4 Suomen Punaisen Ristin Varsinais-Suomen Piirin kanssa. Yhteisty\u00f6 p\u00e4\u00e4ttyi yhteisymm\u00e4rryksess\u00e4 loppuvuodesta 2020, mutta ensivastetoiminta jatkuu nyt Turun Meripelastusyhdistyksen omin voimin. Kev\u00e4\u00e4ll\u00e4 yhdistys solmi sopimuksen ensivastetoiminnasta Varsinais-Suomen sairaanhoitopiirin kanssa. &#8221;<em>Haluamme kiitt\u00e4\u00e4 Suomen Punaista Risti\u00e4 yhteisty\u00f6st\u00e4 aiempina vuosina. Tuskin olisimme vuonna 2014 pystyneet aloittamaan ensivastetoimintaa t\u00e4ysin omin avuin&#8221;<\/em>, toteaa meripelastusyhdistyksen puheenjohtaja <\/span><b>Heikki Laurila<\/b><span>.<em> &#8221;P\u00e4ivystyksen avulla pystymme tukemaan Saaristomerell\u00e4 toimivien viranomaisten toimintaa monipuolisesti suorittamalla meripelastusteht\u00e4vi\u00e4 vesill\u00e4 ja ensivasteteht\u00e4vi\u00e4 saarilla&#8221;<\/em>, Laurila jatkaa.<\/span><\/p>\n<p><b>Lahjoituksista merkitt\u00e4v\u00e4 tuki<\/b><\/p>\n<p><span>Ensivastetoimintaa varten yhdistys on tehnyt varustehankintoja.\u00a0 Niist\u00e4 arvokkain on monitoridefibrilaattori, jolla seurataan potilaan elintoimintoja ja tarvittaessa tahdistetaan kammiov\u00e4rin\u00e4st\u00e4 k\u00e4rsiv\u00e4n potilaan syd\u00e4n uudelleen. Defibirilaattorin hankintahinta oli noin 20 000 \u20ac. <em>&#8221;Toimintaamme selv\u00e4sti arvostetaan, sill\u00e4 olemme saaneet defibrilaattorin hankintaan hyvin tukea yrityksilt\u00e4&#8221;<\/em>, kertoo puheenjohtaja Laurila. Laitteen hankintaa ovat tukeneet <\/span><b><a href=\"https:\/\/www.op.fi\/web\/op-turun-seutu\/etusivu\">Turun<\/a> ja <a href=\"https:\/\/www.op.fi\/web\/op-lounais-suomi\/etusivu\">Lounais-Suomen Osuuspankit<\/a><\/b><span>, <\/span><a href=\"https:\/\/www.haahtela.fi\/fi\/\"><b>Haahtela-yhti\u00f6t<\/b><\/a><span> sek\u00e4 <\/span><a href=\"http:\/\/www.sailioliikenne.fi\/\"><b>Raision S\u00e4ili\u00f6liikenne Oy<\/b><\/a><span>.\u00a0<\/span><\/p>\n<p><span>Viimeisimm\u00e4n lahjoituksen yhdistys sai tiistaina 22.6., kun turkulainen <\/span><a href=\"https:\/\/www.disneoy.com\/\"><b>Disne Oy<\/b><\/a><span> lahjoitti yhdistykselle viilentimen yhdistyksen p\u00e4ivystystukikohtaan. Lis\u00e4ksi aiemmin kes\u00e4kuussa yhdistys sain reilun 7000 euron lahjoituksen polttoainehankintoihin. <em>&#8221;Tuon summan lahjoittaja ei kaipaa julkisuutta ja haluaa pysy\u00e4 nimett\u00f6m\u00e4n\u00e4\u201d<\/em>, toteaa Laurila. <em>\u201cMutta molemmat lahjoitukset ovat merkitt\u00e4vi\u00e4: Polttoaine on suurin yksitt\u00e4inen kuluer\u00e4mme ja toisaalta viilentimell\u00e4 saamme pidetty\u00e4 helteisen\u00e4 kes\u00e4n\u00e4 vapaaehtoistemme asuinolosuhteet tukikohdassa siedett\u00e4vin\u00e4&#8221;.<\/em><\/span><\/p>\n<p><img loading=\"lazy\" decoding=\"async\" class=\"alignnone wp-image-756\" src=\"https:\/\/meripelastus.fi\/turku\/wp-content\/uploads\/sites\/22\/2021\/06\/deffa.jpg\" alt=\"\" width=\"620\" height=\"433\" srcset=\"https:\/\/meripelastus.fi\/turku\/wp-content\/uploads\/sites\/22\/2021\/06\/deffa.jpg 1024w, https:\/\/meripelastus.fi\/turku\/wp-content\/uploads\/sites\/22\/2021\/06\/deffa-300x210.jpg 300w, https:\/\/meripelastus.fi\/turku\/wp-content\/uploads\/sites\/22\/2021\/06\/deffa-768x537.jpg 768w\" sizes=\"auto, (max-width: 620px) 100vw, 620px\" \/><br \/>\n<span><em>Kev\u00e4\u00e4n hankinnoista t\u00e4rkein on <\/em><em>monitoridefibrilaattori, jonka hankintaan yhdistys sai tukea useammalta yritykselt\u00e4.<\/em> <\/span><\/p>\n<p><b>Operaation taustalla halu auttaa<\/b><\/p>\n<p><span>Vapaaehtoisten meripelastajien toiminta perustuu pyyteett\u00f6m\u00e4\u00e4n auttamisen haluun.<em> &#8221;Miehist\u00f6n j\u00e4seni\u00e4 motivoi my\u00f6s yhdess\u00e4 tekeminen&#8221;<\/em>, kertoo TMPY:n koulutusvastaava <\/span><b>Meri Haahtela<\/b><span>. &#8221;<em>Yhteis\u00f6llisyys n\u00e4kyy hyvin siin\u00e4, miten koulutusiltamme t\u00e4yttyiv\u00e4t heti, kun ne koronarajoitusten purkamisen my\u00f6t\u00e4 k\u00e4ynnistettiin uudelleen toukokuussa. Vapaaehtoiset ovat selv\u00e4stikin odottaneet merell\u00e4 p\u00e4\u00e4semist\u00e4 toisen koronavuoden j\u00e4lkeen&#8221;<\/em>. Korona koetteli my\u00f6s Turun Meripelastusyhdistyst\u00e4. <em>\u201cMoni koulutus j\u00e4i vet\u00e4m\u00e4tt\u00e4 ja yhteinen tilaisuus j\u00e4rjest\u00e4m\u00e4tt\u00e4\u201d<\/em>,\u00a0 toteaa Haahtela. <em>\u201cMutta koronatartunnoilta on v\u00e4ltytty. Miehist\u00f6t ovat pysyneet tervein\u00e4 eik\u00e4 altistumisia ole tapahtunut.\u201d\u00a0<\/em><\/span><\/p>\n<p><b>TMPY sosiaalisessa mediassa<\/b><\/p>\n<p><span>Haluatko seurata vapaaehtoisten meripelastajien p\u00e4ivystyst\u00e4 ja toimintaa kes\u00e4n aikana? Ota seurantaan sosiaalisen median kanavamme, jonne p\u00e4ivit\u00e4mme kuulumisia merelt\u00e4 ja tukikohdasta. L\u00f6yd\u00e4t meid\u00e4t sek\u00e4 Instagramista (<a href=\"https:\/\/www.instagram.com\/turku_lifeboats\/\">@turku_lifeboats<\/a>) ett\u00e4 Facebookista (<a href=\"https:\/\/www.facebook.com\/turunmeripelastusyhdistys\">SMPS Turun Meripelastusyhdistys ry<\/a>).<\/span><\/p>\n<p><b>Turun Meripelastusyhdistys haluaa toivottaa kaikille seuraajilleen l\u00e4mmint\u00e4 ja turvallista juhannusta!<\/b><\/p>\n","protected":false},"excerpt":{"rendered":"<p>SMPS Turun Meripelastusyhdistyksen keskikes\u00e4n ensivaste- ja meripelastusp\u00e4ivystys k\u00e4ynnistyi maanantaina. Yhdistyksen vapaaehtoisten miehitt\u00e4m\u00e4 pelastusalus ABSO p\u00e4ivyst\u00e4\u00e4 koulujen alkuun saakka vuorokauden ymp\u00e4ri Saaristomerell\u00e4. Keskikes\u00e4n p\u00e4ivystyksell\u00e4 pitk\u00e4t perinteet Aiempina vuosina Turun Meripelastusyhdistys suoritti merellisi\u00e4 ensivasteteht\u00e4vi\u00e4 yhdess\u00e4 Suomen Punaisen Ristin Varsinais-Suomen Piirin kanssa. Yhteisty\u00f6 p\u00e4\u00e4ttyi yhteisymm\u00e4rryksess\u00e4 loppuvuodesta 2020, mutta ensivastetoiminta jatkuu nyt Turun Meripelastusyhdistyksen omin voimin. Kev\u00e4\u00e4ll\u00e4 yhdistys solmi [&hellip;]<\/p>\n","protected":false},"author":45,"featured_media":762,"comment_status":"closed","ping_status":"open","sticky":false,"template":"","format":"standard","meta":{"_acf_changed":false,"inline_featured_image":false,"footnotes":""},"categories":[1],"tags":[],"class_list":["post-755","post","type-post","status-publish","format-standard","has-post-thumbnail","hentry","category-uutiset"],"acf":[],"yoast_head":"<!-- This site is optimized with the Yoast SEO Premium plugin v27.4 (Yoast SEO v27.4) - https:\/\/yoast.com\/product\/yoast-seo-premium-wordpress\/ -->\n<title>TMPY:n ensivaste- ja meripelastusp\u00e4ivystys on alkanut - Turun Meripelastusyhdistys<\/title>\n<meta name=\"robots\" content=\"index, follow, max-snippet:-1, max-image-preview:large, max-video-preview:-1\" \/>\n<link rel=\"canonical\" href=\"https:\/\/meripelastus.fi\/turku\/kesapaivystys-on-alkanut\/\" \/>\n<meta property=\"og:locale\" content=\"fi_FI\" \/>\n<meta property=\"og:type\" content=\"article\" \/>\n<meta property=\"og:title\" content=\"TMPY:n ensivaste- ja meripelastusp\u00e4ivystys on alkanut\" \/>\n<meta property=\"og:description\" content=\"SMPS Turun Meripelastusyhdistyksen keskikes\u00e4n ensivaste- ja meripelastusp\u00e4ivystys k\u00e4ynnistyi maanantaina. Yhdistyksen vapaaehtoisten miehitt\u00e4m\u00e4 pelastusalus ABSO p\u00e4ivyst\u00e4\u00e4 koulujen alkuun saakka vuorokauden ymp\u00e4ri Saaristomerell\u00e4. Keskikes\u00e4n p\u00e4ivystyksell\u00e4 pitk\u00e4t perinteet Aiempina vuosina Turun Meripelastusyhdistys suoritti merellisi\u00e4 ensivasteteht\u00e4vi\u00e4 yhdess\u00e4 Suomen Punaisen Ristin Varsinais-Suomen Piirin kanssa. Yhteisty\u00f6 p\u00e4\u00e4ttyi yhteisymm\u00e4rryksess\u00e4 loppuvuodesta 2020, mutta ensivastetoiminta jatkuu nyt Turun Meripelastusyhdistyksen omin voimin. Kev\u00e4\u00e4ll\u00e4 yhdistys solmi [&hellip;]\" \/>\n<meta property=\"og:url\" content=\"https:\/\/meripelastus.fi\/turku\/kesapaivystys-on-alkanut\/\" \/>\n<meta property=\"og:site_name\" content=\"Turun Meripelastusyhdistys\" \/>\n<meta property=\"article:published_time\" content=\"2021-06-23T08:36:09+00:00\" \/>\n<meta property=\"article:modified_time\" content=\"2021-06-23T09:08:48+00:00\" \/>\n<meta property=\"og:image\" content=\"https:\/\/meripelastus.fi\/turku\/wp-content\/uploads\/sites\/22\/2021\/06\/ahti.jpg\" \/>\n\t<meta property=\"og:image:width\" content=\"1500\" \/>\n\t<meta property=\"og:image:height\" content=\"1125\" \/>\n\t<meta property=\"og:image:type\" content=\"image\/jpeg\" \/>\n<meta name=\"author\" content=\"Ninni-Maria\" \/>\n<meta name=\"twitter:card\" content=\"summary_large_image\" \/>\n<meta name=\"twitter:label1\" content=\"Kirjoittanut\" \/>\n\t<meta name=\"twitter:data1\" content=\"Ninni-Maria\" \/>\n\t<meta name=\"twitter:label2\" content=\"Arvioitu lukuaika\" \/>\n\t<meta name=\"twitter:data2\" content=\"2 minuuttia\" \/>\n<script type=\"application\/ld+json\" class=\"yoast-schema-graph\">{\"@context\":\"https:\\\/\\\/schema.org\",\"@graph\":[{\"@type\":\"Article\",\"@id\":\"https:\\\/\\\/meripelastus.fi\\\/turku\\\/kesapaivystys-on-alkanut\\\/#article\",\"isPartOf\":{\"@id\":\"https:\\\/\\\/meripelastus.fi\\\/turku\\\/kesapaivystys-on-alkanut\\\/\"},\"author\":{\"name\":\"Ninni-Maria\",\"@id\":\"https:\\\/\\\/meripelastus.fi\\\/turku\\\/#\\\/schema\\\/person\\\/d3e3685d80ad5b02aa51d93327da5453\"},\"headline\":\"TMPY:n ensivaste- ja meripelastusp\u00e4ivystys on alkanut\",\"datePublished\":\"2021-06-23T08:36:09+00:00\",\"dateModified\":\"2021-06-23T09:08:48+00:00\",\"mainEntityOfPage\":{\"@id\":\"https:\\\/\\\/meripelastus.fi\\\/turku\\\/kesapaivystys-on-alkanut\\\/\"},\"wordCount\":422,\"image\":{\"@id\":\"https:\\\/\\\/meripelastus.fi\\\/turku\\\/kesapaivystys-on-alkanut\\\/#primaryimage\"},\"thumbnailUrl\":\"https:\\\/\\\/meripelastus.fi\\\/turku\\\/wp-content\\\/uploads\\\/sites\\\/22\\\/2021\\\/06\\\/ahti.jpg\",\"articleSection\":[\"Uutiset\"],\"inLanguage\":\"fi\"},{\"@type\":\"WebPage\",\"@id\":\"https:\\\/\\\/meripelastus.fi\\\/turku\\\/kesapaivystys-on-alkanut\\\/\",\"url\":\"https:\\\/\\\/meripelastus.fi\\\/turku\\\/kesapaivystys-on-alkanut\\\/\",\"name\":\"TMPY:n ensivaste- ja meripelastusp\u00e4ivystys on alkanut - Turun Meripelastusyhdistys\",\"isPartOf\":{\"@id\":\"https:\\\/\\\/meripelastus.fi\\\/turku\\\/#website\"},\"primaryImageOfPage\":{\"@id\":\"https:\\\/\\\/meripelastus.fi\\\/turku\\\/kesapaivystys-on-alkanut\\\/#primaryimage\"},\"image\":{\"@id\":\"https:\\\/\\\/meripelastus.fi\\\/turku\\\/kesapaivystys-on-alkanut\\\/#primaryimage\"},\"thumbnailUrl\":\"https:\\\/\\\/meripelastus.fi\\\/turku\\\/wp-content\\\/uploads\\\/sites\\\/22\\\/2021\\\/06\\\/ahti.jpg\",\"datePublished\":\"2021-06-23T08:36:09+00:00\",\"dateModified\":\"2021-06-23T09:08:48+00:00\",\"author\":{\"@id\":\"https:\\\/\\\/meripelastus.fi\\\/turku\\\/#\\\/schema\\\/person\\\/d3e3685d80ad5b02aa51d93327da5453\"},\"breadcrumb\":{\"@id\":\"https:\\\/\\\/meripelastus.fi\\\/turku\\\/kesapaivystys-on-alkanut\\\/#breadcrumb\"},\"inLanguage\":\"fi\",\"potentialAction\":[{\"@type\":\"ReadAction\",\"target\":[\"https:\\\/\\\/meripelastus.fi\\\/turku\\\/kesapaivystys-on-alkanut\\\/\"]}]},{\"@type\":\"ImageObject\",\"inLanguage\":\"fi\",\"@id\":\"https:\\\/\\\/meripelastus.fi\\\/turku\\\/kesapaivystys-on-alkanut\\\/#primaryimage\",\"url\":\"https:\\\/\\\/meripelastus.fi\\\/turku\\\/wp-content\\\/uploads\\\/sites\\\/22\\\/2021\\\/06\\\/ahti.jpg\",\"contentUrl\":\"https:\\\/\\\/meripelastus.fi\\\/turku\\\/wp-content\\\/uploads\\\/sites\\\/22\\\/2021\\\/06\\\/ahti.jpg\",\"width\":1500,\"height\":1125},{\"@type\":\"BreadcrumbList\",\"@id\":\"https:\\\/\\\/meripelastus.fi\\\/turku\\\/kesapaivystys-on-alkanut\\\/#breadcrumb\",\"itemListElement\":[{\"@type\":\"ListItem\",\"position\":1,\"name\":\"Etusivu\",\"item\":\"https:\\\/\\\/meripelastus.fi\\\/turku\\\/\"},{\"@type\":\"ListItem\",\"position\":2,\"name\":\"TMPY:n ensivaste- ja meripelastusp\u00e4ivystys on alkanut\"}]},{\"@type\":\"WebSite\",\"@id\":\"https:\\\/\\\/meripelastus.fi\\\/turku\\\/#website\",\"url\":\"https:\\\/\\\/meripelastus.fi\\\/turku\\\/\",\"name\":\"Turun Meripelastusyhdistys\",\"description\":\"Vapaaehtoiset apunasi vesill\u00e4\",\"potentialAction\":[{\"@type\":\"SearchAction\",\"target\":{\"@type\":\"EntryPoint\",\"urlTemplate\":\"https:\\\/\\\/meripelastus.fi\\\/turku\\\/?s={search_term_string}\"},\"query-input\":{\"@type\":\"PropertyValueSpecification\",\"valueRequired\":true,\"valueName\":\"search_term_string\"}}],\"inLanguage\":\"fi\"},{\"@type\":\"Person\",\"@id\":\"https:\\\/\\\/meripelastus.fi\\\/turku\\\/#\\\/schema\\\/person\\\/d3e3685d80ad5b02aa51d93327da5453\",\"name\":\"Ninni-Maria\",\"image\":{\"@type\":\"ImageObject\",\"inLanguage\":\"fi\",\"@id\":\"https:\\\/\\\/secure.gravatar.com\\\/avatar\\\/d3a07eabf32577a210e821231cb792dc88882082382c3409ef438db0345864da?s=96&d=mm&r=g\",\"url\":\"https:\\\/\\\/secure.gravatar.com\\\/avatar\\\/d3a07eabf32577a210e821231cb792dc88882082382c3409ef438db0345864da?s=96&d=mm&r=g\",\"contentUrl\":\"https:\\\/\\\/secure.gravatar.com\\\/avatar\\\/d3a07eabf32577a210e821231cb792dc88882082382c3409ef438db0345864da?s=96&d=mm&r=g\",\"caption\":\"Ninni-Maria\"},\"url\":\"https:\\\/\\\/meripelastus.fi\\\/turku\\\/author\\\/ninnimaria\\\/\"}]}<\/script>\n<!-- \/ Yoast SEO Premium plugin. -->","yoast_head_json":{"title":"TMPY:n ensivaste- ja meripelastusp\u00e4ivystys on alkanut - Turun Meripelastusyhdistys","robots":{"index":"index","follow":"follow","max-snippet":"max-snippet:-1","max-image-preview":"max-image-preview:large","max-video-preview":"max-video-preview:-1"},"canonical":"https:\/\/meripelastus.fi\/turku\/kesapaivystys-on-alkanut\/","og_locale":"fi_FI","og_type":"article","og_title":"TMPY:n ensivaste- ja meripelastusp\u00e4ivystys on alkanut","og_description":"SMPS Turun Meripelastusyhdistyksen keskikes\u00e4n ensivaste- ja meripelastusp\u00e4ivystys k\u00e4ynnistyi maanantaina. Yhdistyksen vapaaehtoisten miehitt\u00e4m\u00e4 pelastusalus ABSO p\u00e4ivyst\u00e4\u00e4 koulujen alkuun saakka vuorokauden ymp\u00e4ri Saaristomerell\u00e4. Keskikes\u00e4n p\u00e4ivystyksell\u00e4 pitk\u00e4t perinteet Aiempina vuosina Turun Meripelastusyhdistys suoritti merellisi\u00e4 ensivasteteht\u00e4vi\u00e4 yhdess\u00e4 Suomen Punaisen Ristin Varsinais-Suomen Piirin kanssa. Yhteisty\u00f6 p\u00e4\u00e4ttyi yhteisymm\u00e4rryksess\u00e4 loppuvuodesta 2020, mutta ensivastetoiminta jatkuu nyt Turun Meripelastusyhdistyksen omin voimin. Kev\u00e4\u00e4ll\u00e4 yhdistys solmi [&hellip;]","og_url":"https:\/\/meripelastus.fi\/turku\/kesapaivystys-on-alkanut\/","og_site_name":"Turun Meripelastusyhdistys","article_published_time":"2021-06-23T08:36:09+00:00","article_modified_time":"2021-06-23T09:08:48+00:00","og_image":[{"width":1500,"height":1125,"url":"https:\/\/meripelastus.fi\/turku\/wp-content\/uploads\/sites\/22\/2021\/06\/ahti.jpg","type":"image\/jpeg"}],"author":"Ninni-Maria","twitter_card":"summary_large_image","twitter_misc":{"Kirjoittanut":"Ninni-Maria","Arvioitu lukuaika":"2 minuuttia"},"schema":{"@context":"https:\/\/schema.org","@graph":[{"@type":"Article","@id":"https:\/\/meripelastus.fi\/turku\/kesapaivystys-on-alkanut\/#article","isPartOf":{"@id":"https:\/\/meripelastus.fi\/turku\/kesapaivystys-on-alkanut\/"},"author":{"name":"Ninni-Maria","@id":"https:\/\/meripelastus.fi\/turku\/#\/schema\/person\/d3e3685d80ad5b02aa51d93327da5453"},"headline":"TMPY:n ensivaste- ja meripelastusp\u00e4ivystys on alkanut","datePublished":"2021-06-23T08:36:09+00:00","dateModified":"2021-06-23T09:08:48+00:00","mainEntityOfPage":{"@id":"https:\/\/meripelastus.fi\/turku\/kesapaivystys-on-alkanut\/"},"wordCount":422,"image":{"@id":"https:\/\/meripelastus.fi\/turku\/kesapaivystys-on-alkanut\/#primaryimage"},"thumbnailUrl":"https:\/\/meripelastus.fi\/turku\/wp-content\/uploads\/sites\/22\/2021\/06\/ahti.jpg","articleSection":["Uutiset"],"inLanguage":"fi"},{"@type":"WebPage","@id":"https:\/\/meripelastus.fi\/turku\/kesapaivystys-on-alkanut\/","url":"https:\/\/meripelastus.fi\/turku\/kesapaivystys-on-alkanut\/","name":"TMPY:n ensivaste- ja meripelastusp\u00e4ivystys on alkanut - Turun Meripelastusyhdistys","isPartOf":{"@id":"https:\/\/meripelastus.fi\/turku\/#website"},"primaryImageOfPage":{"@id":"https:\/\/meripelastus.fi\/turku\/kesapaivystys-on-alkanut\/#primaryimage"},"image":{"@id":"https:\/\/meripelastus.fi\/turku\/kesapaivystys-on-alkanut\/#primaryimage"},"thumbnailUrl":"https:\/\/meripelastus.fi\/turku\/wp-content\/uploads\/sites\/22\/2021\/06\/ahti.jpg","datePublished":"2021-06-23T08:36:09+00:00","dateModified":"2021-06-23T09:08:48+00:00","author":{"@id":"https:\/\/meripelastus.fi\/turku\/#\/schema\/person\/d3e3685d80ad5b02aa51d93327da5453"},"breadcrumb":{"@id":"https:\/\/meripelastus.fi\/turku\/kesapaivystys-on-alkanut\/#breadcrumb"},"inLanguage":"fi","potentialAction":[{"@type":"ReadAction","target":["https:\/\/meripelastus.fi\/turku\/kesapaivystys-on-alkanut\/"]}]},{"@type":"ImageObject","inLanguage":"fi","@id":"https:\/\/meripelastus.fi\/turku\/kesapaivystys-on-alkanut\/#primaryimage","url":"https:\/\/meripelastus.fi\/turku\/wp-content\/uploads\/sites\/22\/2021\/06\/ahti.jpg","contentUrl":"https:\/\/meripelastus.fi\/turku\/wp-content\/uploads\/sites\/22\/2021\/06\/ahti.jpg","width":1500,"height":1125},{"@type":"BreadcrumbList","@id":"https:\/\/meripelastus.fi\/turku\/kesapaivystys-on-alkanut\/#breadcrumb","itemListElement":[{"@type":"ListItem","position":1,"name":"Etusivu","item":"https:\/\/meripelastus.fi\/turku\/"},{"@type":"ListItem","position":2,"name":"TMPY:n ensivaste- ja meripelastusp\u00e4ivystys on alkanut"}]},{"@type":"WebSite","@id":"https:\/\/meripelastus.fi\/turku\/#website","url":"https:\/\/meripelastus.fi\/turku\/","name":"Turun Meripelastusyhdistys","description":"Vapaaehtoiset apunasi vesill\u00e4","potentialAction":[{"@type":"SearchAction","target":{"@type":"EntryPoint","urlTemplate":"https:\/\/meripelastus.fi\/turku\/?s={search_term_string}"},"query-input":{"@type":"PropertyValueSpecification","valueRequired":true,"valueName":"search_term_string"}}],"inLanguage":"fi"},{"@type":"Person","@id":"https:\/\/meripelastus.fi\/turku\/#\/schema\/person\/d3e3685d80ad5b02aa51d93327da5453","name":"Ninni-Maria","image":{"@type":"ImageObject","inLanguage":"fi","@id":"https:\/\/secure.gravatar.com\/avatar\/d3a07eabf32577a210e821231cb792dc88882082382c3409ef438db0345864da?s=96&d=mm&r=g","url":"https:\/\/secure.gravatar.com\/avatar\/d3a07eabf32577a210e821231cb792dc88882082382c3409ef438db0345864da?s=96&d=mm&r=g","contentUrl":"https:\/\/secure.gravatar.com\/avatar\/d3a07eabf32577a210e821231cb792dc88882082382c3409ef438db0345864da?s=96&d=mm&r=g","caption":"Ninni-Maria"},"url":"https:\/\/meripelastus.fi\/turku\/author\/ninnimaria\/"}]}},"_links":{"self":[{"href":"https:\/\/meripelastus.fi\/turku\/wp-json\/wp\/v2\/posts\/755","targetHints":{"allow":["GET"]}}],"collection":[{"href":"https:\/\/meripelastus.fi\/turku\/wp-json\/wp\/v2\/posts"}],"about":[{"href":"https:\/\/meripelastus.fi\/turku\/wp-json\/wp\/v2\/types\/post"}],"author":[{"embeddable":true,"href":"https:\/\/meripelastus.fi\/turku\/wp-json\/wp\/v2\/users\/45"}],"replies":[{"embeddable":true,"href":"https:\/\/meripelastus.fi\/turku\/wp-json\/wp\/v2\/comments?post=755"}],"version-history":[{"count":4,"href":"https:\/\/meripelastus.fi\/turku\/wp-json\/wp\/v2\/posts\/755\/revisions"}],"predecessor-version":[{"id":761,"href":"https:\/\/meripelastus.fi\/turku\/wp-json\/wp\/v2\/posts\/755\/revisions\/761"}],"wp:featuredmedia":[{"embeddable":true,"href":"https:\/\/meripelastus.fi\/turku\/wp-json\/wp\/v2\/media\/762"}],"wp:attachment":[{"href":"https:\/\/meripelastus.fi\/turku\/wp-json\/wp\/v2\/media?parent=755"}],"wp:term":[{"taxonomy":"category","embeddable":true,"href":"https:\/\/meripelastus.fi\/turku\/wp-json\/wp\/v2\/categories?post=755"},{"taxonomy":"post_tag","embeddable":true,"href":"https:\/\/meripelastus.fi\/turku\/wp-json\/wp\/v2\/tags?post=755"}],"curies":[{"name":"wp","href":"https:\/\/api.w.org\/{rel}","templated":true}]}}