{"id":588,"date":"2019-07-05T12:04:43","date_gmt":"2019-07-05T09:04:43","guid":{"rendered":"https:\/\/meripelastus.fi\/turku\/?p=588"},"modified":"2019-07-05T12:04:43","modified_gmt":"2019-07-05T09:04:43","slug":"meripelastajat-mukana-ruisrockissa-5-7-7-2019","status":"publish","type":"post","link":"https:\/\/meripelastus.fi\/turku\/meripelastajat-mukana-ruisrockissa-5-7-7-2019\/","title":{"rendered":"Meripelastajat mukana Ruisrockissa 5.-7.7.2019"},"content":{"rendered":"<p>Turun Meripelastusyhdistys on tuttuun tapaan mukana 5.-7.7.2019 j\u00e4rjestett\u00e4v\u00e4ss\u00e4 <a href=\"https:\/\/ruisrock.fi\/\">Ruisrock<\/a>-festivaalissa.<\/p>\n<p><span>Yhdistyksen ensisijaisena teht\u00e4v\u00e4n\u00e4 on festivaaliyleis\u00f6n turvallisuuden varmistaminen uimarannan ja vesialueen valvonnalla. Voitkin bongata yhdistyksen pv Arvinsilm\u00e4n sek\u00e4 muita meripelastusaluksia pitkin viikonloppua p\u00e4ivyst\u00e4m\u00e4ss\u00e4 rannan tuntumassa.\u00a0<\/span><\/p>\n<p>Ennen festivaalin py\u00f6r\u00e4ht\u00e4mist\u00e4 k\u00e4yntiin haluamme muistuttaa l\u00e4hialueen vesill\u00e4liikkujia <a href=\"https:\/\/www.poliisi.fi\/lounais-suomi\/tiedotteet\/1\/0\/ruisrock_2019_81873?fbclid=IwAR26apNjHNgYnNo4rz-7g_LGaU5il6u1EaXvsA94Et0mMM5SR9UyRlHy1uE\">Lounais-Suomen poliisilaitoksen antamista vesiliikenteen rajoituksista<\/a> Ruissalon kansanpuiston edustalla. Tapahtuma-aikana on kielletty\u00e4 mm. laivav\u00e4yl\u00e4lle pys\u00e4htyminen sek\u00e4 tarpeeton edestakainen ajo v\u00e4yl\u00e4ll\u00e4.<\/p>\n<p>P\u00e4ivit\u00e4mme verkkosivuillemme ja sosiaalisen median tileillemme kuvia ja uutisia pitkin viikonloppua, eli nyt on hyv\u00e4 hetki ottaa TMPY seurantaan niin <a href=\"https:\/\/www.facebook.com\/turunmeripelastusyhdistys\/\">Facebookissa<\/a> kuin <a href=\"https:\/\/www.instagram.com\/turku_lifeboats\/\">Instagramissakin<\/a>.<\/p>\n<p>Turun Meripelastusyhdistys toivottaa festarikansalle iloista ja turvallista Ruisrock-viikonloppua. N\u00e4hd\u00e4\u00e4n Ruississa!<\/p>\n<p><img loading=\"lazy\" decoding=\"async\" class=\"alignnone  wp-image-592\" src=\"https:\/\/meripelastus.fi\/turku\/wp-content\/uploads\/sites\/22\/2019\/07\/ruisrock2018_1.jpeg\" alt=\"\" width=\"589\" height=\"442\" srcset=\"https:\/\/meripelastus.fi\/turku\/wp-content\/uploads\/sites\/22\/2019\/07\/ruisrock2018_1.jpeg 1600w, https:\/\/meripelastus.fi\/turku\/wp-content\/uploads\/sites\/22\/2019\/07\/ruisrock2018_1-300x225.jpeg 300w, https:\/\/meripelastus.fi\/turku\/wp-content\/uploads\/sites\/22\/2019\/07\/ruisrock2018_1-768x576.jpeg 768w, https:\/\/meripelastus.fi\/turku\/wp-content\/uploads\/sites\/22\/2019\/07\/ruisrock2018_1-1024x768.jpeg 1024w\" sizes=\"auto, (max-width: 589px) 100vw, 589px\" \/><\/p>\n","protected":false},"excerpt":{"rendered":"<p>Turun Meripelastusyhdistys on tuttuun tapaan mukana 5.-7.7.2019 j\u00e4rjestett\u00e4v\u00e4ss\u00e4 Ruisrock-festivaalissa. Yhdistyksen ensisijaisena teht\u00e4v\u00e4n\u00e4 on festivaaliyleis\u00f6n turvallisuuden varmistaminen uimarannan ja vesialueen valvonnalla. Voitkin bongata yhdistyksen pv Arvinsilm\u00e4n sek\u00e4 muita meripelastusaluksia pitkin viikonloppua p\u00e4ivyst\u00e4m\u00e4ss\u00e4 rannan tuntumassa.\u00a0 Ennen festivaalin py\u00f6r\u00e4ht\u00e4mist\u00e4 k\u00e4yntiin haluamme muistuttaa l\u00e4hialueen vesill\u00e4liikkujia Lounais-Suomen poliisilaitoksen antamista vesiliikenteen rajoituksista Ruissalon kansanpuiston edustalla. Tapahtuma-aikana on kielletty\u00e4 mm. laivav\u00e4yl\u00e4lle pys\u00e4htyminen [&hellip;]<\/p>\n","protected":false},"author":45,"featured_media":590,"comment_status":"closed","ping_status":"open","sticky":false,"template":"","format":"standard","meta":{"_acf_changed":false,"inline_featured_image":false,"footnotes":""},"categories":[1],"tags":[7,8],"class_list":["post-588","post","type-post","status-publish","format-standard","has-post-thumbnail","hentry","category-uutiset","tag-ruisrock","tag-tapahtumat"],"acf":[],"yoast_head":"<!-- This site is optimized with the Yoast SEO Premium plugin v27.4 (Yoast SEO v27.4) - https:\/\/yoast.com\/product\/yoast-seo-premium-wordpress\/ -->\n<title>Meripelastajat mukana Ruisrockissa 5.-7.7.2019 - Turun Meripelastusyhdistys<\/title>\n<meta name=\"robots\" content=\"index, follow, max-snippet:-1, max-image-preview:large, max-video-preview:-1\" \/>\n<link rel=\"canonical\" href=\"https:\/\/meripelastus.fi\/turku\/meripelastajat-mukana-ruisrockissa-5-7-7-2019\/\" \/>\n<meta property=\"og:locale\" content=\"fi_FI\" \/>\n<meta property=\"og:type\" content=\"article\" \/>\n<meta property=\"og:title\" content=\"Meripelastajat mukana Ruisrockissa 5.-7.7.2019\" \/>\n<meta property=\"og:description\" content=\"Turun Meripelastusyhdistys on tuttuun tapaan mukana 5.-7.7.2019 j\u00e4rjestett\u00e4v\u00e4ss\u00e4 Ruisrock-festivaalissa. Yhdistyksen ensisijaisena teht\u00e4v\u00e4n\u00e4 on festivaaliyleis\u00f6n turvallisuuden varmistaminen uimarannan ja vesialueen valvonnalla. Voitkin bongata yhdistyksen pv Arvinsilm\u00e4n sek\u00e4 muita meripelastusaluksia pitkin viikonloppua p\u00e4ivyst\u00e4m\u00e4ss\u00e4 rannan tuntumassa.\u00a0 Ennen festivaalin py\u00f6r\u00e4ht\u00e4mist\u00e4 k\u00e4yntiin haluamme muistuttaa l\u00e4hialueen vesill\u00e4liikkujia Lounais-Suomen poliisilaitoksen antamista vesiliikenteen rajoituksista Ruissalon kansanpuiston edustalla. Tapahtuma-aikana on kielletty\u00e4 mm. laivav\u00e4yl\u00e4lle pys\u00e4htyminen [&hellip;]\" \/>\n<meta property=\"og:url\" content=\"https:\/\/meripelastus.fi\/turku\/meripelastajat-mukana-ruisrockissa-5-7-7-2019\/\" \/>\n<meta property=\"og:site_name\" content=\"Turun Meripelastusyhdistys\" \/>\n<meta property=\"article:published_time\" content=\"2019-07-05T09:04:43+00:00\" \/>\n<meta property=\"og:image\" content=\"https:\/\/meripelastus.fi\/turku\/wp-content\/uploads\/sites\/22\/2019\/07\/ruisrock2018-2.jpeg\" \/>\n\t<meta property=\"og:image:width\" content=\"1600\" \/>\n\t<meta property=\"og:image:height\" content=\"619\" \/>\n\t<meta property=\"og:image:type\" content=\"image\/jpeg\" \/>\n<meta name=\"author\" content=\"Ninni-Maria\" \/>\n<meta name=\"twitter:card\" content=\"summary_large_image\" \/>\n<meta name=\"twitter:label1\" content=\"Kirjoittanut\" \/>\n\t<meta name=\"twitter:data1\" content=\"Ninni-Maria\" \/>\n\t<meta name=\"twitter:label2\" content=\"Arvioitu lukuaika\" \/>\n\t<meta name=\"twitter:data2\" content=\"1 minuutti\" \/>\n<script type=\"application\/ld+json\" class=\"yoast-schema-graph\">{\"@context\":\"https:\\\/\\\/schema.org\",\"@graph\":[{\"@type\":\"Article\",\"@id\":\"https:\\\/\\\/meripelastus.fi\\\/turku\\\/meripelastajat-mukana-ruisrockissa-5-7-7-2019\\\/#article\",\"isPartOf\":{\"@id\":\"https:\\\/\\\/meripelastus.fi\\\/turku\\\/meripelastajat-mukana-ruisrockissa-5-7-7-2019\\\/\"},\"author\":{\"name\":\"Ninni-Maria\",\"@id\":\"https:\\\/\\\/meripelastus.fi\\\/turku\\\/#\\\/schema\\\/person\\\/d3e3685d80ad5b02aa51d93327da5453\"},\"headline\":\"Meripelastajat mukana Ruisrockissa 5.-7.7.2019\",\"datePublished\":\"2019-07-05T09:04:43+00:00\",\"mainEntityOfPage\":{\"@id\":\"https:\\\/\\\/meripelastus.fi\\\/turku\\\/meripelastajat-mukana-ruisrockissa-5-7-7-2019\\\/\"},\"wordCount\":122,\"image\":{\"@id\":\"https:\\\/\\\/meripelastus.fi\\\/turku\\\/meripelastajat-mukana-ruisrockissa-5-7-7-2019\\\/#primaryimage\"},\"thumbnailUrl\":\"https:\\\/\\\/meripelastus.fi\\\/turku\\\/wp-content\\\/uploads\\\/sites\\\/22\\\/2019\\\/07\\\/ruisrock2018-2.jpeg\",\"keywords\":[\"Ruisrock\",\"tapahtumat\"],\"articleSection\":[\"Uutiset\"],\"inLanguage\":\"fi\"},{\"@type\":\"WebPage\",\"@id\":\"https:\\\/\\\/meripelastus.fi\\\/turku\\\/meripelastajat-mukana-ruisrockissa-5-7-7-2019\\\/\",\"url\":\"https:\\\/\\\/meripelastus.fi\\\/turku\\\/meripelastajat-mukana-ruisrockissa-5-7-7-2019\\\/\",\"name\":\"Meripelastajat mukana Ruisrockissa 5.-7.7.2019 - Turun Meripelastusyhdistys\",\"isPartOf\":{\"@id\":\"https:\\\/\\\/meripelastus.fi\\\/turku\\\/#website\"},\"primaryImageOfPage\":{\"@id\":\"https:\\\/\\\/meripelastus.fi\\\/turku\\\/meripelastajat-mukana-ruisrockissa-5-7-7-2019\\\/#primaryimage\"},\"image\":{\"@id\":\"https:\\\/\\\/meripelastus.fi\\\/turku\\\/meripelastajat-mukana-ruisrockissa-5-7-7-2019\\\/#primaryimage\"},\"thumbnailUrl\":\"https:\\\/\\\/meripelastus.fi\\\/turku\\\/wp-content\\\/uploads\\\/sites\\\/22\\\/2019\\\/07\\\/ruisrock2018-2.jpeg\",\"datePublished\":\"2019-07-05T09:04:43+00:00\",\"author\":{\"@id\":\"https:\\\/\\\/meripelastus.fi\\\/turku\\\/#\\\/schema\\\/person\\\/d3e3685d80ad5b02aa51d93327da5453\"},\"breadcrumb\":{\"@id\":\"https:\\\/\\\/meripelastus.fi\\\/turku\\\/meripelastajat-mukana-ruisrockissa-5-7-7-2019\\\/#breadcrumb\"},\"inLanguage\":\"fi\",\"potentialAction\":[{\"@type\":\"ReadAction\",\"target\":[\"https:\\\/\\\/meripelastus.fi\\\/turku\\\/meripelastajat-mukana-ruisrockissa-5-7-7-2019\\\/\"]}]},{\"@type\":\"ImageObject\",\"inLanguage\":\"fi\",\"@id\":\"https:\\\/\\\/meripelastus.fi\\\/turku\\\/meripelastajat-mukana-ruisrockissa-5-7-7-2019\\\/#primaryimage\",\"url\":\"https:\\\/\\\/meripelastus.fi\\\/turku\\\/wp-content\\\/uploads\\\/sites\\\/22\\\/2019\\\/07\\\/ruisrock2018-2.jpeg\",\"contentUrl\":\"https:\\\/\\\/meripelastus.fi\\\/turku\\\/wp-content\\\/uploads\\\/sites\\\/22\\\/2019\\\/07\\\/ruisrock2018-2.jpeg\",\"width\":1600,\"height\":619},{\"@type\":\"BreadcrumbList\",\"@id\":\"https:\\\/\\\/meripelastus.fi\\\/turku\\\/meripelastajat-mukana-ruisrockissa-5-7-7-2019\\\/#breadcrumb\",\"itemListElement\":[{\"@type\":\"ListItem\",\"position\":1,\"name\":\"Etusivu\",\"item\":\"https:\\\/\\\/meripelastus.fi\\\/turku\\\/\"},{\"@type\":\"ListItem\",\"position\":2,\"name\":\"Meripelastajat mukana Ruisrockissa 5.-7.7.2019\"}]},{\"@type\":\"WebSite\",\"@id\":\"https:\\\/\\\/meripelastus.fi\\\/turku\\\/#website\",\"url\":\"https:\\\/\\\/meripelastus.fi\\\/turku\\\/\",\"name\":\"Turun Meripelastusyhdistys\",\"description\":\"Vapaaehtoiset apunasi vesill\u00e4\",\"potentialAction\":[{\"@type\":\"SearchAction\",\"target\":{\"@type\":\"EntryPoint\",\"urlTemplate\":\"https:\\\/\\\/meripelastus.fi\\\/turku\\\/?s={search_term_string}\"},\"query-input\":{\"@type\":\"PropertyValueSpecification\",\"valueRequired\":true,\"valueName\":\"search_term_string\"}}],\"inLanguage\":\"fi\"},{\"@type\":\"Person\",\"@id\":\"https:\\\/\\\/meripelastus.fi\\\/turku\\\/#\\\/schema\\\/person\\\/d3e3685d80ad5b02aa51d93327da5453\",\"name\":\"Ninni-Maria\",\"image\":{\"@type\":\"ImageObject\",\"inLanguage\":\"fi\",\"@id\":\"https:\\\/\\\/secure.gravatar.com\\\/avatar\\\/d3a07eabf32577a210e821231cb792dc88882082382c3409ef438db0345864da?s=96&d=mm&r=g\",\"url\":\"https:\\\/\\\/secure.gravatar.com\\\/avatar\\\/d3a07eabf32577a210e821231cb792dc88882082382c3409ef438db0345864da?s=96&d=mm&r=g\",\"contentUrl\":\"https:\\\/\\\/secure.gravatar.com\\\/avatar\\\/d3a07eabf32577a210e821231cb792dc88882082382c3409ef438db0345864da?s=96&d=mm&r=g\",\"caption\":\"Ninni-Maria\"},\"url\":\"https:\\\/\\\/meripelastus.fi\\\/turku\\\/author\\\/ninnimaria\\\/\"}]}<\/script>\n<!-- \/ Yoast SEO Premium plugin. -->","yoast_head_json":{"title":"Meripelastajat mukana Ruisrockissa 5.-7.7.2019 - Turun Meripelastusyhdistys","robots":{"index":"index","follow":"follow","max-snippet":"max-snippet:-1","max-image-preview":"max-image-preview:large","max-video-preview":"max-video-preview:-1"},"canonical":"https:\/\/meripelastus.fi\/turku\/meripelastajat-mukana-ruisrockissa-5-7-7-2019\/","og_locale":"fi_FI","og_type":"article","og_title":"Meripelastajat mukana Ruisrockissa 5.-7.7.2019","og_description":"Turun Meripelastusyhdistys on tuttuun tapaan mukana 5.-7.7.2019 j\u00e4rjestett\u00e4v\u00e4ss\u00e4 Ruisrock-festivaalissa. Yhdistyksen ensisijaisena teht\u00e4v\u00e4n\u00e4 on festivaaliyleis\u00f6n turvallisuuden varmistaminen uimarannan ja vesialueen valvonnalla. Voitkin bongata yhdistyksen pv Arvinsilm\u00e4n sek\u00e4 muita meripelastusaluksia pitkin viikonloppua p\u00e4ivyst\u00e4m\u00e4ss\u00e4 rannan tuntumassa.\u00a0 Ennen festivaalin py\u00f6r\u00e4ht\u00e4mist\u00e4 k\u00e4yntiin haluamme muistuttaa l\u00e4hialueen vesill\u00e4liikkujia Lounais-Suomen poliisilaitoksen antamista vesiliikenteen rajoituksista Ruissalon kansanpuiston edustalla. Tapahtuma-aikana on kielletty\u00e4 mm. laivav\u00e4yl\u00e4lle pys\u00e4htyminen [&hellip;]","og_url":"https:\/\/meripelastus.fi\/turku\/meripelastajat-mukana-ruisrockissa-5-7-7-2019\/","og_site_name":"Turun Meripelastusyhdistys","article_published_time":"2019-07-05T09:04:43+00:00","og_image":[{"width":1600,"height":619,"url":"https:\/\/meripelastus.fi\/turku\/wp-content\/uploads\/sites\/22\/2019\/07\/ruisrock2018-2.jpeg","type":"image\/jpeg"}],"author":"Ninni-Maria","twitter_card":"summary_large_image","twitter_misc":{"Kirjoittanut":"Ninni-Maria","Arvioitu lukuaika":"1 minuutti"},"schema":{"@context":"https:\/\/schema.org","@graph":[{"@type":"Article","@id":"https:\/\/meripelastus.fi\/turku\/meripelastajat-mukana-ruisrockissa-5-7-7-2019\/#article","isPartOf":{"@id":"https:\/\/meripelastus.fi\/turku\/meripelastajat-mukana-ruisrockissa-5-7-7-2019\/"},"author":{"name":"Ninni-Maria","@id":"https:\/\/meripelastus.fi\/turku\/#\/schema\/person\/d3e3685d80ad5b02aa51d93327da5453"},"headline":"Meripelastajat mukana Ruisrockissa 5.-7.7.2019","datePublished":"2019-07-05T09:04:43+00:00","mainEntityOfPage":{"@id":"https:\/\/meripelastus.fi\/turku\/meripelastajat-mukana-ruisrockissa-5-7-7-2019\/"},"wordCount":122,"image":{"@id":"https:\/\/meripelastus.fi\/turku\/meripelastajat-mukana-ruisrockissa-5-7-7-2019\/#primaryimage"},"thumbnailUrl":"https:\/\/meripelastus.fi\/turku\/wp-content\/uploads\/sites\/22\/2019\/07\/ruisrock2018-2.jpeg","keywords":["Ruisrock","tapahtumat"],"articleSection":["Uutiset"],"inLanguage":"fi"},{"@type":"WebPage","@id":"https:\/\/meripelastus.fi\/turku\/meripelastajat-mukana-ruisrockissa-5-7-7-2019\/","url":"https:\/\/meripelastus.fi\/turku\/meripelastajat-mukana-ruisrockissa-5-7-7-2019\/","name":"Meripelastajat mukana Ruisrockissa 5.-7.7.2019 - Turun Meripelastusyhdistys","isPartOf":{"@id":"https:\/\/meripelastus.fi\/turku\/#website"},"primaryImageOfPage":{"@id":"https:\/\/meripelastus.fi\/turku\/meripelastajat-mukana-ruisrockissa-5-7-7-2019\/#primaryimage"},"image":{"@id":"https:\/\/meripelastus.fi\/turku\/meripelastajat-mukana-ruisrockissa-5-7-7-2019\/#primaryimage"},"thumbnailUrl":"https:\/\/meripelastus.fi\/turku\/wp-content\/uploads\/sites\/22\/2019\/07\/ruisrock2018-2.jpeg","datePublished":"2019-07-05T09:04:43+00:00","author":{"@id":"https:\/\/meripelastus.fi\/turku\/#\/schema\/person\/d3e3685d80ad5b02aa51d93327da5453"},"breadcrumb":{"@id":"https:\/\/meripelastus.fi\/turku\/meripelastajat-mukana-ruisrockissa-5-7-7-2019\/#breadcrumb"},"inLanguage":"fi","potentialAction":[{"@type":"ReadAction","target":["https:\/\/meripelastus.fi\/turku\/meripelastajat-mukana-ruisrockissa-5-7-7-2019\/"]}]},{"@type":"ImageObject","inLanguage":"fi","@id":"https:\/\/meripelastus.fi\/turku\/meripelastajat-mukana-ruisrockissa-5-7-7-2019\/#primaryimage","url":"https:\/\/meripelastus.fi\/turku\/wp-content\/uploads\/sites\/22\/2019\/07\/ruisrock2018-2.jpeg","contentUrl":"https:\/\/meripelastus.fi\/turku\/wp-content\/uploads\/sites\/22\/2019\/07\/ruisrock2018-2.jpeg","width":1600,"height":619},{"@type":"BreadcrumbList","@id":"https:\/\/meripelastus.fi\/turku\/meripelastajat-mukana-ruisrockissa-5-7-7-2019\/#breadcrumb","itemListElement":[{"@type":"ListItem","position":1,"name":"Etusivu","item":"https:\/\/meripelastus.fi\/turku\/"},{"@type":"ListItem","position":2,"name":"Meripelastajat mukana Ruisrockissa 5.-7.7.2019"}]},{"@type":"WebSite","@id":"https:\/\/meripelastus.fi\/turku\/#website","url":"https:\/\/meripelastus.fi\/turku\/","name":"Turun Meripelastusyhdistys","description":"Vapaaehtoiset apunasi vesill\u00e4","potentialAction":[{"@type":"SearchAction","target":{"@type":"EntryPoint","urlTemplate":"https:\/\/meripelastus.fi\/turku\/?s={search_term_string}"},"query-input":{"@type":"PropertyValueSpecification","valueRequired":true,"valueName":"search_term_string"}}],"inLanguage":"fi"},{"@type":"Person","@id":"https:\/\/meripelastus.fi\/turku\/#\/schema\/person\/d3e3685d80ad5b02aa51d93327da5453","name":"Ninni-Maria","image":{"@type":"ImageObject","inLanguage":"fi","@id":"https:\/\/secure.gravatar.com\/avatar\/d3a07eabf32577a210e821231cb792dc88882082382c3409ef438db0345864da?s=96&d=mm&r=g","url":"https:\/\/secure.gravatar.com\/avatar\/d3a07eabf32577a210e821231cb792dc88882082382c3409ef438db0345864da?s=96&d=mm&r=g","contentUrl":"https:\/\/secure.gravatar.com\/avatar\/d3a07eabf32577a210e821231cb792dc88882082382c3409ef438db0345864da?s=96&d=mm&r=g","caption":"Ninni-Maria"},"url":"https:\/\/meripelastus.fi\/turku\/author\/ninnimaria\/"}]}},"_links":{"self":[{"href":"https:\/\/meripelastus.fi\/turku\/wp-json\/wp\/v2\/posts\/588","targetHints":{"allow":["GET"]}}],"collection":[{"href":"https:\/\/meripelastus.fi\/turku\/wp-json\/wp\/v2\/posts"}],"about":[{"href":"https:\/\/meripelastus.fi\/turku\/wp-json\/wp\/v2\/types\/post"}],"author":[{"embeddable":true,"href":"https:\/\/meripelastus.fi\/turku\/wp-json\/wp\/v2\/users\/45"}],"replies":[{"embeddable":true,"href":"https:\/\/meripelastus.fi\/turku\/wp-json\/wp\/v2\/comments?post=588"}],"version-history":[{"count":2,"href":"https:\/\/meripelastus.fi\/turku\/wp-json\/wp\/v2\/posts\/588\/revisions"}],"predecessor-version":[{"id":593,"href":"https:\/\/meripelastus.fi\/turku\/wp-json\/wp\/v2\/posts\/588\/revisions\/593"}],"wp:featuredmedia":[{"embeddable":true,"href":"https:\/\/meripelastus.fi\/turku\/wp-json\/wp\/v2\/media\/590"}],"wp:attachment":[{"href":"https:\/\/meripelastus.fi\/turku\/wp-json\/wp\/v2\/media?parent=588"}],"wp:term":[{"taxonomy":"category","embeddable":true,"href":"https:\/\/meripelastus.fi\/turku\/wp-json\/wp\/v2\/categories?post=588"},{"taxonomy":"post_tag","embeddable":true,"href":"https:\/\/meripelastus.fi\/turku\/wp-json\/wp\/v2\/tags?post=588"}],"curies":[{"name":"wp","href":"https:\/\/api.w.org\/{rel}","templated":true}]}}