{"id":714,"date":"2025-05-06T18:14:16","date_gmt":"2025-05-06T15:14:16","guid":{"rendered":"https:\/\/meripelastus.fi\/tammisaari\/?p=714"},"modified":"2025-05-06T18:28:39","modified_gmt":"2025-05-06T15:28:39","slug":"medlemsbrev-varen-2025","status":"publish","type":"post","link":"https:\/\/meripelastus.fi\/tammisaari\/medlemsbrev-varen-2025\/","title":{"rendered":"Medlemsbrev v\u00e5ren 2025"},"content":{"rendered":"\n<figure class=\"wp-block-image size-large\"><img loading=\"lazy\" decoding=\"async\" width=\"1024\" height=\"768\" src=\"https:\/\/meripelastus.fi\/tammisaari\/wp-content\/uploads\/sites\/35\/2025\/05\/PHOTO-2025-04-30-21-11-47-1024x768.jpg\" alt=\"\" class=\"wp-image-715\" srcset=\"https:\/\/meripelastus.fi\/tammisaari\/wp-content\/uploads\/sites\/35\/2025\/05\/PHOTO-2025-04-30-21-11-47-1024x768.jpg 1024w, https:\/\/meripelastus.fi\/tammisaari\/wp-content\/uploads\/sites\/35\/2025\/05\/PHOTO-2025-04-30-21-11-47-300x225.jpg 300w, https:\/\/meripelastus.fi\/tammisaari\/wp-content\/uploads\/sites\/35\/2025\/05\/PHOTO-2025-04-30-21-11-47-768x576.jpg 768w, https:\/\/meripelastus.fi\/tammisaari\/wp-content\/uploads\/sites\/35\/2025\/05\/PHOTO-2025-04-30-21-11-47-1536x1152.jpg 1536w, https:\/\/meripelastus.fi\/tammisaari\/wp-content\/uploads\/sites\/35\/2025\/05\/PHOTO-2025-04-30-21-11-47.jpg 2000w\" sizes=\"auto, (max-width: 1024px) 100vw, 1024px\" \/><figcaption class=\"wp-element-caption\">Foto: Mikael B\u00e4ckman<\/figcaption><\/figure>\n\n\n\n<p><strong>B\u00e5ts\u00e4songen 2025 n\u00e4rmar sig \u2013 vi firar 60 \u00e5r av frivillig sj\u00f6r\u00e4ddning i Eken\u00e4s<\/strong><\/p>\n\n\n\n<p>Den nya s\u00e4songen \u00e4r p\u00e5 int\u00e5gande, och Sj\u00f6r\u00e4ddningss\u00e4llskapets frivilliga sj\u00f6r\u00e4ddare inleder sin jourperiod stegvis under v\u00e5ren. Trossen-medlemstj\u00e4nstens s\u00e4song b\u00f6rjar officiellt den 1 maj. Fr\u00e5n och med detta datum \u00e4r Trossen-servicenumret bemannat dygnet runt f\u00f6r att svara p\u00e5 icke-br\u00e5dskande hj\u00e4lpf\u00f6rfr\u00e5gningar \u2013 \u00e4nda till slutet av oktober.<\/p>\n\n\n\n<p>Sj\u00f6r\u00e4ddningss\u00e4llskapets omfattande n\u00e4tverk best\u00e5r av 59 r\u00e4ddningsstationer l\u00e4ngs kusten och vid insj\u00f6ar, fr\u00e5n Hang\u00f6 i s\u00f6der till Enare i norr. Totalt finns 132 r\u00e4ddningsb\u00e5tar i beredskap, bemannade av omkring 1 500 utbildade frivilliga \u2013 redo att hj\u00e4lpa alla som vistas p\u00e5 vattnet.<\/p>\n\n\n\n<p><strong>Eken\u00e4s Sj\u00f6r\u00e4ddare \u2013 engagerade och beredda<\/strong><\/p>\n\n\n\n<p>I Eken\u00e4s har v\u00e5ra r\u00e4ddningsb\u00e5tar Corinne Rescue och Interpersona Rescue redan sj\u00f6satts. Under vintern har b\u00e5tarna servats och f\u00f6rb\u00e4ttrats f\u00f6r att klara uppdragen \u00e4nnu b\u00e4ttre. V\u00e5ra frivilliga har deltagit i utbildningar f\u00f6r att st\u00e5 b\u00e4ttre rustade inf\u00f6r olika situationer p\u00e5 sj\u00f6n.<\/p>\n\n\n\n<p>Vi \u00e4r glada att kunna meddela att tre nya medlemmar tagit plats i styrelsen och att vi har en ny ordf\u00f6rande. Ett varmt tack riktas till dem som avg\u00e5tt f\u00f6r deras insats. Vi \u00e4r ocks\u00e5 s\u00e4rskilt glada \u00f6ver den grupp nyb\u00f6rjare som genomg\u00e5tt v\u00e5r introduktionsutbildning.<\/p>\n\n\n\n<p>Beredskapss\u00e4songen p\u00e5g\u00e5r fr\u00e5n 1 maj till 31 oktober 2025. F\u00f6r att trygga en h\u00e5llbar beredskap \u00e4ven i framtiden satsar vi m\u00e5lmedvetet p\u00e5 att utbilda nya bes\u00e4ttningsmedlemmar till v\u00e5r larmbes\u00e4ttning.<\/p>\n\n\n\n<p><strong>Vi firar 60 \u00e5r<\/strong><\/p>\n\n\n\n<p>Under 2025 firar Eken\u00e4s Sj\u00f6r\u00e4ddare 60-\u00e5rsjubileum. Vi ser fram emot att m\u00f6ta er under v\u00e5ra festligheter under \u00e5ret! Utan v\u00e5ra frivilliga och underst\u00f6djare skulle v\u00e5rt arbete f\u00f6r sj\u00f6s\u00e4kerheten inte vara m\u00f6jligt.<\/p>\n\n\n\n<p>Styrelsen \u00f6nskar er alla en trygg, trivsam och inspirerande b\u00e5ts\u00e4song. Kom ih\u00e5g att alltid anv\u00e4nda flytv\u00e4st n\u00e4r ni vistas p\u00e5 vattnet!<\/p>\n\n\n\n<p><strong>Med v\u00e4nliga h\u00e4lsningar,<br>Styrelsen f\u00f6r FSRS Eken\u00e4s Sj\u00f6r\u00e4ddare r.f.<\/strong><\/p>\n\n\n\n<p><\/p>\n\n\n\n<p><\/p>\n","protected":false},"excerpt":{"rendered":"<p>B\u00e5ts\u00e4songen 2025 n\u00e4rmar sig \u2013 vi firar 60 \u00e5r av frivillig sj\u00f6r\u00e4ddning i Eken\u00e4s Den nya s\u00e4songen \u00e4r p\u00e5 int\u00e5gande, och Sj\u00f6r\u00e4ddningss\u00e4llskapets frivilliga sj\u00f6r\u00e4ddare inleder sin jourperiod stegvis under v\u00e5ren. Trossen-medlemstj\u00e4nstens s\u00e4song b\u00f6rjar officiellt den 1 maj. Fr\u00e5n och med detta datum \u00e4r Trossen-servicenumret bemannat dygnet runt f\u00f6r att svara p\u00e5 icke-br\u00e5dskande hj\u00e4lpf\u00f6rfr\u00e5gningar \u2013 \u00e4nda [&hellip;]<\/p>\n","protected":false},"author":90,"featured_media":715,"comment_status":"closed","ping_status":"open","sticky":false,"template":"","format":"standard","meta":{"_acf_changed":false,"inline_featured_image":false,"footnotes":""},"categories":[5],"tags":[],"class_list":["post-714","post","type-post","status-publish","format-standard","has-post-thumbnail","hentry","category-nyheter"],"acf":[],"yoast_head":"<!-- This site is optimized with the Yoast SEO Premium plugin v27.4 (Yoast SEO v27.4) - https:\/\/yoast.com\/product\/yoast-seo-premium-wordpress\/ -->\n<title>Medlemsbrev v\u00e5ren 2025 - FSRS Eken\u00e4s Sj\u00f6r\u00e4ddare r.f. - SMPS Tammisaaren Meripelastajat r.y.<\/title>\n<meta name=\"robots\" content=\"index, follow, max-snippet:-1, max-image-preview:large, max-video-preview:-1\" \/>\n<link rel=\"canonical\" href=\"https:\/\/meripelastus.fi\/tammisaari\/medlemsbrev-varen-2025\/\" \/>\n<meta property=\"og:locale\" content=\"sv_SE\" \/>\n<meta property=\"og:type\" content=\"article\" \/>\n<meta property=\"og:title\" content=\"Medlemsbrev v\u00e5ren 2025\" \/>\n<meta property=\"og:description\" content=\"B\u00e5ts\u00e4songen 2025 n\u00e4rmar sig \u2013 vi firar 60 \u00e5r av frivillig sj\u00f6r\u00e4ddning i Eken\u00e4s Den nya s\u00e4songen \u00e4r p\u00e5 int\u00e5gande, och Sj\u00f6r\u00e4ddningss\u00e4llskapets frivilliga sj\u00f6r\u00e4ddare inleder sin jourperiod stegvis under v\u00e5ren. Trossen-medlemstj\u00e4nstens s\u00e4song b\u00f6rjar officiellt den 1 maj. Fr\u00e5n och med detta datum \u00e4r Trossen-servicenumret bemannat dygnet runt f\u00f6r att svara p\u00e5 icke-br\u00e5dskande hj\u00e4lpf\u00f6rfr\u00e5gningar \u2013 \u00e4nda [&hellip;]\" \/>\n<meta property=\"og:url\" content=\"https:\/\/meripelastus.fi\/tammisaari\/medlemsbrev-varen-2025\/\" \/>\n<meta property=\"og:site_name\" content=\"FSRS Eken\u00e4s Sj\u00f6r\u00e4ddare r.f. - SMPS Tammisaaren Meripelastajat r.y.\" \/>\n<meta property=\"article:published_time\" content=\"2025-05-06T15:14:16+00:00\" \/>\n<meta property=\"article:modified_time\" content=\"2025-05-06T15:28:39+00:00\" \/>\n<meta property=\"og:image\" content=\"https:\/\/meripelastus.fi\/tammisaari\/wp-content\/uploads\/sites\/35\/2025\/05\/PHOTO-2025-04-30-21-11-47.jpg\" \/>\n\t<meta property=\"og:image:width\" content=\"2000\" \/>\n\t<meta property=\"og:image:height\" content=\"1500\" \/>\n\t<meta property=\"og:image:type\" content=\"image\/jpeg\" \/>\n<meta name=\"author\" content=\"andreas\" \/>\n<meta name=\"twitter:card\" content=\"summary_large_image\" \/>\n<meta name=\"twitter:label1\" content=\"Skriven av\" \/>\n\t<meta name=\"twitter:data1\" content=\"andreas\" \/>\n\t<meta name=\"twitter:label2\" content=\"Ber\u00e4knad l\u00e4stid\" \/>\n\t<meta name=\"twitter:data2\" content=\"2 minuter\" \/>\n<script type=\"application\/ld+json\" class=\"yoast-schema-graph\">{\"@context\":\"https:\\\/\\\/schema.org\",\"@graph\":[{\"@type\":\"Article\",\"@id\":\"https:\\\/\\\/meripelastus.fi\\\/tammisaari\\\/medlemsbrev-varen-2025\\\/#article\",\"isPartOf\":{\"@id\":\"https:\\\/\\\/meripelastus.fi\\\/tammisaari\\\/medlemsbrev-varen-2025\\\/\"},\"author\":{\"name\":\"andreas\",\"@id\":\"https:\\\/\\\/meripelastus.fi\\\/tammisaari\\\/#\\\/schema\\\/person\\\/be417dbcfb52af0c5bbb8fc307545068\"},\"headline\":\"Medlemsbrev v\u00e5ren 2025\",\"datePublished\":\"2025-05-06T15:14:16+00:00\",\"dateModified\":\"2025-05-06T15:28:39+00:00\",\"mainEntityOfPage\":{\"@id\":\"https:\\\/\\\/meripelastus.fi\\\/tammisaari\\\/medlemsbrev-varen-2025\\\/\"},\"wordCount\":375,\"image\":{\"@id\":\"https:\\\/\\\/meripelastus.fi\\\/tammisaari\\\/medlemsbrev-varen-2025\\\/#primaryimage\"},\"thumbnailUrl\":\"https:\\\/\\\/meripelastus.fi\\\/tammisaari\\\/wp-content\\\/uploads\\\/sites\\\/35\\\/2025\\\/05\\\/PHOTO-2025-04-30-21-11-47.jpg\",\"articleSection\":[\"Nyheter\"],\"inLanguage\":\"sv-SE\"},{\"@type\":\"WebPage\",\"@id\":\"https:\\\/\\\/meripelastus.fi\\\/tammisaari\\\/medlemsbrev-varen-2025\\\/\",\"url\":\"https:\\\/\\\/meripelastus.fi\\\/tammisaari\\\/medlemsbrev-varen-2025\\\/\",\"name\":\"Medlemsbrev v\u00e5ren 2025 - FSRS Eken\u00e4s Sj\u00f6r\u00e4ddare r.f. - SMPS Tammisaaren Meripelastajat r.y.\",\"isPartOf\":{\"@id\":\"https:\\\/\\\/meripelastus.fi\\\/tammisaari\\\/#website\"},\"primaryImageOfPage\":{\"@id\":\"https:\\\/\\\/meripelastus.fi\\\/tammisaari\\\/medlemsbrev-varen-2025\\\/#primaryimage\"},\"image\":{\"@id\":\"https:\\\/\\\/meripelastus.fi\\\/tammisaari\\\/medlemsbrev-varen-2025\\\/#primaryimage\"},\"thumbnailUrl\":\"https:\\\/\\\/meripelastus.fi\\\/tammisaari\\\/wp-content\\\/uploads\\\/sites\\\/35\\\/2025\\\/05\\\/PHOTO-2025-04-30-21-11-47.jpg\",\"datePublished\":\"2025-05-06T15:14:16+00:00\",\"dateModified\":\"2025-05-06T15:28:39+00:00\",\"author\":{\"@id\":\"https:\\\/\\\/meripelastus.fi\\\/tammisaari\\\/#\\\/schema\\\/person\\\/be417dbcfb52af0c5bbb8fc307545068\"},\"breadcrumb\":{\"@id\":\"https:\\\/\\\/meripelastus.fi\\\/tammisaari\\\/medlemsbrev-varen-2025\\\/#breadcrumb\"},\"inLanguage\":\"sv-SE\",\"potentialAction\":[{\"@type\":\"ReadAction\",\"target\":[\"https:\\\/\\\/meripelastus.fi\\\/tammisaari\\\/medlemsbrev-varen-2025\\\/\"]}]},{\"@type\":\"ImageObject\",\"inLanguage\":\"sv-SE\",\"@id\":\"https:\\\/\\\/meripelastus.fi\\\/tammisaari\\\/medlemsbrev-varen-2025\\\/#primaryimage\",\"url\":\"https:\\\/\\\/meripelastus.fi\\\/tammisaari\\\/wp-content\\\/uploads\\\/sites\\\/35\\\/2025\\\/05\\\/PHOTO-2025-04-30-21-11-47.jpg\",\"contentUrl\":\"https:\\\/\\\/meripelastus.fi\\\/tammisaari\\\/wp-content\\\/uploads\\\/sites\\\/35\\\/2025\\\/05\\\/PHOTO-2025-04-30-21-11-47.jpg\",\"width\":2000,\"height\":1500,\"caption\":\"Foto: Mikael B\u00e4ckman\"},{\"@type\":\"BreadcrumbList\",\"@id\":\"https:\\\/\\\/meripelastus.fi\\\/tammisaari\\\/medlemsbrev-varen-2025\\\/#breadcrumb\",\"itemListElement\":[{\"@type\":\"ListItem\",\"position\":1,\"name\":\"Etusivu\",\"item\":\"https:\\\/\\\/meripelastus.fi\\\/tammisaari\\\/fi\\\/\"},{\"@type\":\"ListItem\",\"position\":2,\"name\":\"Medlemsbrev v\u00e5ren 2025\"}]},{\"@type\":\"WebSite\",\"@id\":\"https:\\\/\\\/meripelastus.fi\\\/tammisaari\\\/#website\",\"url\":\"https:\\\/\\\/meripelastus.fi\\\/tammisaari\\\/\",\"name\":\"FSRS Eken\u00e4s Sj\u00f6r\u00e4ddare r.f. - SMPS Tammisaaren Meripelastajat r.y.\",\"description\":\"Vapaaehtoiset apunasi vesill\u00e4\",\"potentialAction\":[{\"@type\":\"SearchAction\",\"target\":{\"@type\":\"EntryPoint\",\"urlTemplate\":\"https:\\\/\\\/meripelastus.fi\\\/tammisaari\\\/?s={search_term_string}\"},\"query-input\":{\"@type\":\"PropertyValueSpecification\",\"valueRequired\":true,\"valueName\":\"search_term_string\"}}],\"inLanguage\":\"sv-SE\"},{\"@type\":\"Person\",\"@id\":\"https:\\\/\\\/meripelastus.fi\\\/tammisaari\\\/#\\\/schema\\\/person\\\/be417dbcfb52af0c5bbb8fc307545068\",\"name\":\"andreas\",\"image\":{\"@type\":\"ImageObject\",\"inLanguage\":\"sv-SE\",\"@id\":\"https:\\\/\\\/secure.gravatar.com\\\/avatar\\\/d515d191196d04b140f4fe1fe672ed88e3261832504ccde497057052b8f408b6?s=96&d=mm&r=g\",\"url\":\"https:\\\/\\\/secure.gravatar.com\\\/avatar\\\/d515d191196d04b140f4fe1fe672ed88e3261832504ccde497057052b8f408b6?s=96&d=mm&r=g\",\"contentUrl\":\"https:\\\/\\\/secure.gravatar.com\\\/avatar\\\/d515d191196d04b140f4fe1fe672ed88e3261832504ccde497057052b8f408b6?s=96&d=mm&r=g\",\"caption\":\"andreas\"},\"url\":\"https:\\\/\\\/meripelastus.fi\\\/tammisaari\\\/author\\\/andreas\\\/\"}]}<\/script>\n<!-- \/ Yoast SEO Premium plugin. -->","yoast_head_json":{"title":"Medlemsbrev v\u00e5ren 2025 - FSRS Eken\u00e4s Sj\u00f6r\u00e4ddare r.f. - SMPS Tammisaaren Meripelastajat r.y.","robots":{"index":"index","follow":"follow","max-snippet":"max-snippet:-1","max-image-preview":"max-image-preview:large","max-video-preview":"max-video-preview:-1"},"canonical":"https:\/\/meripelastus.fi\/tammisaari\/medlemsbrev-varen-2025\/","og_locale":"sv_SE","og_type":"article","og_title":"Medlemsbrev v\u00e5ren 2025","og_description":"B\u00e5ts\u00e4songen 2025 n\u00e4rmar sig \u2013 vi firar 60 \u00e5r av frivillig sj\u00f6r\u00e4ddning i Eken\u00e4s Den nya s\u00e4songen \u00e4r p\u00e5 int\u00e5gande, och Sj\u00f6r\u00e4ddningss\u00e4llskapets frivilliga sj\u00f6r\u00e4ddare inleder sin jourperiod stegvis under v\u00e5ren. Trossen-medlemstj\u00e4nstens s\u00e4song b\u00f6rjar officiellt den 1 maj. Fr\u00e5n och med detta datum \u00e4r Trossen-servicenumret bemannat dygnet runt f\u00f6r att svara p\u00e5 icke-br\u00e5dskande hj\u00e4lpf\u00f6rfr\u00e5gningar \u2013 \u00e4nda [&hellip;]","og_url":"https:\/\/meripelastus.fi\/tammisaari\/medlemsbrev-varen-2025\/","og_site_name":"FSRS Eken\u00e4s Sj\u00f6r\u00e4ddare r.f. - SMPS Tammisaaren Meripelastajat r.y.","article_published_time":"2025-05-06T15:14:16+00:00","article_modified_time":"2025-05-06T15:28:39+00:00","og_image":[{"width":2000,"height":1500,"url":"https:\/\/meripelastus.fi\/tammisaari\/wp-content\/uploads\/sites\/35\/2025\/05\/PHOTO-2025-04-30-21-11-47.jpg","type":"image\/jpeg"}],"author":"andreas","twitter_card":"summary_large_image","twitter_misc":{"Skriven av":"andreas","Ber\u00e4knad l\u00e4stid":"2 minuter"},"schema":{"@context":"https:\/\/schema.org","@graph":[{"@type":"Article","@id":"https:\/\/meripelastus.fi\/tammisaari\/medlemsbrev-varen-2025\/#article","isPartOf":{"@id":"https:\/\/meripelastus.fi\/tammisaari\/medlemsbrev-varen-2025\/"},"author":{"name":"andreas","@id":"https:\/\/meripelastus.fi\/tammisaari\/#\/schema\/person\/be417dbcfb52af0c5bbb8fc307545068"},"headline":"Medlemsbrev v\u00e5ren 2025","datePublished":"2025-05-06T15:14:16+00:00","dateModified":"2025-05-06T15:28:39+00:00","mainEntityOfPage":{"@id":"https:\/\/meripelastus.fi\/tammisaari\/medlemsbrev-varen-2025\/"},"wordCount":375,"image":{"@id":"https:\/\/meripelastus.fi\/tammisaari\/medlemsbrev-varen-2025\/#primaryimage"},"thumbnailUrl":"https:\/\/meripelastus.fi\/tammisaari\/wp-content\/uploads\/sites\/35\/2025\/05\/PHOTO-2025-04-30-21-11-47.jpg","articleSection":["Nyheter"],"inLanguage":"sv-SE"},{"@type":"WebPage","@id":"https:\/\/meripelastus.fi\/tammisaari\/medlemsbrev-varen-2025\/","url":"https:\/\/meripelastus.fi\/tammisaari\/medlemsbrev-varen-2025\/","name":"Medlemsbrev v\u00e5ren 2025 - FSRS Eken\u00e4s Sj\u00f6r\u00e4ddare r.f. - SMPS Tammisaaren Meripelastajat r.y.","isPartOf":{"@id":"https:\/\/meripelastus.fi\/tammisaari\/#website"},"primaryImageOfPage":{"@id":"https:\/\/meripelastus.fi\/tammisaari\/medlemsbrev-varen-2025\/#primaryimage"},"image":{"@id":"https:\/\/meripelastus.fi\/tammisaari\/medlemsbrev-varen-2025\/#primaryimage"},"thumbnailUrl":"https:\/\/meripelastus.fi\/tammisaari\/wp-content\/uploads\/sites\/35\/2025\/05\/PHOTO-2025-04-30-21-11-47.jpg","datePublished":"2025-05-06T15:14:16+00:00","dateModified":"2025-05-06T15:28:39+00:00","author":{"@id":"https:\/\/meripelastus.fi\/tammisaari\/#\/schema\/person\/be417dbcfb52af0c5bbb8fc307545068"},"breadcrumb":{"@id":"https:\/\/meripelastus.fi\/tammisaari\/medlemsbrev-varen-2025\/#breadcrumb"},"inLanguage":"sv-SE","potentialAction":[{"@type":"ReadAction","target":["https:\/\/meripelastus.fi\/tammisaari\/medlemsbrev-varen-2025\/"]}]},{"@type":"ImageObject","inLanguage":"sv-SE","@id":"https:\/\/meripelastus.fi\/tammisaari\/medlemsbrev-varen-2025\/#primaryimage","url":"https:\/\/meripelastus.fi\/tammisaari\/wp-content\/uploads\/sites\/35\/2025\/05\/PHOTO-2025-04-30-21-11-47.jpg","contentUrl":"https:\/\/meripelastus.fi\/tammisaari\/wp-content\/uploads\/sites\/35\/2025\/05\/PHOTO-2025-04-30-21-11-47.jpg","width":2000,"height":1500,"caption":"Foto: Mikael B\u00e4ckman"},{"@type":"BreadcrumbList","@id":"https:\/\/meripelastus.fi\/tammisaari\/medlemsbrev-varen-2025\/#breadcrumb","itemListElement":[{"@type":"ListItem","position":1,"name":"Etusivu","item":"https:\/\/meripelastus.fi\/tammisaari\/fi\/"},{"@type":"ListItem","position":2,"name":"Medlemsbrev v\u00e5ren 2025"}]},{"@type":"WebSite","@id":"https:\/\/meripelastus.fi\/tammisaari\/#website","url":"https:\/\/meripelastus.fi\/tammisaari\/","name":"FSRS Eken\u00e4s Sj\u00f6r\u00e4ddare r.f. - SMPS Tammisaaren Meripelastajat r.y.","description":"Vapaaehtoiset apunasi vesill\u00e4","potentialAction":[{"@type":"SearchAction","target":{"@type":"EntryPoint","urlTemplate":"https:\/\/meripelastus.fi\/tammisaari\/?s={search_term_string}"},"query-input":{"@type":"PropertyValueSpecification","valueRequired":true,"valueName":"search_term_string"}}],"inLanguage":"sv-SE"},{"@type":"Person","@id":"https:\/\/meripelastus.fi\/tammisaari\/#\/schema\/person\/be417dbcfb52af0c5bbb8fc307545068","name":"andreas","image":{"@type":"ImageObject","inLanguage":"sv-SE","@id":"https:\/\/secure.gravatar.com\/avatar\/d515d191196d04b140f4fe1fe672ed88e3261832504ccde497057052b8f408b6?s=96&d=mm&r=g","url":"https:\/\/secure.gravatar.com\/avatar\/d515d191196d04b140f4fe1fe672ed88e3261832504ccde497057052b8f408b6?s=96&d=mm&r=g","contentUrl":"https:\/\/secure.gravatar.com\/avatar\/d515d191196d04b140f4fe1fe672ed88e3261832504ccde497057052b8f408b6?s=96&d=mm&r=g","caption":"andreas"},"url":"https:\/\/meripelastus.fi\/tammisaari\/author\/andreas\/"}]}},"_links":{"self":[{"href":"https:\/\/meripelastus.fi\/tammisaari\/wp-json\/wp\/v2\/posts\/714","targetHints":{"allow":["GET"]}}],"collection":[{"href":"https:\/\/meripelastus.fi\/tammisaari\/wp-json\/wp\/v2\/posts"}],"about":[{"href":"https:\/\/meripelastus.fi\/tammisaari\/wp-json\/wp\/v2\/types\/post"}],"author":[{"embeddable":true,"href":"https:\/\/meripelastus.fi\/tammisaari\/wp-json\/wp\/v2\/users\/90"}],"replies":[{"embeddable":true,"href":"https:\/\/meripelastus.fi\/tammisaari\/wp-json\/wp\/v2\/comments?post=714"}],"version-history":[{"count":3,"href":"https:\/\/meripelastus.fi\/tammisaari\/wp-json\/wp\/v2\/posts\/714\/revisions"}],"predecessor-version":[{"id":718,"href":"https:\/\/meripelastus.fi\/tammisaari\/wp-json\/wp\/v2\/posts\/714\/revisions\/718"}],"wp:featuredmedia":[{"embeddable":true,"href":"https:\/\/meripelastus.fi\/tammisaari\/wp-json\/wp\/v2\/media\/715"}],"wp:attachment":[{"href":"https:\/\/meripelastus.fi\/tammisaari\/wp-json\/wp\/v2\/media?parent=714"}],"wp:term":[{"taxonomy":"category","embeddable":true,"href":"https:\/\/meripelastus.fi\/tammisaari\/wp-json\/wp\/v2\/categories?post=714"},{"taxonomy":"post_tag","embeddable":true,"href":"https:\/\/meripelastus.fi\/tammisaari\/wp-json\/wp\/v2\/tags?post=714"}],"curies":[{"name":"wp","href":"https:\/\/api.w.org\/{rel}","templated":true}]}}