{"id":180,"date":"2026-03-26T10:41:15","date_gmt":"2026-03-26T08:41:15","guid":{"rendered":"https:\/\/meripelastus.fi\/savonlinna\/?p=180"},"modified":"2026-03-26T10:41:16","modified_gmt":"2026-03-26T08:41:16","slug":"veneilyturvallisuusviikko-jarjestetaan-ensimmaista-kertaa-1-7-6-2026","status":"publish","type":"post","link":"https:\/\/meripelastus.fi\/savonlinna\/veneilyturvallisuusviikko-jarjestetaan-ensimmaista-kertaa-1-7-6-2026\/","title":{"rendered":"Veneilyturvallisuusviikko j\u00e4rjestet\u00e4\u00e4n ensimm\u00e4ist\u00e4 kertaa 1.-7.6.2026."},"content":{"rendered":"\n<p>Veneilyturvallisuusviikko on Meripelastusseuran is\u00e4nn\u00f6im\u00e4 ja koordinoima valtakunnallinen turvallisuustapahtuma, joka j\u00e4rjestet\u00e4\u00e4n yhteisty\u00f6ss\u00e4 eri viranomaistahojen ja muiden veneilyalan toimijoiden kanssa. Viikkoa vietet\u00e4\u00e4n joka vuosi kes\u00e4kuun ensimm\u00e4isell\u00e4 viikolla.<\/p>\n\n\n\n<p>Lis\u00e4\u00e4 linkist\u00e4 <a href=\"https:\/\/meripelastus.fi\/veneilyturvallisuusviikko\/\">&#8211; Suomen Meripelastusseura<\/a><\/p>\n","protected":false},"excerpt":{"rendered":"<p>Veneilyturvallisuusviikko on Meripelastusseuran is\u00e4nn\u00f6im\u00e4 ja koordinoima valtakunnallinen turvallisuustapahtuma, joka j\u00e4rjestet\u00e4\u00e4n yhteisty\u00f6ss\u00e4 eri viranomaistahojen ja muiden veneilyalan toimijoiden kanssa. Viikkoa vietet\u00e4\u00e4n joka vuosi kes\u00e4kuun ensimm\u00e4isell\u00e4 viikolla. Lis\u00e4\u00e4 linkist\u00e4 &#8211; Suomen Meripelastusseura<\/p>\n","protected":false},"author":151,"featured_media":0,"comment_status":"closed","ping_status":"open","sticky":false,"template":"","format":"standard","meta":{"_acf_changed":false,"inline_featured_image":false,"footnotes":""},"categories":[1],"tags":[],"class_list":["post-180","post","type-post","status-publish","format-standard","hentry","category-uutiset"],"acf":[],"yoast_head":"<!-- This site is optimized with the Yoast SEO Premium plugin v27.4 (Yoast SEO v27.4) - https:\/\/yoast.com\/product\/yoast-seo-premium-wordpress\/ -->\n<title>Veneilyturvallisuusviikko j\u00e4rjestet\u00e4\u00e4n ensimm\u00e4ist\u00e4 kertaa 1.-7.6.2026. - SMPS Savonlinnan J\u00e4rvipelastajat ry<\/title>\n<meta name=\"robots\" content=\"index, follow, max-snippet:-1, max-image-preview:large, max-video-preview:-1\" \/>\n<link rel=\"canonical\" href=\"https:\/\/meripelastus.fi\/savonlinna\/veneilyturvallisuusviikko-jarjestetaan-ensimmaista-kertaa-1-7-6-2026\/\" \/>\n<meta property=\"og:locale\" content=\"fi_FI\" \/>\n<meta property=\"og:type\" content=\"article\" \/>\n<meta property=\"og:title\" content=\"Veneilyturvallisuusviikko j\u00e4rjestet\u00e4\u00e4n ensimm\u00e4ist\u00e4 kertaa 1.-7.6.2026.\" \/>\n<meta property=\"og:description\" content=\"Veneilyturvallisuusviikko on Meripelastusseuran is\u00e4nn\u00f6im\u00e4 ja koordinoima valtakunnallinen turvallisuustapahtuma, joka j\u00e4rjestet\u00e4\u00e4n yhteisty\u00f6ss\u00e4 eri viranomaistahojen ja muiden veneilyalan toimijoiden kanssa. Viikkoa vietet\u00e4\u00e4n joka vuosi kes\u00e4kuun ensimm\u00e4isell\u00e4 viikolla. Lis\u00e4\u00e4 linkist\u00e4 &#8211; Suomen Meripelastusseura\" \/>\n<meta property=\"og:url\" content=\"https:\/\/meripelastus.fi\/savonlinna\/veneilyturvallisuusviikko-jarjestetaan-ensimmaista-kertaa-1-7-6-2026\/\" \/>\n<meta property=\"og:site_name\" content=\"SMPS Savonlinnan J\u00e4rvipelastajat ry\" \/>\n<meta property=\"article:published_time\" content=\"2026-03-26T08:41:15+00:00\" \/>\n<meta property=\"article:modified_time\" content=\"2026-03-26T08:41:16+00:00\" \/>\n<meta name=\"author\" content=\"villepekkah\" \/>\n<meta name=\"twitter:card\" content=\"summary_large_image\" \/>\n<meta name=\"twitter:label1\" content=\"Kirjoittanut\" \/>\n\t<meta name=\"twitter:data1\" content=\"villepekkah\" \/>\n\t<meta name=\"twitter:label2\" content=\"Arvioitu lukuaika\" \/>\n\t<meta name=\"twitter:data2\" content=\"1 minuutti\" \/>\n<script type=\"application\/ld+json\" class=\"yoast-schema-graph\">{\"@context\":\"https:\\\/\\\/schema.org\",\"@graph\":[{\"@type\":\"Article\",\"@id\":\"https:\\\/\\\/meripelastus.fi\\\/savonlinna\\\/veneilyturvallisuusviikko-jarjestetaan-ensimmaista-kertaa-1-7-6-2026\\\/#article\",\"isPartOf\":{\"@id\":\"https:\\\/\\\/meripelastus.fi\\\/savonlinna\\\/veneilyturvallisuusviikko-jarjestetaan-ensimmaista-kertaa-1-7-6-2026\\\/\"},\"author\":{\"name\":\"villepekkah\",\"@id\":\"https:\\\/\\\/meripelastus.fi\\\/savonlinna\\\/#\\\/schema\\\/person\\\/72ea288f5329ea0985d74165b4bc6b7e\"},\"headline\":\"Veneilyturvallisuusviikko j\u00e4rjestet\u00e4\u00e4n ensimm\u00e4ist\u00e4 kertaa 1.-7.6.2026.\",\"datePublished\":\"2026-03-26T08:41:15+00:00\",\"dateModified\":\"2026-03-26T08:41:16+00:00\",\"mainEntityOfPage\":{\"@id\":\"https:\\\/\\\/meripelastus.fi\\\/savonlinna\\\/veneilyturvallisuusviikko-jarjestetaan-ensimmaista-kertaa-1-7-6-2026\\\/\"},\"wordCount\":46,\"articleSection\":[\"Uutiset\"],\"inLanguage\":\"fi\"},{\"@type\":\"WebPage\",\"@id\":\"https:\\\/\\\/meripelastus.fi\\\/savonlinna\\\/veneilyturvallisuusviikko-jarjestetaan-ensimmaista-kertaa-1-7-6-2026\\\/\",\"url\":\"https:\\\/\\\/meripelastus.fi\\\/savonlinna\\\/veneilyturvallisuusviikko-jarjestetaan-ensimmaista-kertaa-1-7-6-2026\\\/\",\"name\":\"Veneilyturvallisuusviikko j\u00e4rjestet\u00e4\u00e4n ensimm\u00e4ist\u00e4 kertaa 1.-7.6.2026. - SMPS Savonlinnan J\u00e4rvipelastajat ry\",\"isPartOf\":{\"@id\":\"https:\\\/\\\/meripelastus.fi\\\/savonlinna\\\/#website\"},\"datePublished\":\"2026-03-26T08:41:15+00:00\",\"dateModified\":\"2026-03-26T08:41:16+00:00\",\"author\":{\"@id\":\"https:\\\/\\\/meripelastus.fi\\\/savonlinna\\\/#\\\/schema\\\/person\\\/72ea288f5329ea0985d74165b4bc6b7e\"},\"breadcrumb\":{\"@id\":\"https:\\\/\\\/meripelastus.fi\\\/savonlinna\\\/veneilyturvallisuusviikko-jarjestetaan-ensimmaista-kertaa-1-7-6-2026\\\/#breadcrumb\"},\"inLanguage\":\"fi\",\"potentialAction\":[{\"@type\":\"ReadAction\",\"target\":[\"https:\\\/\\\/meripelastus.fi\\\/savonlinna\\\/veneilyturvallisuusviikko-jarjestetaan-ensimmaista-kertaa-1-7-6-2026\\\/\"]}]},{\"@type\":\"BreadcrumbList\",\"@id\":\"https:\\\/\\\/meripelastus.fi\\\/savonlinna\\\/veneilyturvallisuusviikko-jarjestetaan-ensimmaista-kertaa-1-7-6-2026\\\/#breadcrumb\",\"itemListElement\":[{\"@type\":\"ListItem\",\"position\":1,\"name\":\"Etusivu\",\"item\":\"https:\\\/\\\/meripelastus.fi\\\/savonlinna\\\/\"},{\"@type\":\"ListItem\",\"position\":2,\"name\":\"Veneilyturvallisuusviikko j\u00e4rjestet\u00e4\u00e4n ensimm\u00e4ist\u00e4 kertaa 1.-7.6.2026.\"}]},{\"@type\":\"WebSite\",\"@id\":\"https:\\\/\\\/meripelastus.fi\\\/savonlinna\\\/#website\",\"url\":\"https:\\\/\\\/meripelastus.fi\\\/savonlinna\\\/\",\"name\":\"SMPS Savonlinnan J\u00e4rvipelastajat ry\",\"description\":\"Vapaaehtoiset apunasi vesill\u00e4\",\"potentialAction\":[{\"@type\":\"SearchAction\",\"target\":{\"@type\":\"EntryPoint\",\"urlTemplate\":\"https:\\\/\\\/meripelastus.fi\\\/savonlinna\\\/?s={search_term_string}\"},\"query-input\":{\"@type\":\"PropertyValueSpecification\",\"valueRequired\":true,\"valueName\":\"search_term_string\"}}],\"inLanguage\":\"fi\"},{\"@type\":\"Person\",\"@id\":\"https:\\\/\\\/meripelastus.fi\\\/savonlinna\\\/#\\\/schema\\\/person\\\/72ea288f5329ea0985d74165b4bc6b7e\",\"name\":\"villepekkah\",\"image\":{\"@type\":\"ImageObject\",\"inLanguage\":\"fi\",\"@id\":\"https:\\\/\\\/secure.gravatar.com\\\/avatar\\\/85ba4c9fca90460211df6d4ca4346e8210eb855007a0477aef126830b843c4d2?s=96&d=mm&r=g\",\"url\":\"https:\\\/\\\/secure.gravatar.com\\\/avatar\\\/85ba4c9fca90460211df6d4ca4346e8210eb855007a0477aef126830b843c4d2?s=96&d=mm&r=g\",\"contentUrl\":\"https:\\\/\\\/secure.gravatar.com\\\/avatar\\\/85ba4c9fca90460211df6d4ca4346e8210eb855007a0477aef126830b843c4d2?s=96&d=mm&r=g\",\"caption\":\"villepekkah\"},\"url\":\"https:\\\/\\\/meripelastus.fi\\\/savonlinna\\\/author\\\/villepekkah\\\/\"}]}<\/script>\n<!-- \/ Yoast SEO Premium plugin. -->","yoast_head_json":{"title":"Veneilyturvallisuusviikko j\u00e4rjestet\u00e4\u00e4n ensimm\u00e4ist\u00e4 kertaa 1.-7.6.2026. - SMPS Savonlinnan J\u00e4rvipelastajat ry","robots":{"index":"index","follow":"follow","max-snippet":"max-snippet:-1","max-image-preview":"max-image-preview:large","max-video-preview":"max-video-preview:-1"},"canonical":"https:\/\/meripelastus.fi\/savonlinna\/veneilyturvallisuusviikko-jarjestetaan-ensimmaista-kertaa-1-7-6-2026\/","og_locale":"fi_FI","og_type":"article","og_title":"Veneilyturvallisuusviikko j\u00e4rjestet\u00e4\u00e4n ensimm\u00e4ist\u00e4 kertaa 1.-7.6.2026.","og_description":"Veneilyturvallisuusviikko on Meripelastusseuran is\u00e4nn\u00f6im\u00e4 ja koordinoima valtakunnallinen turvallisuustapahtuma, joka j\u00e4rjestet\u00e4\u00e4n yhteisty\u00f6ss\u00e4 eri viranomaistahojen ja muiden veneilyalan toimijoiden kanssa. Viikkoa vietet\u00e4\u00e4n joka vuosi kes\u00e4kuun ensimm\u00e4isell\u00e4 viikolla. Lis\u00e4\u00e4 linkist\u00e4 &#8211; Suomen Meripelastusseura","og_url":"https:\/\/meripelastus.fi\/savonlinna\/veneilyturvallisuusviikko-jarjestetaan-ensimmaista-kertaa-1-7-6-2026\/","og_site_name":"SMPS Savonlinnan J\u00e4rvipelastajat ry","article_published_time":"2026-03-26T08:41:15+00:00","article_modified_time":"2026-03-26T08:41:16+00:00","author":"villepekkah","twitter_card":"summary_large_image","twitter_misc":{"Kirjoittanut":"villepekkah","Arvioitu lukuaika":"1 minuutti"},"schema":{"@context":"https:\/\/schema.org","@graph":[{"@type":"Article","@id":"https:\/\/meripelastus.fi\/savonlinna\/veneilyturvallisuusviikko-jarjestetaan-ensimmaista-kertaa-1-7-6-2026\/#article","isPartOf":{"@id":"https:\/\/meripelastus.fi\/savonlinna\/veneilyturvallisuusviikko-jarjestetaan-ensimmaista-kertaa-1-7-6-2026\/"},"author":{"name":"villepekkah","@id":"https:\/\/meripelastus.fi\/savonlinna\/#\/schema\/person\/72ea288f5329ea0985d74165b4bc6b7e"},"headline":"Veneilyturvallisuusviikko j\u00e4rjestet\u00e4\u00e4n ensimm\u00e4ist\u00e4 kertaa 1.-7.6.2026.","datePublished":"2026-03-26T08:41:15+00:00","dateModified":"2026-03-26T08:41:16+00:00","mainEntityOfPage":{"@id":"https:\/\/meripelastus.fi\/savonlinna\/veneilyturvallisuusviikko-jarjestetaan-ensimmaista-kertaa-1-7-6-2026\/"},"wordCount":46,"articleSection":["Uutiset"],"inLanguage":"fi"},{"@type":"WebPage","@id":"https:\/\/meripelastus.fi\/savonlinna\/veneilyturvallisuusviikko-jarjestetaan-ensimmaista-kertaa-1-7-6-2026\/","url":"https:\/\/meripelastus.fi\/savonlinna\/veneilyturvallisuusviikko-jarjestetaan-ensimmaista-kertaa-1-7-6-2026\/","name":"Veneilyturvallisuusviikko j\u00e4rjestet\u00e4\u00e4n ensimm\u00e4ist\u00e4 kertaa 1.-7.6.2026. - SMPS Savonlinnan J\u00e4rvipelastajat ry","isPartOf":{"@id":"https:\/\/meripelastus.fi\/savonlinna\/#website"},"datePublished":"2026-03-26T08:41:15+00:00","dateModified":"2026-03-26T08:41:16+00:00","author":{"@id":"https:\/\/meripelastus.fi\/savonlinna\/#\/schema\/person\/72ea288f5329ea0985d74165b4bc6b7e"},"breadcrumb":{"@id":"https:\/\/meripelastus.fi\/savonlinna\/veneilyturvallisuusviikko-jarjestetaan-ensimmaista-kertaa-1-7-6-2026\/#breadcrumb"},"inLanguage":"fi","potentialAction":[{"@type":"ReadAction","target":["https:\/\/meripelastus.fi\/savonlinna\/veneilyturvallisuusviikko-jarjestetaan-ensimmaista-kertaa-1-7-6-2026\/"]}]},{"@type":"BreadcrumbList","@id":"https:\/\/meripelastus.fi\/savonlinna\/veneilyturvallisuusviikko-jarjestetaan-ensimmaista-kertaa-1-7-6-2026\/#breadcrumb","itemListElement":[{"@type":"ListItem","position":1,"name":"Etusivu","item":"https:\/\/meripelastus.fi\/savonlinna\/"},{"@type":"ListItem","position":2,"name":"Veneilyturvallisuusviikko j\u00e4rjestet\u00e4\u00e4n ensimm\u00e4ist\u00e4 kertaa 1.-7.6.2026."}]},{"@type":"WebSite","@id":"https:\/\/meripelastus.fi\/savonlinna\/#website","url":"https:\/\/meripelastus.fi\/savonlinna\/","name":"SMPS Savonlinnan J\u00e4rvipelastajat ry","description":"Vapaaehtoiset apunasi vesill\u00e4","potentialAction":[{"@type":"SearchAction","target":{"@type":"EntryPoint","urlTemplate":"https:\/\/meripelastus.fi\/savonlinna\/?s={search_term_string}"},"query-input":{"@type":"PropertyValueSpecification","valueRequired":true,"valueName":"search_term_string"}}],"inLanguage":"fi"},{"@type":"Person","@id":"https:\/\/meripelastus.fi\/savonlinna\/#\/schema\/person\/72ea288f5329ea0985d74165b4bc6b7e","name":"villepekkah","image":{"@type":"ImageObject","inLanguage":"fi","@id":"https:\/\/secure.gravatar.com\/avatar\/85ba4c9fca90460211df6d4ca4346e8210eb855007a0477aef126830b843c4d2?s=96&d=mm&r=g","url":"https:\/\/secure.gravatar.com\/avatar\/85ba4c9fca90460211df6d4ca4346e8210eb855007a0477aef126830b843c4d2?s=96&d=mm&r=g","contentUrl":"https:\/\/secure.gravatar.com\/avatar\/85ba4c9fca90460211df6d4ca4346e8210eb855007a0477aef126830b843c4d2?s=96&d=mm&r=g","caption":"villepekkah"},"url":"https:\/\/meripelastus.fi\/savonlinna\/author\/villepekkah\/"}]}},"_links":{"self":[{"href":"https:\/\/meripelastus.fi\/savonlinna\/wp-json\/wp\/v2\/posts\/180","targetHints":{"allow":["GET"]}}],"collection":[{"href":"https:\/\/meripelastus.fi\/savonlinna\/wp-json\/wp\/v2\/posts"}],"about":[{"href":"https:\/\/meripelastus.fi\/savonlinna\/wp-json\/wp\/v2\/types\/post"}],"author":[{"embeddable":true,"href":"https:\/\/meripelastus.fi\/savonlinna\/wp-json\/wp\/v2\/users\/151"}],"replies":[{"embeddable":true,"href":"https:\/\/meripelastus.fi\/savonlinna\/wp-json\/wp\/v2\/comments?post=180"}],"version-history":[{"count":1,"href":"https:\/\/meripelastus.fi\/savonlinna\/wp-json\/wp\/v2\/posts\/180\/revisions"}],"predecessor-version":[{"id":181,"href":"https:\/\/meripelastus.fi\/savonlinna\/wp-json\/wp\/v2\/posts\/180\/revisions\/181"}],"wp:attachment":[{"href":"https:\/\/meripelastus.fi\/savonlinna\/wp-json\/wp\/v2\/media?parent=180"}],"wp:term":[{"taxonomy":"category","embeddable":true,"href":"https:\/\/meripelastus.fi\/savonlinna\/wp-json\/wp\/v2\/categories?post=180"},{"taxonomy":"post_tag","embeddable":true,"href":"https:\/\/meripelastus.fi\/savonlinna\/wp-json\/wp\/v2\/tags?post=180"}],"curies":[{"name":"wp","href":"https:\/\/api.w.org\/{rel}","templated":true}]}}