{"id":471,"date":"2022-04-21T20:08:35","date_gmt":"2022-04-21T17:08:35","guid":{"rendered":"https:\/\/meripelastus.fi\/porvoo\/?p=471"},"modified":"2022-04-21T20:11:27","modified_gmt":"2022-04-21T17:11:27","slug":"porvoon-meripelastajien-kausi-on-alkanut","status":"publish","type":"post","link":"https:\/\/meripelastus.fi\/porvoo\/porvoon-meripelastajien-kausi-on-alkanut\/","title":{"rendered":"Porvoon Meripelastajien kausi on alkanut"},"content":{"rendered":"<p><img loading=\"lazy\" decoding=\"async\" class=\"alignnone size-medium wp-image-472\" src=\"https:\/\/meripelastus.fi\/porvoo\/wp-content\/uploads\/sites\/24\/2022\/04\/e104d42c-cbc9-47ae-8f0b-ebcc4b7c55be-300x169.jpeg\" alt=\"\" width=\"300\" height=\"169\" srcset=\"https:\/\/meripelastus.fi\/porvoo\/wp-content\/uploads\/sites\/24\/2022\/04\/e104d42c-cbc9-47ae-8f0b-ebcc4b7c55be-300x169.jpeg 300w, https:\/\/meripelastus.fi\/porvoo\/wp-content\/uploads\/sites\/24\/2022\/04\/e104d42c-cbc9-47ae-8f0b-ebcc4b7c55be-1024x576.jpeg 1024w, https:\/\/meripelastus.fi\/porvoo\/wp-content\/uploads\/sites\/24\/2022\/04\/e104d42c-cbc9-47ae-8f0b-ebcc4b7c55be-768x432.jpeg 768w, https:\/\/meripelastus.fi\/porvoo\/wp-content\/uploads\/sites\/24\/2022\/04\/e104d42c-cbc9-47ae-8f0b-ebcc4b7c55be-1536x864.jpeg 1536w, https:\/\/meripelastus.fi\/porvoo\/wp-content\/uploads\/sites\/24\/2022\/04\/e104d42c-cbc9-47ae-8f0b-ebcc4b7c55be.jpeg 1564w\" sizes=\"auto, (max-width: 300px) 100vw, 300px\" \/><\/p>\n<p>Porvoon Meripelastajien molemmat alukset ovat nyt vedess\u00e4. PV Aktia Porvoo on my\u00f6s laitettu valmiuteen, joten kautemme 2022 on alkanut.<\/p>\n<p>PV Securitas vaatii hieman enemm\u00e4n koeajoja uusien varustelujen vuoksi. Tavoitteena on laittaa my\u00f6s se valmiuteen l\u00e4hip\u00e4ivin\u00e4.<\/p>\n","protected":false},"excerpt":{"rendered":"<p>Porvoon Meripelastajien molemmat alukset ovat nyt vedess\u00e4. PV Aktia Porvoo on my\u00f6s laitettu valmiuteen, joten kautemme 2022 on alkanut. PV Securitas vaatii hieman enemm\u00e4n koeajoja uusien varustelujen vuoksi. Tavoitteena on laittaa my\u00f6s se valmiuteen l\u00e4hip\u00e4ivin\u00e4.<\/p>\n","protected":false},"author":93,"featured_media":0,"comment_status":"closed","ping_status":"open","sticky":false,"template":"","format":"standard","meta":{"_acf_changed":false,"inline_featured_image":false,"footnotes":""},"categories":[1],"tags":[],"class_list":["post-471","post","type-post","status-publish","format-standard","hentry","category-uutiset"],"acf":[],"yoast_head":"<!-- This site is optimized with the Yoast SEO Premium plugin v27.4 (Yoast SEO v27.4) - https:\/\/yoast.com\/product\/yoast-seo-premium-wordpress\/ -->\n<title>Porvoon Meripelastajien kausi on alkanut - Porvoon Meripelastajat<\/title>\n<meta name=\"robots\" content=\"index, follow, max-snippet:-1, max-image-preview:large, max-video-preview:-1\" \/>\n<link rel=\"canonical\" href=\"https:\/\/meripelastus.fi\/porvoo\/porvoon-meripelastajien-kausi-on-alkanut\/\" \/>\n<meta property=\"og:locale\" content=\"fi_FI\" \/>\n<meta property=\"og:type\" content=\"article\" \/>\n<meta property=\"og:title\" content=\"Porvoon Meripelastajien kausi on alkanut\" \/>\n<meta property=\"og:description\" content=\"Porvoon Meripelastajien molemmat alukset ovat nyt vedess\u00e4. PV Aktia Porvoo on my\u00f6s laitettu valmiuteen, joten kautemme 2022 on alkanut. PV Securitas vaatii hieman enemm\u00e4n koeajoja uusien varustelujen vuoksi. Tavoitteena on laittaa my\u00f6s se valmiuteen l\u00e4hip\u00e4ivin\u00e4.\" \/>\n<meta property=\"og:url\" content=\"https:\/\/meripelastus.fi\/porvoo\/porvoon-meripelastajien-kausi-on-alkanut\/\" \/>\n<meta property=\"og:site_name\" content=\"Porvoon Meripelastajat\" \/>\n<meta property=\"article:published_time\" content=\"2022-04-21T17:08:35+00:00\" \/>\n<meta property=\"article:modified_time\" content=\"2022-04-21T17:11:27+00:00\" \/>\n<meta property=\"og:image\" content=\"https:\/\/meripelastus.fi\/porvoo\/wp-content\/uploads\/sites\/24\/2022\/04\/e104d42c-cbc9-47ae-8f0b-ebcc4b7c55be-300x169.jpeg\" \/>\n<meta name=\"author\" content=\"pauli\" \/>\n<meta name=\"twitter:card\" content=\"summary_large_image\" \/>\n<meta name=\"twitter:label1\" content=\"Kirjoittanut\" \/>\n\t<meta name=\"twitter:data1\" content=\"pauli\" \/>\n\t<meta name=\"twitter:label2\" content=\"Arvioitu lukuaika\" \/>\n\t<meta name=\"twitter:data2\" content=\"1 minuutti\" \/>\n<script type=\"application\/ld+json\" class=\"yoast-schema-graph\">{\"@context\":\"https:\\\/\\\/schema.org\",\"@graph\":[{\"@type\":\"Article\",\"@id\":\"https:\\\/\\\/meripelastus.fi\\\/porvoo\\\/porvoon-meripelastajien-kausi-on-alkanut\\\/#article\",\"isPartOf\":{\"@id\":\"https:\\\/\\\/meripelastus.fi\\\/porvoo\\\/porvoon-meripelastajien-kausi-on-alkanut\\\/\"},\"author\":{\"name\":\"pauli\",\"@id\":\"https:\\\/\\\/meripelastus.fi\\\/porvoo\\\/#\\\/schema\\\/person\\\/adfe78669a7ee20e304e1ab5116f2958\"},\"headline\":\"Porvoon Meripelastajien kausi on alkanut\",\"datePublished\":\"2022-04-21T17:08:35+00:00\",\"dateModified\":\"2022-04-21T17:11:27+00:00\",\"mainEntityOfPage\":{\"@id\":\"https:\\\/\\\/meripelastus.fi\\\/porvoo\\\/porvoon-meripelastajien-kausi-on-alkanut\\\/\"},\"wordCount\":44,\"image\":{\"@id\":\"https:\\\/\\\/meripelastus.fi\\\/porvoo\\\/porvoon-meripelastajien-kausi-on-alkanut\\\/#primaryimage\"},\"thumbnailUrl\":\"https:\\\/\\\/meripelastus.fi\\\/porvoo\\\/wp-content\\\/uploads\\\/sites\\\/24\\\/2022\\\/04\\\/e104d42c-cbc9-47ae-8f0b-ebcc4b7c55be-300x169.jpeg\",\"articleSection\":[\"Uutiset\"],\"inLanguage\":\"fi\"},{\"@type\":\"WebPage\",\"@id\":\"https:\\\/\\\/meripelastus.fi\\\/porvoo\\\/porvoon-meripelastajien-kausi-on-alkanut\\\/\",\"url\":\"https:\\\/\\\/meripelastus.fi\\\/porvoo\\\/porvoon-meripelastajien-kausi-on-alkanut\\\/\",\"name\":\"Porvoon Meripelastajien kausi on alkanut - Porvoon Meripelastajat\",\"isPartOf\":{\"@id\":\"https:\\\/\\\/meripelastus.fi\\\/porvoo\\\/#website\"},\"primaryImageOfPage\":{\"@id\":\"https:\\\/\\\/meripelastus.fi\\\/porvoo\\\/porvoon-meripelastajien-kausi-on-alkanut\\\/#primaryimage\"},\"image\":{\"@id\":\"https:\\\/\\\/meripelastus.fi\\\/porvoo\\\/porvoon-meripelastajien-kausi-on-alkanut\\\/#primaryimage\"},\"thumbnailUrl\":\"https:\\\/\\\/meripelastus.fi\\\/porvoo\\\/wp-content\\\/uploads\\\/sites\\\/24\\\/2022\\\/04\\\/e104d42c-cbc9-47ae-8f0b-ebcc4b7c55be-300x169.jpeg\",\"datePublished\":\"2022-04-21T17:08:35+00:00\",\"dateModified\":\"2022-04-21T17:11:27+00:00\",\"author\":{\"@id\":\"https:\\\/\\\/meripelastus.fi\\\/porvoo\\\/#\\\/schema\\\/person\\\/adfe78669a7ee20e304e1ab5116f2958\"},\"breadcrumb\":{\"@id\":\"https:\\\/\\\/meripelastus.fi\\\/porvoo\\\/porvoon-meripelastajien-kausi-on-alkanut\\\/#breadcrumb\"},\"inLanguage\":\"fi\",\"potentialAction\":[{\"@type\":\"ReadAction\",\"target\":[\"https:\\\/\\\/meripelastus.fi\\\/porvoo\\\/porvoon-meripelastajien-kausi-on-alkanut\\\/\"]}]},{\"@type\":\"ImageObject\",\"inLanguage\":\"fi\",\"@id\":\"https:\\\/\\\/meripelastus.fi\\\/porvoo\\\/porvoon-meripelastajien-kausi-on-alkanut\\\/#primaryimage\",\"url\":\"https:\\\/\\\/meripelastus.fi\\\/porvoo\\\/wp-content\\\/uploads\\\/sites\\\/24\\\/2022\\\/04\\\/e104d42c-cbc9-47ae-8f0b-ebcc4b7c55be.jpeg\",\"contentUrl\":\"https:\\\/\\\/meripelastus.fi\\\/porvoo\\\/wp-content\\\/uploads\\\/sites\\\/24\\\/2022\\\/04\\\/e104d42c-cbc9-47ae-8f0b-ebcc4b7c55be.jpeg\",\"width\":1564,\"height\":880},{\"@type\":\"BreadcrumbList\",\"@id\":\"https:\\\/\\\/meripelastus.fi\\\/porvoo\\\/porvoon-meripelastajien-kausi-on-alkanut\\\/#breadcrumb\",\"itemListElement\":[{\"@type\":\"ListItem\",\"position\":1,\"name\":\"Etusivu\",\"item\":\"https:\\\/\\\/meripelastus.fi\\\/porvoo\\\/\"},{\"@type\":\"ListItem\",\"position\":2,\"name\":\"Porvoon Meripelastajien kausi on alkanut\"}]},{\"@type\":\"WebSite\",\"@id\":\"https:\\\/\\\/meripelastus.fi\\\/porvoo\\\/#website\",\"url\":\"https:\\\/\\\/meripelastus.fi\\\/porvoo\\\/\",\"name\":\"Porvoon Meripelastajat\",\"description\":\"Vapaaehtoiset apunasi vesill\u00e4\",\"potentialAction\":[{\"@type\":\"SearchAction\",\"target\":{\"@type\":\"EntryPoint\",\"urlTemplate\":\"https:\\\/\\\/meripelastus.fi\\\/porvoo\\\/?s={search_term_string}\"},\"query-input\":{\"@type\":\"PropertyValueSpecification\",\"valueRequired\":true,\"valueName\":\"search_term_string\"}}],\"inLanguage\":\"fi\"},{\"@type\":\"Person\",\"@id\":\"https:\\\/\\\/meripelastus.fi\\\/porvoo\\\/#\\\/schema\\\/person\\\/adfe78669a7ee20e304e1ab5116f2958\",\"name\":\"pauli\",\"image\":{\"@type\":\"ImageObject\",\"inLanguage\":\"fi\",\"@id\":\"https:\\\/\\\/secure.gravatar.com\\\/avatar\\\/415f93b465a8289fbdc114f15e08e1667967d3b693647faff44cbde178169989?s=96&d=mm&r=g\",\"url\":\"https:\\\/\\\/secure.gravatar.com\\\/avatar\\\/415f93b465a8289fbdc114f15e08e1667967d3b693647faff44cbde178169989?s=96&d=mm&r=g\",\"contentUrl\":\"https:\\\/\\\/secure.gravatar.com\\\/avatar\\\/415f93b465a8289fbdc114f15e08e1667967d3b693647faff44cbde178169989?s=96&d=mm&r=g\",\"caption\":\"pauli\"},\"url\":\"https:\\\/\\\/meripelastus.fi\\\/porvoo\\\/author\\\/paulit\\\/\"}]}<\/script>\n<!-- \/ Yoast SEO Premium plugin. -->","yoast_head_json":{"title":"Porvoon Meripelastajien kausi on alkanut - Porvoon Meripelastajat","robots":{"index":"index","follow":"follow","max-snippet":"max-snippet:-1","max-image-preview":"max-image-preview:large","max-video-preview":"max-video-preview:-1"},"canonical":"https:\/\/meripelastus.fi\/porvoo\/porvoon-meripelastajien-kausi-on-alkanut\/","og_locale":"fi_FI","og_type":"article","og_title":"Porvoon Meripelastajien kausi on alkanut","og_description":"Porvoon Meripelastajien molemmat alukset ovat nyt vedess\u00e4. PV Aktia Porvoo on my\u00f6s laitettu valmiuteen, joten kautemme 2022 on alkanut. PV Securitas vaatii hieman enemm\u00e4n koeajoja uusien varustelujen vuoksi. Tavoitteena on laittaa my\u00f6s se valmiuteen l\u00e4hip\u00e4ivin\u00e4.","og_url":"https:\/\/meripelastus.fi\/porvoo\/porvoon-meripelastajien-kausi-on-alkanut\/","og_site_name":"Porvoon Meripelastajat","article_published_time":"2022-04-21T17:08:35+00:00","article_modified_time":"2022-04-21T17:11:27+00:00","og_image":[{"url":"https:\/\/meripelastus.fi\/porvoo\/wp-content\/uploads\/sites\/24\/2022\/04\/e104d42c-cbc9-47ae-8f0b-ebcc4b7c55be-300x169.jpeg","type":"","width":"","height":""}],"author":"pauli","twitter_card":"summary_large_image","twitter_misc":{"Kirjoittanut":"pauli","Arvioitu lukuaika":"1 minuutti"},"schema":{"@context":"https:\/\/schema.org","@graph":[{"@type":"Article","@id":"https:\/\/meripelastus.fi\/porvoo\/porvoon-meripelastajien-kausi-on-alkanut\/#article","isPartOf":{"@id":"https:\/\/meripelastus.fi\/porvoo\/porvoon-meripelastajien-kausi-on-alkanut\/"},"author":{"name":"pauli","@id":"https:\/\/meripelastus.fi\/porvoo\/#\/schema\/person\/adfe78669a7ee20e304e1ab5116f2958"},"headline":"Porvoon Meripelastajien kausi on alkanut","datePublished":"2022-04-21T17:08:35+00:00","dateModified":"2022-04-21T17:11:27+00:00","mainEntityOfPage":{"@id":"https:\/\/meripelastus.fi\/porvoo\/porvoon-meripelastajien-kausi-on-alkanut\/"},"wordCount":44,"image":{"@id":"https:\/\/meripelastus.fi\/porvoo\/porvoon-meripelastajien-kausi-on-alkanut\/#primaryimage"},"thumbnailUrl":"https:\/\/meripelastus.fi\/porvoo\/wp-content\/uploads\/sites\/24\/2022\/04\/e104d42c-cbc9-47ae-8f0b-ebcc4b7c55be-300x169.jpeg","articleSection":["Uutiset"],"inLanguage":"fi"},{"@type":"WebPage","@id":"https:\/\/meripelastus.fi\/porvoo\/porvoon-meripelastajien-kausi-on-alkanut\/","url":"https:\/\/meripelastus.fi\/porvoo\/porvoon-meripelastajien-kausi-on-alkanut\/","name":"Porvoon Meripelastajien kausi on alkanut - Porvoon Meripelastajat","isPartOf":{"@id":"https:\/\/meripelastus.fi\/porvoo\/#website"},"primaryImageOfPage":{"@id":"https:\/\/meripelastus.fi\/porvoo\/porvoon-meripelastajien-kausi-on-alkanut\/#primaryimage"},"image":{"@id":"https:\/\/meripelastus.fi\/porvoo\/porvoon-meripelastajien-kausi-on-alkanut\/#primaryimage"},"thumbnailUrl":"https:\/\/meripelastus.fi\/porvoo\/wp-content\/uploads\/sites\/24\/2022\/04\/e104d42c-cbc9-47ae-8f0b-ebcc4b7c55be-300x169.jpeg","datePublished":"2022-04-21T17:08:35+00:00","dateModified":"2022-04-21T17:11:27+00:00","author":{"@id":"https:\/\/meripelastus.fi\/porvoo\/#\/schema\/person\/adfe78669a7ee20e304e1ab5116f2958"},"breadcrumb":{"@id":"https:\/\/meripelastus.fi\/porvoo\/porvoon-meripelastajien-kausi-on-alkanut\/#breadcrumb"},"inLanguage":"fi","potentialAction":[{"@type":"ReadAction","target":["https:\/\/meripelastus.fi\/porvoo\/porvoon-meripelastajien-kausi-on-alkanut\/"]}]},{"@type":"ImageObject","inLanguage":"fi","@id":"https:\/\/meripelastus.fi\/porvoo\/porvoon-meripelastajien-kausi-on-alkanut\/#primaryimage","url":"https:\/\/meripelastus.fi\/porvoo\/wp-content\/uploads\/sites\/24\/2022\/04\/e104d42c-cbc9-47ae-8f0b-ebcc4b7c55be.jpeg","contentUrl":"https:\/\/meripelastus.fi\/porvoo\/wp-content\/uploads\/sites\/24\/2022\/04\/e104d42c-cbc9-47ae-8f0b-ebcc4b7c55be.jpeg","width":1564,"height":880},{"@type":"BreadcrumbList","@id":"https:\/\/meripelastus.fi\/porvoo\/porvoon-meripelastajien-kausi-on-alkanut\/#breadcrumb","itemListElement":[{"@type":"ListItem","position":1,"name":"Etusivu","item":"https:\/\/meripelastus.fi\/porvoo\/"},{"@type":"ListItem","position":2,"name":"Porvoon Meripelastajien kausi on alkanut"}]},{"@type":"WebSite","@id":"https:\/\/meripelastus.fi\/porvoo\/#website","url":"https:\/\/meripelastus.fi\/porvoo\/","name":"Porvoon Meripelastajat","description":"Vapaaehtoiset apunasi vesill\u00e4","potentialAction":[{"@type":"SearchAction","target":{"@type":"EntryPoint","urlTemplate":"https:\/\/meripelastus.fi\/porvoo\/?s={search_term_string}"},"query-input":{"@type":"PropertyValueSpecification","valueRequired":true,"valueName":"search_term_string"}}],"inLanguage":"fi"},{"@type":"Person","@id":"https:\/\/meripelastus.fi\/porvoo\/#\/schema\/person\/adfe78669a7ee20e304e1ab5116f2958","name":"pauli","image":{"@type":"ImageObject","inLanguage":"fi","@id":"https:\/\/secure.gravatar.com\/avatar\/415f93b465a8289fbdc114f15e08e1667967d3b693647faff44cbde178169989?s=96&d=mm&r=g","url":"https:\/\/secure.gravatar.com\/avatar\/415f93b465a8289fbdc114f15e08e1667967d3b693647faff44cbde178169989?s=96&d=mm&r=g","contentUrl":"https:\/\/secure.gravatar.com\/avatar\/415f93b465a8289fbdc114f15e08e1667967d3b693647faff44cbde178169989?s=96&d=mm&r=g","caption":"pauli"},"url":"https:\/\/meripelastus.fi\/porvoo\/author\/paulit\/"}]}},"_links":{"self":[{"href":"https:\/\/meripelastus.fi\/porvoo\/wp-json\/wp\/v2\/posts\/471","targetHints":{"allow":["GET"]}}],"collection":[{"href":"https:\/\/meripelastus.fi\/porvoo\/wp-json\/wp\/v2\/posts"}],"about":[{"href":"https:\/\/meripelastus.fi\/porvoo\/wp-json\/wp\/v2\/types\/post"}],"author":[{"embeddable":true,"href":"https:\/\/meripelastus.fi\/porvoo\/wp-json\/wp\/v2\/users\/93"}],"replies":[{"embeddable":true,"href":"https:\/\/meripelastus.fi\/porvoo\/wp-json\/wp\/v2\/comments?post=471"}],"version-history":[{"count":4,"href":"https:\/\/meripelastus.fi\/porvoo\/wp-json\/wp\/v2\/posts\/471\/revisions"}],"predecessor-version":[{"id":476,"href":"https:\/\/meripelastus.fi\/porvoo\/wp-json\/wp\/v2\/posts\/471\/revisions\/476"}],"wp:attachment":[{"href":"https:\/\/meripelastus.fi\/porvoo\/wp-json\/wp\/v2\/media?parent=471"}],"wp:term":[{"taxonomy":"category","embeddable":true,"href":"https:\/\/meripelastus.fi\/porvoo\/wp-json\/wp\/v2\/categories?post=471"},{"taxonomy":"post_tag","embeddable":true,"href":"https:\/\/meripelastus.fi\/porvoo\/wp-json\/wp\/v2\/tags?post=471"}],"curies":[{"name":"wp","href":"https:\/\/api.w.org\/{rel}","templated":true}]}}