{"id":1128,"date":"2025-10-24T22:15:25","date_gmt":"2025-10-24T19:15:25","guid":{"rendered":"https:\/\/meripelastus.fi\/porvoo\/?p=1128"},"modified":"2025-10-24T22:15:25","modified_gmt":"2025-10-24T19:15:25","slug":"kutsu-smps-porvoon-meripelastajat-borga-sjoraddare-ryn-syyskokous-2025","status":"publish","type":"post","link":"https:\/\/meripelastus.fi\/porvoo\/kutsu-smps-porvoon-meripelastajat-borga-sjoraddare-ryn-syyskokous-2025\/","title":{"rendered":"KUTSU: SMPS PORVOON MERIPELASTAJAT \u2013 BORG\u00c5 SJ\u00d6R\u00c4DDARE ry:n SYYSKOKOUS\u00a02025"},"content":{"rendered":"\n<p>Aika: 20.11.2025&nbsp;klo 18.00<br>Paikka: Meripelastusasema, Tolkkinen, Tolkkistentie 773.<\/p>\n\n\n\n<p>Tervetuloa SMPS Porvoon Meripelastajat ry:n s\u00e4\u00e4nt\u00f6m\u00e4\u00e4r\u00e4iseen syyskokoukseen. Kokous pidet\u00e4\u00e4n Porvoon Meripelastusasemalla, Augustinrannan yrityspuistossa (Tolkkistentie 773, 06750 Tolkkinen).<\/p>\n\n\n\n<p>Yhdistyksen hallitus on kokouksessaan 12.10.2025 p\u00e4\u00e4tt\u00e4nyt, ett\u00e4 kokoukseen voi osallistua et\u00e4n\u00e4 Teamsin v\u00e4lityksell\u00e4. \u00c4\u00e4nioikeus syyskokouksessa on kuitenkin vain niill\u00e4 henkil\u00f6ill\u00e4, jotka ovat l\u00e4sn\u00e4 kokouksessa Porvoon Meripelastusasemalla. Et\u00e4osallistujilla on siten kokouksessa puheoikeus, mutta ei \u00e4\u00e4nioikeutta. Kokoukseen Teamsill\u00e4 osallistujia pyydet\u00e4\u00e4n ilmoittamaan s\u00e4hk\u00f6postiosoitteensa Teams-kutsun l\u00e4hett\u00e4mist\u00e4 varten viimeist\u00e4\u00e4n 19.11.2025 s\u00e4hk\u00f6postilla osoitteeseen pasi(at)oikkonen.com.<\/p>\n\n\n\n<p>Yhdistyksen syyskokouksessa k\u00e4sitell\u00e4\u00e4n seuraavat asiat:<\/p>\n\n\n\n<ol class=\"wp-block-list\">\n<li>avataan kokous<\/li>\n\n\n\n<li>valitaan puheenjohtaja, sihteeri, kaksi (2) p\u00f6yt\u00e4kirjantarkastajaa ja kaksi (2) \u00e4\u00e4ntenlaskijaa<\/li>\n\n\n\n<li>todetaan l\u00e4sn\u00e4olijat ja \u00e4\u00e4nioikeutetut j\u00e4senet<\/li>\n\n\n\n<li>todetaan kokouksen laillisuus ja p\u00e4\u00e4t\u00f6svaltaisuus<\/li>\n\n\n\n<li>k\u00e4sitell\u00e4\u00e4n ty\u00f6j\u00e4rjestys<\/li>\n\n\n\n<li>vahvistetaan yhdistyksen seuraavan vuoden toimintasuunnitelma, talousarvio sek\u00e4 j\u00e4senmaksut<\/li>\n\n\n\n<li>valitaan hallituksen puheenjohtaja tai varapuheenjohtaja vuorovuosin kahden (2) vuoden toimikaudeksi. Valintavuorossa on varapuheenjohtaja seuraavalle kaksivuotiskaudelle (Nykyisen varapuheenjohtaja Mikko Aroniityn yksivuotiskausi p\u00e4\u00e4ttyy).<\/li>\n\n\n\n<li>valitaan kaksi (2) hallituksen j\u00e4sent\u00e4 kahden (2) vuoden toimikaudeksi erovuoroisten tilalle. Valintavuorossa on kaksi (2) hallituksen j\u00e4sent\u00e4 seuraavalle kaksivuotiskaudelle (Jonas Krusbergin ja Max Norlundin kaksivuotiskaudet p\u00e4\u00e4ttyv\u00e4t) ja yksi (1) j\u00e4sen seuraavalle yksivuotiskaudelle (Mikael Grannas on ilmoittanut, ett\u00e4 ei jatka h\u00e4nen kaksivuotiskautensa j\u00e4lkimm\u00e4ist\u00e4 vuotta)<\/li>\n\n\n\n<li>valitaan kaksi (2) hallituksen varaj\u00e4sent\u00e4 yhden (1) vuoden toimikaudeksi.<\/li>\n\n\n\n<li>valitaan v\u00e4hint\u00e4\u00e4n yksi (1) toiminnantarkastaja ja h\u00e4nelle\/ heille varahenkil\u00f6-\/ t<\/li>\n\n\n\n<li>saaritukikohdan selvityksen k\u00e4ynnist\u00e4minen ja mahdollisten toimenpiteiden valtuuttaminen<\/li>\n\n\n\n<li>k\u00e4sitell\u00e4\u00e4n muut j\u00e4senten yhdistyksen kokouksen p\u00e4\u00e4tett\u00e4v\u00e4ksi j\u00e4tt\u00e4m\u00e4t asiat, ottaen huomioon yhdistyslain 24 \u00a7<\/li>\n\n\n\n<li>esitell\u00e4\u00e4n hallituksen tiedonannot<\/li>\n\n\n\n<li>p\u00e4\u00e4tet\u00e4\u00e4n kokous<\/li>\n<\/ol>\n\n\n\n<p>Tervetuloa!<\/p>\n\n\n\n<p>Porvoo 24.10.2025<\/p>\n\n\n\n<p>SMPS Porvoon Meripelastajat \u2013 Borg\u00e5 Sj\u00f6r\u00e4ddare ry:n Hallitus<\/p>\n\n\n\n<p><\/p>\n","protected":false},"excerpt":{"rendered":"<p>Aika: 20.11.2025&nbsp;klo 18.00Paikka: Meripelastusasema, Tolkkinen, Tolkkistentie 773. Tervetuloa SMPS Porvoon Meripelastajat ry:n s\u00e4\u00e4nt\u00f6m\u00e4\u00e4r\u00e4iseen syyskokoukseen. Kokous pidet\u00e4\u00e4n Porvoon Meripelastusasemalla, Augustinrannan yrityspuistossa (Tolkkistentie 773, 06750 Tolkkinen). Yhdistyksen hallitus on kokouksessaan 12.10.2025 p\u00e4\u00e4tt\u00e4nyt, ett\u00e4 kokoukseen voi osallistua et\u00e4n\u00e4 Teamsin v\u00e4lityksell\u00e4. \u00c4\u00e4nioikeus syyskokouksessa on kuitenkin vain niill\u00e4 henkil\u00f6ill\u00e4, jotka ovat l\u00e4sn\u00e4 kokouksessa Porvoon Meripelastusasemalla. Et\u00e4osallistujilla on siten kokouksessa puheoikeus, [&hellip;]<\/p>\n","protected":false},"author":124,"featured_media":0,"comment_status":"closed","ping_status":"open","sticky":false,"template":"","format":"standard","meta":{"_acf_changed":false,"inline_featured_image":false,"footnotes":""},"categories":[1],"tags":[],"class_list":["post-1128","post","type-post","status-publish","format-standard","hentry","category-uutiset"],"acf":[],"yoast_head":"<!-- This site is optimized with the Yoast SEO Premium plugin v27.4 (Yoast SEO v27.4) - https:\/\/yoast.com\/product\/yoast-seo-premium-wordpress\/ -->\n<title>KUTSU: SMPS PORVOON MERIPELASTAJAT \u2013 BORG\u00c5 SJ\u00d6R\u00c4DDARE ry:n SYYSKOKOUS\u00a02025 - Porvoon Meripelastajat<\/title>\n<meta name=\"robots\" content=\"index, follow, max-snippet:-1, max-image-preview:large, max-video-preview:-1\" \/>\n<link rel=\"canonical\" href=\"https:\/\/meripelastus.fi\/porvoo\/kutsu-smps-porvoon-meripelastajat-borga-sjoraddare-ryn-syyskokous-2025\/\" \/>\n<meta property=\"og:locale\" content=\"fi_FI\" \/>\n<meta property=\"og:type\" content=\"article\" \/>\n<meta property=\"og:title\" content=\"KUTSU: SMPS PORVOON MERIPELASTAJAT \u2013 BORG\u00c5 SJ\u00d6R\u00c4DDARE ry:n SYYSKOKOUS\u00a02025\" \/>\n<meta property=\"og:description\" content=\"Aika: 20.11.2025&nbsp;klo 18.00Paikka: Meripelastusasema, Tolkkinen, Tolkkistentie 773. Tervetuloa SMPS Porvoon Meripelastajat ry:n s\u00e4\u00e4nt\u00f6m\u00e4\u00e4r\u00e4iseen syyskokoukseen. Kokous pidet\u00e4\u00e4n Porvoon Meripelastusasemalla, Augustinrannan yrityspuistossa (Tolkkistentie 773, 06750 Tolkkinen). Yhdistyksen hallitus on kokouksessaan 12.10.2025 p\u00e4\u00e4tt\u00e4nyt, ett\u00e4 kokoukseen voi osallistua et\u00e4n\u00e4 Teamsin v\u00e4lityksell\u00e4. \u00c4\u00e4nioikeus syyskokouksessa on kuitenkin vain niill\u00e4 henkil\u00f6ill\u00e4, jotka ovat l\u00e4sn\u00e4 kokouksessa Porvoon Meripelastusasemalla. Et\u00e4osallistujilla on siten kokouksessa puheoikeus, [&hellip;]\" \/>\n<meta property=\"og:url\" content=\"https:\/\/meripelastus.fi\/porvoo\/kutsu-smps-porvoon-meripelastajat-borga-sjoraddare-ryn-syyskokous-2025\/\" \/>\n<meta property=\"og:site_name\" content=\"Porvoon Meripelastajat\" \/>\n<meta property=\"article:published_time\" content=\"2025-10-24T19:15:25+00:00\" \/>\n<meta name=\"author\" content=\"pasio\" \/>\n<meta name=\"twitter:card\" content=\"summary_large_image\" \/>\n<meta name=\"twitter:label1\" content=\"Kirjoittanut\" \/>\n\t<meta name=\"twitter:data1\" content=\"pasio\" \/>\n\t<meta name=\"twitter:label2\" content=\"Arvioitu lukuaika\" \/>\n\t<meta name=\"twitter:data2\" content=\"2 minuuttia\" \/>\n<script type=\"application\/ld+json\" class=\"yoast-schema-graph\">{\"@context\":\"https:\\\/\\\/schema.org\",\"@graph\":[{\"@type\":\"Article\",\"@id\":\"https:\\\/\\\/meripelastus.fi\\\/porvoo\\\/kutsu-smps-porvoon-meripelastajat-borga-sjoraddare-ryn-syyskokous-2025\\\/#article\",\"isPartOf\":{\"@id\":\"https:\\\/\\\/meripelastus.fi\\\/porvoo\\\/kutsu-smps-porvoon-meripelastajat-borga-sjoraddare-ryn-syyskokous-2025\\\/\"},\"author\":{\"name\":\"pasio\",\"@id\":\"https:\\\/\\\/meripelastus.fi\\\/porvoo\\\/#\\\/schema\\\/person\\\/538d7b04de6eb4e5781bc696e4c1fa44\"},\"headline\":\"KUTSU: SMPS PORVOON MERIPELASTAJAT \u2013 BORG\u00c5 SJ\u00d6R\u00c4DDARE ry:n SYYSKOKOUS\u00a02025\",\"datePublished\":\"2025-10-24T19:15:25+00:00\",\"mainEntityOfPage\":{\"@id\":\"https:\\\/\\\/meripelastus.fi\\\/porvoo\\\/kutsu-smps-porvoon-meripelastajat-borga-sjoraddare-ryn-syyskokous-2025\\\/\"},\"wordCount\":290,\"articleSection\":[\"Uutiset\"],\"inLanguage\":\"fi\"},{\"@type\":\"WebPage\",\"@id\":\"https:\\\/\\\/meripelastus.fi\\\/porvoo\\\/kutsu-smps-porvoon-meripelastajat-borga-sjoraddare-ryn-syyskokous-2025\\\/\",\"url\":\"https:\\\/\\\/meripelastus.fi\\\/porvoo\\\/kutsu-smps-porvoon-meripelastajat-borga-sjoraddare-ryn-syyskokous-2025\\\/\",\"name\":\"KUTSU: SMPS PORVOON MERIPELASTAJAT \u2013 BORG\u00c5 SJ\u00d6R\u00c4DDARE ry:n SYYSKOKOUS\u00a02025 - Porvoon Meripelastajat\",\"isPartOf\":{\"@id\":\"https:\\\/\\\/meripelastus.fi\\\/porvoo\\\/#website\"},\"datePublished\":\"2025-10-24T19:15:25+00:00\",\"author\":{\"@id\":\"https:\\\/\\\/meripelastus.fi\\\/porvoo\\\/#\\\/schema\\\/person\\\/538d7b04de6eb4e5781bc696e4c1fa44\"},\"breadcrumb\":{\"@id\":\"https:\\\/\\\/meripelastus.fi\\\/porvoo\\\/kutsu-smps-porvoon-meripelastajat-borga-sjoraddare-ryn-syyskokous-2025\\\/#breadcrumb\"},\"inLanguage\":\"fi\",\"potentialAction\":[{\"@type\":\"ReadAction\",\"target\":[\"https:\\\/\\\/meripelastus.fi\\\/porvoo\\\/kutsu-smps-porvoon-meripelastajat-borga-sjoraddare-ryn-syyskokous-2025\\\/\"]}]},{\"@type\":\"BreadcrumbList\",\"@id\":\"https:\\\/\\\/meripelastus.fi\\\/porvoo\\\/kutsu-smps-porvoon-meripelastajat-borga-sjoraddare-ryn-syyskokous-2025\\\/#breadcrumb\",\"itemListElement\":[{\"@type\":\"ListItem\",\"position\":1,\"name\":\"Etusivu\",\"item\":\"https:\\\/\\\/meripelastus.fi\\\/porvoo\\\/\"},{\"@type\":\"ListItem\",\"position\":2,\"name\":\"KUTSU: SMPS PORVOON MERIPELASTAJAT \u2013 BORG\u00c5 SJ\u00d6R\u00c4DDARE ry:n SYYSKOKOUS\u00a02025\"}]},{\"@type\":\"WebSite\",\"@id\":\"https:\\\/\\\/meripelastus.fi\\\/porvoo\\\/#website\",\"url\":\"https:\\\/\\\/meripelastus.fi\\\/porvoo\\\/\",\"name\":\"Porvoon Meripelastajat\",\"description\":\"Vapaaehtoiset apunasi vesill\u00e4\",\"potentialAction\":[{\"@type\":\"SearchAction\",\"target\":{\"@type\":\"EntryPoint\",\"urlTemplate\":\"https:\\\/\\\/meripelastus.fi\\\/porvoo\\\/?s={search_term_string}\"},\"query-input\":{\"@type\":\"PropertyValueSpecification\",\"valueRequired\":true,\"valueName\":\"search_term_string\"}}],\"inLanguage\":\"fi\"},{\"@type\":\"Person\",\"@id\":\"https:\\\/\\\/meripelastus.fi\\\/porvoo\\\/#\\\/schema\\\/person\\\/538d7b04de6eb4e5781bc696e4c1fa44\",\"name\":\"pasio\",\"image\":{\"@type\":\"ImageObject\",\"inLanguage\":\"fi\",\"@id\":\"https:\\\/\\\/secure.gravatar.com\\\/avatar\\\/38b7dce6c849def616d8b81950f055fe0068ff3c811baf43d0a11659f6c3aa5f?s=96&d=mm&r=g\",\"url\":\"https:\\\/\\\/secure.gravatar.com\\\/avatar\\\/38b7dce6c849def616d8b81950f055fe0068ff3c811baf43d0a11659f6c3aa5f?s=96&d=mm&r=g\",\"contentUrl\":\"https:\\\/\\\/secure.gravatar.com\\\/avatar\\\/38b7dce6c849def616d8b81950f055fe0068ff3c811baf43d0a11659f6c3aa5f?s=96&d=mm&r=g\",\"caption\":\"pasio\"},\"url\":\"https:\\\/\\\/meripelastus.fi\\\/porvoo\\\/author\\\/pasio\\\/\"}]}<\/script>\n<!-- \/ Yoast SEO Premium plugin. -->","yoast_head_json":{"title":"KUTSU: SMPS PORVOON MERIPELASTAJAT \u2013 BORG\u00c5 SJ\u00d6R\u00c4DDARE ry:n SYYSKOKOUS\u00a02025 - Porvoon Meripelastajat","robots":{"index":"index","follow":"follow","max-snippet":"max-snippet:-1","max-image-preview":"max-image-preview:large","max-video-preview":"max-video-preview:-1"},"canonical":"https:\/\/meripelastus.fi\/porvoo\/kutsu-smps-porvoon-meripelastajat-borga-sjoraddare-ryn-syyskokous-2025\/","og_locale":"fi_FI","og_type":"article","og_title":"KUTSU: SMPS PORVOON MERIPELASTAJAT \u2013 BORG\u00c5 SJ\u00d6R\u00c4DDARE ry:n SYYSKOKOUS\u00a02025","og_description":"Aika: 20.11.2025&nbsp;klo 18.00Paikka: Meripelastusasema, Tolkkinen, Tolkkistentie 773. Tervetuloa SMPS Porvoon Meripelastajat ry:n s\u00e4\u00e4nt\u00f6m\u00e4\u00e4r\u00e4iseen syyskokoukseen. Kokous pidet\u00e4\u00e4n Porvoon Meripelastusasemalla, Augustinrannan yrityspuistossa (Tolkkistentie 773, 06750 Tolkkinen). Yhdistyksen hallitus on kokouksessaan 12.10.2025 p\u00e4\u00e4tt\u00e4nyt, ett\u00e4 kokoukseen voi osallistua et\u00e4n\u00e4 Teamsin v\u00e4lityksell\u00e4. \u00c4\u00e4nioikeus syyskokouksessa on kuitenkin vain niill\u00e4 henkil\u00f6ill\u00e4, jotka ovat l\u00e4sn\u00e4 kokouksessa Porvoon Meripelastusasemalla. Et\u00e4osallistujilla on siten kokouksessa puheoikeus, [&hellip;]","og_url":"https:\/\/meripelastus.fi\/porvoo\/kutsu-smps-porvoon-meripelastajat-borga-sjoraddare-ryn-syyskokous-2025\/","og_site_name":"Porvoon Meripelastajat","article_published_time":"2025-10-24T19:15:25+00:00","author":"pasio","twitter_card":"summary_large_image","twitter_misc":{"Kirjoittanut":"pasio","Arvioitu lukuaika":"2 minuuttia"},"schema":{"@context":"https:\/\/schema.org","@graph":[{"@type":"Article","@id":"https:\/\/meripelastus.fi\/porvoo\/kutsu-smps-porvoon-meripelastajat-borga-sjoraddare-ryn-syyskokous-2025\/#article","isPartOf":{"@id":"https:\/\/meripelastus.fi\/porvoo\/kutsu-smps-porvoon-meripelastajat-borga-sjoraddare-ryn-syyskokous-2025\/"},"author":{"name":"pasio","@id":"https:\/\/meripelastus.fi\/porvoo\/#\/schema\/person\/538d7b04de6eb4e5781bc696e4c1fa44"},"headline":"KUTSU: SMPS PORVOON MERIPELASTAJAT \u2013 BORG\u00c5 SJ\u00d6R\u00c4DDARE ry:n SYYSKOKOUS\u00a02025","datePublished":"2025-10-24T19:15:25+00:00","mainEntityOfPage":{"@id":"https:\/\/meripelastus.fi\/porvoo\/kutsu-smps-porvoon-meripelastajat-borga-sjoraddare-ryn-syyskokous-2025\/"},"wordCount":290,"articleSection":["Uutiset"],"inLanguage":"fi"},{"@type":"WebPage","@id":"https:\/\/meripelastus.fi\/porvoo\/kutsu-smps-porvoon-meripelastajat-borga-sjoraddare-ryn-syyskokous-2025\/","url":"https:\/\/meripelastus.fi\/porvoo\/kutsu-smps-porvoon-meripelastajat-borga-sjoraddare-ryn-syyskokous-2025\/","name":"KUTSU: SMPS PORVOON MERIPELASTAJAT \u2013 BORG\u00c5 SJ\u00d6R\u00c4DDARE ry:n SYYSKOKOUS\u00a02025 - Porvoon Meripelastajat","isPartOf":{"@id":"https:\/\/meripelastus.fi\/porvoo\/#website"},"datePublished":"2025-10-24T19:15:25+00:00","author":{"@id":"https:\/\/meripelastus.fi\/porvoo\/#\/schema\/person\/538d7b04de6eb4e5781bc696e4c1fa44"},"breadcrumb":{"@id":"https:\/\/meripelastus.fi\/porvoo\/kutsu-smps-porvoon-meripelastajat-borga-sjoraddare-ryn-syyskokous-2025\/#breadcrumb"},"inLanguage":"fi","potentialAction":[{"@type":"ReadAction","target":["https:\/\/meripelastus.fi\/porvoo\/kutsu-smps-porvoon-meripelastajat-borga-sjoraddare-ryn-syyskokous-2025\/"]}]},{"@type":"BreadcrumbList","@id":"https:\/\/meripelastus.fi\/porvoo\/kutsu-smps-porvoon-meripelastajat-borga-sjoraddare-ryn-syyskokous-2025\/#breadcrumb","itemListElement":[{"@type":"ListItem","position":1,"name":"Etusivu","item":"https:\/\/meripelastus.fi\/porvoo\/"},{"@type":"ListItem","position":2,"name":"KUTSU: SMPS PORVOON MERIPELASTAJAT \u2013 BORG\u00c5 SJ\u00d6R\u00c4DDARE ry:n SYYSKOKOUS\u00a02025"}]},{"@type":"WebSite","@id":"https:\/\/meripelastus.fi\/porvoo\/#website","url":"https:\/\/meripelastus.fi\/porvoo\/","name":"Porvoon Meripelastajat","description":"Vapaaehtoiset apunasi vesill\u00e4","potentialAction":[{"@type":"SearchAction","target":{"@type":"EntryPoint","urlTemplate":"https:\/\/meripelastus.fi\/porvoo\/?s={search_term_string}"},"query-input":{"@type":"PropertyValueSpecification","valueRequired":true,"valueName":"search_term_string"}}],"inLanguage":"fi"},{"@type":"Person","@id":"https:\/\/meripelastus.fi\/porvoo\/#\/schema\/person\/538d7b04de6eb4e5781bc696e4c1fa44","name":"pasio","image":{"@type":"ImageObject","inLanguage":"fi","@id":"https:\/\/secure.gravatar.com\/avatar\/38b7dce6c849def616d8b81950f055fe0068ff3c811baf43d0a11659f6c3aa5f?s=96&d=mm&r=g","url":"https:\/\/secure.gravatar.com\/avatar\/38b7dce6c849def616d8b81950f055fe0068ff3c811baf43d0a11659f6c3aa5f?s=96&d=mm&r=g","contentUrl":"https:\/\/secure.gravatar.com\/avatar\/38b7dce6c849def616d8b81950f055fe0068ff3c811baf43d0a11659f6c3aa5f?s=96&d=mm&r=g","caption":"pasio"},"url":"https:\/\/meripelastus.fi\/porvoo\/author\/pasio\/"}]}},"_links":{"self":[{"href":"https:\/\/meripelastus.fi\/porvoo\/wp-json\/wp\/v2\/posts\/1128","targetHints":{"allow":["GET"]}}],"collection":[{"href":"https:\/\/meripelastus.fi\/porvoo\/wp-json\/wp\/v2\/posts"}],"about":[{"href":"https:\/\/meripelastus.fi\/porvoo\/wp-json\/wp\/v2\/types\/post"}],"author":[{"embeddable":true,"href":"https:\/\/meripelastus.fi\/porvoo\/wp-json\/wp\/v2\/users\/124"}],"replies":[{"embeddable":true,"href":"https:\/\/meripelastus.fi\/porvoo\/wp-json\/wp\/v2\/comments?post=1128"}],"version-history":[{"count":4,"href":"https:\/\/meripelastus.fi\/porvoo\/wp-json\/wp\/v2\/posts\/1128\/revisions"}],"predecessor-version":[{"id":1132,"href":"https:\/\/meripelastus.fi\/porvoo\/wp-json\/wp\/v2\/posts\/1128\/revisions\/1132"}],"wp:attachment":[{"href":"https:\/\/meripelastus.fi\/porvoo\/wp-json\/wp\/v2\/media?parent=1128"}],"wp:term":[{"taxonomy":"category","embeddable":true,"href":"https:\/\/meripelastus.fi\/porvoo\/wp-json\/wp\/v2\/categories?post=1128"},{"taxonomy":"post_tag","embeddable":true,"href":"https:\/\/meripelastus.fi\/porvoo\/wp-json\/wp\/v2\/tags?post=1128"}],"curies":[{"name":"wp","href":"https:\/\/api.w.org\/{rel}","templated":true}]}}