{"id":740,"date":"2026-04-26T19:54:59","date_gmt":"2026-04-26T16:54:59","guid":{"rendered":"https:\/\/meripelastus.fi\/pielinen\/?p=740"},"modified":"2026-04-26T19:56:10","modified_gmt":"2026-04-26T16:56:10","slug":"myrsky-ja-kokous-samalla-viikolla","status":"publish","type":"post","link":"https:\/\/meripelastus.fi\/pielinen\/myrsky-ja-kokous-samalla-viikolla\/","title":{"rendered":"Myrsky ja kokous samalla viikolla"},"content":{"rendered":"\n<p>Kev\u00e4iselle viikolle sattui hyv\u00e4\u00e4 ja pahaa. Huonot uutiset ensin, kuten monesti tapana on. Keskiviikon Alina-myrsky sai otteen Pv Saran pressutallista, siirsi sit\u00e4 melkoisen matkan ja taivutti sen putket aivan mutkalle. Tallin vieress\u00e4 oli AV40 trailerin p\u00e4\u00e4ll\u00e4 talvis\u00e4ilytyksess\u00e4. Sekin sai kyyti\u00e4 ja pys\u00e4htyi vasta verkkoaitaan. Onneksi apuvene n\u00e4ytt\u00e4\u00e4 s\u00e4ilyneen vaurioitta. Lauantaina j\u00e4rvipelastajat p\u00e4\u00e4siv\u00e4t purkuhommiin ja talli laitettiin nippuun aidan viereen. <\/p>\n\n\n\n<p>Vaikuttaa silt\u00e4, ettei tallia kannata l\u00e4hte\u00e4 korjaamaan, siin\u00e4 olisi valtava ty\u00f6. Nyt joudutaan miettim\u00e4\u00e4n, kuinka saadaan Sara suojaan seuraavaksi talveksi. Onneksi siihen on viel\u00e4 aikaa, mutta j\u00e4rvipelastajat toki toivoisivat voivansa keskitty\u00e4 olennaisempiin asioihin kauden aikana. <\/p>\n\n\n\n<figure class=\"wp-block-gallery has-nested-images columns-default is-cropped wp-block-gallery-1 is-layout-flex wp-block-gallery-is-layout-flex\">\n<figure class=\"wp-block-image size-large\"><img loading=\"lazy\" decoding=\"async\" width=\"1024\" height=\"473\" data-id=\"742\" src=\"https:\/\/meripelastus.fi\/pielinen\/wp-content\/uploads\/sites\/41\/2026\/04\/20260423_Talli-ja-traileri_pieni-1024x473.jpg\" alt=\"\" class=\"wp-image-742\" srcset=\"https:\/\/meripelastus.fi\/pielinen\/wp-content\/uploads\/sites\/41\/2026\/04\/20260423_Talli-ja-traileri_pieni-1024x473.jpg 1024w, https:\/\/meripelastus.fi\/pielinen\/wp-content\/uploads\/sites\/41\/2026\/04\/20260423_Talli-ja-traileri_pieni-300x139.jpg 300w, https:\/\/meripelastus.fi\/pielinen\/wp-content\/uploads\/sites\/41\/2026\/04\/20260423_Talli-ja-traileri_pieni-768x355.jpg 768w, https:\/\/meripelastus.fi\/pielinen\/wp-content\/uploads\/sites\/41\/2026\/04\/20260423_Talli-ja-traileri_pieni-1536x709.jpg 1536w, https:\/\/meripelastus.fi\/pielinen\/wp-content\/uploads\/sites\/41\/2026\/04\/20260423_Talli-ja-traileri_pieni-2048x946.jpg 2048w\" sizes=\"auto, (max-width: 1024px) 100vw, 1024px\" \/><\/figure>\n\n\n\n<figure class=\"wp-block-image size-large\"><img loading=\"lazy\" decoding=\"async\" width=\"1024\" height=\"473\" data-id=\"743\" src=\"https:\/\/meripelastus.fi\/pielinen\/wp-content\/uploads\/sites\/41\/2026\/04\/20260423_Talli1_pieni-1024x473.jpg\" alt=\"\" class=\"wp-image-743\" srcset=\"https:\/\/meripelastus.fi\/pielinen\/wp-content\/uploads\/sites\/41\/2026\/04\/20260423_Talli1_pieni-1024x473.jpg 1024w, https:\/\/meripelastus.fi\/pielinen\/wp-content\/uploads\/sites\/41\/2026\/04\/20260423_Talli1_pieni-300x139.jpg 300w, https:\/\/meripelastus.fi\/pielinen\/wp-content\/uploads\/sites\/41\/2026\/04\/20260423_Talli1_pieni-768x355.jpg 768w, https:\/\/meripelastus.fi\/pielinen\/wp-content\/uploads\/sites\/41\/2026\/04\/20260423_Talli1_pieni-1536x709.jpg 1536w, https:\/\/meripelastus.fi\/pielinen\/wp-content\/uploads\/sites\/41\/2026\/04\/20260423_Talli1_pieni-2048x946.jpg 2048w\" sizes=\"auto, (max-width: 1024px) 100vw, 1024px\" \/><\/figure>\n\n\n\n<figure class=\"wp-block-image size-large\"><img loading=\"lazy\" decoding=\"async\" width=\"1024\" height=\"576\" data-id=\"741\" src=\"https:\/\/meripelastus.fi\/pielinen\/wp-content\/uploads\/sites\/41\/2026\/04\/IMG-20260423-Mutkalla_pieni-1024x576.jpg\" alt=\"\" class=\"wp-image-741\" srcset=\"https:\/\/meripelastus.fi\/pielinen\/wp-content\/uploads\/sites\/41\/2026\/04\/IMG-20260423-Mutkalla_pieni-1024x576.jpg 1024w, https:\/\/meripelastus.fi\/pielinen\/wp-content\/uploads\/sites\/41\/2026\/04\/IMG-20260423-Mutkalla_pieni-300x169.jpg 300w, https:\/\/meripelastus.fi\/pielinen\/wp-content\/uploads\/sites\/41\/2026\/04\/IMG-20260423-Mutkalla_pieni-768x432.jpg 768w, https:\/\/meripelastus.fi\/pielinen\/wp-content\/uploads\/sites\/41\/2026\/04\/IMG-20260423-Mutkalla_pieni-1536x864.jpg 1536w, https:\/\/meripelastus.fi\/pielinen\/wp-content\/uploads\/sites\/41\/2026\/04\/IMG-20260423-Mutkalla_pieni.jpg 1920w\" sizes=\"auto, (max-width: 1024px) 100vw, 1024px\" \/><\/figure>\n<\/figure>\n\n\n\n<p>Tallin niputuksen j\u00e4lkeen apuvene siirrettiin entisen tallin paikalle odottamaan kauden alkua. Pv Sara odottaa my\u00f6s pihalla viimeisi\u00e4 huoltoja sek\u00e4 varustelua ja sen j\u00e4lkeen vesille laskua. Pv Braheaan tehd\u00e4\u00e4n t\u00e4n\u00e4 kev\u00e4\u00e4n\u00e4 hieman korjaust\u00f6it\u00e4, joten sit\u00e4 ei laskettu viel\u00e4 t\u00e4ll\u00e4 viikolla vesille pelastuslaitoksen Pollarin kanssa. <\/p>\n\n\n\n<p>Varusteiden osalta l\u00e4hestyv\u00e4\u00e4n kauteen varauduttiin merkitsem\u00e4ll\u00e4 vasta tilatuilla nimikylteill\u00e4 pelastusliivit jokaiselle h\u00e4lytysmiehist\u00f6n j\u00e4senelle. Pelastusliivit on tarkistettu ja huollettu jo aiemmin kev\u00e4\u00e4ll\u00e4. Jos omat paukkuliivisi on viel\u00e4 huoltamatta ja kaipaat siihen apua, perinteinen pelastusliivitapahtuma j\u00e4rjestet\u00e4\u00e4n t\u00e4n\u00e4 vuonna lauantaina 6. kes\u00e4kuuta Veneilyturvallisuusviikon teeman mukaisesti. Seuraa ilmoittelua somessa ja t\u00e4\u00e4ll\u00e4 verkkosivuilla.<\/p>\n\n\n\n<figure class=\"wp-block-gallery has-nested-images columns-default is-cropped wp-block-gallery-2 is-layout-flex wp-block-gallery-is-layout-flex\">\n<figure class=\"wp-block-image size-large\"><img loading=\"lazy\" decoding=\"async\" width=\"768\" height=\"1024\" data-id=\"746\" src=\"https:\/\/meripelastus.fi\/pielinen\/wp-content\/uploads\/sites\/41\/2026\/04\/20260425_Talli-nipussa_pieni-768x1024.jpg\" alt=\"\" class=\"wp-image-746\" srcset=\"https:\/\/meripelastus.fi\/pielinen\/wp-content\/uploads\/sites\/41\/2026\/04\/20260425_Talli-nipussa_pieni-768x1024.jpg 768w, https:\/\/meripelastus.fi\/pielinen\/wp-content\/uploads\/sites\/41\/2026\/04\/20260425_Talli-nipussa_pieni-225x300.jpg 225w, https:\/\/meripelastus.fi\/pielinen\/wp-content\/uploads\/sites\/41\/2026\/04\/20260425_Talli-nipussa_pieni-1152x1536.jpg 1152w, https:\/\/meripelastus.fi\/pielinen\/wp-content\/uploads\/sites\/41\/2026\/04\/20260425_Talli-nipussa_pieni-1536x2048.jpg 1536w, https:\/\/meripelastus.fi\/pielinen\/wp-content\/uploads\/sites\/41\/2026\/04\/20260425_Talli-nipussa_pieni-scaled.jpg 1920w\" sizes=\"auto, (max-width: 768px) 100vw, 768px\" \/><\/figure>\n\n\n\n<figure class=\"wp-block-image size-large\"><img loading=\"lazy\" decoding=\"async\" width=\"1024\" height=\"768\" data-id=\"744\" src=\"https:\/\/meripelastus.fi\/pielinen\/wp-content\/uploads\/sites\/41\/2026\/04\/20260425_Avon_pieni-1024x768.jpg\" alt=\"\" class=\"wp-image-744\" srcset=\"https:\/\/meripelastus.fi\/pielinen\/wp-content\/uploads\/sites\/41\/2026\/04\/20260425_Avon_pieni-1024x768.jpg 1024w, https:\/\/meripelastus.fi\/pielinen\/wp-content\/uploads\/sites\/41\/2026\/04\/20260425_Avon_pieni-300x225.jpg 300w, https:\/\/meripelastus.fi\/pielinen\/wp-content\/uploads\/sites\/41\/2026\/04\/20260425_Avon_pieni-768x576.jpg 768w, https:\/\/meripelastus.fi\/pielinen\/wp-content\/uploads\/sites\/41\/2026\/04\/20260425_Avon_pieni-1536x1152.jpg 1536w, https:\/\/meripelastus.fi\/pielinen\/wp-content\/uploads\/sites\/41\/2026\/04\/20260425_Avon_pieni-2048x1536.jpg 2048w\" sizes=\"auto, (max-width: 1024px) 100vw, 1024px\" \/><\/figure>\n\n\n\n<figure class=\"wp-block-image size-large\"><img loading=\"lazy\" decoding=\"async\" width=\"768\" height=\"1024\" data-id=\"745\" src=\"https:\/\/meripelastus.fi\/pielinen\/wp-content\/uploads\/sites\/41\/2026\/04\/20260425_Sara_pieni-768x1024.jpg\" alt=\"\" class=\"wp-image-745\" srcset=\"https:\/\/meripelastus.fi\/pielinen\/wp-content\/uploads\/sites\/41\/2026\/04\/20260425_Sara_pieni-768x1024.jpg 768w, https:\/\/meripelastus.fi\/pielinen\/wp-content\/uploads\/sites\/41\/2026\/04\/20260425_Sara_pieni-225x300.jpg 225w, https:\/\/meripelastus.fi\/pielinen\/wp-content\/uploads\/sites\/41\/2026\/04\/20260425_Sara_pieni-1152x1536.jpg 1152w, https:\/\/meripelastus.fi\/pielinen\/wp-content\/uploads\/sites\/41\/2026\/04\/20260425_Sara_pieni-1536x2048.jpg 1536w, https:\/\/meripelastus.fi\/pielinen\/wp-content\/uploads\/sites\/41\/2026\/04\/20260425_Sara_pieni-scaled.jpg 1920w\" sizes=\"auto, (max-width: 768px) 100vw, 768px\" \/><\/figure>\n<\/figure>\n\n\n\n<h2 class=\"wp-block-heading\" id=\"h-kevatkokous\">Kev\u00e4tkokous<\/h2>\n\n\n\n<p>Lauantaip\u00e4iv\u00e4\u00e4 jatkettiin tallin purkamisen j\u00e4lkeen mukavammissa merkeiss\u00e4, kun siirryttiin Lieksan Leipomolle pit\u00e4m\u00e4\u00e4n kev\u00e4tkokous. Kokous vahvisti vuoden 2025 tilinp\u00e4\u00e4t\u00f6ksen ja toimintakertomuksen sek\u00e4 my\u00f6nsi hallitukselle ja muille tilivelvollisille vastuuvapauden. Asialistalla oli my\u00f6s yhdistyksen s\u00e4\u00e4nt\u00f6- ja nimenmuutos. Suomen Meripelastusseura on vuonna 2024 laatinut yhdistyksille malliohjeet, joiden k\u00e4ytt\u00f6\u00f6nottoa se suosittelee. S\u00e4\u00e4nt\u00f6j\u00e4 on selkeytetty ja pieni\u00e4 yhdistyksi\u00e4 ajatellen hieman helpotettu liittyen mm. hallituksen varaj\u00e4senten ja toiminnantarkastajien valintaan. Lis\u00e4ksi niit\u00e4 on tuotu enemm\u00e4n t\u00e4h\u00e4n p\u00e4iv\u00e4\u00e4n mm. kokouskutsuun, kokousmuotoon, vuosikokousten ajankohtiin ja hallituksen p\u00e4\u00e4t\u00f6ksentekoon liittyen. <\/p>\n\n\n\n<p>Nimenmuutos on my\u00f6s Suomen Meripelastusseuran suositus. Yhdistyksen virallinen nimi t\u00e4ll\u00e4 hetkell\u00e4 on <strong>Suomen Meripelastusseura, Pielisen J\u00e4rvipelastajat ry. <\/strong>Pitk\u00e4 etuliite on monessa kohtaa hankala ja saattaa aiheuttaa sekaannusta. Niinp\u00e4 suositus on, ett\u00e4 etuliitteest\u00e4 luovutaan ja jatkossa yhdistyksen virallinen nimi olisi <strong>Pielisen J\u00e4rvipelastajat ry<\/strong>.<\/p>\n\n\n\n<p>Molemmat muutosehdotukset vaativat k\u00e4sittelyn kahdessa per\u00e4tt\u00e4isess\u00e4 yhdistyksen kokouksessa, jotta ne astuvat voimaan. Kev\u00e4tkokous hyv\u00e4ksyi ehdotukset ja yhdistyksen ylim\u00e4\u00e4r\u00e4inen kokous asian toista k\u00e4sittely\u00e4 varten pidet\u00e4\u00e4n kes\u00e4n aikana.<\/p>\n\n\n\t\n   <div class=\"compass-wrapper\"><img loading=\"lazy\" decoding=\"async\" src=\"https:\/\/meripelastus.fi\/pielinen\/wp-content\/themes\/jarjestot\/img\/smps-kompassi-sininen.png\" width=\"1083\" height=\"110\" class=\"kompassi-block\" aria-hidden=\"true\"\/><\/div>","protected":false},"excerpt":{"rendered":"<p>Kev\u00e4iselle viikolle sattui hyv\u00e4\u00e4 ja pahaa. Huonot uutiset ensin, kuten monesti tapana on. Keskiviikon Alina-myrsky sai otteen Pv Saran pressutallista, siirsi sit\u00e4 melkoisen matkan ja taivutti sen putket aivan mutkalle. Tallin vieress\u00e4 oli AV40 trailerin p\u00e4\u00e4ll\u00e4 talvis\u00e4ilytyksess\u00e4. Sekin sai kyyti\u00e4 ja pys\u00e4htyi vasta verkkoaitaan. Onneksi apuvene n\u00e4ytt\u00e4\u00e4 s\u00e4ilyneen vaurioitta. Lauantaina j\u00e4rvipelastajat p\u00e4\u00e4siv\u00e4t purkuhommiin ja talli [&hellip;]<\/p>\n","protected":false},"author":116,"featured_media":742,"comment_status":"closed","ping_status":"open","sticky":false,"template":"","format":"standard","meta":{"_acf_changed":false,"inline_featured_image":false,"footnotes":""},"categories":[1],"tags":[],"class_list":["post-740","post","type-post","status-publish","format-standard","has-post-thumbnail","hentry","category-uutiset"],"acf":[],"yoast_head":"<!-- This site is optimized with the Yoast SEO Premium plugin v27.4 (Yoast SEO v27.4) - https:\/\/yoast.com\/product\/yoast-seo-premium-wordpress\/ -->\n<title>Myrsky ja kokous samalla viikolla - Pielisen J\u00e4rvipelastajat<\/title>\n<meta name=\"description\" content=\"Myrsky rikkoi pressutallin ja kev\u00e4tkokous teki p\u00e4\u00e4t\u00f6ksi\u00e4.\" \/>\n<meta name=\"robots\" content=\"index, follow, max-snippet:-1, max-image-preview:large, max-video-preview:-1\" \/>\n<link rel=\"canonical\" href=\"https:\/\/meripelastus.fi\/pielinen\/myrsky-ja-kokous-samalla-viikolla\/\" \/>\n<meta property=\"og:locale\" content=\"fi_FI\" \/>\n<meta property=\"og:type\" content=\"article\" \/>\n<meta property=\"og:title\" content=\"Myrsky ja kokous samalla viikolla\" \/>\n<meta property=\"og:description\" content=\"Myrsky rikkoi pressutallin ja kev\u00e4tkokous teki p\u00e4\u00e4t\u00f6ksi\u00e4.\" \/>\n<meta property=\"og:url\" content=\"https:\/\/meripelastus.fi\/pielinen\/myrsky-ja-kokous-samalla-viikolla\/\" \/>\n<meta property=\"og:site_name\" content=\"Pielisen J\u00e4rvipelastajat\" \/>\n<meta property=\"article:published_time\" content=\"2026-04-26T16:54:59+00:00\" \/>\n<meta property=\"article:modified_time\" content=\"2026-04-26T16:56:10+00:00\" \/>\n<meta property=\"og:image\" content=\"https:\/\/meripelastus.fi\/pielinen\/wp-content\/uploads\/sites\/41\/2026\/04\/20260423_Talli-ja-traileri_pieni-scaled.jpg\" \/>\n\t<meta property=\"og:image:width\" content=\"2560\" \/>\n\t<meta property=\"og:image:height\" content=\"1182\" \/>\n\t<meta property=\"og:image:type\" content=\"image\/jpeg\" \/>\n<meta name=\"author\" content=\"heidiv\" \/>\n<meta name=\"twitter:card\" content=\"summary_large_image\" \/>\n<meta name=\"twitter:label1\" content=\"Kirjoittanut\" \/>\n\t<meta name=\"twitter:data1\" content=\"heidiv\" \/>\n\t<meta name=\"twitter:label2\" content=\"Arvioitu lukuaika\" \/>\n\t<meta name=\"twitter:data2\" content=\"4 minuuttia\" \/>\n<script type=\"application\/ld+json\" class=\"yoast-schema-graph\">{\"@context\":\"https:\\\/\\\/schema.org\",\"@graph\":[{\"@type\":\"Article\",\"@id\":\"https:\\\/\\\/meripelastus.fi\\\/pielinen\\\/myrsky-ja-kokous-samalla-viikolla\\\/#article\",\"isPartOf\":{\"@id\":\"https:\\\/\\\/meripelastus.fi\\\/pielinen\\\/myrsky-ja-kokous-samalla-viikolla\\\/\"},\"author\":{\"name\":\"heidiv\",\"@id\":\"https:\\\/\\\/meripelastus.fi\\\/pielinen\\\/#\\\/schema\\\/person\\\/4c96ea668a24bb5ef2ea0b974803aa3b\"},\"headline\":\"Myrsky ja kokous samalla viikolla\",\"datePublished\":\"2026-04-26T16:54:59+00:00\",\"dateModified\":\"2026-04-26T16:56:10+00:00\",\"mainEntityOfPage\":{\"@id\":\"https:\\\/\\\/meripelastus.fi\\\/pielinen\\\/myrsky-ja-kokous-samalla-viikolla\\\/\"},\"wordCount\":405,\"image\":{\"@id\":\"https:\\\/\\\/meripelastus.fi\\\/pielinen\\\/myrsky-ja-kokous-samalla-viikolla\\\/#primaryimage\"},\"thumbnailUrl\":\"https:\\\/\\\/meripelastus.fi\\\/pielinen\\\/wp-content\\\/uploads\\\/sites\\\/41\\\/2026\\\/04\\\/20260423_Talli-ja-traileri_pieni-scaled.jpg\",\"articleSection\":[\"Uutiset\"],\"inLanguage\":\"fi\"},{\"@type\":\"WebPage\",\"@id\":\"https:\\\/\\\/meripelastus.fi\\\/pielinen\\\/myrsky-ja-kokous-samalla-viikolla\\\/\",\"url\":\"https:\\\/\\\/meripelastus.fi\\\/pielinen\\\/myrsky-ja-kokous-samalla-viikolla\\\/\",\"name\":\"Myrsky ja kokous samalla viikolla - Pielisen J\u00e4rvipelastajat\",\"isPartOf\":{\"@id\":\"https:\\\/\\\/meripelastus.fi\\\/pielinen\\\/#website\"},\"primaryImageOfPage\":{\"@id\":\"https:\\\/\\\/meripelastus.fi\\\/pielinen\\\/myrsky-ja-kokous-samalla-viikolla\\\/#primaryimage\"},\"image\":{\"@id\":\"https:\\\/\\\/meripelastus.fi\\\/pielinen\\\/myrsky-ja-kokous-samalla-viikolla\\\/#primaryimage\"},\"thumbnailUrl\":\"https:\\\/\\\/meripelastus.fi\\\/pielinen\\\/wp-content\\\/uploads\\\/sites\\\/41\\\/2026\\\/04\\\/20260423_Talli-ja-traileri_pieni-scaled.jpg\",\"datePublished\":\"2026-04-26T16:54:59+00:00\",\"dateModified\":\"2026-04-26T16:56:10+00:00\",\"author\":{\"@id\":\"https:\\\/\\\/meripelastus.fi\\\/pielinen\\\/#\\\/schema\\\/person\\\/4c96ea668a24bb5ef2ea0b974803aa3b\"},\"description\":\"Myrsky rikkoi pressutallin ja kev\u00e4tkokous teki p\u00e4\u00e4t\u00f6ksi\u00e4.\",\"breadcrumb\":{\"@id\":\"https:\\\/\\\/meripelastus.fi\\\/pielinen\\\/myrsky-ja-kokous-samalla-viikolla\\\/#breadcrumb\"},\"inLanguage\":\"fi\",\"potentialAction\":[{\"@type\":\"ReadAction\",\"target\":[\"https:\\\/\\\/meripelastus.fi\\\/pielinen\\\/myrsky-ja-kokous-samalla-viikolla\\\/\"]}]},{\"@type\":\"ImageObject\",\"inLanguage\":\"fi\",\"@id\":\"https:\\\/\\\/meripelastus.fi\\\/pielinen\\\/myrsky-ja-kokous-samalla-viikolla\\\/#primaryimage\",\"url\":\"https:\\\/\\\/meripelastus.fi\\\/pielinen\\\/wp-content\\\/uploads\\\/sites\\\/41\\\/2026\\\/04\\\/20260423_Talli-ja-traileri_pieni-scaled.jpg\",\"contentUrl\":\"https:\\\/\\\/meripelastus.fi\\\/pielinen\\\/wp-content\\\/uploads\\\/sites\\\/41\\\/2026\\\/04\\\/20260423_Talli-ja-traileri_pieni-scaled.jpg\",\"width\":2560,\"height\":1182},{\"@type\":\"BreadcrumbList\",\"@id\":\"https:\\\/\\\/meripelastus.fi\\\/pielinen\\\/myrsky-ja-kokous-samalla-viikolla\\\/#breadcrumb\",\"itemListElement\":[{\"@type\":\"ListItem\",\"position\":1,\"name\":\"Etusivu\",\"item\":\"https:\\\/\\\/meripelastus.fi\\\/pielinen\\\/\"},{\"@type\":\"ListItem\",\"position\":2,\"name\":\"Myrsky ja kokous samalla viikolla\"}]},{\"@type\":\"WebSite\",\"@id\":\"https:\\\/\\\/meripelastus.fi\\\/pielinen\\\/#website\",\"url\":\"https:\\\/\\\/meripelastus.fi\\\/pielinen\\\/\",\"name\":\"Pielisen J\u00e4rvipelastajat\",\"description\":\"Vapaaehtoiset apunasi vesill\u00e4\",\"potentialAction\":[{\"@type\":\"SearchAction\",\"target\":{\"@type\":\"EntryPoint\",\"urlTemplate\":\"https:\\\/\\\/meripelastus.fi\\\/pielinen\\\/?s={search_term_string}\"},\"query-input\":{\"@type\":\"PropertyValueSpecification\",\"valueRequired\":true,\"valueName\":\"search_term_string\"}}],\"inLanguage\":\"fi\"},{\"@type\":\"Person\",\"@id\":\"https:\\\/\\\/meripelastus.fi\\\/pielinen\\\/#\\\/schema\\\/person\\\/4c96ea668a24bb5ef2ea0b974803aa3b\",\"name\":\"heidiv\",\"image\":{\"@type\":\"ImageObject\",\"inLanguage\":\"fi\",\"@id\":\"https:\\\/\\\/secure.gravatar.com\\\/avatar\\\/f751151ca6d35c56d78455190a7608e539fa5e641be453cc206c532401086b76?s=96&d=mm&r=g\",\"url\":\"https:\\\/\\\/secure.gravatar.com\\\/avatar\\\/f751151ca6d35c56d78455190a7608e539fa5e641be453cc206c532401086b76?s=96&d=mm&r=g\",\"contentUrl\":\"https:\\\/\\\/secure.gravatar.com\\\/avatar\\\/f751151ca6d35c56d78455190a7608e539fa5e641be453cc206c532401086b76?s=96&d=mm&r=g\",\"caption\":\"heidiv\"},\"url\":\"https:\\\/\\\/meripelastus.fi\\\/pielinen\\\/author\\\/heidiv\\\/\"}]}<\/script>\n<!-- \/ Yoast SEO Premium plugin. -->","yoast_head_json":{"title":"Myrsky ja kokous samalla viikolla - Pielisen J\u00e4rvipelastajat","description":"Myrsky rikkoi pressutallin ja kev\u00e4tkokous teki p\u00e4\u00e4t\u00f6ksi\u00e4.","robots":{"index":"index","follow":"follow","max-snippet":"max-snippet:-1","max-image-preview":"max-image-preview:large","max-video-preview":"max-video-preview:-1"},"canonical":"https:\/\/meripelastus.fi\/pielinen\/myrsky-ja-kokous-samalla-viikolla\/","og_locale":"fi_FI","og_type":"article","og_title":"Myrsky ja kokous samalla viikolla","og_description":"Myrsky rikkoi pressutallin ja kev\u00e4tkokous teki p\u00e4\u00e4t\u00f6ksi\u00e4.","og_url":"https:\/\/meripelastus.fi\/pielinen\/myrsky-ja-kokous-samalla-viikolla\/","og_site_name":"Pielisen J\u00e4rvipelastajat","article_published_time":"2026-04-26T16:54:59+00:00","article_modified_time":"2026-04-26T16:56:10+00:00","og_image":[{"width":2560,"height":1182,"url":"https:\/\/meripelastus.fi\/pielinen\/wp-content\/uploads\/sites\/41\/2026\/04\/20260423_Talli-ja-traileri_pieni-scaled.jpg","type":"image\/jpeg"}],"author":"heidiv","twitter_card":"summary_large_image","twitter_misc":{"Kirjoittanut":"heidiv","Arvioitu lukuaika":"4 minuuttia"},"schema":{"@context":"https:\/\/schema.org","@graph":[{"@type":"Article","@id":"https:\/\/meripelastus.fi\/pielinen\/myrsky-ja-kokous-samalla-viikolla\/#article","isPartOf":{"@id":"https:\/\/meripelastus.fi\/pielinen\/myrsky-ja-kokous-samalla-viikolla\/"},"author":{"name":"heidiv","@id":"https:\/\/meripelastus.fi\/pielinen\/#\/schema\/person\/4c96ea668a24bb5ef2ea0b974803aa3b"},"headline":"Myrsky ja kokous samalla viikolla","datePublished":"2026-04-26T16:54:59+00:00","dateModified":"2026-04-26T16:56:10+00:00","mainEntityOfPage":{"@id":"https:\/\/meripelastus.fi\/pielinen\/myrsky-ja-kokous-samalla-viikolla\/"},"wordCount":405,"image":{"@id":"https:\/\/meripelastus.fi\/pielinen\/myrsky-ja-kokous-samalla-viikolla\/#primaryimage"},"thumbnailUrl":"https:\/\/meripelastus.fi\/pielinen\/wp-content\/uploads\/sites\/41\/2026\/04\/20260423_Talli-ja-traileri_pieni-scaled.jpg","articleSection":["Uutiset"],"inLanguage":"fi"},{"@type":"WebPage","@id":"https:\/\/meripelastus.fi\/pielinen\/myrsky-ja-kokous-samalla-viikolla\/","url":"https:\/\/meripelastus.fi\/pielinen\/myrsky-ja-kokous-samalla-viikolla\/","name":"Myrsky ja kokous samalla viikolla - Pielisen J\u00e4rvipelastajat","isPartOf":{"@id":"https:\/\/meripelastus.fi\/pielinen\/#website"},"primaryImageOfPage":{"@id":"https:\/\/meripelastus.fi\/pielinen\/myrsky-ja-kokous-samalla-viikolla\/#primaryimage"},"image":{"@id":"https:\/\/meripelastus.fi\/pielinen\/myrsky-ja-kokous-samalla-viikolla\/#primaryimage"},"thumbnailUrl":"https:\/\/meripelastus.fi\/pielinen\/wp-content\/uploads\/sites\/41\/2026\/04\/20260423_Talli-ja-traileri_pieni-scaled.jpg","datePublished":"2026-04-26T16:54:59+00:00","dateModified":"2026-04-26T16:56:10+00:00","author":{"@id":"https:\/\/meripelastus.fi\/pielinen\/#\/schema\/person\/4c96ea668a24bb5ef2ea0b974803aa3b"},"description":"Myrsky rikkoi pressutallin ja kev\u00e4tkokous teki p\u00e4\u00e4t\u00f6ksi\u00e4.","breadcrumb":{"@id":"https:\/\/meripelastus.fi\/pielinen\/myrsky-ja-kokous-samalla-viikolla\/#breadcrumb"},"inLanguage":"fi","potentialAction":[{"@type":"ReadAction","target":["https:\/\/meripelastus.fi\/pielinen\/myrsky-ja-kokous-samalla-viikolla\/"]}]},{"@type":"ImageObject","inLanguage":"fi","@id":"https:\/\/meripelastus.fi\/pielinen\/myrsky-ja-kokous-samalla-viikolla\/#primaryimage","url":"https:\/\/meripelastus.fi\/pielinen\/wp-content\/uploads\/sites\/41\/2026\/04\/20260423_Talli-ja-traileri_pieni-scaled.jpg","contentUrl":"https:\/\/meripelastus.fi\/pielinen\/wp-content\/uploads\/sites\/41\/2026\/04\/20260423_Talli-ja-traileri_pieni-scaled.jpg","width":2560,"height":1182},{"@type":"BreadcrumbList","@id":"https:\/\/meripelastus.fi\/pielinen\/myrsky-ja-kokous-samalla-viikolla\/#breadcrumb","itemListElement":[{"@type":"ListItem","position":1,"name":"Etusivu","item":"https:\/\/meripelastus.fi\/pielinen\/"},{"@type":"ListItem","position":2,"name":"Myrsky ja kokous samalla viikolla"}]},{"@type":"WebSite","@id":"https:\/\/meripelastus.fi\/pielinen\/#website","url":"https:\/\/meripelastus.fi\/pielinen\/","name":"Pielisen J\u00e4rvipelastajat","description":"Vapaaehtoiset apunasi vesill\u00e4","potentialAction":[{"@type":"SearchAction","target":{"@type":"EntryPoint","urlTemplate":"https:\/\/meripelastus.fi\/pielinen\/?s={search_term_string}"},"query-input":{"@type":"PropertyValueSpecification","valueRequired":true,"valueName":"search_term_string"}}],"inLanguage":"fi"},{"@type":"Person","@id":"https:\/\/meripelastus.fi\/pielinen\/#\/schema\/person\/4c96ea668a24bb5ef2ea0b974803aa3b","name":"heidiv","image":{"@type":"ImageObject","inLanguage":"fi","@id":"https:\/\/secure.gravatar.com\/avatar\/f751151ca6d35c56d78455190a7608e539fa5e641be453cc206c532401086b76?s=96&d=mm&r=g","url":"https:\/\/secure.gravatar.com\/avatar\/f751151ca6d35c56d78455190a7608e539fa5e641be453cc206c532401086b76?s=96&d=mm&r=g","contentUrl":"https:\/\/secure.gravatar.com\/avatar\/f751151ca6d35c56d78455190a7608e539fa5e641be453cc206c532401086b76?s=96&d=mm&r=g","caption":"heidiv"},"url":"https:\/\/meripelastus.fi\/pielinen\/author\/heidiv\/"}]}},"_links":{"self":[{"href":"https:\/\/meripelastus.fi\/pielinen\/wp-json\/wp\/v2\/posts\/740","targetHints":{"allow":["GET"]}}],"collection":[{"href":"https:\/\/meripelastus.fi\/pielinen\/wp-json\/wp\/v2\/posts"}],"about":[{"href":"https:\/\/meripelastus.fi\/pielinen\/wp-json\/wp\/v2\/types\/post"}],"author":[{"embeddable":true,"href":"https:\/\/meripelastus.fi\/pielinen\/wp-json\/wp\/v2\/users\/116"}],"replies":[{"embeddable":true,"href":"https:\/\/meripelastus.fi\/pielinen\/wp-json\/wp\/v2\/comments?post=740"}],"version-history":[{"count":4,"href":"https:\/\/meripelastus.fi\/pielinen\/wp-json\/wp\/v2\/posts\/740\/revisions"}],"predecessor-version":[{"id":751,"href":"https:\/\/meripelastus.fi\/pielinen\/wp-json\/wp\/v2\/posts\/740\/revisions\/751"}],"wp:featuredmedia":[{"embeddable":true,"href":"https:\/\/meripelastus.fi\/pielinen\/wp-json\/wp\/v2\/media\/742"}],"wp:attachment":[{"href":"https:\/\/meripelastus.fi\/pielinen\/wp-json\/wp\/v2\/media?parent=740"}],"wp:term":[{"taxonomy":"category","embeddable":true,"href":"https:\/\/meripelastus.fi\/pielinen\/wp-json\/wp\/v2\/categories?post=740"},{"taxonomy":"post_tag","embeddable":true,"href":"https:\/\/meripelastus.fi\/pielinen\/wp-json\/wp\/v2\/tags?post=740"}],"curies":[{"name":"wp","href":"https:\/\/api.w.org\/{rel}","templated":true}]}}