{"id":402,"date":"2024-11-20T22:05:12","date_gmt":"2024-11-20T20:05:12","guid":{"rendered":"https:\/\/meripelastus.fi\/pielinen\/?p=402"},"modified":"2024-11-20T22:07:14","modified_gmt":"2024-11-20T20:07:14","slug":"syyskokouksen-satoa","status":"publish","type":"post","link":"https:\/\/meripelastus.fi\/pielinen\/syyskokouksen-satoa\/","title":{"rendered":"Syyskokouksen satoa"},"content":{"rendered":"\n<div class=\"wp-block-media-text has-media-on-the-right is-stacked-on-mobile\"><div class=\"wp-block-media-text__content\">\n<p class=\"has-text-align-center\">S\u00e4\u00e4nt\u00f6m\u00e4\u00e4r\u00e4isess\u00e4 syyskokouksessa 17.11.2024 valittiin varapuheenjohtajaksi jatkokaudelle Erkki Mustonen. Hallitukseen valittiin erovuoroisten tilalle Pertti Pyykk\u00f6 ja Tapani Laaksomies. Vanhoina j\u00e4senin\u00e4 hallituksessa jatkavat puheenjohtaja Jari Korhosen lis\u00e4ksi Kurt Klippel sek\u00e4 Heidi Vornanen.<br><br>Perinteisesti syyskokouksen yhteydess\u00e4 jaettiin Vuoden Pollari -tunnustus. T\u00e4n\u00e4 vuonna palkinnon sai Erkki Mustonen. Kuvassa kiertopalkinnon Erkille ojensi puheenjohtaja Jari Korhonen.<br><br><em>Kiitos Erkki tekem\u00e4st\u00e4si pitk\u00e4j\u00e4nteisest\u00e4 ty\u00f6st\u00e4 yhdistyksemme hyv\u00e4ksi monella eri osa-alueella!<\/em><\/p>\n\n\n\n<p class=\"has-text-align-center\"><\/p>\n<\/div><figure class=\"wp-block-media-text__media\"><img loading=\"lazy\" decoding=\"async\" width=\"826\" height=\"1024\" src=\"https:\/\/meripelastus.fi\/pielinen\/wp-content\/uploads\/sites\/41\/2024\/11\/Syyskokous24-826x1024.jpg\" alt=\"\" class=\"wp-image-405 size-full\" srcset=\"https:\/\/meripelastus.fi\/pielinen\/wp-content\/uploads\/sites\/41\/2024\/11\/Syyskokous24-826x1024.jpg 826w, https:\/\/meripelastus.fi\/pielinen\/wp-content\/uploads\/sites\/41\/2024\/11\/Syyskokous24-242x300.jpg 242w, https:\/\/meripelastus.fi\/pielinen\/wp-content\/uploads\/sites\/41\/2024\/11\/Syyskokous24-768x952.jpg 768w, https:\/\/meripelastus.fi\/pielinen\/wp-content\/uploads\/sites\/41\/2024\/11\/Syyskokous24-1240x1536.jpg 1240w, https:\/\/meripelastus.fi\/pielinen\/wp-content\/uploads\/sites\/41\/2024\/11\/Syyskokous24-1653x2048.jpg 1653w\" sizes=\"auto, (max-width: 826px) 100vw, 826px\" \/><\/figure><\/div>\n\n\n\n<p><\/p>\n","protected":false},"excerpt":{"rendered":"<p>S\u00e4\u00e4nt\u00f6m\u00e4\u00e4r\u00e4isess\u00e4 syyskokouksessa 17.11.2024 valittiin varapuheenjohtajaksi jatkokaudelle Erkki Mustonen. Hallitukseen valittiin erovuoroisten tilalle Pertti Pyykk\u00f6 ja Tapani Laaksomies. Vanhoina j\u00e4senin\u00e4 hallituksessa jatkavat puheenjohtaja Jari Korhosen lis\u00e4ksi Kurt Klippel sek\u00e4 Heidi Vornanen. Perinteisesti syyskokouksen yhteydess\u00e4 jaettiin Vuoden Pollari -tunnustus. T\u00e4n\u00e4 vuonna palkinnon sai Erkki Mustonen. Kuvassa kiertopalkinnon Erkille ojensi puheenjohtaja Jari Korhonen. Kiitos Erkki tekem\u00e4st\u00e4si pitk\u00e4j\u00e4nteisest\u00e4 ty\u00f6st\u00e4 [&hellip;]<\/p>\n","protected":false},"author":116,"featured_media":406,"comment_status":"closed","ping_status":"open","sticky":false,"template":"","format":"standard","meta":{"_acf_changed":false,"inline_featured_image":false,"footnotes":""},"categories":[1],"tags":[18,16],"class_list":["post-402","post","type-post","status-publish","format-standard","has-post-thumbnail","hentry","category-uutiset","tag-pielisenjarvipelastajat","tag-syyskokous"],"acf":[],"yoast_head":"<!-- This site is optimized with the Yoast SEO Premium plugin v27.4 (Yoast SEO v27.4) - https:\/\/yoast.com\/product\/yoast-seo-premium-wordpress\/ -->\n<title>Syyskokouksen satoa - Pielisen J\u00e4rvipelastajat<\/title>\n<meta name=\"description\" content=\"Hallituksen kokoonpano tiedossa vuodelle 2025 sek\u00e4 Vuoden Pollarin 2024 saaja valittu.\" \/>\n<meta name=\"robots\" content=\"index, follow, max-snippet:-1, max-image-preview:large, max-video-preview:-1\" \/>\n<link rel=\"canonical\" href=\"https:\/\/meripelastus.fi\/pielinen\/syyskokouksen-satoa\/\" \/>\n<meta property=\"og:locale\" content=\"fi_FI\" \/>\n<meta property=\"og:type\" content=\"article\" \/>\n<meta property=\"og:title\" content=\"Syyskokouksen satoa\" \/>\n<meta property=\"og:description\" content=\"Hallituksen kokoonpano tiedossa vuodelle 2025 sek\u00e4 Vuoden Pollarin 2024 saaja valittu.\" \/>\n<meta property=\"og:url\" content=\"https:\/\/meripelastus.fi\/pielinen\/syyskokouksen-satoa\/\" \/>\n<meta property=\"og:site_name\" content=\"Pielisen J\u00e4rvipelastajat\" \/>\n<meta property=\"article:published_time\" content=\"2024-11-20T20:05:12+00:00\" \/>\n<meta property=\"article:modified_time\" content=\"2024-11-20T20:07:14+00:00\" \/>\n<meta property=\"og:image\" content=\"https:\/\/meripelastus.fi\/pielinen\/wp-content\/uploads\/sites\/41\/2024\/11\/Valkea-logo.png\" \/>\n\t<meta property=\"og:image:width\" content=\"1080\" \/>\n\t<meta property=\"og:image:height\" content=\"1080\" \/>\n\t<meta property=\"og:image:type\" content=\"image\/png\" \/>\n<meta name=\"author\" content=\"heidiv\" \/>\n<meta name=\"twitter:card\" content=\"summary_large_image\" \/>\n<meta name=\"twitter:label1\" content=\"Kirjoittanut\" \/>\n\t<meta name=\"twitter:data1\" content=\"heidiv\" \/>\n\t<meta name=\"twitter:label2\" content=\"Arvioitu lukuaika\" \/>\n\t<meta name=\"twitter:data2\" content=\"1 minuutti\" \/>\n<script type=\"application\/ld+json\" class=\"yoast-schema-graph\">{\"@context\":\"https:\\\/\\\/schema.org\",\"@graph\":[{\"@type\":\"Article\",\"@id\":\"https:\\\/\\\/meripelastus.fi\\\/pielinen\\\/syyskokouksen-satoa\\\/#article\",\"isPartOf\":{\"@id\":\"https:\\\/\\\/meripelastus.fi\\\/pielinen\\\/syyskokouksen-satoa\\\/\"},\"author\":{\"name\":\"heidiv\",\"@id\":\"https:\\\/\\\/meripelastus.fi\\\/pielinen\\\/#\\\/schema\\\/person\\\/4c96ea668a24bb5ef2ea0b974803aa3b\"},\"headline\":\"Syyskokouksen satoa\",\"datePublished\":\"2024-11-20T20:05:12+00:00\",\"dateModified\":\"2024-11-20T20:07:14+00:00\",\"mainEntityOfPage\":{\"@id\":\"https:\\\/\\\/meripelastus.fi\\\/pielinen\\\/syyskokouksen-satoa\\\/\"},\"wordCount\":74,\"image\":{\"@id\":\"https:\\\/\\\/meripelastus.fi\\\/pielinen\\\/syyskokouksen-satoa\\\/#primaryimage\"},\"thumbnailUrl\":\"https:\\\/\\\/meripelastus.fi\\\/pielinen\\\/wp-content\\\/uploads\\\/sites\\\/41\\\/2024\\\/11\\\/Valkea-logo.png\",\"keywords\":[\"pielisenj\u00e4rvipelastajat\",\"syyskokous\"],\"articleSection\":[\"Uutiset\"],\"inLanguage\":\"fi\"},{\"@type\":\"WebPage\",\"@id\":\"https:\\\/\\\/meripelastus.fi\\\/pielinen\\\/syyskokouksen-satoa\\\/\",\"url\":\"https:\\\/\\\/meripelastus.fi\\\/pielinen\\\/syyskokouksen-satoa\\\/\",\"name\":\"Syyskokouksen satoa - Pielisen J\u00e4rvipelastajat\",\"isPartOf\":{\"@id\":\"https:\\\/\\\/meripelastus.fi\\\/pielinen\\\/#website\"},\"primaryImageOfPage\":{\"@id\":\"https:\\\/\\\/meripelastus.fi\\\/pielinen\\\/syyskokouksen-satoa\\\/#primaryimage\"},\"image\":{\"@id\":\"https:\\\/\\\/meripelastus.fi\\\/pielinen\\\/syyskokouksen-satoa\\\/#primaryimage\"},\"thumbnailUrl\":\"https:\\\/\\\/meripelastus.fi\\\/pielinen\\\/wp-content\\\/uploads\\\/sites\\\/41\\\/2024\\\/11\\\/Valkea-logo.png\",\"datePublished\":\"2024-11-20T20:05:12+00:00\",\"dateModified\":\"2024-11-20T20:07:14+00:00\",\"author\":{\"@id\":\"https:\\\/\\\/meripelastus.fi\\\/pielinen\\\/#\\\/schema\\\/person\\\/4c96ea668a24bb5ef2ea0b974803aa3b\"},\"description\":\"Hallituksen kokoonpano tiedossa vuodelle 2025 sek\u00e4 Vuoden Pollarin 2024 saaja valittu.\",\"breadcrumb\":{\"@id\":\"https:\\\/\\\/meripelastus.fi\\\/pielinen\\\/syyskokouksen-satoa\\\/#breadcrumb\"},\"inLanguage\":\"fi\",\"potentialAction\":[{\"@type\":\"ReadAction\",\"target\":[\"https:\\\/\\\/meripelastus.fi\\\/pielinen\\\/syyskokouksen-satoa\\\/\"]}]},{\"@type\":\"ImageObject\",\"inLanguage\":\"fi\",\"@id\":\"https:\\\/\\\/meripelastus.fi\\\/pielinen\\\/syyskokouksen-satoa\\\/#primaryimage\",\"url\":\"https:\\\/\\\/meripelastus.fi\\\/pielinen\\\/wp-content\\\/uploads\\\/sites\\\/41\\\/2024\\\/11\\\/Valkea-logo.png\",\"contentUrl\":\"https:\\\/\\\/meripelastus.fi\\\/pielinen\\\/wp-content\\\/uploads\\\/sites\\\/41\\\/2024\\\/11\\\/Valkea-logo.png\",\"width\":1080,\"height\":1080},{\"@type\":\"BreadcrumbList\",\"@id\":\"https:\\\/\\\/meripelastus.fi\\\/pielinen\\\/syyskokouksen-satoa\\\/#breadcrumb\",\"itemListElement\":[{\"@type\":\"ListItem\",\"position\":1,\"name\":\"Etusivu\",\"item\":\"https:\\\/\\\/meripelastus.fi\\\/pielinen\\\/\"},{\"@type\":\"ListItem\",\"position\":2,\"name\":\"Syyskokouksen satoa\"}]},{\"@type\":\"WebSite\",\"@id\":\"https:\\\/\\\/meripelastus.fi\\\/pielinen\\\/#website\",\"url\":\"https:\\\/\\\/meripelastus.fi\\\/pielinen\\\/\",\"name\":\"Pielisen J\u00e4rvipelastajat\",\"description\":\"Vapaaehtoiset apunasi vesill\u00e4\",\"potentialAction\":[{\"@type\":\"SearchAction\",\"target\":{\"@type\":\"EntryPoint\",\"urlTemplate\":\"https:\\\/\\\/meripelastus.fi\\\/pielinen\\\/?s={search_term_string}\"},\"query-input\":{\"@type\":\"PropertyValueSpecification\",\"valueRequired\":true,\"valueName\":\"search_term_string\"}}],\"inLanguage\":\"fi\"},{\"@type\":\"Person\",\"@id\":\"https:\\\/\\\/meripelastus.fi\\\/pielinen\\\/#\\\/schema\\\/person\\\/4c96ea668a24bb5ef2ea0b974803aa3b\",\"name\":\"heidiv\",\"image\":{\"@type\":\"ImageObject\",\"inLanguage\":\"fi\",\"@id\":\"https:\\\/\\\/secure.gravatar.com\\\/avatar\\\/f751151ca6d35c56d78455190a7608e539fa5e641be453cc206c532401086b76?s=96&d=mm&r=g\",\"url\":\"https:\\\/\\\/secure.gravatar.com\\\/avatar\\\/f751151ca6d35c56d78455190a7608e539fa5e641be453cc206c532401086b76?s=96&d=mm&r=g\",\"contentUrl\":\"https:\\\/\\\/secure.gravatar.com\\\/avatar\\\/f751151ca6d35c56d78455190a7608e539fa5e641be453cc206c532401086b76?s=96&d=mm&r=g\",\"caption\":\"heidiv\"},\"url\":\"https:\\\/\\\/meripelastus.fi\\\/pielinen\\\/author\\\/heidiv\\\/\"}]}<\/script>\n<!-- \/ Yoast SEO Premium plugin. -->","yoast_head_json":{"title":"Syyskokouksen satoa - Pielisen J\u00e4rvipelastajat","description":"Hallituksen kokoonpano tiedossa vuodelle 2025 sek\u00e4 Vuoden Pollarin 2024 saaja valittu.","robots":{"index":"index","follow":"follow","max-snippet":"max-snippet:-1","max-image-preview":"max-image-preview:large","max-video-preview":"max-video-preview:-1"},"canonical":"https:\/\/meripelastus.fi\/pielinen\/syyskokouksen-satoa\/","og_locale":"fi_FI","og_type":"article","og_title":"Syyskokouksen satoa","og_description":"Hallituksen kokoonpano tiedossa vuodelle 2025 sek\u00e4 Vuoden Pollarin 2024 saaja valittu.","og_url":"https:\/\/meripelastus.fi\/pielinen\/syyskokouksen-satoa\/","og_site_name":"Pielisen J\u00e4rvipelastajat","article_published_time":"2024-11-20T20:05:12+00:00","article_modified_time":"2024-11-20T20:07:14+00:00","og_image":[{"width":1080,"height":1080,"url":"https:\/\/meripelastus.fi\/pielinen\/wp-content\/uploads\/sites\/41\/2024\/11\/Valkea-logo.png","type":"image\/png"}],"author":"heidiv","twitter_card":"summary_large_image","twitter_misc":{"Kirjoittanut":"heidiv","Arvioitu lukuaika":"1 minuutti"},"schema":{"@context":"https:\/\/schema.org","@graph":[{"@type":"Article","@id":"https:\/\/meripelastus.fi\/pielinen\/syyskokouksen-satoa\/#article","isPartOf":{"@id":"https:\/\/meripelastus.fi\/pielinen\/syyskokouksen-satoa\/"},"author":{"name":"heidiv","@id":"https:\/\/meripelastus.fi\/pielinen\/#\/schema\/person\/4c96ea668a24bb5ef2ea0b974803aa3b"},"headline":"Syyskokouksen satoa","datePublished":"2024-11-20T20:05:12+00:00","dateModified":"2024-11-20T20:07:14+00:00","mainEntityOfPage":{"@id":"https:\/\/meripelastus.fi\/pielinen\/syyskokouksen-satoa\/"},"wordCount":74,"image":{"@id":"https:\/\/meripelastus.fi\/pielinen\/syyskokouksen-satoa\/#primaryimage"},"thumbnailUrl":"https:\/\/meripelastus.fi\/pielinen\/wp-content\/uploads\/sites\/41\/2024\/11\/Valkea-logo.png","keywords":["pielisenj\u00e4rvipelastajat","syyskokous"],"articleSection":["Uutiset"],"inLanguage":"fi"},{"@type":"WebPage","@id":"https:\/\/meripelastus.fi\/pielinen\/syyskokouksen-satoa\/","url":"https:\/\/meripelastus.fi\/pielinen\/syyskokouksen-satoa\/","name":"Syyskokouksen satoa - Pielisen J\u00e4rvipelastajat","isPartOf":{"@id":"https:\/\/meripelastus.fi\/pielinen\/#website"},"primaryImageOfPage":{"@id":"https:\/\/meripelastus.fi\/pielinen\/syyskokouksen-satoa\/#primaryimage"},"image":{"@id":"https:\/\/meripelastus.fi\/pielinen\/syyskokouksen-satoa\/#primaryimage"},"thumbnailUrl":"https:\/\/meripelastus.fi\/pielinen\/wp-content\/uploads\/sites\/41\/2024\/11\/Valkea-logo.png","datePublished":"2024-11-20T20:05:12+00:00","dateModified":"2024-11-20T20:07:14+00:00","author":{"@id":"https:\/\/meripelastus.fi\/pielinen\/#\/schema\/person\/4c96ea668a24bb5ef2ea0b974803aa3b"},"description":"Hallituksen kokoonpano tiedossa vuodelle 2025 sek\u00e4 Vuoden Pollarin 2024 saaja valittu.","breadcrumb":{"@id":"https:\/\/meripelastus.fi\/pielinen\/syyskokouksen-satoa\/#breadcrumb"},"inLanguage":"fi","potentialAction":[{"@type":"ReadAction","target":["https:\/\/meripelastus.fi\/pielinen\/syyskokouksen-satoa\/"]}]},{"@type":"ImageObject","inLanguage":"fi","@id":"https:\/\/meripelastus.fi\/pielinen\/syyskokouksen-satoa\/#primaryimage","url":"https:\/\/meripelastus.fi\/pielinen\/wp-content\/uploads\/sites\/41\/2024\/11\/Valkea-logo.png","contentUrl":"https:\/\/meripelastus.fi\/pielinen\/wp-content\/uploads\/sites\/41\/2024\/11\/Valkea-logo.png","width":1080,"height":1080},{"@type":"BreadcrumbList","@id":"https:\/\/meripelastus.fi\/pielinen\/syyskokouksen-satoa\/#breadcrumb","itemListElement":[{"@type":"ListItem","position":1,"name":"Etusivu","item":"https:\/\/meripelastus.fi\/pielinen\/"},{"@type":"ListItem","position":2,"name":"Syyskokouksen satoa"}]},{"@type":"WebSite","@id":"https:\/\/meripelastus.fi\/pielinen\/#website","url":"https:\/\/meripelastus.fi\/pielinen\/","name":"Pielisen J\u00e4rvipelastajat","description":"Vapaaehtoiset apunasi vesill\u00e4","potentialAction":[{"@type":"SearchAction","target":{"@type":"EntryPoint","urlTemplate":"https:\/\/meripelastus.fi\/pielinen\/?s={search_term_string}"},"query-input":{"@type":"PropertyValueSpecification","valueRequired":true,"valueName":"search_term_string"}}],"inLanguage":"fi"},{"@type":"Person","@id":"https:\/\/meripelastus.fi\/pielinen\/#\/schema\/person\/4c96ea668a24bb5ef2ea0b974803aa3b","name":"heidiv","image":{"@type":"ImageObject","inLanguage":"fi","@id":"https:\/\/secure.gravatar.com\/avatar\/f751151ca6d35c56d78455190a7608e539fa5e641be453cc206c532401086b76?s=96&d=mm&r=g","url":"https:\/\/secure.gravatar.com\/avatar\/f751151ca6d35c56d78455190a7608e539fa5e641be453cc206c532401086b76?s=96&d=mm&r=g","contentUrl":"https:\/\/secure.gravatar.com\/avatar\/f751151ca6d35c56d78455190a7608e539fa5e641be453cc206c532401086b76?s=96&d=mm&r=g","caption":"heidiv"},"url":"https:\/\/meripelastus.fi\/pielinen\/author\/heidiv\/"}]}},"_links":{"self":[{"href":"https:\/\/meripelastus.fi\/pielinen\/wp-json\/wp\/v2\/posts\/402","targetHints":{"allow":["GET"]}}],"collection":[{"href":"https:\/\/meripelastus.fi\/pielinen\/wp-json\/wp\/v2\/posts"}],"about":[{"href":"https:\/\/meripelastus.fi\/pielinen\/wp-json\/wp\/v2\/types\/post"}],"author":[{"embeddable":true,"href":"https:\/\/meripelastus.fi\/pielinen\/wp-json\/wp\/v2\/users\/116"}],"replies":[{"embeddable":true,"href":"https:\/\/meripelastus.fi\/pielinen\/wp-json\/wp\/v2\/comments?post=402"}],"version-history":[{"count":8,"href":"https:\/\/meripelastus.fi\/pielinen\/wp-json\/wp\/v2\/posts\/402\/revisions"}],"predecessor-version":[{"id":414,"href":"https:\/\/meripelastus.fi\/pielinen\/wp-json\/wp\/v2\/posts\/402\/revisions\/414"}],"wp:featuredmedia":[{"embeddable":true,"href":"https:\/\/meripelastus.fi\/pielinen\/wp-json\/wp\/v2\/media\/406"}],"wp:attachment":[{"href":"https:\/\/meripelastus.fi\/pielinen\/wp-json\/wp\/v2\/media?parent=402"}],"wp:term":[{"taxonomy":"category","embeddable":true,"href":"https:\/\/meripelastus.fi\/pielinen\/wp-json\/wp\/v2\/categories?post=402"},{"taxonomy":"post_tag","embeddable":true,"href":"https:\/\/meripelastus.fi\/pielinen\/wp-json\/wp\/v2\/tags?post=402"}],"curies":[{"name":"wp","href":"https:\/\/api.w.org\/{rel}","templated":true}]}}