{"id":549,"date":"2025-06-09T15:44:53","date_gmt":"2025-06-09T12:44:53","guid":{"rendered":"https:\/\/meripelastus.fi\/parainen\/?p=549"},"modified":"2025-06-09T15:55:19","modified_gmt":"2025-06-09T12:55:19","slug":"infotilaisuus-infotillfalle","status":"publish","type":"post","link":"https:\/\/meripelastus.fi\/parainen\/infotilaisuus-infotillfalle\/","title":{"rendered":"INFOTILAISUUS | INFOTILLF\u00c4LLE"},"content":{"rendered":"\n<p>Tervetuloa <strong>27.6.2025 klo 18-21 <\/strong>Lillm\u00e4l\u00f6n luotsiasemalle, Saaristotie 3026. Kerromme miten tulla mukaan vapaaehtoisten meripelastajien miehist\u00f6ihin sek\u00e4 k\u00e4yt\u00e4nn\u00f6n asiaa toiminnasta. Ilmoittaudu pikaisesti, viimeist\u00e4\u00e4n 25.6.2025 s\u00e4hk\u00f6postitse: pj.parainen@messi.meripelastus.fi<\/p>\n\n\n\n<p>V\u00e4lkommen till lotsstationen i Lillm\u00e4l\u00f6, Sk\u00e4rg\u00e5rdsv\u00e4gen 3026 <strong>den 27.6.2025 kl 18-21<\/strong>. Hur g\u00f6r man f\u00f6r att komma med i bes\u00e4ttningen och hur fungerar den frivilliga sj\u00f6r\u00e4ddningen i praktiken &#8211; anm\u00e4l dig snarast, i.a.f senast den 25.6.2025,  per e-post till pj.parainen@messi.meripelastus.fi<\/p>\n\n\n\n<p><\/p>\n","protected":false},"excerpt":{"rendered":"<p>Tervetuloa 27.6.2025 klo 18-21 Lillm\u00e4l\u00f6n luotsiasemalle, Saaristotie 3026. Kerromme miten tulla mukaan vapaaehtoisten meripelastajien miehist\u00f6ihin sek\u00e4 k\u00e4yt\u00e4nn\u00f6n asiaa toiminnasta. Ilmoittaudu pikaisesti, viimeist\u00e4\u00e4n 25.6.2025 s\u00e4hk\u00f6postitse: pj.parainen@messi.meripelastus.fi V\u00e4lkommen till lotsstationen i Lillm\u00e4l\u00f6, Sk\u00e4rg\u00e5rdsv\u00e4gen 3026 den 27.6.2025 kl 18-21. Hur g\u00f6r man f\u00f6r att komma med i bes\u00e4ttningen och hur fungerar den frivilliga sj\u00f6r\u00e4ddningen i praktiken &#8211; anm\u00e4l [&hellip;]<\/p>\n","protected":false},"author":26,"featured_media":550,"comment_status":"closed","ping_status":"open","sticky":false,"template":"","format":"standard","meta":{"_acf_changed":false,"inline_featured_image":false,"footnotes":""},"categories":[1],"tags":[16,22,24,26],"class_list":["post-549","post","type-post","status-publish","format-standard","has-post-thumbnail","hentry","category-uutiset","tag-meripelastus","tag-parainen","tag-pargas","tag-sjoraddning"],"acf":[],"yoast_head":"<!-- This site is optimized with the Yoast SEO Premium plugin v27.4 (Yoast SEO v27.4) - https:\/\/yoast.com\/product\/yoast-seo-premium-wordpress\/ -->\n<title>INFOTILAISUUS | INFOTILLF\u00c4LLE - Paraisten Meripelastajat<\/title>\n<meta name=\"robots\" content=\"index, follow, max-snippet:-1, max-image-preview:large, max-video-preview:-1\" \/>\n<link rel=\"canonical\" href=\"https:\/\/meripelastus.fi\/parainen\/infotilaisuus-infotillfalle\/\" \/>\n<meta property=\"og:locale\" content=\"fi_FI\" \/>\n<meta property=\"og:type\" content=\"article\" \/>\n<meta property=\"og:title\" content=\"INFOTILAISUUS | INFOTILLF\u00c4LLE\" \/>\n<meta property=\"og:description\" content=\"Tervetuloa 27.6.2025 klo 18-21 Lillm\u00e4l\u00f6n luotsiasemalle, Saaristotie 3026. Kerromme miten tulla mukaan vapaaehtoisten meripelastajien miehist\u00f6ihin sek\u00e4 k\u00e4yt\u00e4nn\u00f6n asiaa toiminnasta. Ilmoittaudu pikaisesti, viimeist\u00e4\u00e4n 25.6.2025 s\u00e4hk\u00f6postitse: pj.parainen@messi.meripelastus.fi V\u00e4lkommen till lotsstationen i Lillm\u00e4l\u00f6, Sk\u00e4rg\u00e5rdsv\u00e4gen 3026 den 27.6.2025 kl 18-21. Hur g\u00f6r man f\u00f6r att komma med i bes\u00e4ttningen och hur fungerar den frivilliga sj\u00f6r\u00e4ddningen i praktiken &#8211; anm\u00e4l [&hellip;]\" \/>\n<meta property=\"og:url\" content=\"https:\/\/meripelastus.fi\/parainen\/infotilaisuus-infotillfalle\/\" \/>\n<meta property=\"og:site_name\" content=\"Paraisten Meripelastajat\" \/>\n<meta property=\"article:published_time\" content=\"2025-06-09T12:44:53+00:00\" \/>\n<meta property=\"article:modified_time\" content=\"2025-06-09T12:55:19+00:00\" \/>\n<meta property=\"og:image\" content=\"https:\/\/meripelastus.fi\/parainen\/wp-content\/uploads\/sites\/14\/2025\/06\/eerik_fagerholm_sjoraddning.jpg\" \/>\n\t<meta property=\"og:image:width\" content=\"720\" \/>\n\t<meta property=\"og:image:height\" content=\"962\" \/>\n\t<meta property=\"og:image:type\" content=\"image\/jpeg\" \/>\n<meta name=\"author\" content=\"joni\" \/>\n<meta name=\"twitter:card\" content=\"summary_large_image\" \/>\n<meta name=\"twitter:label1\" content=\"Kirjoittanut\" \/>\n\t<meta name=\"twitter:data1\" content=\"joni\" \/>\n\t<meta name=\"twitter:label2\" content=\"Arvioitu lukuaika\" \/>\n\t<meta name=\"twitter:data2\" content=\"1 minuutti\" \/>\n<script type=\"application\/ld+json\" class=\"yoast-schema-graph\">{\"@context\":\"https:\\\/\\\/schema.org\",\"@graph\":[{\"@type\":\"Article\",\"@id\":\"https:\\\/\\\/meripelastus.fi\\\/parainen\\\/infotilaisuus-infotillfalle\\\/#article\",\"isPartOf\":{\"@id\":\"https:\\\/\\\/meripelastus.fi\\\/parainen\\\/infotilaisuus-infotillfalle\\\/\"},\"author\":{\"name\":\"joni\",\"@id\":\"https:\\\/\\\/meripelastus.fi\\\/parainen\\\/#\\\/schema\\\/person\\\/478740c8a43ac7eaf3355024fed01d78\"},\"headline\":\"INFOTILAISUUS | INFOTILLF\u00c4LLE\",\"datePublished\":\"2025-06-09T12:44:53+00:00\",\"dateModified\":\"2025-06-09T12:55:19+00:00\",\"mainEntityOfPage\":{\"@id\":\"https:\\\/\\\/meripelastus.fi\\\/parainen\\\/infotilaisuus-infotillfalle\\\/\"},\"wordCount\":92,\"image\":{\"@id\":\"https:\\\/\\\/meripelastus.fi\\\/parainen\\\/infotilaisuus-infotillfalle\\\/#primaryimage\"},\"thumbnailUrl\":\"https:\\\/\\\/meripelastus.fi\\\/parainen\\\/wp-content\\\/uploads\\\/sites\\\/14\\\/2025\\\/06\\\/eerik_fagerholm_sjoraddning.jpg\",\"keywords\":[\"meripelastus\",\"parainen\",\"pargas\",\"sj\u00f6r\u00e4ddning\"],\"articleSection\":[\"Uutiset\"],\"inLanguage\":\"fi\"},{\"@type\":\"WebPage\",\"@id\":\"https:\\\/\\\/meripelastus.fi\\\/parainen\\\/infotilaisuus-infotillfalle\\\/\",\"url\":\"https:\\\/\\\/meripelastus.fi\\\/parainen\\\/infotilaisuus-infotillfalle\\\/\",\"name\":\"INFOTILAISUUS | INFOTILLF\u00c4LLE - Paraisten Meripelastajat\",\"isPartOf\":{\"@id\":\"https:\\\/\\\/meripelastus.fi\\\/parainen\\\/#website\"},\"primaryImageOfPage\":{\"@id\":\"https:\\\/\\\/meripelastus.fi\\\/parainen\\\/infotilaisuus-infotillfalle\\\/#primaryimage\"},\"image\":{\"@id\":\"https:\\\/\\\/meripelastus.fi\\\/parainen\\\/infotilaisuus-infotillfalle\\\/#primaryimage\"},\"thumbnailUrl\":\"https:\\\/\\\/meripelastus.fi\\\/parainen\\\/wp-content\\\/uploads\\\/sites\\\/14\\\/2025\\\/06\\\/eerik_fagerholm_sjoraddning.jpg\",\"datePublished\":\"2025-06-09T12:44:53+00:00\",\"dateModified\":\"2025-06-09T12:55:19+00:00\",\"author\":{\"@id\":\"https:\\\/\\\/meripelastus.fi\\\/parainen\\\/#\\\/schema\\\/person\\\/478740c8a43ac7eaf3355024fed01d78\"},\"breadcrumb\":{\"@id\":\"https:\\\/\\\/meripelastus.fi\\\/parainen\\\/infotilaisuus-infotillfalle\\\/#breadcrumb\"},\"inLanguage\":\"fi\",\"potentialAction\":[{\"@type\":\"ReadAction\",\"target\":[\"https:\\\/\\\/meripelastus.fi\\\/parainen\\\/infotilaisuus-infotillfalle\\\/\"]}]},{\"@type\":\"ImageObject\",\"inLanguage\":\"fi\",\"@id\":\"https:\\\/\\\/meripelastus.fi\\\/parainen\\\/infotilaisuus-infotillfalle\\\/#primaryimage\",\"url\":\"https:\\\/\\\/meripelastus.fi\\\/parainen\\\/wp-content\\\/uploads\\\/sites\\\/14\\\/2025\\\/06\\\/eerik_fagerholm_sjoraddning.jpg\",\"contentUrl\":\"https:\\\/\\\/meripelastus.fi\\\/parainen\\\/wp-content\\\/uploads\\\/sites\\\/14\\\/2025\\\/06\\\/eerik_fagerholm_sjoraddning.jpg\",\"width\":720,\"height\":962},{\"@type\":\"BreadcrumbList\",\"@id\":\"https:\\\/\\\/meripelastus.fi\\\/parainen\\\/infotilaisuus-infotillfalle\\\/#breadcrumb\",\"itemListElement\":[{\"@type\":\"ListItem\",\"position\":1,\"name\":\"Etusivu\",\"item\":\"https:\\\/\\\/meripelastus.fi\\\/parainen\\\/\"},{\"@type\":\"ListItem\",\"position\":2,\"name\":\"INFOTILAISUUS | INFOTILLF\u00c4LLE\"}]},{\"@type\":\"WebSite\",\"@id\":\"https:\\\/\\\/meripelastus.fi\\\/parainen\\\/#website\",\"url\":\"https:\\\/\\\/meripelastus.fi\\\/parainen\\\/\",\"name\":\"Paraisten Meripelastajat\",\"description\":\"Vapaaehtoiset apunasi vesill\u00e4\",\"potentialAction\":[{\"@type\":\"SearchAction\",\"target\":{\"@type\":\"EntryPoint\",\"urlTemplate\":\"https:\\\/\\\/meripelastus.fi\\\/parainen\\\/?s={search_term_string}\"},\"query-input\":{\"@type\":\"PropertyValueSpecification\",\"valueRequired\":true,\"valueName\":\"search_term_string\"}}],\"inLanguage\":\"fi\"},{\"@type\":\"Person\",\"@id\":\"https:\\\/\\\/meripelastus.fi\\\/parainen\\\/#\\\/schema\\\/person\\\/478740c8a43ac7eaf3355024fed01d78\",\"name\":\"joni\",\"image\":{\"@type\":\"ImageObject\",\"inLanguage\":\"fi\",\"@id\":\"https:\\\/\\\/secure.gravatar.com\\\/avatar\\\/643b68c6e44392b0dc1d978e65d05352bd45ffb728d89f98c3b018ce37149874?s=96&d=mm&r=g\",\"url\":\"https:\\\/\\\/secure.gravatar.com\\\/avatar\\\/643b68c6e44392b0dc1d978e65d05352bd45ffb728d89f98c3b018ce37149874?s=96&d=mm&r=g\",\"contentUrl\":\"https:\\\/\\\/secure.gravatar.com\\\/avatar\\\/643b68c6e44392b0dc1d978e65d05352bd45ffb728d89f98c3b018ce37149874?s=96&d=mm&r=g\",\"caption\":\"joni\"},\"url\":\"https:\\\/\\\/meripelastus.fi\\\/parainen\\\/author\\\/joni\\\/\"}]}<\/script>\n<!-- \/ Yoast SEO Premium plugin. -->","yoast_head_json":{"title":"INFOTILAISUUS | INFOTILLF\u00c4LLE - Paraisten Meripelastajat","robots":{"index":"index","follow":"follow","max-snippet":"max-snippet:-1","max-image-preview":"max-image-preview:large","max-video-preview":"max-video-preview:-1"},"canonical":"https:\/\/meripelastus.fi\/parainen\/infotilaisuus-infotillfalle\/","og_locale":"fi_FI","og_type":"article","og_title":"INFOTILAISUUS | INFOTILLF\u00c4LLE","og_description":"Tervetuloa 27.6.2025 klo 18-21 Lillm\u00e4l\u00f6n luotsiasemalle, Saaristotie 3026. Kerromme miten tulla mukaan vapaaehtoisten meripelastajien miehist\u00f6ihin sek\u00e4 k\u00e4yt\u00e4nn\u00f6n asiaa toiminnasta. Ilmoittaudu pikaisesti, viimeist\u00e4\u00e4n 25.6.2025 s\u00e4hk\u00f6postitse: pj.parainen@messi.meripelastus.fi V\u00e4lkommen till lotsstationen i Lillm\u00e4l\u00f6, Sk\u00e4rg\u00e5rdsv\u00e4gen 3026 den 27.6.2025 kl 18-21. Hur g\u00f6r man f\u00f6r att komma med i bes\u00e4ttningen och hur fungerar den frivilliga sj\u00f6r\u00e4ddningen i praktiken &#8211; anm\u00e4l [&hellip;]","og_url":"https:\/\/meripelastus.fi\/parainen\/infotilaisuus-infotillfalle\/","og_site_name":"Paraisten Meripelastajat","article_published_time":"2025-06-09T12:44:53+00:00","article_modified_time":"2025-06-09T12:55:19+00:00","og_image":[{"width":720,"height":962,"url":"https:\/\/meripelastus.fi\/parainen\/wp-content\/uploads\/sites\/14\/2025\/06\/eerik_fagerholm_sjoraddning.jpg","type":"image\/jpeg"}],"author":"joni","twitter_card":"summary_large_image","twitter_misc":{"Kirjoittanut":"joni","Arvioitu lukuaika":"1 minuutti"},"schema":{"@context":"https:\/\/schema.org","@graph":[{"@type":"Article","@id":"https:\/\/meripelastus.fi\/parainen\/infotilaisuus-infotillfalle\/#article","isPartOf":{"@id":"https:\/\/meripelastus.fi\/parainen\/infotilaisuus-infotillfalle\/"},"author":{"name":"joni","@id":"https:\/\/meripelastus.fi\/parainen\/#\/schema\/person\/478740c8a43ac7eaf3355024fed01d78"},"headline":"INFOTILAISUUS | INFOTILLF\u00c4LLE","datePublished":"2025-06-09T12:44:53+00:00","dateModified":"2025-06-09T12:55:19+00:00","mainEntityOfPage":{"@id":"https:\/\/meripelastus.fi\/parainen\/infotilaisuus-infotillfalle\/"},"wordCount":92,"image":{"@id":"https:\/\/meripelastus.fi\/parainen\/infotilaisuus-infotillfalle\/#primaryimage"},"thumbnailUrl":"https:\/\/meripelastus.fi\/parainen\/wp-content\/uploads\/sites\/14\/2025\/06\/eerik_fagerholm_sjoraddning.jpg","keywords":["meripelastus","parainen","pargas","sj\u00f6r\u00e4ddning"],"articleSection":["Uutiset"],"inLanguage":"fi"},{"@type":"WebPage","@id":"https:\/\/meripelastus.fi\/parainen\/infotilaisuus-infotillfalle\/","url":"https:\/\/meripelastus.fi\/parainen\/infotilaisuus-infotillfalle\/","name":"INFOTILAISUUS | INFOTILLF\u00c4LLE - Paraisten Meripelastajat","isPartOf":{"@id":"https:\/\/meripelastus.fi\/parainen\/#website"},"primaryImageOfPage":{"@id":"https:\/\/meripelastus.fi\/parainen\/infotilaisuus-infotillfalle\/#primaryimage"},"image":{"@id":"https:\/\/meripelastus.fi\/parainen\/infotilaisuus-infotillfalle\/#primaryimage"},"thumbnailUrl":"https:\/\/meripelastus.fi\/parainen\/wp-content\/uploads\/sites\/14\/2025\/06\/eerik_fagerholm_sjoraddning.jpg","datePublished":"2025-06-09T12:44:53+00:00","dateModified":"2025-06-09T12:55:19+00:00","author":{"@id":"https:\/\/meripelastus.fi\/parainen\/#\/schema\/person\/478740c8a43ac7eaf3355024fed01d78"},"breadcrumb":{"@id":"https:\/\/meripelastus.fi\/parainen\/infotilaisuus-infotillfalle\/#breadcrumb"},"inLanguage":"fi","potentialAction":[{"@type":"ReadAction","target":["https:\/\/meripelastus.fi\/parainen\/infotilaisuus-infotillfalle\/"]}]},{"@type":"ImageObject","inLanguage":"fi","@id":"https:\/\/meripelastus.fi\/parainen\/infotilaisuus-infotillfalle\/#primaryimage","url":"https:\/\/meripelastus.fi\/parainen\/wp-content\/uploads\/sites\/14\/2025\/06\/eerik_fagerholm_sjoraddning.jpg","contentUrl":"https:\/\/meripelastus.fi\/parainen\/wp-content\/uploads\/sites\/14\/2025\/06\/eerik_fagerholm_sjoraddning.jpg","width":720,"height":962},{"@type":"BreadcrumbList","@id":"https:\/\/meripelastus.fi\/parainen\/infotilaisuus-infotillfalle\/#breadcrumb","itemListElement":[{"@type":"ListItem","position":1,"name":"Etusivu","item":"https:\/\/meripelastus.fi\/parainen\/"},{"@type":"ListItem","position":2,"name":"INFOTILAISUUS | INFOTILLF\u00c4LLE"}]},{"@type":"WebSite","@id":"https:\/\/meripelastus.fi\/parainen\/#website","url":"https:\/\/meripelastus.fi\/parainen\/","name":"Paraisten Meripelastajat","description":"Vapaaehtoiset apunasi vesill\u00e4","potentialAction":[{"@type":"SearchAction","target":{"@type":"EntryPoint","urlTemplate":"https:\/\/meripelastus.fi\/parainen\/?s={search_term_string}"},"query-input":{"@type":"PropertyValueSpecification","valueRequired":true,"valueName":"search_term_string"}}],"inLanguage":"fi"},{"@type":"Person","@id":"https:\/\/meripelastus.fi\/parainen\/#\/schema\/person\/478740c8a43ac7eaf3355024fed01d78","name":"joni","image":{"@type":"ImageObject","inLanguage":"fi","@id":"https:\/\/secure.gravatar.com\/avatar\/643b68c6e44392b0dc1d978e65d05352bd45ffb728d89f98c3b018ce37149874?s=96&d=mm&r=g","url":"https:\/\/secure.gravatar.com\/avatar\/643b68c6e44392b0dc1d978e65d05352bd45ffb728d89f98c3b018ce37149874?s=96&d=mm&r=g","contentUrl":"https:\/\/secure.gravatar.com\/avatar\/643b68c6e44392b0dc1d978e65d05352bd45ffb728d89f98c3b018ce37149874?s=96&d=mm&r=g","caption":"joni"},"url":"https:\/\/meripelastus.fi\/parainen\/author\/joni\/"}]}},"_links":{"self":[{"href":"https:\/\/meripelastus.fi\/parainen\/wp-json\/wp\/v2\/posts\/549","targetHints":{"allow":["GET"]}}],"collection":[{"href":"https:\/\/meripelastus.fi\/parainen\/wp-json\/wp\/v2\/posts"}],"about":[{"href":"https:\/\/meripelastus.fi\/parainen\/wp-json\/wp\/v2\/types\/post"}],"author":[{"embeddable":true,"href":"https:\/\/meripelastus.fi\/parainen\/wp-json\/wp\/v2\/users\/26"}],"replies":[{"embeddable":true,"href":"https:\/\/meripelastus.fi\/parainen\/wp-json\/wp\/v2\/comments?post=549"}],"version-history":[{"count":3,"href":"https:\/\/meripelastus.fi\/parainen\/wp-json\/wp\/v2\/posts\/549\/revisions"}],"predecessor-version":[{"id":554,"href":"https:\/\/meripelastus.fi\/parainen\/wp-json\/wp\/v2\/posts\/549\/revisions\/554"}],"wp:featuredmedia":[{"embeddable":true,"href":"https:\/\/meripelastus.fi\/parainen\/wp-json\/wp\/v2\/media\/550"}],"wp:attachment":[{"href":"https:\/\/meripelastus.fi\/parainen\/wp-json\/wp\/v2\/media?parent=549"}],"wp:term":[{"taxonomy":"category","embeddable":true,"href":"https:\/\/meripelastus.fi\/parainen\/wp-json\/wp\/v2\/categories?post=549"},{"taxonomy":"post_tag","embeddable":true,"href":"https:\/\/meripelastus.fi\/parainen\/wp-json\/wp\/v2\/tags?post=549"}],"curies":[{"name":"wp","href":"https:\/\/api.w.org\/{rel}","templated":true}]}}