{"id":543,"date":"2024-10-27T19:16:44","date_gmt":"2024-10-27T17:16:44","guid":{"rendered":"https:\/\/meripelastus.fi\/parainen\/?p=543"},"modified":"2024-10-27T19:16:45","modified_gmt":"2024-10-27T17:16:45","slug":"ny-styrelsemedlem-uusi-jasen-hallitukseen","status":"publish","type":"post","link":"https:\/\/meripelastus.fi\/parainen\/ny-styrelsemedlem-uusi-jasen-hallitukseen\/","title":{"rendered":"Ny styrelsemedlem &#8211; uusi j\u00e4sen hallitukseen"},"content":{"rendered":"\n<figure class=\"wp-block-image\"><img loading=\"lazy\" decoding=\"async\" width=\"1536\" height=\"2048\" src=\"https:\/\/meripelastus.fi\/parainen\/wp-content\/uploads\/sites\/14\/2024\/10\/241026_velipekkaNurmi.jpg\" alt=\"\" class=\"wp-image-544\" srcset=\"https:\/\/meripelastus.fi\/parainen\/wp-content\/uploads\/sites\/14\/2024\/10\/241026_velipekkaNurmi.jpg 1536w, https:\/\/meripelastus.fi\/parainen\/wp-content\/uploads\/sites\/14\/2024\/10\/241026_velipekkaNurmi-225x300.jpg 225w, https:\/\/meripelastus.fi\/parainen\/wp-content\/uploads\/sites\/14\/2024\/10\/241026_velipekkaNurmi-768x1024.jpg 768w, https:\/\/meripelastus.fi\/parainen\/wp-content\/uploads\/sites\/14\/2024\/10\/241026_velipekkaNurmi-1152x1536.jpg 1152w\" sizes=\"auto, (max-width: 1536px) 100vw, 1536px\" \/><\/figure>\n\n\n\n<p>F\u00f6reningst\u00e4mman valde TkD, DI <strong>Veli-Pekka Nurmi<\/strong> till styrelsen. Han har erfarenhet som direkt\u00f6r till Onnettomuustutkintakeskus Otkes, numera direkt\u00f6r med ansvarsomr\u00e5det s\u00e4kerhet och ledningsgruppmedlem till Teollisuuden Voima Oy. L\u00f6rdagen den 26.10.2024 var inte hans f\u00f6rsta g\u00e5ng ombord p\u00e5 sj\u00f6r\u00e4ddningsfartygen, ty han har redan tidigare erfarenhet som sj\u00f6r\u00e4ddare.<\/p>\n\n\n\n<p>Yhdistyksen kokous valitsi hallituksen uudeksi j\u00e4seneksi TkT, DI <strong>Veli-Pekka Nurmen<\/strong>. H\u00e4n on aiemmin toiminut Onnettomuustutkintakeskus Otkes&#8217;in johtajana, nyky\u00e4\u00e4n turvallisuusjohtajana ja johtoryhm\u00e4n j\u00e4senen\u00e4 Teollisuuden Voima Oy:ssa. Meripelastus ei ole Veli-Pekka Nurmelle uutta, sill\u00e4 h\u00e4nell\u00e4 on my\u00f6s aiempaa k\u00e4yt\u00e4nn\u00f6n kokemusta meripelastustoiminnasta.<\/p>\n\n\n\n<p><\/p>\n","protected":false},"excerpt":{"rendered":"<p>F\u00f6reningst\u00e4mman valde TkD, DI Veli-Pekka Nurmi till styrelsen. Han har erfarenhet som direkt\u00f6r till Onnettomuustutkintakeskus Otkes, numera direkt\u00f6r med ansvarsomr\u00e5det s\u00e4kerhet och ledningsgruppmedlem till Teollisuuden Voima Oy. L\u00f6rdagen den 26.10.2024 var inte hans f\u00f6rsta g\u00e5ng ombord p\u00e5 sj\u00f6r\u00e4ddningsfartygen, ty han har redan tidigare erfarenhet som sj\u00f6r\u00e4ddare. Yhdistyksen kokous valitsi hallituksen uudeksi j\u00e4seneksi TkT, DI Veli-Pekka [&hellip;]<\/p>\n","protected":false},"author":26,"featured_media":544,"comment_status":"closed","ping_status":"open","sticky":false,"template":"","format":"standard","meta":{"_acf_changed":false,"inline_featured_image":false,"footnotes":""},"categories":[1],"tags":[18,20,16,14],"class_list":["post-543","post","type-post","status-publish","format-standard","has-post-thumbnail","hentry","category-uutiset","tag-hallitus","tag-kokemus","tag-meripelastus","tag-turvallisuus"],"acf":[],"yoast_head":"<!-- This site is optimized with the Yoast SEO Premium plugin v27.4 (Yoast SEO v27.4) - https:\/\/yoast.com\/product\/yoast-seo-premium-wordpress\/ -->\n<title>Ny styrelsemedlem - uusi j\u00e4sen hallitukseen - Paraisten Meripelastajat<\/title>\n<meta name=\"robots\" content=\"index, follow, max-snippet:-1, max-image-preview:large, max-video-preview:-1\" \/>\n<link rel=\"canonical\" href=\"https:\/\/meripelastus.fi\/parainen\/ny-styrelsemedlem-uusi-jasen-hallitukseen\/\" \/>\n<meta property=\"og:locale\" content=\"fi_FI\" \/>\n<meta property=\"og:type\" content=\"article\" \/>\n<meta property=\"og:title\" content=\"Ny styrelsemedlem - uusi j\u00e4sen hallitukseen\" \/>\n<meta property=\"og:description\" content=\"F\u00f6reningst\u00e4mman valde TkD, DI Veli-Pekka Nurmi till styrelsen. Han har erfarenhet som direkt\u00f6r till Onnettomuustutkintakeskus Otkes, numera direkt\u00f6r med ansvarsomr\u00e5det s\u00e4kerhet och ledningsgruppmedlem till Teollisuuden Voima Oy. L\u00f6rdagen den 26.10.2024 var inte hans f\u00f6rsta g\u00e5ng ombord p\u00e5 sj\u00f6r\u00e4ddningsfartygen, ty han har redan tidigare erfarenhet som sj\u00f6r\u00e4ddare. Yhdistyksen kokous valitsi hallituksen uudeksi j\u00e4seneksi TkT, DI Veli-Pekka [&hellip;]\" \/>\n<meta property=\"og:url\" content=\"https:\/\/meripelastus.fi\/parainen\/ny-styrelsemedlem-uusi-jasen-hallitukseen\/\" \/>\n<meta property=\"og:site_name\" content=\"Paraisten Meripelastajat\" \/>\n<meta property=\"article:published_time\" content=\"2024-10-27T17:16:44+00:00\" \/>\n<meta property=\"article:modified_time\" content=\"2024-10-27T17:16:45+00:00\" \/>\n<meta property=\"og:image\" content=\"https:\/\/meripelastus.fi\/parainen\/wp-content\/uploads\/sites\/14\/2024\/10\/241026_velipekkaNurmi.jpg\" \/>\n\t<meta property=\"og:image:width\" content=\"1536\" \/>\n\t<meta property=\"og:image:height\" content=\"2048\" \/>\n\t<meta property=\"og:image:type\" content=\"image\/jpeg\" \/>\n<meta name=\"author\" content=\"joni\" \/>\n<meta name=\"twitter:card\" content=\"summary_large_image\" \/>\n<meta name=\"twitter:label1\" content=\"Kirjoittanut\" \/>\n\t<meta name=\"twitter:data1\" content=\"joni\" \/>\n\t<meta name=\"twitter:label2\" content=\"Arvioitu lukuaika\" \/>\n\t<meta name=\"twitter:data2\" content=\"1 minuutti\" \/>\n<script type=\"application\/ld+json\" class=\"yoast-schema-graph\">{\"@context\":\"https:\\\/\\\/schema.org\",\"@graph\":[{\"@type\":\"Article\",\"@id\":\"https:\\\/\\\/meripelastus.fi\\\/parainen\\\/ny-styrelsemedlem-uusi-jasen-hallitukseen\\\/#article\",\"isPartOf\":{\"@id\":\"https:\\\/\\\/meripelastus.fi\\\/parainen\\\/ny-styrelsemedlem-uusi-jasen-hallitukseen\\\/\"},\"author\":{\"name\":\"joni\",\"@id\":\"https:\\\/\\\/meripelastus.fi\\\/parainen\\\/#\\\/schema\\\/person\\\/478740c8a43ac7eaf3355024fed01d78\"},\"headline\":\"Ny styrelsemedlem &#8211; uusi j\u00e4sen hallitukseen\",\"datePublished\":\"2024-10-27T17:16:44+00:00\",\"dateModified\":\"2024-10-27T17:16:45+00:00\",\"mainEntityOfPage\":{\"@id\":\"https:\\\/\\\/meripelastus.fi\\\/parainen\\\/ny-styrelsemedlem-uusi-jasen-hallitukseen\\\/\"},\"wordCount\":116,\"image\":{\"@id\":\"https:\\\/\\\/meripelastus.fi\\\/parainen\\\/ny-styrelsemedlem-uusi-jasen-hallitukseen\\\/#primaryimage\"},\"thumbnailUrl\":\"https:\\\/\\\/meripelastus.fi\\\/parainen\\\/wp-content\\\/uploads\\\/sites\\\/14\\\/2024\\\/10\\\/241026_velipekkaNurmi.jpg\",\"keywords\":[\"hallitus\",\"kokemus\",\"meripelastus\",\"turvallisuus\"],\"articleSection\":[\"Uutiset\"],\"inLanguage\":\"fi\"},{\"@type\":\"WebPage\",\"@id\":\"https:\\\/\\\/meripelastus.fi\\\/parainen\\\/ny-styrelsemedlem-uusi-jasen-hallitukseen\\\/\",\"url\":\"https:\\\/\\\/meripelastus.fi\\\/parainen\\\/ny-styrelsemedlem-uusi-jasen-hallitukseen\\\/\",\"name\":\"Ny styrelsemedlem - uusi j\u00e4sen hallitukseen - Paraisten Meripelastajat\",\"isPartOf\":{\"@id\":\"https:\\\/\\\/meripelastus.fi\\\/parainen\\\/#website\"},\"primaryImageOfPage\":{\"@id\":\"https:\\\/\\\/meripelastus.fi\\\/parainen\\\/ny-styrelsemedlem-uusi-jasen-hallitukseen\\\/#primaryimage\"},\"image\":{\"@id\":\"https:\\\/\\\/meripelastus.fi\\\/parainen\\\/ny-styrelsemedlem-uusi-jasen-hallitukseen\\\/#primaryimage\"},\"thumbnailUrl\":\"https:\\\/\\\/meripelastus.fi\\\/parainen\\\/wp-content\\\/uploads\\\/sites\\\/14\\\/2024\\\/10\\\/241026_velipekkaNurmi.jpg\",\"datePublished\":\"2024-10-27T17:16:44+00:00\",\"dateModified\":\"2024-10-27T17:16:45+00:00\",\"author\":{\"@id\":\"https:\\\/\\\/meripelastus.fi\\\/parainen\\\/#\\\/schema\\\/person\\\/478740c8a43ac7eaf3355024fed01d78\"},\"breadcrumb\":{\"@id\":\"https:\\\/\\\/meripelastus.fi\\\/parainen\\\/ny-styrelsemedlem-uusi-jasen-hallitukseen\\\/#breadcrumb\"},\"inLanguage\":\"fi\",\"potentialAction\":[{\"@type\":\"ReadAction\",\"target\":[\"https:\\\/\\\/meripelastus.fi\\\/parainen\\\/ny-styrelsemedlem-uusi-jasen-hallitukseen\\\/\"]}]},{\"@type\":\"ImageObject\",\"inLanguage\":\"fi\",\"@id\":\"https:\\\/\\\/meripelastus.fi\\\/parainen\\\/ny-styrelsemedlem-uusi-jasen-hallitukseen\\\/#primaryimage\",\"url\":\"https:\\\/\\\/meripelastus.fi\\\/parainen\\\/wp-content\\\/uploads\\\/sites\\\/14\\\/2024\\\/10\\\/241026_velipekkaNurmi.jpg\",\"contentUrl\":\"https:\\\/\\\/meripelastus.fi\\\/parainen\\\/wp-content\\\/uploads\\\/sites\\\/14\\\/2024\\\/10\\\/241026_velipekkaNurmi.jpg\",\"width\":1536,\"height\":2048},{\"@type\":\"BreadcrumbList\",\"@id\":\"https:\\\/\\\/meripelastus.fi\\\/parainen\\\/ny-styrelsemedlem-uusi-jasen-hallitukseen\\\/#breadcrumb\",\"itemListElement\":[{\"@type\":\"ListItem\",\"position\":1,\"name\":\"Etusivu\",\"item\":\"https:\\\/\\\/meripelastus.fi\\\/parainen\\\/\"},{\"@type\":\"ListItem\",\"position\":2,\"name\":\"Ny styrelsemedlem &#8211; uusi j\u00e4sen hallitukseen\"}]},{\"@type\":\"WebSite\",\"@id\":\"https:\\\/\\\/meripelastus.fi\\\/parainen\\\/#website\",\"url\":\"https:\\\/\\\/meripelastus.fi\\\/parainen\\\/\",\"name\":\"Paraisten Meripelastajat\",\"description\":\"Vapaaehtoiset apunasi vesill\u00e4\",\"potentialAction\":[{\"@type\":\"SearchAction\",\"target\":{\"@type\":\"EntryPoint\",\"urlTemplate\":\"https:\\\/\\\/meripelastus.fi\\\/parainen\\\/?s={search_term_string}\"},\"query-input\":{\"@type\":\"PropertyValueSpecification\",\"valueRequired\":true,\"valueName\":\"search_term_string\"}}],\"inLanguage\":\"fi\"},{\"@type\":\"Person\",\"@id\":\"https:\\\/\\\/meripelastus.fi\\\/parainen\\\/#\\\/schema\\\/person\\\/478740c8a43ac7eaf3355024fed01d78\",\"name\":\"joni\",\"image\":{\"@type\":\"ImageObject\",\"inLanguage\":\"fi\",\"@id\":\"https:\\\/\\\/secure.gravatar.com\\\/avatar\\\/643b68c6e44392b0dc1d978e65d05352bd45ffb728d89f98c3b018ce37149874?s=96&d=mm&r=g\",\"url\":\"https:\\\/\\\/secure.gravatar.com\\\/avatar\\\/643b68c6e44392b0dc1d978e65d05352bd45ffb728d89f98c3b018ce37149874?s=96&d=mm&r=g\",\"contentUrl\":\"https:\\\/\\\/secure.gravatar.com\\\/avatar\\\/643b68c6e44392b0dc1d978e65d05352bd45ffb728d89f98c3b018ce37149874?s=96&d=mm&r=g\",\"caption\":\"joni\"},\"url\":\"https:\\\/\\\/meripelastus.fi\\\/parainen\\\/author\\\/joni\\\/\"}]}<\/script>\n<!-- \/ Yoast SEO Premium plugin. -->","yoast_head_json":{"title":"Ny styrelsemedlem - uusi j\u00e4sen hallitukseen - Paraisten Meripelastajat","robots":{"index":"index","follow":"follow","max-snippet":"max-snippet:-1","max-image-preview":"max-image-preview:large","max-video-preview":"max-video-preview:-1"},"canonical":"https:\/\/meripelastus.fi\/parainen\/ny-styrelsemedlem-uusi-jasen-hallitukseen\/","og_locale":"fi_FI","og_type":"article","og_title":"Ny styrelsemedlem - uusi j\u00e4sen hallitukseen","og_description":"F\u00f6reningst\u00e4mman valde TkD, DI Veli-Pekka Nurmi till styrelsen. Han har erfarenhet som direkt\u00f6r till Onnettomuustutkintakeskus Otkes, numera direkt\u00f6r med ansvarsomr\u00e5det s\u00e4kerhet och ledningsgruppmedlem till Teollisuuden Voima Oy. L\u00f6rdagen den 26.10.2024 var inte hans f\u00f6rsta g\u00e5ng ombord p\u00e5 sj\u00f6r\u00e4ddningsfartygen, ty han har redan tidigare erfarenhet som sj\u00f6r\u00e4ddare. Yhdistyksen kokous valitsi hallituksen uudeksi j\u00e4seneksi TkT, DI Veli-Pekka [&hellip;]","og_url":"https:\/\/meripelastus.fi\/parainen\/ny-styrelsemedlem-uusi-jasen-hallitukseen\/","og_site_name":"Paraisten Meripelastajat","article_published_time":"2024-10-27T17:16:44+00:00","article_modified_time":"2024-10-27T17:16:45+00:00","og_image":[{"width":1536,"height":2048,"url":"https:\/\/meripelastus.fi\/parainen\/wp-content\/uploads\/sites\/14\/2024\/10\/241026_velipekkaNurmi.jpg","type":"image\/jpeg"}],"author":"joni","twitter_card":"summary_large_image","twitter_misc":{"Kirjoittanut":"joni","Arvioitu lukuaika":"1 minuutti"},"schema":{"@context":"https:\/\/schema.org","@graph":[{"@type":"Article","@id":"https:\/\/meripelastus.fi\/parainen\/ny-styrelsemedlem-uusi-jasen-hallitukseen\/#article","isPartOf":{"@id":"https:\/\/meripelastus.fi\/parainen\/ny-styrelsemedlem-uusi-jasen-hallitukseen\/"},"author":{"name":"joni","@id":"https:\/\/meripelastus.fi\/parainen\/#\/schema\/person\/478740c8a43ac7eaf3355024fed01d78"},"headline":"Ny styrelsemedlem &#8211; uusi j\u00e4sen hallitukseen","datePublished":"2024-10-27T17:16:44+00:00","dateModified":"2024-10-27T17:16:45+00:00","mainEntityOfPage":{"@id":"https:\/\/meripelastus.fi\/parainen\/ny-styrelsemedlem-uusi-jasen-hallitukseen\/"},"wordCount":116,"image":{"@id":"https:\/\/meripelastus.fi\/parainen\/ny-styrelsemedlem-uusi-jasen-hallitukseen\/#primaryimage"},"thumbnailUrl":"https:\/\/meripelastus.fi\/parainen\/wp-content\/uploads\/sites\/14\/2024\/10\/241026_velipekkaNurmi.jpg","keywords":["hallitus","kokemus","meripelastus","turvallisuus"],"articleSection":["Uutiset"],"inLanguage":"fi"},{"@type":"WebPage","@id":"https:\/\/meripelastus.fi\/parainen\/ny-styrelsemedlem-uusi-jasen-hallitukseen\/","url":"https:\/\/meripelastus.fi\/parainen\/ny-styrelsemedlem-uusi-jasen-hallitukseen\/","name":"Ny styrelsemedlem - uusi j\u00e4sen hallitukseen - Paraisten Meripelastajat","isPartOf":{"@id":"https:\/\/meripelastus.fi\/parainen\/#website"},"primaryImageOfPage":{"@id":"https:\/\/meripelastus.fi\/parainen\/ny-styrelsemedlem-uusi-jasen-hallitukseen\/#primaryimage"},"image":{"@id":"https:\/\/meripelastus.fi\/parainen\/ny-styrelsemedlem-uusi-jasen-hallitukseen\/#primaryimage"},"thumbnailUrl":"https:\/\/meripelastus.fi\/parainen\/wp-content\/uploads\/sites\/14\/2024\/10\/241026_velipekkaNurmi.jpg","datePublished":"2024-10-27T17:16:44+00:00","dateModified":"2024-10-27T17:16:45+00:00","author":{"@id":"https:\/\/meripelastus.fi\/parainen\/#\/schema\/person\/478740c8a43ac7eaf3355024fed01d78"},"breadcrumb":{"@id":"https:\/\/meripelastus.fi\/parainen\/ny-styrelsemedlem-uusi-jasen-hallitukseen\/#breadcrumb"},"inLanguage":"fi","potentialAction":[{"@type":"ReadAction","target":["https:\/\/meripelastus.fi\/parainen\/ny-styrelsemedlem-uusi-jasen-hallitukseen\/"]}]},{"@type":"ImageObject","inLanguage":"fi","@id":"https:\/\/meripelastus.fi\/parainen\/ny-styrelsemedlem-uusi-jasen-hallitukseen\/#primaryimage","url":"https:\/\/meripelastus.fi\/parainen\/wp-content\/uploads\/sites\/14\/2024\/10\/241026_velipekkaNurmi.jpg","contentUrl":"https:\/\/meripelastus.fi\/parainen\/wp-content\/uploads\/sites\/14\/2024\/10\/241026_velipekkaNurmi.jpg","width":1536,"height":2048},{"@type":"BreadcrumbList","@id":"https:\/\/meripelastus.fi\/parainen\/ny-styrelsemedlem-uusi-jasen-hallitukseen\/#breadcrumb","itemListElement":[{"@type":"ListItem","position":1,"name":"Etusivu","item":"https:\/\/meripelastus.fi\/parainen\/"},{"@type":"ListItem","position":2,"name":"Ny styrelsemedlem &#8211; uusi j\u00e4sen hallitukseen"}]},{"@type":"WebSite","@id":"https:\/\/meripelastus.fi\/parainen\/#website","url":"https:\/\/meripelastus.fi\/parainen\/","name":"Paraisten Meripelastajat","description":"Vapaaehtoiset apunasi vesill\u00e4","potentialAction":[{"@type":"SearchAction","target":{"@type":"EntryPoint","urlTemplate":"https:\/\/meripelastus.fi\/parainen\/?s={search_term_string}"},"query-input":{"@type":"PropertyValueSpecification","valueRequired":true,"valueName":"search_term_string"}}],"inLanguage":"fi"},{"@type":"Person","@id":"https:\/\/meripelastus.fi\/parainen\/#\/schema\/person\/478740c8a43ac7eaf3355024fed01d78","name":"joni","image":{"@type":"ImageObject","inLanguage":"fi","@id":"https:\/\/secure.gravatar.com\/avatar\/643b68c6e44392b0dc1d978e65d05352bd45ffb728d89f98c3b018ce37149874?s=96&d=mm&r=g","url":"https:\/\/secure.gravatar.com\/avatar\/643b68c6e44392b0dc1d978e65d05352bd45ffb728d89f98c3b018ce37149874?s=96&d=mm&r=g","contentUrl":"https:\/\/secure.gravatar.com\/avatar\/643b68c6e44392b0dc1d978e65d05352bd45ffb728d89f98c3b018ce37149874?s=96&d=mm&r=g","caption":"joni"},"url":"https:\/\/meripelastus.fi\/parainen\/author\/joni\/"}]}},"_links":{"self":[{"href":"https:\/\/meripelastus.fi\/parainen\/wp-json\/wp\/v2\/posts\/543","targetHints":{"allow":["GET"]}}],"collection":[{"href":"https:\/\/meripelastus.fi\/parainen\/wp-json\/wp\/v2\/posts"}],"about":[{"href":"https:\/\/meripelastus.fi\/parainen\/wp-json\/wp\/v2\/types\/post"}],"author":[{"embeddable":true,"href":"https:\/\/meripelastus.fi\/parainen\/wp-json\/wp\/v2\/users\/26"}],"replies":[{"embeddable":true,"href":"https:\/\/meripelastus.fi\/parainen\/wp-json\/wp\/v2\/comments?post=543"}],"version-history":[{"count":2,"href":"https:\/\/meripelastus.fi\/parainen\/wp-json\/wp\/v2\/posts\/543\/revisions"}],"predecessor-version":[{"id":546,"href":"https:\/\/meripelastus.fi\/parainen\/wp-json\/wp\/v2\/posts\/543\/revisions\/546"}],"wp:featuredmedia":[{"embeddable":true,"href":"https:\/\/meripelastus.fi\/parainen\/wp-json\/wp\/v2\/media\/544"}],"wp:attachment":[{"href":"https:\/\/meripelastus.fi\/parainen\/wp-json\/wp\/v2\/media?parent=543"}],"wp:term":[{"taxonomy":"category","embeddable":true,"href":"https:\/\/meripelastus.fi\/parainen\/wp-json\/wp\/v2\/categories?post=543"},{"taxonomy":"post_tag","embeddable":true,"href":"https:\/\/meripelastus.fi\/parainen\/wp-json\/wp\/v2\/tags?post=543"}],"curies":[{"name":"wp","href":"https:\/\/api.w.org\/{rel}","templated":true}]}}