{"id":336,"date":"2022-01-17T20:52:03","date_gmt":"2022-01-17T18:52:03","guid":{"rendered":"https:\/\/meripelastus.fi\/meri-lappi\/?p=336"},"modified":"2022-01-17T20:57:07","modified_gmt":"2022-01-17T18:57:07","slug":"syyskokouksen-henkilovalintoja","status":"publish","type":"post","link":"https:\/\/meripelastus.fi\/meri-lappi\/syyskokouksen-henkilovalintoja\/","title":{"rendered":"Syyskokouksen henkil\u00f6valintoja"},"content":{"rendered":"<p>Vuoden 2021 syyskokous valitsi uusia henkil\u00f6it\u00e4 yhdistyksen hallitukseen.<br \/>\nJani Leminaho ilmoitti jo hyviss\u00e4 ajoin syksyll\u00e4 j\u00e4tt\u00e4ytyv\u00e4ns\u00e4 ty\u00f6kiireiden vuoksi pois puheenjohtajan paikalta ja samoin kaikista hallitusteht\u00e4vist\u00e4.<\/p>\n<p>Uudeksi puheenjohtajaksi valittiin yksimielisesti Esa Eronen.<br \/>\nHallitukseen valittiin lis\u00e4ksi Pasi Lassuri ja Lasse Koskinen.<\/p>\n","protected":false},"excerpt":{"rendered":"<p>Vuoden 2021 syyskokous valitsi uusia henkil\u00f6it\u00e4 yhdistyksen hallitukseen. Jani Leminaho ilmoitti jo hyviss\u00e4 ajoin syksyll\u00e4 j\u00e4tt\u00e4ytyv\u00e4ns\u00e4 ty\u00f6kiireiden vuoksi pois puheenjohtajan paikalta ja samoin kaikista hallitusteht\u00e4vist\u00e4. Uudeksi puheenjohtajaksi valittiin yksimielisesti Esa Eronen. Hallitukseen valittiin lis\u00e4ksi Pasi Lassuri ja Lasse Koskinen.<\/p>\n","protected":false},"author":23,"featured_media":338,"comment_status":"closed","ping_status":"open","sticky":false,"template":"","format":"standard","meta":{"_acf_changed":false,"inline_featured_image":false,"footnotes":""},"categories":[1],"tags":[],"class_list":["post-336","post","type-post","status-publish","format-standard","has-post-thumbnail","hentry","category-uutiset"],"acf":[],"yoast_head":"<!-- This site is optimized with the Yoast SEO Premium plugin v27.4 (Yoast SEO v27.4) - https:\/\/yoast.com\/product\/yoast-seo-premium-wordpress\/ -->\n<title>Syyskokouksen henkil\u00f6valintoja - Meri-Lapin Meripelastajat<\/title>\n<meta name=\"robots\" content=\"index, follow, max-snippet:-1, max-image-preview:large, max-video-preview:-1\" \/>\n<link rel=\"canonical\" href=\"https:\/\/meripelastus.fi\/meri-lappi\/syyskokouksen-henkilovalintoja\/\" \/>\n<meta property=\"og:locale\" content=\"fi_FI\" \/>\n<meta property=\"og:type\" content=\"article\" \/>\n<meta property=\"og:title\" content=\"Syyskokouksen henkil\u00f6valintoja\" \/>\n<meta property=\"og:description\" content=\"Vuoden 2021 syyskokous valitsi uusia henkil\u00f6it\u00e4 yhdistyksen hallitukseen. Jani Leminaho ilmoitti jo hyviss\u00e4 ajoin syksyll\u00e4 j\u00e4tt\u00e4ytyv\u00e4ns\u00e4 ty\u00f6kiireiden vuoksi pois puheenjohtajan paikalta ja samoin kaikista hallitusteht\u00e4vist\u00e4. Uudeksi puheenjohtajaksi valittiin yksimielisesti Esa Eronen. Hallitukseen valittiin lis\u00e4ksi Pasi Lassuri ja Lasse Koskinen.\" \/>\n<meta property=\"og:url\" content=\"https:\/\/meripelastus.fi\/meri-lappi\/syyskokouksen-henkilovalintoja\/\" \/>\n<meta property=\"og:site_name\" content=\"Meri-Lapin Meripelastajat\" \/>\n<meta property=\"article:published_time\" content=\"2022-01-17T18:52:03+00:00\" \/>\n<meta property=\"article:modified_time\" content=\"2022-01-17T18:57:07+00:00\" \/>\n<meta property=\"og:image\" content=\"https:\/\/meripelastus.fi\/meri-lappi\/wp-content\/uploads\/sites\/12\/2022\/01\/tempImageTEDRpY-scaled.jpg\" \/>\n\t<meta property=\"og:image:width\" content=\"1920\" \/>\n\t<meta property=\"og:image:height\" content=\"2560\" \/>\n\t<meta property=\"og:image:type\" content=\"image\/jpeg\" \/>\n<meta name=\"author\" content=\"riku\" \/>\n<meta name=\"twitter:card\" content=\"summary_large_image\" \/>\n<meta name=\"twitter:label1\" content=\"Kirjoittanut\" \/>\n\t<meta name=\"twitter:data1\" content=\"riku\" \/>\n<script type=\"application\/ld+json\" class=\"yoast-schema-graph\">{\"@context\":\"https:\\\/\\\/schema.org\",\"@graph\":[{\"@type\":\"Article\",\"@id\":\"https:\\\/\\\/meripelastus.fi\\\/meri-lappi\\\/syyskokouksen-henkilovalintoja\\\/#article\",\"isPartOf\":{\"@id\":\"https:\\\/\\\/meripelastus.fi\\\/meri-lappi\\\/syyskokouksen-henkilovalintoja\\\/\"},\"author\":{\"name\":\"riku\",\"@id\":\"https:\\\/\\\/meripelastus.fi\\\/meri-lappi\\\/#\\\/schema\\\/person\\\/d4bf7140ec857704f20796341dd1625b\"},\"headline\":\"Syyskokouksen henkil\u00f6valintoja\",\"datePublished\":\"2022-01-17T18:52:03+00:00\",\"dateModified\":\"2022-01-17T18:57:07+00:00\",\"mainEntityOfPage\":{\"@id\":\"https:\\\/\\\/meripelastus.fi\\\/meri-lappi\\\/syyskokouksen-henkilovalintoja\\\/\"},\"wordCount\":48,\"image\":{\"@id\":\"https:\\\/\\\/meripelastus.fi\\\/meri-lappi\\\/syyskokouksen-henkilovalintoja\\\/#primaryimage\"},\"thumbnailUrl\":\"https:\\\/\\\/meripelastus.fi\\\/meri-lappi\\\/wp-content\\\/uploads\\\/sites\\\/12\\\/2022\\\/01\\\/tempImageTEDRpY-rotated.jpg\",\"articleSection\":[\"Uutiset\"],\"inLanguage\":\"fi\"},{\"@type\":\"WebPage\",\"@id\":\"https:\\\/\\\/meripelastus.fi\\\/meri-lappi\\\/syyskokouksen-henkilovalintoja\\\/\",\"url\":\"https:\\\/\\\/meripelastus.fi\\\/meri-lappi\\\/syyskokouksen-henkilovalintoja\\\/\",\"name\":\"Syyskokouksen henkil\u00f6valintoja - Meri-Lapin Meripelastajat\",\"isPartOf\":{\"@id\":\"https:\\\/\\\/meripelastus.fi\\\/meri-lappi\\\/#website\"},\"primaryImageOfPage\":{\"@id\":\"https:\\\/\\\/meripelastus.fi\\\/meri-lappi\\\/syyskokouksen-henkilovalintoja\\\/#primaryimage\"},\"image\":{\"@id\":\"https:\\\/\\\/meripelastus.fi\\\/meri-lappi\\\/syyskokouksen-henkilovalintoja\\\/#primaryimage\"},\"thumbnailUrl\":\"https:\\\/\\\/meripelastus.fi\\\/meri-lappi\\\/wp-content\\\/uploads\\\/sites\\\/12\\\/2022\\\/01\\\/tempImageTEDRpY-rotated.jpg\",\"datePublished\":\"2022-01-17T18:52:03+00:00\",\"dateModified\":\"2022-01-17T18:57:07+00:00\",\"author\":{\"@id\":\"https:\\\/\\\/meripelastus.fi\\\/meri-lappi\\\/#\\\/schema\\\/person\\\/d4bf7140ec857704f20796341dd1625b\"},\"breadcrumb\":{\"@id\":\"https:\\\/\\\/meripelastus.fi\\\/meri-lappi\\\/syyskokouksen-henkilovalintoja\\\/#breadcrumb\"},\"inLanguage\":\"fi\",\"potentialAction\":[{\"@type\":\"ReadAction\",\"target\":[\"https:\\\/\\\/meripelastus.fi\\\/meri-lappi\\\/syyskokouksen-henkilovalintoja\\\/\"]}]},{\"@type\":\"ImageObject\",\"inLanguage\":\"fi\",\"@id\":\"https:\\\/\\\/meripelastus.fi\\\/meri-lappi\\\/syyskokouksen-henkilovalintoja\\\/#primaryimage\",\"url\":\"https:\\\/\\\/meripelastus.fi\\\/meri-lappi\\\/wp-content\\\/uploads\\\/sites\\\/12\\\/2022\\\/01\\\/tempImageTEDRpY-rotated.jpg\",\"contentUrl\":\"https:\\\/\\\/meripelastus.fi\\\/meri-lappi\\\/wp-content\\\/uploads\\\/sites\\\/12\\\/2022\\\/01\\\/tempImageTEDRpY-rotated.jpg\",\"width\":3024,\"height\":4032},{\"@type\":\"BreadcrumbList\",\"@id\":\"https:\\\/\\\/meripelastus.fi\\\/meri-lappi\\\/syyskokouksen-henkilovalintoja\\\/#breadcrumb\",\"itemListElement\":[{\"@type\":\"ListItem\",\"position\":1,\"name\":\"Etusivu\",\"item\":\"https:\\\/\\\/meripelastus.fi\\\/meri-lappi\\\/\"},{\"@type\":\"ListItem\",\"position\":2,\"name\":\"Syyskokouksen henkil\u00f6valintoja\"}]},{\"@type\":\"WebSite\",\"@id\":\"https:\\\/\\\/meripelastus.fi\\\/meri-lappi\\\/#website\",\"url\":\"https:\\\/\\\/meripelastus.fi\\\/meri-lappi\\\/\",\"name\":\"Meri-Lapin Meripelastajat\",\"description\":\"Uusi SMPS Yhdistykset -sivusto\",\"potentialAction\":[{\"@type\":\"SearchAction\",\"target\":{\"@type\":\"EntryPoint\",\"urlTemplate\":\"https:\\\/\\\/meripelastus.fi\\\/meri-lappi\\\/?s={search_term_string}\"},\"query-input\":{\"@type\":\"PropertyValueSpecification\",\"valueRequired\":true,\"valueName\":\"search_term_string\"}}],\"inLanguage\":\"fi\"},{\"@type\":\"Person\",\"@id\":\"https:\\\/\\\/meripelastus.fi\\\/meri-lappi\\\/#\\\/schema\\\/person\\\/d4bf7140ec857704f20796341dd1625b\",\"name\":\"riku\",\"image\":{\"@type\":\"ImageObject\",\"inLanguage\":\"fi\",\"@id\":\"https:\\\/\\\/secure.gravatar.com\\\/avatar\\\/b328db2dd9fc458bd9ca224d1e1e72da60671e0405212a04096ace598564e6c6?s=96&d=mm&r=g\",\"url\":\"https:\\\/\\\/secure.gravatar.com\\\/avatar\\\/b328db2dd9fc458bd9ca224d1e1e72da60671e0405212a04096ace598564e6c6?s=96&d=mm&r=g\",\"contentUrl\":\"https:\\\/\\\/secure.gravatar.com\\\/avatar\\\/b328db2dd9fc458bd9ca224d1e1e72da60671e0405212a04096ace598564e6c6?s=96&d=mm&r=g\",\"caption\":\"riku\"},\"url\":\"https:\\\/\\\/meripelastus.fi\\\/meri-lappi\\\/author\\\/riku\\\/\"}]}<\/script>\n<!-- \/ Yoast SEO Premium plugin. -->","yoast_head_json":{"title":"Syyskokouksen henkil\u00f6valintoja - Meri-Lapin Meripelastajat","robots":{"index":"index","follow":"follow","max-snippet":"max-snippet:-1","max-image-preview":"max-image-preview:large","max-video-preview":"max-video-preview:-1"},"canonical":"https:\/\/meripelastus.fi\/meri-lappi\/syyskokouksen-henkilovalintoja\/","og_locale":"fi_FI","og_type":"article","og_title":"Syyskokouksen henkil\u00f6valintoja","og_description":"Vuoden 2021 syyskokous valitsi uusia henkil\u00f6it\u00e4 yhdistyksen hallitukseen. Jani Leminaho ilmoitti jo hyviss\u00e4 ajoin syksyll\u00e4 j\u00e4tt\u00e4ytyv\u00e4ns\u00e4 ty\u00f6kiireiden vuoksi pois puheenjohtajan paikalta ja samoin kaikista hallitusteht\u00e4vist\u00e4. Uudeksi puheenjohtajaksi valittiin yksimielisesti Esa Eronen. Hallitukseen valittiin lis\u00e4ksi Pasi Lassuri ja Lasse Koskinen.","og_url":"https:\/\/meripelastus.fi\/meri-lappi\/syyskokouksen-henkilovalintoja\/","og_site_name":"Meri-Lapin Meripelastajat","article_published_time":"2022-01-17T18:52:03+00:00","article_modified_time":"2022-01-17T18:57:07+00:00","og_image":[{"width":1920,"height":2560,"url":"https:\/\/meripelastus.fi\/meri-lappi\/wp-content\/uploads\/sites\/12\/2022\/01\/tempImageTEDRpY-scaled.jpg","type":"image\/jpeg"}],"author":"riku","twitter_card":"summary_large_image","twitter_misc":{"Kirjoittanut":"riku"},"schema":{"@context":"https:\/\/schema.org","@graph":[{"@type":"Article","@id":"https:\/\/meripelastus.fi\/meri-lappi\/syyskokouksen-henkilovalintoja\/#article","isPartOf":{"@id":"https:\/\/meripelastus.fi\/meri-lappi\/syyskokouksen-henkilovalintoja\/"},"author":{"name":"riku","@id":"https:\/\/meripelastus.fi\/meri-lappi\/#\/schema\/person\/d4bf7140ec857704f20796341dd1625b"},"headline":"Syyskokouksen henkil\u00f6valintoja","datePublished":"2022-01-17T18:52:03+00:00","dateModified":"2022-01-17T18:57:07+00:00","mainEntityOfPage":{"@id":"https:\/\/meripelastus.fi\/meri-lappi\/syyskokouksen-henkilovalintoja\/"},"wordCount":48,"image":{"@id":"https:\/\/meripelastus.fi\/meri-lappi\/syyskokouksen-henkilovalintoja\/#primaryimage"},"thumbnailUrl":"https:\/\/meripelastus.fi\/meri-lappi\/wp-content\/uploads\/sites\/12\/2022\/01\/tempImageTEDRpY-rotated.jpg","articleSection":["Uutiset"],"inLanguage":"fi"},{"@type":"WebPage","@id":"https:\/\/meripelastus.fi\/meri-lappi\/syyskokouksen-henkilovalintoja\/","url":"https:\/\/meripelastus.fi\/meri-lappi\/syyskokouksen-henkilovalintoja\/","name":"Syyskokouksen henkil\u00f6valintoja - Meri-Lapin Meripelastajat","isPartOf":{"@id":"https:\/\/meripelastus.fi\/meri-lappi\/#website"},"primaryImageOfPage":{"@id":"https:\/\/meripelastus.fi\/meri-lappi\/syyskokouksen-henkilovalintoja\/#primaryimage"},"image":{"@id":"https:\/\/meripelastus.fi\/meri-lappi\/syyskokouksen-henkilovalintoja\/#primaryimage"},"thumbnailUrl":"https:\/\/meripelastus.fi\/meri-lappi\/wp-content\/uploads\/sites\/12\/2022\/01\/tempImageTEDRpY-rotated.jpg","datePublished":"2022-01-17T18:52:03+00:00","dateModified":"2022-01-17T18:57:07+00:00","author":{"@id":"https:\/\/meripelastus.fi\/meri-lappi\/#\/schema\/person\/d4bf7140ec857704f20796341dd1625b"},"breadcrumb":{"@id":"https:\/\/meripelastus.fi\/meri-lappi\/syyskokouksen-henkilovalintoja\/#breadcrumb"},"inLanguage":"fi","potentialAction":[{"@type":"ReadAction","target":["https:\/\/meripelastus.fi\/meri-lappi\/syyskokouksen-henkilovalintoja\/"]}]},{"@type":"ImageObject","inLanguage":"fi","@id":"https:\/\/meripelastus.fi\/meri-lappi\/syyskokouksen-henkilovalintoja\/#primaryimage","url":"https:\/\/meripelastus.fi\/meri-lappi\/wp-content\/uploads\/sites\/12\/2022\/01\/tempImageTEDRpY-rotated.jpg","contentUrl":"https:\/\/meripelastus.fi\/meri-lappi\/wp-content\/uploads\/sites\/12\/2022\/01\/tempImageTEDRpY-rotated.jpg","width":3024,"height":4032},{"@type":"BreadcrumbList","@id":"https:\/\/meripelastus.fi\/meri-lappi\/syyskokouksen-henkilovalintoja\/#breadcrumb","itemListElement":[{"@type":"ListItem","position":1,"name":"Etusivu","item":"https:\/\/meripelastus.fi\/meri-lappi\/"},{"@type":"ListItem","position":2,"name":"Syyskokouksen henkil\u00f6valintoja"}]},{"@type":"WebSite","@id":"https:\/\/meripelastus.fi\/meri-lappi\/#website","url":"https:\/\/meripelastus.fi\/meri-lappi\/","name":"Meri-Lapin Meripelastajat","description":"Uusi SMPS Yhdistykset -sivusto","potentialAction":[{"@type":"SearchAction","target":{"@type":"EntryPoint","urlTemplate":"https:\/\/meripelastus.fi\/meri-lappi\/?s={search_term_string}"},"query-input":{"@type":"PropertyValueSpecification","valueRequired":true,"valueName":"search_term_string"}}],"inLanguage":"fi"},{"@type":"Person","@id":"https:\/\/meripelastus.fi\/meri-lappi\/#\/schema\/person\/d4bf7140ec857704f20796341dd1625b","name":"riku","image":{"@type":"ImageObject","inLanguage":"fi","@id":"https:\/\/secure.gravatar.com\/avatar\/b328db2dd9fc458bd9ca224d1e1e72da60671e0405212a04096ace598564e6c6?s=96&d=mm&r=g","url":"https:\/\/secure.gravatar.com\/avatar\/b328db2dd9fc458bd9ca224d1e1e72da60671e0405212a04096ace598564e6c6?s=96&d=mm&r=g","contentUrl":"https:\/\/secure.gravatar.com\/avatar\/b328db2dd9fc458bd9ca224d1e1e72da60671e0405212a04096ace598564e6c6?s=96&d=mm&r=g","caption":"riku"},"url":"https:\/\/meripelastus.fi\/meri-lappi\/author\/riku\/"}]}},"_links":{"self":[{"href":"https:\/\/meripelastus.fi\/meri-lappi\/wp-json\/wp\/v2\/posts\/336","targetHints":{"allow":["GET"]}}],"collection":[{"href":"https:\/\/meripelastus.fi\/meri-lappi\/wp-json\/wp\/v2\/posts"}],"about":[{"href":"https:\/\/meripelastus.fi\/meri-lappi\/wp-json\/wp\/v2\/types\/post"}],"author":[{"embeddable":true,"href":"https:\/\/meripelastus.fi\/meri-lappi\/wp-json\/wp\/v2\/users\/23"}],"replies":[{"embeddable":true,"href":"https:\/\/meripelastus.fi\/meri-lappi\/wp-json\/wp\/v2\/comments?post=336"}],"version-history":[{"count":1,"href":"https:\/\/meripelastus.fi\/meri-lappi\/wp-json\/wp\/v2\/posts\/336\/revisions"}],"predecessor-version":[{"id":337,"href":"https:\/\/meripelastus.fi\/meri-lappi\/wp-json\/wp\/v2\/posts\/336\/revisions\/337"}],"wp:featuredmedia":[{"embeddable":true,"href":"https:\/\/meripelastus.fi\/meri-lappi\/wp-json\/wp\/v2\/media\/338"}],"wp:attachment":[{"href":"https:\/\/meripelastus.fi\/meri-lappi\/wp-json\/wp\/v2\/media?parent=336"}],"wp:term":[{"taxonomy":"category","embeddable":true,"href":"https:\/\/meripelastus.fi\/meri-lappi\/wp-json\/wp\/v2\/categories?post=336"},{"taxonomy":"post_tag","embeddable":true,"href":"https:\/\/meripelastus.fi\/meri-lappi\/wp-json\/wp\/v2\/tags?post=336"}],"curies":[{"name":"wp","href":"https:\/\/api.w.org\/{rel}","templated":true}]}}