{"id":320,"date":"2021-02-24T11:08:24","date_gmt":"2021-02-24T09:08:24","guid":{"rendered":"https:\/\/meripelastus.fi\/meri-lappi\/?p=320"},"modified":"2021-02-24T11:16:18","modified_gmt":"2021-02-24T09:16:18","slug":"vuoden-2021-saantomaarainen-kevatkokous","status":"publish","type":"post","link":"https:\/\/meripelastus.fi\/meri-lappi\/vuoden-2021-saantomaarainen-kevatkokous\/","title":{"rendered":"Vuoden 2021 s\u00e4\u00e4nt\u00f6m\u00e4\u00e4r\u00e4inen kev\u00e4tkokous"},"content":{"rendered":"<p>Meri-Lapin Meripelastajien s\u00e4\u00e4nt\u00f6m\u00e4\u00e4r\u00e4inen kev\u00e4tkokous on 18.3.2021 klo 1800 (hallitus klo 1700).<\/p>\n<p>Paikkana Hotelli Merihovi (Uitto-kbineti, 2. krs<br \/>\nOsoite Keskuspuistonkatu 6-8 94100 Kemi<\/p>\n<p align=\"LEFT\"><span><b>Et\u00e4osallistuminen kev\u00e4tkokoukseen<\/b><\/span><\/p>\n<p align=\"LEFT\"><span>Koronataudin levi\u00e4misen est\u00e4minen sek\u00e4 ennakointi on ensiarvoisen t\u00e4rke\u00e4\u00e4 ja huomioon on otettava kulloinkin viranomaisten antamat m\u00e4\u00e4r\u00e4ykset \/suositukset j\u00e4rjestett\u00e4ville tilaisuuksille. <\/span><\/p>\n<p align=\"LEFT\"><span>Esit\u00e4mme kev\u00e4tkokoukseen osallistumista et\u00e4yhteydell\u00e4 ja t\u00e4h\u00e4n liittyen pyyd\u00e4mme, ett\u00e4 <\/span><span><u>ilmoitat mielell\u00e4\u00e4n viimeist\u00e4\u00e4n 11.3.2021 oman s\u00e4hk\u00f6postiosoitteesi yhdistyksen puheenjohtaja Jani Leminaholle ja varapuheenjohtaja Riku Hyttiselle.<\/u><\/span><span> Ilmoitukset siis molemmille.<\/span><\/p>\n<p align=\"LEFT\"><span>S\u00e4hk\u00f6postiosoiteilmoitukset samalla kertaa Janin ja Rikun s\u00e4hk\u00f6postisoitteisiin:<\/span><\/p>\n<p align=\"LEFT\"><span>Jani Leminaholle s\u00e4hk\u00f6posti: <\/span><span><u><a href=\"mailto:jani.leminaho@live.com\"><span>jani.leminaho@live.com<\/span><\/a><\/u><\/span><\/p>\n<p align=\"LEFT\"><span>Riku Hyttiselle s\u00e4hk\u00f6posti: <\/span><span><u><a href=\"mailto:riku.hyttinen@kolumbus.fi\"><span>riku.hyttinen@kolumbus.fi<\/span><\/a><\/u><\/span><\/p>\n<p align=\"LEFT\"><span>S\u00e4hk\u00f6postiosoitteiden ilmoittamisen yhteydess\u00e4 annetaan tarkempaa ohjeistusta ja tietoa kev\u00e4tkokoukseen osallistumisesta et\u00e4yhteydell\u00e4. Jani ja Riku vastaavat tarvittaessa muutoinkin kokoukseen j\u00e4rjestelyyn ja osallistumiseen liittyviin kysymyksiin<\/span><\/p>\n","protected":false},"excerpt":{"rendered":"<p>Meri-Lapin Meripelastajien s\u00e4\u00e4nt\u00f6m\u00e4\u00e4r\u00e4inen kev\u00e4tkokous on 18.3.2021 klo 1800 (hallitus klo 1700). Paikkana Hotelli Merihovi (Uitto-kbineti, 2. krs Osoite Keskuspuistonkatu 6-8 94100 Kemi Et\u00e4osallistuminen kev\u00e4tkokoukseen Koronataudin levi\u00e4misen est\u00e4minen sek\u00e4 ennakointi on ensiarvoisen t\u00e4rke\u00e4\u00e4 ja huomioon on otettava kulloinkin viranomaisten antamat m\u00e4\u00e4r\u00e4ykset \/suositukset j\u00e4rjestett\u00e4ville tilaisuuksille. Esit\u00e4mme kev\u00e4tkokoukseen osallistumista et\u00e4yhteydell\u00e4 ja t\u00e4h\u00e4n liittyen pyyd\u00e4mme, ett\u00e4 ilmoitat mielell\u00e4\u00e4n viimeist\u00e4\u00e4n [&hellip;]<\/p>\n","protected":false},"author":23,"featured_media":322,"comment_status":"closed","ping_status":"open","sticky":false,"template":"","format":"standard","meta":{"_acf_changed":false,"inline_featured_image":false,"footnotes":""},"categories":[1],"tags":[],"class_list":["post-320","post","type-post","status-publish","format-standard","has-post-thumbnail","hentry","category-uutiset"],"acf":[],"yoast_head":"<!-- This site is optimized with the Yoast SEO Premium plugin v27.4 (Yoast SEO v27.4) - https:\/\/yoast.com\/product\/yoast-seo-premium-wordpress\/ -->\n<title>Vuoden 2021 s\u00e4\u00e4nt\u00f6m\u00e4\u00e4r\u00e4inen kev\u00e4tkokous - Meri-Lapin Meripelastajat<\/title>\n<meta name=\"robots\" content=\"index, follow, max-snippet:-1, max-image-preview:large, max-video-preview:-1\" \/>\n<link rel=\"canonical\" href=\"https:\/\/meripelastus.fi\/meri-lappi\/vuoden-2021-saantomaarainen-kevatkokous\/\" \/>\n<meta property=\"og:locale\" content=\"fi_FI\" \/>\n<meta property=\"og:type\" content=\"article\" \/>\n<meta property=\"og:title\" content=\"Vuoden 2021 s\u00e4\u00e4nt\u00f6m\u00e4\u00e4r\u00e4inen kev\u00e4tkokous\" \/>\n<meta property=\"og:description\" content=\"Meri-Lapin Meripelastajien s\u00e4\u00e4nt\u00f6m\u00e4\u00e4r\u00e4inen kev\u00e4tkokous on 18.3.2021 klo 1800 (hallitus klo 1700). Paikkana Hotelli Merihovi (Uitto-kbineti, 2. krs Osoite Keskuspuistonkatu 6-8 94100 Kemi Et\u00e4osallistuminen kev\u00e4tkokoukseen Koronataudin levi\u00e4misen est\u00e4minen sek\u00e4 ennakointi on ensiarvoisen t\u00e4rke\u00e4\u00e4 ja huomioon on otettava kulloinkin viranomaisten antamat m\u00e4\u00e4r\u00e4ykset \/suositukset j\u00e4rjestett\u00e4ville tilaisuuksille. Esit\u00e4mme kev\u00e4tkokoukseen osallistumista et\u00e4yhteydell\u00e4 ja t\u00e4h\u00e4n liittyen pyyd\u00e4mme, ett\u00e4 ilmoitat mielell\u00e4\u00e4n viimeist\u00e4\u00e4n [&hellip;]\" \/>\n<meta property=\"og:url\" content=\"https:\/\/meripelastus.fi\/meri-lappi\/vuoden-2021-saantomaarainen-kevatkokous\/\" \/>\n<meta property=\"og:site_name\" content=\"Meri-Lapin Meripelastajat\" \/>\n<meta property=\"article:published_time\" content=\"2021-02-24T09:08:24+00:00\" \/>\n<meta property=\"article:modified_time\" content=\"2021-02-24T09:16:18+00:00\" \/>\n<meta property=\"og:image\" content=\"https:\/\/meripelastus.fi\/meri-lappi\/wp-content\/uploads\/sites\/12\/2021\/02\/IMG_0311-scaled.jpg\" \/>\n\t<meta property=\"og:image:width\" content=\"1920\" \/>\n\t<meta property=\"og:image:height\" content=\"2560\" \/>\n\t<meta property=\"og:image:type\" content=\"image\/jpeg\" \/>\n<meta name=\"author\" content=\"riku\" \/>\n<meta name=\"twitter:card\" content=\"summary_large_image\" \/>\n<meta name=\"twitter:label1\" content=\"Kirjoittanut\" \/>\n\t<meta name=\"twitter:data1\" content=\"riku\" \/>\n\t<meta name=\"twitter:label2\" content=\"Arvioitu lukuaika\" \/>\n\t<meta name=\"twitter:data2\" content=\"1 minuutti\" \/>\n<script type=\"application\/ld+json\" class=\"yoast-schema-graph\">{\"@context\":\"https:\\\/\\\/schema.org\",\"@graph\":[{\"@type\":\"Article\",\"@id\":\"https:\\\/\\\/meripelastus.fi\\\/meri-lappi\\\/vuoden-2021-saantomaarainen-kevatkokous\\\/#article\",\"isPartOf\":{\"@id\":\"https:\\\/\\\/meripelastus.fi\\\/meri-lappi\\\/vuoden-2021-saantomaarainen-kevatkokous\\\/\"},\"author\":{\"name\":\"riku\",\"@id\":\"https:\\\/\\\/meripelastus.fi\\\/meri-lappi\\\/#\\\/schema\\\/person\\\/d4bf7140ec857704f20796341dd1625b\"},\"headline\":\"Vuoden 2021 s\u00e4\u00e4nt\u00f6m\u00e4\u00e4r\u00e4inen kev\u00e4tkokous\",\"datePublished\":\"2021-02-24T09:08:24+00:00\",\"dateModified\":\"2021-02-24T09:16:18+00:00\",\"mainEntityOfPage\":{\"@id\":\"https:\\\/\\\/meripelastus.fi\\\/meri-lappi\\\/vuoden-2021-saantomaarainen-kevatkokous\\\/\"},\"wordCount\":152,\"image\":{\"@id\":\"https:\\\/\\\/meripelastus.fi\\\/meri-lappi\\\/vuoden-2021-saantomaarainen-kevatkokous\\\/#primaryimage\"},\"thumbnailUrl\":\"https:\\\/\\\/meripelastus.fi\\\/meri-lappi\\\/wp-content\\\/uploads\\\/sites\\\/12\\\/2021\\\/02\\\/IMG_0311-rotated.jpg\",\"articleSection\":[\"Uutiset\"],\"inLanguage\":\"fi\"},{\"@type\":\"WebPage\",\"@id\":\"https:\\\/\\\/meripelastus.fi\\\/meri-lappi\\\/vuoden-2021-saantomaarainen-kevatkokous\\\/\",\"url\":\"https:\\\/\\\/meripelastus.fi\\\/meri-lappi\\\/vuoden-2021-saantomaarainen-kevatkokous\\\/\",\"name\":\"Vuoden 2021 s\u00e4\u00e4nt\u00f6m\u00e4\u00e4r\u00e4inen kev\u00e4tkokous - Meri-Lapin Meripelastajat\",\"isPartOf\":{\"@id\":\"https:\\\/\\\/meripelastus.fi\\\/meri-lappi\\\/#website\"},\"primaryImageOfPage\":{\"@id\":\"https:\\\/\\\/meripelastus.fi\\\/meri-lappi\\\/vuoden-2021-saantomaarainen-kevatkokous\\\/#primaryimage\"},\"image\":{\"@id\":\"https:\\\/\\\/meripelastus.fi\\\/meri-lappi\\\/vuoden-2021-saantomaarainen-kevatkokous\\\/#primaryimage\"},\"thumbnailUrl\":\"https:\\\/\\\/meripelastus.fi\\\/meri-lappi\\\/wp-content\\\/uploads\\\/sites\\\/12\\\/2021\\\/02\\\/IMG_0311-rotated.jpg\",\"datePublished\":\"2021-02-24T09:08:24+00:00\",\"dateModified\":\"2021-02-24T09:16:18+00:00\",\"author\":{\"@id\":\"https:\\\/\\\/meripelastus.fi\\\/meri-lappi\\\/#\\\/schema\\\/person\\\/d4bf7140ec857704f20796341dd1625b\"},\"breadcrumb\":{\"@id\":\"https:\\\/\\\/meripelastus.fi\\\/meri-lappi\\\/vuoden-2021-saantomaarainen-kevatkokous\\\/#breadcrumb\"},\"inLanguage\":\"fi\",\"potentialAction\":[{\"@type\":\"ReadAction\",\"target\":[\"https:\\\/\\\/meripelastus.fi\\\/meri-lappi\\\/vuoden-2021-saantomaarainen-kevatkokous\\\/\"]}]},{\"@type\":\"ImageObject\",\"inLanguage\":\"fi\",\"@id\":\"https:\\\/\\\/meripelastus.fi\\\/meri-lappi\\\/vuoden-2021-saantomaarainen-kevatkokous\\\/#primaryimage\",\"url\":\"https:\\\/\\\/meripelastus.fi\\\/meri-lappi\\\/wp-content\\\/uploads\\\/sites\\\/12\\\/2021\\\/02\\\/IMG_0311-rotated.jpg\",\"contentUrl\":\"https:\\\/\\\/meripelastus.fi\\\/meri-lappi\\\/wp-content\\\/uploads\\\/sites\\\/12\\\/2021\\\/02\\\/IMG_0311-rotated.jpg\",\"width\":2448,\"height\":3264},{\"@type\":\"BreadcrumbList\",\"@id\":\"https:\\\/\\\/meripelastus.fi\\\/meri-lappi\\\/vuoden-2021-saantomaarainen-kevatkokous\\\/#breadcrumb\",\"itemListElement\":[{\"@type\":\"ListItem\",\"position\":1,\"name\":\"Etusivu\",\"item\":\"https:\\\/\\\/meripelastus.fi\\\/meri-lappi\\\/\"},{\"@type\":\"ListItem\",\"position\":2,\"name\":\"Vuoden 2021 s\u00e4\u00e4nt\u00f6m\u00e4\u00e4r\u00e4inen kev\u00e4tkokous\"}]},{\"@type\":\"WebSite\",\"@id\":\"https:\\\/\\\/meripelastus.fi\\\/meri-lappi\\\/#website\",\"url\":\"https:\\\/\\\/meripelastus.fi\\\/meri-lappi\\\/\",\"name\":\"Meri-Lapin Meripelastajat\",\"description\":\"Uusi SMPS Yhdistykset -sivusto\",\"potentialAction\":[{\"@type\":\"SearchAction\",\"target\":{\"@type\":\"EntryPoint\",\"urlTemplate\":\"https:\\\/\\\/meripelastus.fi\\\/meri-lappi\\\/?s={search_term_string}\"},\"query-input\":{\"@type\":\"PropertyValueSpecification\",\"valueRequired\":true,\"valueName\":\"search_term_string\"}}],\"inLanguage\":\"fi\"},{\"@type\":\"Person\",\"@id\":\"https:\\\/\\\/meripelastus.fi\\\/meri-lappi\\\/#\\\/schema\\\/person\\\/d4bf7140ec857704f20796341dd1625b\",\"name\":\"riku\",\"image\":{\"@type\":\"ImageObject\",\"inLanguage\":\"fi\",\"@id\":\"https:\\\/\\\/secure.gravatar.com\\\/avatar\\\/b328db2dd9fc458bd9ca224d1e1e72da60671e0405212a04096ace598564e6c6?s=96&d=mm&r=g\",\"url\":\"https:\\\/\\\/secure.gravatar.com\\\/avatar\\\/b328db2dd9fc458bd9ca224d1e1e72da60671e0405212a04096ace598564e6c6?s=96&d=mm&r=g\",\"contentUrl\":\"https:\\\/\\\/secure.gravatar.com\\\/avatar\\\/b328db2dd9fc458bd9ca224d1e1e72da60671e0405212a04096ace598564e6c6?s=96&d=mm&r=g\",\"caption\":\"riku\"},\"url\":\"https:\\\/\\\/meripelastus.fi\\\/meri-lappi\\\/author\\\/riku\\\/\"}]}<\/script>\n<!-- \/ Yoast SEO Premium plugin. -->","yoast_head_json":{"title":"Vuoden 2021 s\u00e4\u00e4nt\u00f6m\u00e4\u00e4r\u00e4inen kev\u00e4tkokous - Meri-Lapin Meripelastajat","robots":{"index":"index","follow":"follow","max-snippet":"max-snippet:-1","max-image-preview":"max-image-preview:large","max-video-preview":"max-video-preview:-1"},"canonical":"https:\/\/meripelastus.fi\/meri-lappi\/vuoden-2021-saantomaarainen-kevatkokous\/","og_locale":"fi_FI","og_type":"article","og_title":"Vuoden 2021 s\u00e4\u00e4nt\u00f6m\u00e4\u00e4r\u00e4inen kev\u00e4tkokous","og_description":"Meri-Lapin Meripelastajien s\u00e4\u00e4nt\u00f6m\u00e4\u00e4r\u00e4inen kev\u00e4tkokous on 18.3.2021 klo 1800 (hallitus klo 1700). Paikkana Hotelli Merihovi (Uitto-kbineti, 2. krs Osoite Keskuspuistonkatu 6-8 94100 Kemi Et\u00e4osallistuminen kev\u00e4tkokoukseen Koronataudin levi\u00e4misen est\u00e4minen sek\u00e4 ennakointi on ensiarvoisen t\u00e4rke\u00e4\u00e4 ja huomioon on otettava kulloinkin viranomaisten antamat m\u00e4\u00e4r\u00e4ykset \/suositukset j\u00e4rjestett\u00e4ville tilaisuuksille. Esit\u00e4mme kev\u00e4tkokoukseen osallistumista et\u00e4yhteydell\u00e4 ja t\u00e4h\u00e4n liittyen pyyd\u00e4mme, ett\u00e4 ilmoitat mielell\u00e4\u00e4n viimeist\u00e4\u00e4n [&hellip;]","og_url":"https:\/\/meripelastus.fi\/meri-lappi\/vuoden-2021-saantomaarainen-kevatkokous\/","og_site_name":"Meri-Lapin Meripelastajat","article_published_time":"2021-02-24T09:08:24+00:00","article_modified_time":"2021-02-24T09:16:18+00:00","og_image":[{"width":1920,"height":2560,"url":"https:\/\/meripelastus.fi\/meri-lappi\/wp-content\/uploads\/sites\/12\/2021\/02\/IMG_0311-scaled.jpg","type":"image\/jpeg"}],"author":"riku","twitter_card":"summary_large_image","twitter_misc":{"Kirjoittanut":"riku","Arvioitu lukuaika":"1 minuutti"},"schema":{"@context":"https:\/\/schema.org","@graph":[{"@type":"Article","@id":"https:\/\/meripelastus.fi\/meri-lappi\/vuoden-2021-saantomaarainen-kevatkokous\/#article","isPartOf":{"@id":"https:\/\/meripelastus.fi\/meri-lappi\/vuoden-2021-saantomaarainen-kevatkokous\/"},"author":{"name":"riku","@id":"https:\/\/meripelastus.fi\/meri-lappi\/#\/schema\/person\/d4bf7140ec857704f20796341dd1625b"},"headline":"Vuoden 2021 s\u00e4\u00e4nt\u00f6m\u00e4\u00e4r\u00e4inen kev\u00e4tkokous","datePublished":"2021-02-24T09:08:24+00:00","dateModified":"2021-02-24T09:16:18+00:00","mainEntityOfPage":{"@id":"https:\/\/meripelastus.fi\/meri-lappi\/vuoden-2021-saantomaarainen-kevatkokous\/"},"wordCount":152,"image":{"@id":"https:\/\/meripelastus.fi\/meri-lappi\/vuoden-2021-saantomaarainen-kevatkokous\/#primaryimage"},"thumbnailUrl":"https:\/\/meripelastus.fi\/meri-lappi\/wp-content\/uploads\/sites\/12\/2021\/02\/IMG_0311-rotated.jpg","articleSection":["Uutiset"],"inLanguage":"fi"},{"@type":"WebPage","@id":"https:\/\/meripelastus.fi\/meri-lappi\/vuoden-2021-saantomaarainen-kevatkokous\/","url":"https:\/\/meripelastus.fi\/meri-lappi\/vuoden-2021-saantomaarainen-kevatkokous\/","name":"Vuoden 2021 s\u00e4\u00e4nt\u00f6m\u00e4\u00e4r\u00e4inen kev\u00e4tkokous - Meri-Lapin Meripelastajat","isPartOf":{"@id":"https:\/\/meripelastus.fi\/meri-lappi\/#website"},"primaryImageOfPage":{"@id":"https:\/\/meripelastus.fi\/meri-lappi\/vuoden-2021-saantomaarainen-kevatkokous\/#primaryimage"},"image":{"@id":"https:\/\/meripelastus.fi\/meri-lappi\/vuoden-2021-saantomaarainen-kevatkokous\/#primaryimage"},"thumbnailUrl":"https:\/\/meripelastus.fi\/meri-lappi\/wp-content\/uploads\/sites\/12\/2021\/02\/IMG_0311-rotated.jpg","datePublished":"2021-02-24T09:08:24+00:00","dateModified":"2021-02-24T09:16:18+00:00","author":{"@id":"https:\/\/meripelastus.fi\/meri-lappi\/#\/schema\/person\/d4bf7140ec857704f20796341dd1625b"},"breadcrumb":{"@id":"https:\/\/meripelastus.fi\/meri-lappi\/vuoden-2021-saantomaarainen-kevatkokous\/#breadcrumb"},"inLanguage":"fi","potentialAction":[{"@type":"ReadAction","target":["https:\/\/meripelastus.fi\/meri-lappi\/vuoden-2021-saantomaarainen-kevatkokous\/"]}]},{"@type":"ImageObject","inLanguage":"fi","@id":"https:\/\/meripelastus.fi\/meri-lappi\/vuoden-2021-saantomaarainen-kevatkokous\/#primaryimage","url":"https:\/\/meripelastus.fi\/meri-lappi\/wp-content\/uploads\/sites\/12\/2021\/02\/IMG_0311-rotated.jpg","contentUrl":"https:\/\/meripelastus.fi\/meri-lappi\/wp-content\/uploads\/sites\/12\/2021\/02\/IMG_0311-rotated.jpg","width":2448,"height":3264},{"@type":"BreadcrumbList","@id":"https:\/\/meripelastus.fi\/meri-lappi\/vuoden-2021-saantomaarainen-kevatkokous\/#breadcrumb","itemListElement":[{"@type":"ListItem","position":1,"name":"Etusivu","item":"https:\/\/meripelastus.fi\/meri-lappi\/"},{"@type":"ListItem","position":2,"name":"Vuoden 2021 s\u00e4\u00e4nt\u00f6m\u00e4\u00e4r\u00e4inen kev\u00e4tkokous"}]},{"@type":"WebSite","@id":"https:\/\/meripelastus.fi\/meri-lappi\/#website","url":"https:\/\/meripelastus.fi\/meri-lappi\/","name":"Meri-Lapin Meripelastajat","description":"Uusi SMPS Yhdistykset -sivusto","potentialAction":[{"@type":"SearchAction","target":{"@type":"EntryPoint","urlTemplate":"https:\/\/meripelastus.fi\/meri-lappi\/?s={search_term_string}"},"query-input":{"@type":"PropertyValueSpecification","valueRequired":true,"valueName":"search_term_string"}}],"inLanguage":"fi"},{"@type":"Person","@id":"https:\/\/meripelastus.fi\/meri-lappi\/#\/schema\/person\/d4bf7140ec857704f20796341dd1625b","name":"riku","image":{"@type":"ImageObject","inLanguage":"fi","@id":"https:\/\/secure.gravatar.com\/avatar\/b328db2dd9fc458bd9ca224d1e1e72da60671e0405212a04096ace598564e6c6?s=96&d=mm&r=g","url":"https:\/\/secure.gravatar.com\/avatar\/b328db2dd9fc458bd9ca224d1e1e72da60671e0405212a04096ace598564e6c6?s=96&d=mm&r=g","contentUrl":"https:\/\/secure.gravatar.com\/avatar\/b328db2dd9fc458bd9ca224d1e1e72da60671e0405212a04096ace598564e6c6?s=96&d=mm&r=g","caption":"riku"},"url":"https:\/\/meripelastus.fi\/meri-lappi\/author\/riku\/"}]}},"_links":{"self":[{"href":"https:\/\/meripelastus.fi\/meri-lappi\/wp-json\/wp\/v2\/posts\/320","targetHints":{"allow":["GET"]}}],"collection":[{"href":"https:\/\/meripelastus.fi\/meri-lappi\/wp-json\/wp\/v2\/posts"}],"about":[{"href":"https:\/\/meripelastus.fi\/meri-lappi\/wp-json\/wp\/v2\/types\/post"}],"author":[{"embeddable":true,"href":"https:\/\/meripelastus.fi\/meri-lappi\/wp-json\/wp\/v2\/users\/23"}],"replies":[{"embeddable":true,"href":"https:\/\/meripelastus.fi\/meri-lappi\/wp-json\/wp\/v2\/comments?post=320"}],"version-history":[{"count":2,"href":"https:\/\/meripelastus.fi\/meri-lappi\/wp-json\/wp\/v2\/posts\/320\/revisions"}],"predecessor-version":[{"id":323,"href":"https:\/\/meripelastus.fi\/meri-lappi\/wp-json\/wp\/v2\/posts\/320\/revisions\/323"}],"wp:featuredmedia":[{"embeddable":true,"href":"https:\/\/meripelastus.fi\/meri-lappi\/wp-json\/wp\/v2\/media\/322"}],"wp:attachment":[{"href":"https:\/\/meripelastus.fi\/meri-lappi\/wp-json\/wp\/v2\/media?parent=320"}],"wp:term":[{"taxonomy":"category","embeddable":true,"href":"https:\/\/meripelastus.fi\/meri-lappi\/wp-json\/wp\/v2\/categories?post=320"},{"taxonomy":"post_tag","embeddable":true,"href":"https:\/\/meripelastus.fi\/meri-lappi\/wp-json\/wp\/v2\/tags?post=320"}],"curies":[{"name":"wp","href":"https:\/\/api.w.org\/{rel}","templated":true}]}}