{"id":912,"date":"2023-06-30T22:14:30","date_gmt":"2023-06-30T19:14:30","guid":{"rendered":"https:\/\/meripelastus.fi\/lappeenranta\/?p=912"},"modified":"2023-06-30T22:14:49","modified_gmt":"2023-06-30T19:14:49","slug":"miehistonjasenien-rekrytointi-11-9-2023","status":"publish","type":"post","link":"https:\/\/meripelastus.fi\/lappeenranta\/miehistonjasenien-rekrytointi-11-9-2023\/","title":{"rendered":"Miehist\u00f6nj\u00e4senien rekrytointi 11.9.2023"},"content":{"rendered":"<p><strong><span>Seuraava uusien miehist\u00f6nj\u00e4senien rekrytointi, 11.9.2023 maanantaina 18.00 Rapasaaren asemalla. Pakollinen tulokaskoulutus 23-24.9.2023 lauantai-sunnuntai.<\/span><\/strong><\/p>\n<p>Kanssaihmisten auttaminen, Saimaan alueen vesist\u00f6\u00f6n tutustuminen sek\u00e4 monipuolinen pelastus- ja merenkulkukoulutus ovat paketti, mit\u00e4 mik\u00e4\u00e4n muu harrastus ei tarjoa.<\/p>\n<p>Meripelastajana olet:<\/p>\n<p>&#8211; V\u00e4hint\u00e4\u00e4n 16-vuotias (teht\u00e4ville osallistuminen edellytt\u00e4\u00e4 18v ik\u00e4\u00e4)<\/p>\n<p>&#8211; Uimataitoinen<\/p>\n<p>&#8211; Perusterve<\/p>\n<p>&#8211; Innokas<\/p>\n<p>&#8211; Sitoutunut<\/p>\n<p>Koulutamme sinut teht\u00e4v\u00e4\u00e4n, aiempaa osaamista ei vaadita. T\u00e4rkeint\u00e4 on, ett\u00e4 haluat olla auttamassa apua tarvitsevia.<\/p>\n","protected":false},"excerpt":{"rendered":"<p>Seuraava uusien miehist\u00f6nj\u00e4senien rekrytointi, 11.9.2023 maanantaina 18.00 Rapasaaren asemalla. Pakollinen tulokaskoulutus 23-24.9.2023 lauantai-sunnuntai. Kanssaihmisten auttaminen, Saimaan alueen vesist\u00f6\u00f6n tutustuminen sek\u00e4 monipuolinen pelastus- ja merenkulkukoulutus ovat paketti, mit\u00e4 mik\u00e4\u00e4n muu harrastus ei tarjoa. Meripelastajana olet: &#8211; V\u00e4hint\u00e4\u00e4n 16-vuotias (teht\u00e4ville osallistuminen edellytt\u00e4\u00e4 18v ik\u00e4\u00e4) &#8211; Uimataitoinen &#8211; Perusterve &#8211; Innokas &#8211; Sitoutunut Koulutamme sinut teht\u00e4v\u00e4\u00e4n, aiempaa osaamista [&hellip;]<\/p>\n","protected":false},"author":10,"featured_media":914,"comment_status":"closed","ping_status":"open","sticky":false,"template":"","format":"standard","meta":{"_acf_changed":false,"inline_featured_image":false,"footnotes":""},"categories":[1],"tags":[],"class_list":["post-912","post","type-post","status-publish","format-standard","has-post-thumbnail","hentry","category-uutiset"],"acf":[],"yoast_head":"<!-- This site is optimized with the Yoast SEO Premium plugin v27.4 (Yoast SEO v27.4) - https:\/\/yoast.com\/product\/yoast-seo-premium-wordpress\/ -->\n<title>Miehist\u00f6nj\u00e4senien rekrytointi 11.9.2023 - Suomen Meripelastusseura Etel\u00e4-Saimaa<\/title>\n<meta name=\"robots\" content=\"index, follow, max-snippet:-1, max-image-preview:large, max-video-preview:-1\" \/>\n<link rel=\"canonical\" href=\"https:\/\/meripelastus.fi\/lappeenranta\/miehistonjasenien-rekrytointi-11-9-2023\/\" \/>\n<meta property=\"og:locale\" content=\"fi_FI\" \/>\n<meta property=\"og:type\" content=\"article\" \/>\n<meta property=\"og:title\" content=\"Miehist\u00f6nj\u00e4senien rekrytointi 11.9.2023\" \/>\n<meta property=\"og:description\" content=\"Seuraava uusien miehist\u00f6nj\u00e4senien rekrytointi, 11.9.2023 maanantaina 18.00 Rapasaaren asemalla. Pakollinen tulokaskoulutus 23-24.9.2023 lauantai-sunnuntai. Kanssaihmisten auttaminen, Saimaan alueen vesist\u00f6\u00f6n tutustuminen sek\u00e4 monipuolinen pelastus- ja merenkulkukoulutus ovat paketti, mit\u00e4 mik\u00e4\u00e4n muu harrastus ei tarjoa. Meripelastajana olet: &#8211; V\u00e4hint\u00e4\u00e4n 16-vuotias (teht\u00e4ville osallistuminen edellytt\u00e4\u00e4 18v ik\u00e4\u00e4) &#8211; Uimataitoinen &#8211; Perusterve &#8211; Innokas &#8211; Sitoutunut Koulutamme sinut teht\u00e4v\u00e4\u00e4n, aiempaa osaamista [&hellip;]\" \/>\n<meta property=\"og:url\" content=\"https:\/\/meripelastus.fi\/lappeenranta\/miehistonjasenien-rekrytointi-11-9-2023\/\" \/>\n<meta property=\"og:site_name\" content=\"Suomen Meripelastusseura Etel\u00e4-Saimaa\" \/>\n<meta property=\"article:published_time\" content=\"2023-06-30T19:14:30+00:00\" \/>\n<meta property=\"article:modified_time\" content=\"2023-06-30T19:14:49+00:00\" \/>\n<meta property=\"og:image\" content=\"https:\/\/meripelastus.fi\/lappeenranta\/wp-content\/uploads\/sites\/6\/2023\/06\/signal-2023-06-30-221229_002.jpg\" \/>\n\t<meta property=\"og:image:width\" content=\"1183\" \/>\n\t<meta property=\"og:image:height\" content=\"543\" \/>\n\t<meta property=\"og:image:type\" content=\"image\/jpeg\" \/>\n<meta name=\"author\" content=\"Toni\" \/>\n<meta name=\"twitter:card\" content=\"summary_large_image\" \/>\n<meta name=\"twitter:label1\" content=\"Kirjoittanut\" \/>\n\t<meta name=\"twitter:data1\" content=\"Toni\" \/>\n\t<meta name=\"twitter:label2\" content=\"Arvioitu lukuaika\" \/>\n\t<meta name=\"twitter:data2\" content=\"1 minuutti\" \/>\n<script type=\"application\/ld+json\" class=\"yoast-schema-graph\">{\"@context\":\"https:\\\/\\\/schema.org\",\"@graph\":[{\"@type\":\"Article\",\"@id\":\"https:\\\/\\\/meripelastus.fi\\\/lappeenranta\\\/miehistonjasenien-rekrytointi-11-9-2023\\\/#article\",\"isPartOf\":{\"@id\":\"https:\\\/\\\/meripelastus.fi\\\/lappeenranta\\\/miehistonjasenien-rekrytointi-11-9-2023\\\/\"},\"author\":{\"name\":\"Toni\",\"@id\":\"https:\\\/\\\/meripelastus.fi\\\/lappeenranta\\\/#\\\/schema\\\/person\\\/3346f793f3d822543e6a0a39e677a7a4\"},\"headline\":\"Miehist\u00f6nj\u00e4senien rekrytointi 11.9.2023\",\"datePublished\":\"2023-06-30T19:14:30+00:00\",\"dateModified\":\"2023-06-30T19:14:49+00:00\",\"mainEntityOfPage\":{\"@id\":\"https:\\\/\\\/meripelastus.fi\\\/lappeenranta\\\/miehistonjasenien-rekrytointi-11-9-2023\\\/\"},\"wordCount\":77,\"image\":{\"@id\":\"https:\\\/\\\/meripelastus.fi\\\/lappeenranta\\\/miehistonjasenien-rekrytointi-11-9-2023\\\/#primaryimage\"},\"thumbnailUrl\":\"https:\\\/\\\/meripelastus.fi\\\/lappeenranta\\\/wp-content\\\/uploads\\\/sites\\\/6\\\/2023\\\/06\\\/signal-2023-06-30-221229_002.jpg\",\"articleSection\":[\"Uutiset\"],\"inLanguage\":\"fi\"},{\"@type\":\"WebPage\",\"@id\":\"https:\\\/\\\/meripelastus.fi\\\/lappeenranta\\\/miehistonjasenien-rekrytointi-11-9-2023\\\/\",\"url\":\"https:\\\/\\\/meripelastus.fi\\\/lappeenranta\\\/miehistonjasenien-rekrytointi-11-9-2023\\\/\",\"name\":\"Miehist\u00f6nj\u00e4senien rekrytointi 11.9.2023 - Suomen Meripelastusseura Etel\u00e4-Saimaa\",\"isPartOf\":{\"@id\":\"https:\\\/\\\/meripelastus.fi\\\/lappeenranta\\\/#website\"},\"primaryImageOfPage\":{\"@id\":\"https:\\\/\\\/meripelastus.fi\\\/lappeenranta\\\/miehistonjasenien-rekrytointi-11-9-2023\\\/#primaryimage\"},\"image\":{\"@id\":\"https:\\\/\\\/meripelastus.fi\\\/lappeenranta\\\/miehistonjasenien-rekrytointi-11-9-2023\\\/#primaryimage\"},\"thumbnailUrl\":\"https:\\\/\\\/meripelastus.fi\\\/lappeenranta\\\/wp-content\\\/uploads\\\/sites\\\/6\\\/2023\\\/06\\\/signal-2023-06-30-221229_002.jpg\",\"datePublished\":\"2023-06-30T19:14:30+00:00\",\"dateModified\":\"2023-06-30T19:14:49+00:00\",\"author\":{\"@id\":\"https:\\\/\\\/meripelastus.fi\\\/lappeenranta\\\/#\\\/schema\\\/person\\\/3346f793f3d822543e6a0a39e677a7a4\"},\"breadcrumb\":{\"@id\":\"https:\\\/\\\/meripelastus.fi\\\/lappeenranta\\\/miehistonjasenien-rekrytointi-11-9-2023\\\/#breadcrumb\"},\"inLanguage\":\"fi\",\"potentialAction\":[{\"@type\":\"ReadAction\",\"target\":[\"https:\\\/\\\/meripelastus.fi\\\/lappeenranta\\\/miehistonjasenien-rekrytointi-11-9-2023\\\/\"]}]},{\"@type\":\"ImageObject\",\"inLanguage\":\"fi\",\"@id\":\"https:\\\/\\\/meripelastus.fi\\\/lappeenranta\\\/miehistonjasenien-rekrytointi-11-9-2023\\\/#primaryimage\",\"url\":\"https:\\\/\\\/meripelastus.fi\\\/lappeenranta\\\/wp-content\\\/uploads\\\/sites\\\/6\\\/2023\\\/06\\\/signal-2023-06-30-221229_002.jpg\",\"contentUrl\":\"https:\\\/\\\/meripelastus.fi\\\/lappeenranta\\\/wp-content\\\/uploads\\\/sites\\\/6\\\/2023\\\/06\\\/signal-2023-06-30-221229_002.jpg\",\"width\":1183,\"height\":543},{\"@type\":\"BreadcrumbList\",\"@id\":\"https:\\\/\\\/meripelastus.fi\\\/lappeenranta\\\/miehistonjasenien-rekrytointi-11-9-2023\\\/#breadcrumb\",\"itemListElement\":[{\"@type\":\"ListItem\",\"position\":1,\"name\":\"Etusivu\",\"item\":\"https:\\\/\\\/meripelastus.fi\\\/lappeenranta\\\/\"},{\"@type\":\"ListItem\",\"position\":2,\"name\":\"Miehist\u00f6nj\u00e4senien rekrytointi 11.9.2023\"}]},{\"@type\":\"WebSite\",\"@id\":\"https:\\\/\\\/meripelastus.fi\\\/lappeenranta\\\/#website\",\"url\":\"https:\\\/\\\/meripelastus.fi\\\/lappeenranta\\\/\",\"name\":\"Suomen Meripelastusseura Etel\u00e4-Saimaa\",\"description\":\"Vapaaehtoiset apunasi vesill\u00e4\",\"potentialAction\":[{\"@type\":\"SearchAction\",\"target\":{\"@type\":\"EntryPoint\",\"urlTemplate\":\"https:\\\/\\\/meripelastus.fi\\\/lappeenranta\\\/?s={search_term_string}\"},\"query-input\":{\"@type\":\"PropertyValueSpecification\",\"valueRequired\":true,\"valueName\":\"search_term_string\"}}],\"inLanguage\":\"fi\"},{\"@type\":\"Person\",\"@id\":\"https:\\\/\\\/meripelastus.fi\\\/lappeenranta\\\/#\\\/schema\\\/person\\\/3346f793f3d822543e6a0a39e677a7a4\",\"name\":\"Toni\",\"image\":{\"@type\":\"ImageObject\",\"inLanguage\":\"fi\",\"@id\":\"https:\\\/\\\/secure.gravatar.com\\\/avatar\\\/6b8280f5a62e42b6e513db0b7d7156b421b62b27620f89f8555290944a6d2508?s=96&d=mm&r=g\",\"url\":\"https:\\\/\\\/secure.gravatar.com\\\/avatar\\\/6b8280f5a62e42b6e513db0b7d7156b421b62b27620f89f8555290944a6d2508?s=96&d=mm&r=g\",\"contentUrl\":\"https:\\\/\\\/secure.gravatar.com\\\/avatar\\\/6b8280f5a62e42b6e513db0b7d7156b421b62b27620f89f8555290944a6d2508?s=96&d=mm&r=g\",\"caption\":\"Toni\"},\"url\":\"https:\\\/\\\/meripelastus.fi\\\/lappeenranta\\\/author\\\/toni\\\/\"}]}<\/script>\n<!-- \/ Yoast SEO Premium plugin. -->","yoast_head_json":{"title":"Miehist\u00f6nj\u00e4senien rekrytointi 11.9.2023 - Suomen Meripelastusseura Etel\u00e4-Saimaa","robots":{"index":"index","follow":"follow","max-snippet":"max-snippet:-1","max-image-preview":"max-image-preview:large","max-video-preview":"max-video-preview:-1"},"canonical":"https:\/\/meripelastus.fi\/lappeenranta\/miehistonjasenien-rekrytointi-11-9-2023\/","og_locale":"fi_FI","og_type":"article","og_title":"Miehist\u00f6nj\u00e4senien rekrytointi 11.9.2023","og_description":"Seuraava uusien miehist\u00f6nj\u00e4senien rekrytointi, 11.9.2023 maanantaina 18.00 Rapasaaren asemalla. Pakollinen tulokaskoulutus 23-24.9.2023 lauantai-sunnuntai. Kanssaihmisten auttaminen, Saimaan alueen vesist\u00f6\u00f6n tutustuminen sek\u00e4 monipuolinen pelastus- ja merenkulkukoulutus ovat paketti, mit\u00e4 mik\u00e4\u00e4n muu harrastus ei tarjoa. Meripelastajana olet: &#8211; V\u00e4hint\u00e4\u00e4n 16-vuotias (teht\u00e4ville osallistuminen edellytt\u00e4\u00e4 18v ik\u00e4\u00e4) &#8211; Uimataitoinen &#8211; Perusterve &#8211; Innokas &#8211; Sitoutunut Koulutamme sinut teht\u00e4v\u00e4\u00e4n, aiempaa osaamista [&hellip;]","og_url":"https:\/\/meripelastus.fi\/lappeenranta\/miehistonjasenien-rekrytointi-11-9-2023\/","og_site_name":"Suomen Meripelastusseura Etel\u00e4-Saimaa","article_published_time":"2023-06-30T19:14:30+00:00","article_modified_time":"2023-06-30T19:14:49+00:00","og_image":[{"width":1183,"height":543,"url":"https:\/\/meripelastus.fi\/lappeenranta\/wp-content\/uploads\/sites\/6\/2023\/06\/signal-2023-06-30-221229_002.jpg","type":"image\/jpeg"}],"author":"Toni","twitter_card":"summary_large_image","twitter_misc":{"Kirjoittanut":"Toni","Arvioitu lukuaika":"1 minuutti"},"schema":{"@context":"https:\/\/schema.org","@graph":[{"@type":"Article","@id":"https:\/\/meripelastus.fi\/lappeenranta\/miehistonjasenien-rekrytointi-11-9-2023\/#article","isPartOf":{"@id":"https:\/\/meripelastus.fi\/lappeenranta\/miehistonjasenien-rekrytointi-11-9-2023\/"},"author":{"name":"Toni","@id":"https:\/\/meripelastus.fi\/lappeenranta\/#\/schema\/person\/3346f793f3d822543e6a0a39e677a7a4"},"headline":"Miehist\u00f6nj\u00e4senien rekrytointi 11.9.2023","datePublished":"2023-06-30T19:14:30+00:00","dateModified":"2023-06-30T19:14:49+00:00","mainEntityOfPage":{"@id":"https:\/\/meripelastus.fi\/lappeenranta\/miehistonjasenien-rekrytointi-11-9-2023\/"},"wordCount":77,"image":{"@id":"https:\/\/meripelastus.fi\/lappeenranta\/miehistonjasenien-rekrytointi-11-9-2023\/#primaryimage"},"thumbnailUrl":"https:\/\/meripelastus.fi\/lappeenranta\/wp-content\/uploads\/sites\/6\/2023\/06\/signal-2023-06-30-221229_002.jpg","articleSection":["Uutiset"],"inLanguage":"fi"},{"@type":"WebPage","@id":"https:\/\/meripelastus.fi\/lappeenranta\/miehistonjasenien-rekrytointi-11-9-2023\/","url":"https:\/\/meripelastus.fi\/lappeenranta\/miehistonjasenien-rekrytointi-11-9-2023\/","name":"Miehist\u00f6nj\u00e4senien rekrytointi 11.9.2023 - Suomen Meripelastusseura Etel\u00e4-Saimaa","isPartOf":{"@id":"https:\/\/meripelastus.fi\/lappeenranta\/#website"},"primaryImageOfPage":{"@id":"https:\/\/meripelastus.fi\/lappeenranta\/miehistonjasenien-rekrytointi-11-9-2023\/#primaryimage"},"image":{"@id":"https:\/\/meripelastus.fi\/lappeenranta\/miehistonjasenien-rekrytointi-11-9-2023\/#primaryimage"},"thumbnailUrl":"https:\/\/meripelastus.fi\/lappeenranta\/wp-content\/uploads\/sites\/6\/2023\/06\/signal-2023-06-30-221229_002.jpg","datePublished":"2023-06-30T19:14:30+00:00","dateModified":"2023-06-30T19:14:49+00:00","author":{"@id":"https:\/\/meripelastus.fi\/lappeenranta\/#\/schema\/person\/3346f793f3d822543e6a0a39e677a7a4"},"breadcrumb":{"@id":"https:\/\/meripelastus.fi\/lappeenranta\/miehistonjasenien-rekrytointi-11-9-2023\/#breadcrumb"},"inLanguage":"fi","potentialAction":[{"@type":"ReadAction","target":["https:\/\/meripelastus.fi\/lappeenranta\/miehistonjasenien-rekrytointi-11-9-2023\/"]}]},{"@type":"ImageObject","inLanguage":"fi","@id":"https:\/\/meripelastus.fi\/lappeenranta\/miehistonjasenien-rekrytointi-11-9-2023\/#primaryimage","url":"https:\/\/meripelastus.fi\/lappeenranta\/wp-content\/uploads\/sites\/6\/2023\/06\/signal-2023-06-30-221229_002.jpg","contentUrl":"https:\/\/meripelastus.fi\/lappeenranta\/wp-content\/uploads\/sites\/6\/2023\/06\/signal-2023-06-30-221229_002.jpg","width":1183,"height":543},{"@type":"BreadcrumbList","@id":"https:\/\/meripelastus.fi\/lappeenranta\/miehistonjasenien-rekrytointi-11-9-2023\/#breadcrumb","itemListElement":[{"@type":"ListItem","position":1,"name":"Etusivu","item":"https:\/\/meripelastus.fi\/lappeenranta\/"},{"@type":"ListItem","position":2,"name":"Miehist\u00f6nj\u00e4senien rekrytointi 11.9.2023"}]},{"@type":"WebSite","@id":"https:\/\/meripelastus.fi\/lappeenranta\/#website","url":"https:\/\/meripelastus.fi\/lappeenranta\/","name":"Suomen Meripelastusseura Etel\u00e4-Saimaa","description":"Vapaaehtoiset apunasi vesill\u00e4","potentialAction":[{"@type":"SearchAction","target":{"@type":"EntryPoint","urlTemplate":"https:\/\/meripelastus.fi\/lappeenranta\/?s={search_term_string}"},"query-input":{"@type":"PropertyValueSpecification","valueRequired":true,"valueName":"search_term_string"}}],"inLanguage":"fi"},{"@type":"Person","@id":"https:\/\/meripelastus.fi\/lappeenranta\/#\/schema\/person\/3346f793f3d822543e6a0a39e677a7a4","name":"Toni","image":{"@type":"ImageObject","inLanguage":"fi","@id":"https:\/\/secure.gravatar.com\/avatar\/6b8280f5a62e42b6e513db0b7d7156b421b62b27620f89f8555290944a6d2508?s=96&d=mm&r=g","url":"https:\/\/secure.gravatar.com\/avatar\/6b8280f5a62e42b6e513db0b7d7156b421b62b27620f89f8555290944a6d2508?s=96&d=mm&r=g","contentUrl":"https:\/\/secure.gravatar.com\/avatar\/6b8280f5a62e42b6e513db0b7d7156b421b62b27620f89f8555290944a6d2508?s=96&d=mm&r=g","caption":"Toni"},"url":"https:\/\/meripelastus.fi\/lappeenranta\/author\/toni\/"}]}},"_links":{"self":[{"href":"https:\/\/meripelastus.fi\/lappeenranta\/wp-json\/wp\/v2\/posts\/912","targetHints":{"allow":["GET"]}}],"collection":[{"href":"https:\/\/meripelastus.fi\/lappeenranta\/wp-json\/wp\/v2\/posts"}],"about":[{"href":"https:\/\/meripelastus.fi\/lappeenranta\/wp-json\/wp\/v2\/types\/post"}],"author":[{"embeddable":true,"href":"https:\/\/meripelastus.fi\/lappeenranta\/wp-json\/wp\/v2\/users\/10"}],"replies":[{"embeddable":true,"href":"https:\/\/meripelastus.fi\/lappeenranta\/wp-json\/wp\/v2\/comments?post=912"}],"version-history":[{"count":1,"href":"https:\/\/meripelastus.fi\/lappeenranta\/wp-json\/wp\/v2\/posts\/912\/revisions"}],"predecessor-version":[{"id":913,"href":"https:\/\/meripelastus.fi\/lappeenranta\/wp-json\/wp\/v2\/posts\/912\/revisions\/913"}],"wp:featuredmedia":[{"embeddable":true,"href":"https:\/\/meripelastus.fi\/lappeenranta\/wp-json\/wp\/v2\/media\/914"}],"wp:attachment":[{"href":"https:\/\/meripelastus.fi\/lappeenranta\/wp-json\/wp\/v2\/media?parent=912"}],"wp:term":[{"taxonomy":"category","embeddable":true,"href":"https:\/\/meripelastus.fi\/lappeenranta\/wp-json\/wp\/v2\/categories?post=912"},{"taxonomy":"post_tag","embeddable":true,"href":"https:\/\/meripelastus.fi\/lappeenranta\/wp-json\/wp\/v2\/tags?post=912"}],"curies":[{"name":"wp","href":"https:\/\/api.w.org\/{rel}","templated":true}]}}