{"id":797,"date":"2022-05-06T12:10:43","date_gmt":"2022-05-06T09:10:43","guid":{"rendered":"https:\/\/meripelastus.fi\/lappeenranta\/?p=797"},"modified":"2022-05-10T18:14:11","modified_gmt":"2022-05-10T15:14:11","slug":"willimies-ja-jopi-laskettu-veteen","status":"publish","type":"post","link":"https:\/\/meripelastus.fi\/lappeenranta\/willimies-ja-jopi-laskettu-veteen\/","title":{"rendered":"Willimies ja Jopi laskettu veteen"},"content":{"rendered":"<p>Yhdistyksen pelastusvene Willimies ja harjoitusalus Jopi laskettiin t\u00e4n\u00e4\u00e4n perjantaina veteen ja siirrettiin omalle laituripaikalle. Aseman edustalla on viel\u00e4 ohut j\u00e4\u00e4peite joten Jopi suoritti j\u00e4\u00e4nmurtoa Rapasaaren edustalla jotta Willimies pystyi siirtym\u00e4\u00e4n omalle laituripaikalle. Kaukas on trailerilla aseman pihassa ja odottaa ett\u00e4 loputkin j\u00e4\u00e4t h\u00e4vi\u00e4v\u00e4t. Yhdistyksen p\u00e4ivystyskausi alkanee ensi viikolla, sit\u00e4 ennen t\u00e4ytyy suorittaa Willimiehen koeajo sek\u00e4 muut testaukset.<\/p>\n","protected":false},"excerpt":{"rendered":"<p>Yhdistyksen pelastusvene Willimies ja harjoitusalus Jopi laskettiin t\u00e4n\u00e4\u00e4n perjantaina veteen ja siirrettiin omalle laituripaikalle. Aseman edustalla on viel\u00e4 ohut j\u00e4\u00e4peite joten Jopi suoritti j\u00e4\u00e4nmurtoa Rapasaaren edustalla jotta Willimies pystyi siirtym\u00e4\u00e4n omalle laituripaikalle. Kaukas on trailerilla aseman pihassa ja odottaa ett\u00e4 loputkin j\u00e4\u00e4t h\u00e4vi\u00e4v\u00e4t. Yhdistyksen p\u00e4ivystyskausi alkanee ensi viikolla, sit\u00e4 ennen t\u00e4ytyy suorittaa Willimiehen koeajo sek\u00e4 [&hellip;]<\/p>\n","protected":false},"author":10,"featured_media":800,"comment_status":"closed","ping_status":"open","sticky":false,"template":"","format":"standard","meta":{"_acf_changed":false,"inline_featured_image":false,"footnotes":""},"categories":[1],"tags":[],"class_list":["post-797","post","type-post","status-publish","format-standard","has-post-thumbnail","hentry","category-uutiset"],"acf":[],"yoast_head":"<!-- This site is optimized with the Yoast SEO Premium plugin v27.4 (Yoast SEO v27.4) - https:\/\/yoast.com\/product\/yoast-seo-premium-wordpress\/ -->\n<title>Willimies ja Jopi laskettu veteen - Suomen Meripelastusseura Etel\u00e4-Saimaa<\/title>\n<meta name=\"robots\" content=\"index, follow, max-snippet:-1, max-image-preview:large, max-video-preview:-1\" \/>\n<link rel=\"canonical\" href=\"https:\/\/meripelastus.fi\/lappeenranta\/willimies-ja-jopi-laskettu-veteen\/\" \/>\n<meta property=\"og:locale\" content=\"fi_FI\" \/>\n<meta property=\"og:type\" content=\"article\" \/>\n<meta property=\"og:title\" content=\"Willimies ja Jopi laskettu veteen\" \/>\n<meta property=\"og:description\" content=\"Yhdistyksen pelastusvene Willimies ja harjoitusalus Jopi laskettiin t\u00e4n\u00e4\u00e4n perjantaina veteen ja siirrettiin omalle laituripaikalle. Aseman edustalla on viel\u00e4 ohut j\u00e4\u00e4peite joten Jopi suoritti j\u00e4\u00e4nmurtoa Rapasaaren edustalla jotta Willimies pystyi siirtym\u00e4\u00e4n omalle laituripaikalle. Kaukas on trailerilla aseman pihassa ja odottaa ett\u00e4 loputkin j\u00e4\u00e4t h\u00e4vi\u00e4v\u00e4t. Yhdistyksen p\u00e4ivystyskausi alkanee ensi viikolla, sit\u00e4 ennen t\u00e4ytyy suorittaa Willimiehen koeajo sek\u00e4 [&hellip;]\" \/>\n<meta property=\"og:url\" content=\"https:\/\/meripelastus.fi\/lappeenranta\/willimies-ja-jopi-laskettu-veteen\/\" \/>\n<meta property=\"og:site_name\" content=\"Suomen Meripelastusseura Etel\u00e4-Saimaa\" \/>\n<meta property=\"article:published_time\" content=\"2022-05-06T09:10:43+00:00\" \/>\n<meta property=\"article:modified_time\" content=\"2022-05-10T15:14:11+00:00\" \/>\n<meta property=\"og:image\" content=\"https:\/\/meripelastus.fi\/lappeenranta\/wp-content\/uploads\/sites\/6\/2022\/05\/IMG_8251_1_pien.jpg\" \/>\n\t<meta property=\"og:image:width\" content=\"1500\" \/>\n\t<meta property=\"og:image:height\" content=\"1000\" \/>\n\t<meta property=\"og:image:type\" content=\"image\/jpeg\" \/>\n<meta name=\"author\" content=\"Toni\" \/>\n<meta name=\"twitter:card\" content=\"summary_large_image\" \/>\n<meta name=\"twitter:label1\" content=\"Kirjoittanut\" \/>\n\t<meta name=\"twitter:data1\" content=\"Toni\" \/>\n\t<meta name=\"twitter:label2\" content=\"Arvioitu lukuaika\" \/>\n\t<meta name=\"twitter:data2\" content=\"1 minuutti\" \/>\n<script type=\"application\/ld+json\" class=\"yoast-schema-graph\">{\"@context\":\"https:\\\/\\\/schema.org\",\"@graph\":[{\"@type\":\"Article\",\"@id\":\"https:\\\/\\\/meripelastus.fi\\\/lappeenranta\\\/willimies-ja-jopi-laskettu-veteen\\\/#article\",\"isPartOf\":{\"@id\":\"https:\\\/\\\/meripelastus.fi\\\/lappeenranta\\\/willimies-ja-jopi-laskettu-veteen\\\/\"},\"author\":{\"name\":\"Toni\",\"@id\":\"https:\\\/\\\/meripelastus.fi\\\/lappeenranta\\\/#\\\/schema\\\/person\\\/3346f793f3d822543e6a0a39e677a7a4\"},\"headline\":\"Willimies ja Jopi laskettu veteen\",\"datePublished\":\"2022-05-06T09:10:43+00:00\",\"dateModified\":\"2022-05-10T15:14:11+00:00\",\"mainEntityOfPage\":{\"@id\":\"https:\\\/\\\/meripelastus.fi\\\/lappeenranta\\\/willimies-ja-jopi-laskettu-veteen\\\/\"},\"wordCount\":73,\"image\":{\"@id\":\"https:\\\/\\\/meripelastus.fi\\\/lappeenranta\\\/willimies-ja-jopi-laskettu-veteen\\\/#primaryimage\"},\"thumbnailUrl\":\"https:\\\/\\\/meripelastus.fi\\\/lappeenranta\\\/wp-content\\\/uploads\\\/sites\\\/6\\\/2022\\\/05\\\/IMG_8251_1_pien.jpg\",\"articleSection\":[\"Uutiset\"],\"inLanguage\":\"fi\"},{\"@type\":\"WebPage\",\"@id\":\"https:\\\/\\\/meripelastus.fi\\\/lappeenranta\\\/willimies-ja-jopi-laskettu-veteen\\\/\",\"url\":\"https:\\\/\\\/meripelastus.fi\\\/lappeenranta\\\/willimies-ja-jopi-laskettu-veteen\\\/\",\"name\":\"Willimies ja Jopi laskettu veteen - Suomen Meripelastusseura Etel\u00e4-Saimaa\",\"isPartOf\":{\"@id\":\"https:\\\/\\\/meripelastus.fi\\\/lappeenranta\\\/#website\"},\"primaryImageOfPage\":{\"@id\":\"https:\\\/\\\/meripelastus.fi\\\/lappeenranta\\\/willimies-ja-jopi-laskettu-veteen\\\/#primaryimage\"},\"image\":{\"@id\":\"https:\\\/\\\/meripelastus.fi\\\/lappeenranta\\\/willimies-ja-jopi-laskettu-veteen\\\/#primaryimage\"},\"thumbnailUrl\":\"https:\\\/\\\/meripelastus.fi\\\/lappeenranta\\\/wp-content\\\/uploads\\\/sites\\\/6\\\/2022\\\/05\\\/IMG_8251_1_pien.jpg\",\"datePublished\":\"2022-05-06T09:10:43+00:00\",\"dateModified\":\"2022-05-10T15:14:11+00:00\",\"author\":{\"@id\":\"https:\\\/\\\/meripelastus.fi\\\/lappeenranta\\\/#\\\/schema\\\/person\\\/3346f793f3d822543e6a0a39e677a7a4\"},\"breadcrumb\":{\"@id\":\"https:\\\/\\\/meripelastus.fi\\\/lappeenranta\\\/willimies-ja-jopi-laskettu-veteen\\\/#breadcrumb\"},\"inLanguage\":\"fi\",\"potentialAction\":[{\"@type\":\"ReadAction\",\"target\":[\"https:\\\/\\\/meripelastus.fi\\\/lappeenranta\\\/willimies-ja-jopi-laskettu-veteen\\\/\"]}]},{\"@type\":\"ImageObject\",\"inLanguage\":\"fi\",\"@id\":\"https:\\\/\\\/meripelastus.fi\\\/lappeenranta\\\/willimies-ja-jopi-laskettu-veteen\\\/#primaryimage\",\"url\":\"https:\\\/\\\/meripelastus.fi\\\/lappeenranta\\\/wp-content\\\/uploads\\\/sites\\\/6\\\/2022\\\/05\\\/IMG_8251_1_pien.jpg\",\"contentUrl\":\"https:\\\/\\\/meripelastus.fi\\\/lappeenranta\\\/wp-content\\\/uploads\\\/sites\\\/6\\\/2022\\\/05\\\/IMG_8251_1_pien.jpg\",\"width\":1500,\"height\":1000},{\"@type\":\"BreadcrumbList\",\"@id\":\"https:\\\/\\\/meripelastus.fi\\\/lappeenranta\\\/willimies-ja-jopi-laskettu-veteen\\\/#breadcrumb\",\"itemListElement\":[{\"@type\":\"ListItem\",\"position\":1,\"name\":\"Etusivu\",\"item\":\"https:\\\/\\\/meripelastus.fi\\\/lappeenranta\\\/\"},{\"@type\":\"ListItem\",\"position\":2,\"name\":\"Willimies ja Jopi laskettu veteen\"}]},{\"@type\":\"WebSite\",\"@id\":\"https:\\\/\\\/meripelastus.fi\\\/lappeenranta\\\/#website\",\"url\":\"https:\\\/\\\/meripelastus.fi\\\/lappeenranta\\\/\",\"name\":\"Suomen Meripelastusseura Etel\u00e4-Saimaa\",\"description\":\"Vapaaehtoiset apunasi vesill\u00e4\",\"potentialAction\":[{\"@type\":\"SearchAction\",\"target\":{\"@type\":\"EntryPoint\",\"urlTemplate\":\"https:\\\/\\\/meripelastus.fi\\\/lappeenranta\\\/?s={search_term_string}\"},\"query-input\":{\"@type\":\"PropertyValueSpecification\",\"valueRequired\":true,\"valueName\":\"search_term_string\"}}],\"inLanguage\":\"fi\"},{\"@type\":\"Person\",\"@id\":\"https:\\\/\\\/meripelastus.fi\\\/lappeenranta\\\/#\\\/schema\\\/person\\\/3346f793f3d822543e6a0a39e677a7a4\",\"name\":\"Toni\",\"image\":{\"@type\":\"ImageObject\",\"inLanguage\":\"fi\",\"@id\":\"https:\\\/\\\/secure.gravatar.com\\\/avatar\\\/6b8280f5a62e42b6e513db0b7d7156b421b62b27620f89f8555290944a6d2508?s=96&d=mm&r=g\",\"url\":\"https:\\\/\\\/secure.gravatar.com\\\/avatar\\\/6b8280f5a62e42b6e513db0b7d7156b421b62b27620f89f8555290944a6d2508?s=96&d=mm&r=g\",\"contentUrl\":\"https:\\\/\\\/secure.gravatar.com\\\/avatar\\\/6b8280f5a62e42b6e513db0b7d7156b421b62b27620f89f8555290944a6d2508?s=96&d=mm&r=g\",\"caption\":\"Toni\"},\"url\":\"https:\\\/\\\/meripelastus.fi\\\/lappeenranta\\\/author\\\/toni\\\/\"}]}<\/script>\n<!-- \/ Yoast SEO Premium plugin. -->","yoast_head_json":{"title":"Willimies ja Jopi laskettu veteen - Suomen Meripelastusseura Etel\u00e4-Saimaa","robots":{"index":"index","follow":"follow","max-snippet":"max-snippet:-1","max-image-preview":"max-image-preview:large","max-video-preview":"max-video-preview:-1"},"canonical":"https:\/\/meripelastus.fi\/lappeenranta\/willimies-ja-jopi-laskettu-veteen\/","og_locale":"fi_FI","og_type":"article","og_title":"Willimies ja Jopi laskettu veteen","og_description":"Yhdistyksen pelastusvene Willimies ja harjoitusalus Jopi laskettiin t\u00e4n\u00e4\u00e4n perjantaina veteen ja siirrettiin omalle laituripaikalle. Aseman edustalla on viel\u00e4 ohut j\u00e4\u00e4peite joten Jopi suoritti j\u00e4\u00e4nmurtoa Rapasaaren edustalla jotta Willimies pystyi siirtym\u00e4\u00e4n omalle laituripaikalle. Kaukas on trailerilla aseman pihassa ja odottaa ett\u00e4 loputkin j\u00e4\u00e4t h\u00e4vi\u00e4v\u00e4t. Yhdistyksen p\u00e4ivystyskausi alkanee ensi viikolla, sit\u00e4 ennen t\u00e4ytyy suorittaa Willimiehen koeajo sek\u00e4 [&hellip;]","og_url":"https:\/\/meripelastus.fi\/lappeenranta\/willimies-ja-jopi-laskettu-veteen\/","og_site_name":"Suomen Meripelastusseura Etel\u00e4-Saimaa","article_published_time":"2022-05-06T09:10:43+00:00","article_modified_time":"2022-05-10T15:14:11+00:00","og_image":[{"width":1500,"height":1000,"url":"https:\/\/meripelastus.fi\/lappeenranta\/wp-content\/uploads\/sites\/6\/2022\/05\/IMG_8251_1_pien.jpg","type":"image\/jpeg"}],"author":"Toni","twitter_card":"summary_large_image","twitter_misc":{"Kirjoittanut":"Toni","Arvioitu lukuaika":"1 minuutti"},"schema":{"@context":"https:\/\/schema.org","@graph":[{"@type":"Article","@id":"https:\/\/meripelastus.fi\/lappeenranta\/willimies-ja-jopi-laskettu-veteen\/#article","isPartOf":{"@id":"https:\/\/meripelastus.fi\/lappeenranta\/willimies-ja-jopi-laskettu-veteen\/"},"author":{"name":"Toni","@id":"https:\/\/meripelastus.fi\/lappeenranta\/#\/schema\/person\/3346f793f3d822543e6a0a39e677a7a4"},"headline":"Willimies ja Jopi laskettu veteen","datePublished":"2022-05-06T09:10:43+00:00","dateModified":"2022-05-10T15:14:11+00:00","mainEntityOfPage":{"@id":"https:\/\/meripelastus.fi\/lappeenranta\/willimies-ja-jopi-laskettu-veteen\/"},"wordCount":73,"image":{"@id":"https:\/\/meripelastus.fi\/lappeenranta\/willimies-ja-jopi-laskettu-veteen\/#primaryimage"},"thumbnailUrl":"https:\/\/meripelastus.fi\/lappeenranta\/wp-content\/uploads\/sites\/6\/2022\/05\/IMG_8251_1_pien.jpg","articleSection":["Uutiset"],"inLanguage":"fi"},{"@type":"WebPage","@id":"https:\/\/meripelastus.fi\/lappeenranta\/willimies-ja-jopi-laskettu-veteen\/","url":"https:\/\/meripelastus.fi\/lappeenranta\/willimies-ja-jopi-laskettu-veteen\/","name":"Willimies ja Jopi laskettu veteen - Suomen Meripelastusseura Etel\u00e4-Saimaa","isPartOf":{"@id":"https:\/\/meripelastus.fi\/lappeenranta\/#website"},"primaryImageOfPage":{"@id":"https:\/\/meripelastus.fi\/lappeenranta\/willimies-ja-jopi-laskettu-veteen\/#primaryimage"},"image":{"@id":"https:\/\/meripelastus.fi\/lappeenranta\/willimies-ja-jopi-laskettu-veteen\/#primaryimage"},"thumbnailUrl":"https:\/\/meripelastus.fi\/lappeenranta\/wp-content\/uploads\/sites\/6\/2022\/05\/IMG_8251_1_pien.jpg","datePublished":"2022-05-06T09:10:43+00:00","dateModified":"2022-05-10T15:14:11+00:00","author":{"@id":"https:\/\/meripelastus.fi\/lappeenranta\/#\/schema\/person\/3346f793f3d822543e6a0a39e677a7a4"},"breadcrumb":{"@id":"https:\/\/meripelastus.fi\/lappeenranta\/willimies-ja-jopi-laskettu-veteen\/#breadcrumb"},"inLanguage":"fi","potentialAction":[{"@type":"ReadAction","target":["https:\/\/meripelastus.fi\/lappeenranta\/willimies-ja-jopi-laskettu-veteen\/"]}]},{"@type":"ImageObject","inLanguage":"fi","@id":"https:\/\/meripelastus.fi\/lappeenranta\/willimies-ja-jopi-laskettu-veteen\/#primaryimage","url":"https:\/\/meripelastus.fi\/lappeenranta\/wp-content\/uploads\/sites\/6\/2022\/05\/IMG_8251_1_pien.jpg","contentUrl":"https:\/\/meripelastus.fi\/lappeenranta\/wp-content\/uploads\/sites\/6\/2022\/05\/IMG_8251_1_pien.jpg","width":1500,"height":1000},{"@type":"BreadcrumbList","@id":"https:\/\/meripelastus.fi\/lappeenranta\/willimies-ja-jopi-laskettu-veteen\/#breadcrumb","itemListElement":[{"@type":"ListItem","position":1,"name":"Etusivu","item":"https:\/\/meripelastus.fi\/lappeenranta\/"},{"@type":"ListItem","position":2,"name":"Willimies ja Jopi laskettu veteen"}]},{"@type":"WebSite","@id":"https:\/\/meripelastus.fi\/lappeenranta\/#website","url":"https:\/\/meripelastus.fi\/lappeenranta\/","name":"Suomen Meripelastusseura Etel\u00e4-Saimaa","description":"Vapaaehtoiset apunasi vesill\u00e4","potentialAction":[{"@type":"SearchAction","target":{"@type":"EntryPoint","urlTemplate":"https:\/\/meripelastus.fi\/lappeenranta\/?s={search_term_string}"},"query-input":{"@type":"PropertyValueSpecification","valueRequired":true,"valueName":"search_term_string"}}],"inLanguage":"fi"},{"@type":"Person","@id":"https:\/\/meripelastus.fi\/lappeenranta\/#\/schema\/person\/3346f793f3d822543e6a0a39e677a7a4","name":"Toni","image":{"@type":"ImageObject","inLanguage":"fi","@id":"https:\/\/secure.gravatar.com\/avatar\/6b8280f5a62e42b6e513db0b7d7156b421b62b27620f89f8555290944a6d2508?s=96&d=mm&r=g","url":"https:\/\/secure.gravatar.com\/avatar\/6b8280f5a62e42b6e513db0b7d7156b421b62b27620f89f8555290944a6d2508?s=96&d=mm&r=g","contentUrl":"https:\/\/secure.gravatar.com\/avatar\/6b8280f5a62e42b6e513db0b7d7156b421b62b27620f89f8555290944a6d2508?s=96&d=mm&r=g","caption":"Toni"},"url":"https:\/\/meripelastus.fi\/lappeenranta\/author\/toni\/"}]}},"_links":{"self":[{"href":"https:\/\/meripelastus.fi\/lappeenranta\/wp-json\/wp\/v2\/posts\/797","targetHints":{"allow":["GET"]}}],"collection":[{"href":"https:\/\/meripelastus.fi\/lappeenranta\/wp-json\/wp\/v2\/posts"}],"about":[{"href":"https:\/\/meripelastus.fi\/lappeenranta\/wp-json\/wp\/v2\/types\/post"}],"author":[{"embeddable":true,"href":"https:\/\/meripelastus.fi\/lappeenranta\/wp-json\/wp\/v2\/users\/10"}],"replies":[{"embeddable":true,"href":"https:\/\/meripelastus.fi\/lappeenranta\/wp-json\/wp\/v2\/comments?post=797"}],"version-history":[{"count":1,"href":"https:\/\/meripelastus.fi\/lappeenranta\/wp-json\/wp\/v2\/posts\/797\/revisions"}],"predecessor-version":[{"id":798,"href":"https:\/\/meripelastus.fi\/lappeenranta\/wp-json\/wp\/v2\/posts\/797\/revisions\/798"}],"wp:featuredmedia":[{"embeddable":true,"href":"https:\/\/meripelastus.fi\/lappeenranta\/wp-json\/wp\/v2\/media\/800"}],"wp:attachment":[{"href":"https:\/\/meripelastus.fi\/lappeenranta\/wp-json\/wp\/v2\/media?parent=797"}],"wp:term":[{"taxonomy":"category","embeddable":true,"href":"https:\/\/meripelastus.fi\/lappeenranta\/wp-json\/wp\/v2\/categories?post=797"},{"taxonomy":"post_tag","embeddable":true,"href":"https:\/\/meripelastus.fi\/lappeenranta\/wp-json\/wp\/v2\/tags?post=797"}],"curies":[{"name":"wp","href":"https:\/\/api.w.org\/{rel}","templated":true}]}}