{"id":707,"date":"2020-12-07T19:21:30","date_gmt":"2020-12-07T17:21:30","guid":{"rendered":"https:\/\/meripelastus.fi\/lappeenranta\/?p=707"},"modified":"2020-12-07T19:22:41","modified_gmt":"2020-12-07T17:22:41","slug":"yhdistyksen-paivystyskausi-paattyy","status":"publish","type":"post","link":"https:\/\/meripelastus.fi\/lappeenranta\/yhdistyksen-paivystyskausi-paattyy\/","title":{"rendered":"Yhdistyksen p\u00e4ivystyskausi p\u00e4\u00e4ttyy"},"content":{"rendered":"<p>Suomen Meripelastusseura Etel\u00e4-Saimaan p\u00e4ivystyskausi 2020 on p\u00e4\u00e4ttynyt. PV Willimies on talvitelakoitu 7.12, AV Kaukas jo viikkoa aiemmin. Kulunut kausi on ollut monessa mieless\u00e4 erikoinen johtuen koronakriisist\u00e4, mutta t\u00e4st\u00e4 huolimatta kausi saatiin viety\u00e4 l\u00e4pi kuitenkin kohtuullisen sujuvasti.<\/p>\n<p>Koronakriisi n\u00e4kyi vapaaehtoisessa meripelastustoiminnassa etel\u00e4isell\u00e4 Saimaalla l\u00e4hinn\u00e4 v\u00e4lillisesti: Miehist\u00f6nj\u00e4senemme pysyiv\u00e4t terveen\u00e4, eik\u00e4 teht\u00e4vill\u00e4 jouduttu kohtaamaan koronaan sairastuneita asiakkaita. Etenkin kes\u00e4kaudella koronatilanne ylip\u00e4\u00e4t\u00e4\u00e4n oli alueella todella rauhallinen. Kev\u00e4\u00e4ll\u00e4 toukokuussa h\u00e4lytysmiehist\u00f6mme toimi erillisiss\u00e4 miehist\u00f6ryhmiss\u00e4. Syksyn telakointien osalta miehist\u00f6ryhm\u00e4periaate jouduttiin ottamaan uudelleen k\u00e4ytt\u00f6\u00f6n monien muiden suojaustoimien lis\u00e4ksi epidemian uudelleen kiihtymisen johdosta.<\/p>\n<p>Kotimaahan suuntautunut lomailu n\u00e4kyi kuitenkin tavallista vilkkaampana kes\u00e4n\u00e4: Teht\u00e4vi\u00e4 avovesikauden aikana yhdistyksemme alukset PV Willimies ja AV Kaukas suorittivat yhteens\u00e4 69 kappaletta. Normaalisti teht\u00e4v\u00e4m\u00e4\u00e4r\u00e4 on ollut noin 50 kappaletta. Vapaaehtoisesti tehtyj\u00e4 henkil\u00f6ty\u00f6tunteja n\u00e4ill\u00e4 keikoilla tehtiin 760 h. Keikoista 21 kappaletta luokiteltiin teht\u00e4v\u00e4kategoriaan onnettomuus- tai vaaratilanne saaristossa tai j\u00e4rvialueella, 1 luokkaan tapaturma, vamma tai sairastuminen, 10 oli luonteeltaan vesiliikenneonnettomuuksia ja 37 teknisi\u00e4 vikoja. Apua sai 126 henkil\u00f6\u00e4 ja 55 alusta, joista yksi luokiteltiin pelastetuksi todenn\u00e4k\u00f6iselt\u00e4 tuhoutumiselta. T\u00e4lle kes\u00e4lle tyypillinen keikka oli pitk\u00e4 hinaus todenn\u00e4k\u00f6isesti siksi, ett\u00e4 moni veneilij\u00e4 vietti vesill\u00e4 tavallista pidempi\u00e4 lomakausia ja matkusti kauemmas l\u00e4himmist\u00e4 satamista.<\/p>\n<p>Valistustoimintaa ja tapahtumiin osallistumisia oli koronakriisist\u00e4 johtuen selke\u00e4sti aiempaa v\u00e4hemm\u00e4n, mutta muutamaan tapahtumaan tai valistustilaisuuteen aktiivimme p\u00e4\u00e4siv\u00e4t kuitenkin osallistumaan kauden aikana. Korona n\u00e4kyi my\u00f6s yhteistoimintaharjoitusten v\u00e4h\u00e4isyyten\u00e4: Ainoastaan yhden kerran yksikk\u00f6mme osallistuivat yhteistoimintaharjoitukseen, mink\u00e4 j\u00e4rjest\u00e4j\u00e4tahona toimivat t\u00e4ll\u00e4 kertaa alueen Vapepan j\u00e4senyhdistykset ja Kaakkois-Suomen poliisilaitos. Yhdistyksemme oma perinteinen harjoitusviikonloppu saatiin pidetty\u00e4 alkusyksyst\u00e4 ja p\u00e4\u00e4siv\u00e4t aktiivimme my\u00f6s osallistumaan muutamille SMPS:n valtakunnallisille kursseille sek\u00e4 kurssilaisina ett\u00e4 kouluttajina. Viikkoharjoitukset pidettiin aiempaan tapaan l\u00e4pi avovesikauden ja syyskuussa toimintaamme saatiin mukaan uusia, innokkaita vapaaehtoisia.<\/p>\n<p>Kausi oli PV Willimiehen ensimm\u00e4inen kausi uudella moottorilla. Talvella 2019-2020 PV Willimiehelle tehtiin merkitt\u00e4v\u00e4 p\u00e4ivityskorjaus, mink\u00e4 tavoitteena on jatkaa aluksen elinkaarta ainakin vuoteen 2035. Aluksesta uusittiin moottori, vetolaite ja navigointielektroniikka. Uudeksi moottoriksi valittu 875 hv Scania osoittautui hyv\u00e4ksi valinnaksi: Willimiehen matkanopeus nousi yli 30 solmun, huippunopeuden ollessa 38 solmua (aiemmat lukemat 23 ja 27 solmua).<\/p>\n","protected":false},"excerpt":{"rendered":"<p>Suomen Meripelastusseura Etel\u00e4-Saimaan p\u00e4ivystyskausi 2020 on p\u00e4\u00e4ttynyt. PV Willimies on talvitelakoitu 7.12, AV Kaukas jo viikkoa aiemmin. Kulunut kausi on ollut monessa mieless\u00e4 erikoinen johtuen koronakriisist\u00e4, mutta t\u00e4st\u00e4 huolimatta kausi saatiin viety\u00e4 l\u00e4pi kuitenkin kohtuullisen sujuvasti. Koronakriisi n\u00e4kyi vapaaehtoisessa meripelastustoiminnassa etel\u00e4isell\u00e4 Saimaalla l\u00e4hinn\u00e4 v\u00e4lillisesti: Miehist\u00f6nj\u00e4senemme pysyiv\u00e4t terveen\u00e4, eik\u00e4 teht\u00e4vill\u00e4 jouduttu kohtaamaan koronaan sairastuneita asiakkaita. Etenkin [&hellip;]<\/p>\n","protected":false},"author":10,"featured_media":710,"comment_status":"closed","ping_status":"open","sticky":false,"template":"","format":"standard","meta":{"_acf_changed":false,"inline_featured_image":false,"footnotes":""},"categories":[1],"tags":[],"class_list":["post-707","post","type-post","status-publish","format-standard","has-post-thumbnail","hentry","category-uutiset"],"acf":[],"yoast_head":"<!-- This site is optimized with the Yoast SEO Premium plugin v27.4 (Yoast SEO v27.4) - https:\/\/yoast.com\/product\/yoast-seo-premium-wordpress\/ -->\n<title>Yhdistyksen p\u00e4ivystyskausi p\u00e4\u00e4ttyy - Suomen Meripelastusseura Etel\u00e4-Saimaa<\/title>\n<meta name=\"robots\" content=\"index, follow, max-snippet:-1, max-image-preview:large, max-video-preview:-1\" \/>\n<link rel=\"canonical\" href=\"https:\/\/meripelastus.fi\/lappeenranta\/yhdistyksen-paivystyskausi-paattyy\/\" \/>\n<meta property=\"og:locale\" content=\"fi_FI\" \/>\n<meta property=\"og:type\" content=\"article\" \/>\n<meta property=\"og:title\" content=\"Yhdistyksen p\u00e4ivystyskausi p\u00e4\u00e4ttyy\" \/>\n<meta property=\"og:description\" content=\"Suomen Meripelastusseura Etel\u00e4-Saimaan p\u00e4ivystyskausi 2020 on p\u00e4\u00e4ttynyt. PV Willimies on talvitelakoitu 7.12, AV Kaukas jo viikkoa aiemmin. Kulunut kausi on ollut monessa mieless\u00e4 erikoinen johtuen koronakriisist\u00e4, mutta t\u00e4st\u00e4 huolimatta kausi saatiin viety\u00e4 l\u00e4pi kuitenkin kohtuullisen sujuvasti. Koronakriisi n\u00e4kyi vapaaehtoisessa meripelastustoiminnassa etel\u00e4isell\u00e4 Saimaalla l\u00e4hinn\u00e4 v\u00e4lillisesti: Miehist\u00f6nj\u00e4senemme pysyiv\u00e4t terveen\u00e4, eik\u00e4 teht\u00e4vill\u00e4 jouduttu kohtaamaan koronaan sairastuneita asiakkaita. Etenkin [&hellip;]\" \/>\n<meta property=\"og:url\" content=\"https:\/\/meripelastus.fi\/lappeenranta\/yhdistyksen-paivystyskausi-paattyy\/\" \/>\n<meta property=\"og:site_name\" content=\"Suomen Meripelastusseura Etel\u00e4-Saimaa\" \/>\n<meta property=\"article:published_time\" content=\"2020-12-07T17:21:30+00:00\" \/>\n<meta property=\"article:modified_time\" content=\"2020-12-07T17:22:41+00:00\" \/>\n<meta property=\"og:image\" content=\"https:\/\/meripelastus.fi\/lappeenranta\/wp-content\/uploads\/sites\/6\/2020\/12\/WhatsApp-Image-2020-12-07-at-10.20.10.jpeg\" \/>\n\t<meta property=\"og:image:width\" content=\"1024\" \/>\n\t<meta property=\"og:image:height\" content=\"768\" \/>\n\t<meta property=\"og:image:type\" content=\"image\/jpeg\" \/>\n<meta name=\"author\" content=\"Toni\" \/>\n<meta name=\"twitter:card\" content=\"summary_large_image\" \/>\n<meta name=\"twitter:label1\" content=\"Kirjoittanut\" \/>\n\t<meta name=\"twitter:data1\" content=\"Toni\" \/>\n\t<meta name=\"twitter:label2\" content=\"Arvioitu lukuaika\" \/>\n\t<meta name=\"twitter:data2\" content=\"2 minuuttia\" \/>\n<script type=\"application\/ld+json\" class=\"yoast-schema-graph\">{\"@context\":\"https:\\\/\\\/schema.org\",\"@graph\":[{\"@type\":\"Article\",\"@id\":\"https:\\\/\\\/meripelastus.fi\\\/lappeenranta\\\/yhdistyksen-paivystyskausi-paattyy\\\/#article\",\"isPartOf\":{\"@id\":\"https:\\\/\\\/meripelastus.fi\\\/lappeenranta\\\/yhdistyksen-paivystyskausi-paattyy\\\/\"},\"author\":{\"name\":\"Toni\",\"@id\":\"https:\\\/\\\/meripelastus.fi\\\/lappeenranta\\\/#\\\/schema\\\/person\\\/3346f793f3d822543e6a0a39e677a7a4\"},\"headline\":\"Yhdistyksen p\u00e4ivystyskausi p\u00e4\u00e4ttyy\",\"datePublished\":\"2020-12-07T17:21:30+00:00\",\"dateModified\":\"2020-12-07T17:22:41+00:00\",\"mainEntityOfPage\":{\"@id\":\"https:\\\/\\\/meripelastus.fi\\\/lappeenranta\\\/yhdistyksen-paivystyskausi-paattyy\\\/\"},\"wordCount\":369,\"image\":{\"@id\":\"https:\\\/\\\/meripelastus.fi\\\/lappeenranta\\\/yhdistyksen-paivystyskausi-paattyy\\\/#primaryimage\"},\"thumbnailUrl\":\"https:\\\/\\\/meripelastus.fi\\\/lappeenranta\\\/wp-content\\\/uploads\\\/sites\\\/6\\\/2020\\\/12\\\/WhatsApp-Image-2020-12-07-at-10.20.10.jpeg\",\"articleSection\":[\"Uutiset\"],\"inLanguage\":\"fi\"},{\"@type\":\"WebPage\",\"@id\":\"https:\\\/\\\/meripelastus.fi\\\/lappeenranta\\\/yhdistyksen-paivystyskausi-paattyy\\\/\",\"url\":\"https:\\\/\\\/meripelastus.fi\\\/lappeenranta\\\/yhdistyksen-paivystyskausi-paattyy\\\/\",\"name\":\"Yhdistyksen p\u00e4ivystyskausi p\u00e4\u00e4ttyy - Suomen Meripelastusseura Etel\u00e4-Saimaa\",\"isPartOf\":{\"@id\":\"https:\\\/\\\/meripelastus.fi\\\/lappeenranta\\\/#website\"},\"primaryImageOfPage\":{\"@id\":\"https:\\\/\\\/meripelastus.fi\\\/lappeenranta\\\/yhdistyksen-paivystyskausi-paattyy\\\/#primaryimage\"},\"image\":{\"@id\":\"https:\\\/\\\/meripelastus.fi\\\/lappeenranta\\\/yhdistyksen-paivystyskausi-paattyy\\\/#primaryimage\"},\"thumbnailUrl\":\"https:\\\/\\\/meripelastus.fi\\\/lappeenranta\\\/wp-content\\\/uploads\\\/sites\\\/6\\\/2020\\\/12\\\/WhatsApp-Image-2020-12-07-at-10.20.10.jpeg\",\"datePublished\":\"2020-12-07T17:21:30+00:00\",\"dateModified\":\"2020-12-07T17:22:41+00:00\",\"author\":{\"@id\":\"https:\\\/\\\/meripelastus.fi\\\/lappeenranta\\\/#\\\/schema\\\/person\\\/3346f793f3d822543e6a0a39e677a7a4\"},\"breadcrumb\":{\"@id\":\"https:\\\/\\\/meripelastus.fi\\\/lappeenranta\\\/yhdistyksen-paivystyskausi-paattyy\\\/#breadcrumb\"},\"inLanguage\":\"fi\",\"potentialAction\":[{\"@type\":\"ReadAction\",\"target\":[\"https:\\\/\\\/meripelastus.fi\\\/lappeenranta\\\/yhdistyksen-paivystyskausi-paattyy\\\/\"]}]},{\"@type\":\"ImageObject\",\"inLanguage\":\"fi\",\"@id\":\"https:\\\/\\\/meripelastus.fi\\\/lappeenranta\\\/yhdistyksen-paivystyskausi-paattyy\\\/#primaryimage\",\"url\":\"https:\\\/\\\/meripelastus.fi\\\/lappeenranta\\\/wp-content\\\/uploads\\\/sites\\\/6\\\/2020\\\/12\\\/WhatsApp-Image-2020-12-07-at-10.20.10.jpeg\",\"contentUrl\":\"https:\\\/\\\/meripelastus.fi\\\/lappeenranta\\\/wp-content\\\/uploads\\\/sites\\\/6\\\/2020\\\/12\\\/WhatsApp-Image-2020-12-07-at-10.20.10.jpeg\",\"width\":1024,\"height\":768},{\"@type\":\"BreadcrumbList\",\"@id\":\"https:\\\/\\\/meripelastus.fi\\\/lappeenranta\\\/yhdistyksen-paivystyskausi-paattyy\\\/#breadcrumb\",\"itemListElement\":[{\"@type\":\"ListItem\",\"position\":1,\"name\":\"Etusivu\",\"item\":\"https:\\\/\\\/meripelastus.fi\\\/lappeenranta\\\/\"},{\"@type\":\"ListItem\",\"position\":2,\"name\":\"Yhdistyksen p\u00e4ivystyskausi p\u00e4\u00e4ttyy\"}]},{\"@type\":\"WebSite\",\"@id\":\"https:\\\/\\\/meripelastus.fi\\\/lappeenranta\\\/#website\",\"url\":\"https:\\\/\\\/meripelastus.fi\\\/lappeenranta\\\/\",\"name\":\"Suomen Meripelastusseura Etel\u00e4-Saimaa\",\"description\":\"Vapaaehtoiset apunasi vesill\u00e4\",\"potentialAction\":[{\"@type\":\"SearchAction\",\"target\":{\"@type\":\"EntryPoint\",\"urlTemplate\":\"https:\\\/\\\/meripelastus.fi\\\/lappeenranta\\\/?s={search_term_string}\"},\"query-input\":{\"@type\":\"PropertyValueSpecification\",\"valueRequired\":true,\"valueName\":\"search_term_string\"}}],\"inLanguage\":\"fi\"},{\"@type\":\"Person\",\"@id\":\"https:\\\/\\\/meripelastus.fi\\\/lappeenranta\\\/#\\\/schema\\\/person\\\/3346f793f3d822543e6a0a39e677a7a4\",\"name\":\"Toni\",\"image\":{\"@type\":\"ImageObject\",\"inLanguage\":\"fi\",\"@id\":\"https:\\\/\\\/secure.gravatar.com\\\/avatar\\\/6b8280f5a62e42b6e513db0b7d7156b421b62b27620f89f8555290944a6d2508?s=96&d=mm&r=g\",\"url\":\"https:\\\/\\\/secure.gravatar.com\\\/avatar\\\/6b8280f5a62e42b6e513db0b7d7156b421b62b27620f89f8555290944a6d2508?s=96&d=mm&r=g\",\"contentUrl\":\"https:\\\/\\\/secure.gravatar.com\\\/avatar\\\/6b8280f5a62e42b6e513db0b7d7156b421b62b27620f89f8555290944a6d2508?s=96&d=mm&r=g\",\"caption\":\"Toni\"},\"url\":\"https:\\\/\\\/meripelastus.fi\\\/lappeenranta\\\/author\\\/toni\\\/\"}]}<\/script>\n<!-- \/ Yoast SEO Premium plugin. -->","yoast_head_json":{"title":"Yhdistyksen p\u00e4ivystyskausi p\u00e4\u00e4ttyy - Suomen Meripelastusseura Etel\u00e4-Saimaa","robots":{"index":"index","follow":"follow","max-snippet":"max-snippet:-1","max-image-preview":"max-image-preview:large","max-video-preview":"max-video-preview:-1"},"canonical":"https:\/\/meripelastus.fi\/lappeenranta\/yhdistyksen-paivystyskausi-paattyy\/","og_locale":"fi_FI","og_type":"article","og_title":"Yhdistyksen p\u00e4ivystyskausi p\u00e4\u00e4ttyy","og_description":"Suomen Meripelastusseura Etel\u00e4-Saimaan p\u00e4ivystyskausi 2020 on p\u00e4\u00e4ttynyt. PV Willimies on talvitelakoitu 7.12, AV Kaukas jo viikkoa aiemmin. Kulunut kausi on ollut monessa mieless\u00e4 erikoinen johtuen koronakriisist\u00e4, mutta t\u00e4st\u00e4 huolimatta kausi saatiin viety\u00e4 l\u00e4pi kuitenkin kohtuullisen sujuvasti. Koronakriisi n\u00e4kyi vapaaehtoisessa meripelastustoiminnassa etel\u00e4isell\u00e4 Saimaalla l\u00e4hinn\u00e4 v\u00e4lillisesti: Miehist\u00f6nj\u00e4senemme pysyiv\u00e4t terveen\u00e4, eik\u00e4 teht\u00e4vill\u00e4 jouduttu kohtaamaan koronaan sairastuneita asiakkaita. Etenkin [&hellip;]","og_url":"https:\/\/meripelastus.fi\/lappeenranta\/yhdistyksen-paivystyskausi-paattyy\/","og_site_name":"Suomen Meripelastusseura Etel\u00e4-Saimaa","article_published_time":"2020-12-07T17:21:30+00:00","article_modified_time":"2020-12-07T17:22:41+00:00","og_image":[{"width":1024,"height":768,"url":"https:\/\/meripelastus.fi\/lappeenranta\/wp-content\/uploads\/sites\/6\/2020\/12\/WhatsApp-Image-2020-12-07-at-10.20.10.jpeg","type":"image\/jpeg"}],"author":"Toni","twitter_card":"summary_large_image","twitter_misc":{"Kirjoittanut":"Toni","Arvioitu lukuaika":"2 minuuttia"},"schema":{"@context":"https:\/\/schema.org","@graph":[{"@type":"Article","@id":"https:\/\/meripelastus.fi\/lappeenranta\/yhdistyksen-paivystyskausi-paattyy\/#article","isPartOf":{"@id":"https:\/\/meripelastus.fi\/lappeenranta\/yhdistyksen-paivystyskausi-paattyy\/"},"author":{"name":"Toni","@id":"https:\/\/meripelastus.fi\/lappeenranta\/#\/schema\/person\/3346f793f3d822543e6a0a39e677a7a4"},"headline":"Yhdistyksen p\u00e4ivystyskausi p\u00e4\u00e4ttyy","datePublished":"2020-12-07T17:21:30+00:00","dateModified":"2020-12-07T17:22:41+00:00","mainEntityOfPage":{"@id":"https:\/\/meripelastus.fi\/lappeenranta\/yhdistyksen-paivystyskausi-paattyy\/"},"wordCount":369,"image":{"@id":"https:\/\/meripelastus.fi\/lappeenranta\/yhdistyksen-paivystyskausi-paattyy\/#primaryimage"},"thumbnailUrl":"https:\/\/meripelastus.fi\/lappeenranta\/wp-content\/uploads\/sites\/6\/2020\/12\/WhatsApp-Image-2020-12-07-at-10.20.10.jpeg","articleSection":["Uutiset"],"inLanguage":"fi"},{"@type":"WebPage","@id":"https:\/\/meripelastus.fi\/lappeenranta\/yhdistyksen-paivystyskausi-paattyy\/","url":"https:\/\/meripelastus.fi\/lappeenranta\/yhdistyksen-paivystyskausi-paattyy\/","name":"Yhdistyksen p\u00e4ivystyskausi p\u00e4\u00e4ttyy - Suomen Meripelastusseura Etel\u00e4-Saimaa","isPartOf":{"@id":"https:\/\/meripelastus.fi\/lappeenranta\/#website"},"primaryImageOfPage":{"@id":"https:\/\/meripelastus.fi\/lappeenranta\/yhdistyksen-paivystyskausi-paattyy\/#primaryimage"},"image":{"@id":"https:\/\/meripelastus.fi\/lappeenranta\/yhdistyksen-paivystyskausi-paattyy\/#primaryimage"},"thumbnailUrl":"https:\/\/meripelastus.fi\/lappeenranta\/wp-content\/uploads\/sites\/6\/2020\/12\/WhatsApp-Image-2020-12-07-at-10.20.10.jpeg","datePublished":"2020-12-07T17:21:30+00:00","dateModified":"2020-12-07T17:22:41+00:00","author":{"@id":"https:\/\/meripelastus.fi\/lappeenranta\/#\/schema\/person\/3346f793f3d822543e6a0a39e677a7a4"},"breadcrumb":{"@id":"https:\/\/meripelastus.fi\/lappeenranta\/yhdistyksen-paivystyskausi-paattyy\/#breadcrumb"},"inLanguage":"fi","potentialAction":[{"@type":"ReadAction","target":["https:\/\/meripelastus.fi\/lappeenranta\/yhdistyksen-paivystyskausi-paattyy\/"]}]},{"@type":"ImageObject","inLanguage":"fi","@id":"https:\/\/meripelastus.fi\/lappeenranta\/yhdistyksen-paivystyskausi-paattyy\/#primaryimage","url":"https:\/\/meripelastus.fi\/lappeenranta\/wp-content\/uploads\/sites\/6\/2020\/12\/WhatsApp-Image-2020-12-07-at-10.20.10.jpeg","contentUrl":"https:\/\/meripelastus.fi\/lappeenranta\/wp-content\/uploads\/sites\/6\/2020\/12\/WhatsApp-Image-2020-12-07-at-10.20.10.jpeg","width":1024,"height":768},{"@type":"BreadcrumbList","@id":"https:\/\/meripelastus.fi\/lappeenranta\/yhdistyksen-paivystyskausi-paattyy\/#breadcrumb","itemListElement":[{"@type":"ListItem","position":1,"name":"Etusivu","item":"https:\/\/meripelastus.fi\/lappeenranta\/"},{"@type":"ListItem","position":2,"name":"Yhdistyksen p\u00e4ivystyskausi p\u00e4\u00e4ttyy"}]},{"@type":"WebSite","@id":"https:\/\/meripelastus.fi\/lappeenranta\/#website","url":"https:\/\/meripelastus.fi\/lappeenranta\/","name":"Suomen Meripelastusseura Etel\u00e4-Saimaa","description":"Vapaaehtoiset apunasi vesill\u00e4","potentialAction":[{"@type":"SearchAction","target":{"@type":"EntryPoint","urlTemplate":"https:\/\/meripelastus.fi\/lappeenranta\/?s={search_term_string}"},"query-input":{"@type":"PropertyValueSpecification","valueRequired":true,"valueName":"search_term_string"}}],"inLanguage":"fi"},{"@type":"Person","@id":"https:\/\/meripelastus.fi\/lappeenranta\/#\/schema\/person\/3346f793f3d822543e6a0a39e677a7a4","name":"Toni","image":{"@type":"ImageObject","inLanguage":"fi","@id":"https:\/\/secure.gravatar.com\/avatar\/6b8280f5a62e42b6e513db0b7d7156b421b62b27620f89f8555290944a6d2508?s=96&d=mm&r=g","url":"https:\/\/secure.gravatar.com\/avatar\/6b8280f5a62e42b6e513db0b7d7156b421b62b27620f89f8555290944a6d2508?s=96&d=mm&r=g","contentUrl":"https:\/\/secure.gravatar.com\/avatar\/6b8280f5a62e42b6e513db0b7d7156b421b62b27620f89f8555290944a6d2508?s=96&d=mm&r=g","caption":"Toni"},"url":"https:\/\/meripelastus.fi\/lappeenranta\/author\/toni\/"}]}},"_links":{"self":[{"href":"https:\/\/meripelastus.fi\/lappeenranta\/wp-json\/wp\/v2\/posts\/707","targetHints":{"allow":["GET"]}}],"collection":[{"href":"https:\/\/meripelastus.fi\/lappeenranta\/wp-json\/wp\/v2\/posts"}],"about":[{"href":"https:\/\/meripelastus.fi\/lappeenranta\/wp-json\/wp\/v2\/types\/post"}],"author":[{"embeddable":true,"href":"https:\/\/meripelastus.fi\/lappeenranta\/wp-json\/wp\/v2\/users\/10"}],"replies":[{"embeddable":true,"href":"https:\/\/meripelastus.fi\/lappeenranta\/wp-json\/wp\/v2\/comments?post=707"}],"version-history":[{"count":1,"href":"https:\/\/meripelastus.fi\/lappeenranta\/wp-json\/wp\/v2\/posts\/707\/revisions"}],"predecessor-version":[{"id":709,"href":"https:\/\/meripelastus.fi\/lappeenranta\/wp-json\/wp\/v2\/posts\/707\/revisions\/709"}],"wp:featuredmedia":[{"embeddable":true,"href":"https:\/\/meripelastus.fi\/lappeenranta\/wp-json\/wp\/v2\/media\/710"}],"wp:attachment":[{"href":"https:\/\/meripelastus.fi\/lappeenranta\/wp-json\/wp\/v2\/media?parent=707"}],"wp:term":[{"taxonomy":"category","embeddable":true,"href":"https:\/\/meripelastus.fi\/lappeenranta\/wp-json\/wp\/v2\/categories?post=707"},{"taxonomy":"post_tag","embeddable":true,"href":"https:\/\/meripelastus.fi\/lappeenranta\/wp-json\/wp\/v2\/tags?post=707"}],"curies":[{"name":"wp","href":"https:\/\/api.w.org\/{rel}","templated":true}]}}