{"id":698,"date":"2020-07-09T20:54:55","date_gmt":"2020-07-09T17:54:55","guid":{"rendered":"https:\/\/meripelastus.fi\/lappeenranta\/?p=698"},"modified":"2020-07-09T20:57:26","modified_gmt":"2020-07-09T17:57:26","slug":"miehiston-rekrytointi-syksylla-2020","status":"publish","type":"post","link":"https:\/\/meripelastus.fi\/lappeenranta\/miehiston-rekrytointi-syksylla-2020\/","title":{"rendered":"Miehist\u00f6n rekrytointi syksyll\u00e4 2020"},"content":{"rendered":"<p><span>Yhdistys rekrytoi uusia miehist\u00f6n j\u00e4seni\u00e4 syksyll\u00e4 2020. Infotilaisuus on 24.8. maanantaina kello 18.00. Rapasaaren asemalla, Pikisaarenkatu 21. T\u00e4m\u00e4n lis\u00e4ksi kaikille uusille tulokkaille pakollinen harjoittelijakoulutus 5-6.9. lauantai-sunnuntai. Lis\u00e4tietoja antaa yhdistyksen koulutusvastaava. <a href=\"https:\/\/meripelastus.fi\/lappeenranta\/yhteystiedot\/\">Yhteystiedot<\/a><\/span><\/p>\n<p>Kanssaihmisten auttaminen, Saimaan alueen vesist\u00f6\u00f6n tutustuminen sek\u00e4 monipuolinen pelastus- ja merenkulkukoulutus ovat paketti, mit\u00e4 mik\u00e4\u00e4n muu harrastus ei tarjoa.<\/p>\n<p>Meripelastajana olet:<\/p>\n<p>\u2013 V\u00e4hint\u00e4\u00e4n 16-vuotias (teht\u00e4ville osallistuminen edellytt\u00e4\u00e4 18v ik\u00e4\u00e4)<\/p>\n<p>\u2013 Uimataitoinen<\/p>\n<p>\u2013 Perusterve<\/p>\n<p>\u2013 Innokas<\/p>\n<p>\u2013 Sitoutunut<\/p>\n<p>Koulutamme sinut teht\u00e4v\u00e4\u00e4n, aiempaa osaamista ei vaadita. T\u00e4rkeint\u00e4 on, ett\u00e4 haluat olla auttamassa apua tarvitsevia.<\/p>\n<p>Lue lis\u00e4\u00e4 koulutuksesta t\u00e4\u00e4lt\u00e4:\u00a0<a href=\"https:\/\/meripelastus.fi\/lappeenranta\/koulutus\/koulutus\/\">https:\/\/meripelastus.fi\/lappeenranta\/koulutus\/koulutus\/<\/a><\/p>\n<p>Jos et pysty terveydentilan tai el\u00e4m\u00e4ntilanteen takia osallistumaan h\u00e4lytysmiehist\u00f6\u00f6n mutta olet muuten kiinnostunut toiminnasta, pystymme mahdollisesti tarjoamaan muita teht\u00e4vi\u00e4 yhdistyksest\u00e4. Alusten huolto ja kunnossapito, hallinnon teht\u00e4v\u00e4t sek\u00e4 varainkeruu ovat t\u00e4rkeit\u00e4 teht\u00e4vi\u00e4, joten jos kiinnostuit ole yhteydess\u00e4 yhdistyksemme puheenjohtajaan.<\/p>\n<p>Yhdistyksemme j\u00e4seneksi voit liitty\u00e4 alla olevan linkin kautta.<br \/>\n<a href=\"https:\/\/meripelastus.fi\/jasenyys\/liittymislomakkeet\/\">Liity j\u00e4seneksi<\/a><\/p>\n<p>&nbsp;<\/p>\n","protected":false},"excerpt":{"rendered":"<p>Yhdistys rekrytoi uusia miehist\u00f6n j\u00e4seni\u00e4 syksyll\u00e4 2020. Infotilaisuus on 24.8. maanantaina kello 18.00. Rapasaaren asemalla, Pikisaarenkatu 21. T\u00e4m\u00e4n lis\u00e4ksi kaikille uusille tulokkaille pakollinen harjoittelijakoulutus 5-6.9. lauantai-sunnuntai. Lis\u00e4tietoja antaa yhdistyksen koulutusvastaava. Yhteystiedot Kanssaihmisten auttaminen, Saimaan alueen vesist\u00f6\u00f6n tutustuminen sek\u00e4 monipuolinen pelastus- ja merenkulkukoulutus ovat paketti, mit\u00e4 mik\u00e4\u00e4n muu harrastus ei tarjoa. Meripelastajana olet: \u2013 V\u00e4hint\u00e4\u00e4n 16-vuotias [&hellip;]<\/p>\n","protected":false},"author":10,"featured_media":700,"comment_status":"closed","ping_status":"open","sticky":false,"template":"","format":"standard","meta":{"_acf_changed":false,"inline_featured_image":false,"footnotes":""},"categories":[1],"tags":[],"class_list":["post-698","post","type-post","status-publish","format-standard","has-post-thumbnail","hentry","category-uutiset"],"acf":[],"yoast_head":"<!-- This site is optimized with the Yoast SEO Premium plugin v27.4 (Yoast SEO v27.4) - https:\/\/yoast.com\/product\/yoast-seo-premium-wordpress\/ -->\n<title>Miehist\u00f6n rekrytointi syksyll\u00e4 2020 - Suomen Meripelastusseura Etel\u00e4-Saimaa<\/title>\n<meta name=\"robots\" content=\"index, follow, max-snippet:-1, max-image-preview:large, max-video-preview:-1\" \/>\n<link rel=\"canonical\" href=\"https:\/\/meripelastus.fi\/lappeenranta\/miehiston-rekrytointi-syksylla-2020\/\" \/>\n<meta property=\"og:locale\" content=\"fi_FI\" \/>\n<meta property=\"og:type\" content=\"article\" \/>\n<meta property=\"og:title\" content=\"Miehist\u00f6n rekrytointi syksyll\u00e4 2020\" \/>\n<meta property=\"og:description\" content=\"Yhdistys rekrytoi uusia miehist\u00f6n j\u00e4seni\u00e4 syksyll\u00e4 2020. Infotilaisuus on 24.8. maanantaina kello 18.00. Rapasaaren asemalla, Pikisaarenkatu 21. T\u00e4m\u00e4n lis\u00e4ksi kaikille uusille tulokkaille pakollinen harjoittelijakoulutus 5-6.9. lauantai-sunnuntai. Lis\u00e4tietoja antaa yhdistyksen koulutusvastaava. Yhteystiedot Kanssaihmisten auttaminen, Saimaan alueen vesist\u00f6\u00f6n tutustuminen sek\u00e4 monipuolinen pelastus- ja merenkulkukoulutus ovat paketti, mit\u00e4 mik\u00e4\u00e4n muu harrastus ei tarjoa. Meripelastajana olet: \u2013 V\u00e4hint\u00e4\u00e4n 16-vuotias [&hellip;]\" \/>\n<meta property=\"og:url\" content=\"https:\/\/meripelastus.fi\/lappeenranta\/miehiston-rekrytointi-syksylla-2020\/\" \/>\n<meta property=\"og:site_name\" content=\"Suomen Meripelastusseura Etel\u00e4-Saimaa\" \/>\n<meta property=\"article:published_time\" content=\"2020-07-09T17:54:55+00:00\" \/>\n<meta property=\"article:modified_time\" content=\"2020-07-09T17:57:26+00:00\" \/>\n<meta property=\"og:image\" content=\"https:\/\/meripelastus.fi\/lappeenranta\/wp-content\/uploads\/sites\/6\/2020\/07\/rekry2020-1.jpg\" \/>\n\t<meta property=\"og:image:width\" content=\"2000\" \/>\n\t<meta property=\"og:image:height\" content=\"1333\" \/>\n\t<meta property=\"og:image:type\" content=\"image\/jpeg\" \/>\n<meta name=\"author\" content=\"Toni\" \/>\n<meta name=\"twitter:card\" content=\"summary_large_image\" \/>\n<meta name=\"twitter:label1\" content=\"Kirjoittanut\" \/>\n\t<meta name=\"twitter:data1\" content=\"Toni\" \/>\n\t<meta name=\"twitter:label2\" content=\"Arvioitu lukuaika\" \/>\n\t<meta name=\"twitter:data2\" content=\"1 minuutti\" \/>\n<script type=\"application\/ld+json\" class=\"yoast-schema-graph\">{\"@context\":\"https:\\\/\\\/schema.org\",\"@graph\":[{\"@type\":\"Article\",\"@id\":\"https:\\\/\\\/meripelastus.fi\\\/lappeenranta\\\/miehiston-rekrytointi-syksylla-2020\\\/#article\",\"isPartOf\":{\"@id\":\"https:\\\/\\\/meripelastus.fi\\\/lappeenranta\\\/miehiston-rekrytointi-syksylla-2020\\\/\"},\"author\":{\"name\":\"Toni\",\"@id\":\"https:\\\/\\\/meripelastus.fi\\\/lappeenranta\\\/#\\\/schema\\\/person\\\/3346f793f3d822543e6a0a39e677a7a4\"},\"headline\":\"Miehist\u00f6n rekrytointi syksyll\u00e4 2020\",\"datePublished\":\"2020-07-09T17:54:55+00:00\",\"dateModified\":\"2020-07-09T17:57:26+00:00\",\"mainEntityOfPage\":{\"@id\":\"https:\\\/\\\/meripelastus.fi\\\/lappeenranta\\\/miehiston-rekrytointi-syksylla-2020\\\/\"},\"wordCount\":163,\"image\":{\"@id\":\"https:\\\/\\\/meripelastus.fi\\\/lappeenranta\\\/miehiston-rekrytointi-syksylla-2020\\\/#primaryimage\"},\"thumbnailUrl\":\"https:\\\/\\\/meripelastus.fi\\\/lappeenranta\\\/wp-content\\\/uploads\\\/sites\\\/6\\\/2020\\\/07\\\/rekry2020-1.jpg\",\"articleSection\":[\"Uutiset\"],\"inLanguage\":\"fi\"},{\"@type\":\"WebPage\",\"@id\":\"https:\\\/\\\/meripelastus.fi\\\/lappeenranta\\\/miehiston-rekrytointi-syksylla-2020\\\/\",\"url\":\"https:\\\/\\\/meripelastus.fi\\\/lappeenranta\\\/miehiston-rekrytointi-syksylla-2020\\\/\",\"name\":\"Miehist\u00f6n rekrytointi syksyll\u00e4 2020 - Suomen Meripelastusseura Etel\u00e4-Saimaa\",\"isPartOf\":{\"@id\":\"https:\\\/\\\/meripelastus.fi\\\/lappeenranta\\\/#website\"},\"primaryImageOfPage\":{\"@id\":\"https:\\\/\\\/meripelastus.fi\\\/lappeenranta\\\/miehiston-rekrytointi-syksylla-2020\\\/#primaryimage\"},\"image\":{\"@id\":\"https:\\\/\\\/meripelastus.fi\\\/lappeenranta\\\/miehiston-rekrytointi-syksylla-2020\\\/#primaryimage\"},\"thumbnailUrl\":\"https:\\\/\\\/meripelastus.fi\\\/lappeenranta\\\/wp-content\\\/uploads\\\/sites\\\/6\\\/2020\\\/07\\\/rekry2020-1.jpg\",\"datePublished\":\"2020-07-09T17:54:55+00:00\",\"dateModified\":\"2020-07-09T17:57:26+00:00\",\"author\":{\"@id\":\"https:\\\/\\\/meripelastus.fi\\\/lappeenranta\\\/#\\\/schema\\\/person\\\/3346f793f3d822543e6a0a39e677a7a4\"},\"breadcrumb\":{\"@id\":\"https:\\\/\\\/meripelastus.fi\\\/lappeenranta\\\/miehiston-rekrytointi-syksylla-2020\\\/#breadcrumb\"},\"inLanguage\":\"fi\",\"potentialAction\":[{\"@type\":\"ReadAction\",\"target\":[\"https:\\\/\\\/meripelastus.fi\\\/lappeenranta\\\/miehiston-rekrytointi-syksylla-2020\\\/\"]}]},{\"@type\":\"ImageObject\",\"inLanguage\":\"fi\",\"@id\":\"https:\\\/\\\/meripelastus.fi\\\/lappeenranta\\\/miehiston-rekrytointi-syksylla-2020\\\/#primaryimage\",\"url\":\"https:\\\/\\\/meripelastus.fi\\\/lappeenranta\\\/wp-content\\\/uploads\\\/sites\\\/6\\\/2020\\\/07\\\/rekry2020-1.jpg\",\"contentUrl\":\"https:\\\/\\\/meripelastus.fi\\\/lappeenranta\\\/wp-content\\\/uploads\\\/sites\\\/6\\\/2020\\\/07\\\/rekry2020-1.jpg\",\"width\":2000,\"height\":1333},{\"@type\":\"BreadcrumbList\",\"@id\":\"https:\\\/\\\/meripelastus.fi\\\/lappeenranta\\\/miehiston-rekrytointi-syksylla-2020\\\/#breadcrumb\",\"itemListElement\":[{\"@type\":\"ListItem\",\"position\":1,\"name\":\"Etusivu\",\"item\":\"https:\\\/\\\/meripelastus.fi\\\/lappeenranta\\\/\"},{\"@type\":\"ListItem\",\"position\":2,\"name\":\"Miehist\u00f6n rekrytointi syksyll\u00e4 2020\"}]},{\"@type\":\"WebSite\",\"@id\":\"https:\\\/\\\/meripelastus.fi\\\/lappeenranta\\\/#website\",\"url\":\"https:\\\/\\\/meripelastus.fi\\\/lappeenranta\\\/\",\"name\":\"Suomen Meripelastusseura Etel\u00e4-Saimaa\",\"description\":\"Vapaaehtoiset apunasi vesill\u00e4\",\"potentialAction\":[{\"@type\":\"SearchAction\",\"target\":{\"@type\":\"EntryPoint\",\"urlTemplate\":\"https:\\\/\\\/meripelastus.fi\\\/lappeenranta\\\/?s={search_term_string}\"},\"query-input\":{\"@type\":\"PropertyValueSpecification\",\"valueRequired\":true,\"valueName\":\"search_term_string\"}}],\"inLanguage\":\"fi\"},{\"@type\":\"Person\",\"@id\":\"https:\\\/\\\/meripelastus.fi\\\/lappeenranta\\\/#\\\/schema\\\/person\\\/3346f793f3d822543e6a0a39e677a7a4\",\"name\":\"Toni\",\"image\":{\"@type\":\"ImageObject\",\"inLanguage\":\"fi\",\"@id\":\"https:\\\/\\\/secure.gravatar.com\\\/avatar\\\/6b8280f5a62e42b6e513db0b7d7156b421b62b27620f89f8555290944a6d2508?s=96&d=mm&r=g\",\"url\":\"https:\\\/\\\/secure.gravatar.com\\\/avatar\\\/6b8280f5a62e42b6e513db0b7d7156b421b62b27620f89f8555290944a6d2508?s=96&d=mm&r=g\",\"contentUrl\":\"https:\\\/\\\/secure.gravatar.com\\\/avatar\\\/6b8280f5a62e42b6e513db0b7d7156b421b62b27620f89f8555290944a6d2508?s=96&d=mm&r=g\",\"caption\":\"Toni\"},\"url\":\"https:\\\/\\\/meripelastus.fi\\\/lappeenranta\\\/author\\\/toni\\\/\"}]}<\/script>\n<!-- \/ Yoast SEO Premium plugin. -->","yoast_head_json":{"title":"Miehist\u00f6n rekrytointi syksyll\u00e4 2020 - Suomen Meripelastusseura Etel\u00e4-Saimaa","robots":{"index":"index","follow":"follow","max-snippet":"max-snippet:-1","max-image-preview":"max-image-preview:large","max-video-preview":"max-video-preview:-1"},"canonical":"https:\/\/meripelastus.fi\/lappeenranta\/miehiston-rekrytointi-syksylla-2020\/","og_locale":"fi_FI","og_type":"article","og_title":"Miehist\u00f6n rekrytointi syksyll\u00e4 2020","og_description":"Yhdistys rekrytoi uusia miehist\u00f6n j\u00e4seni\u00e4 syksyll\u00e4 2020. Infotilaisuus on 24.8. maanantaina kello 18.00. Rapasaaren asemalla, Pikisaarenkatu 21. T\u00e4m\u00e4n lis\u00e4ksi kaikille uusille tulokkaille pakollinen harjoittelijakoulutus 5-6.9. lauantai-sunnuntai. Lis\u00e4tietoja antaa yhdistyksen koulutusvastaava. Yhteystiedot Kanssaihmisten auttaminen, Saimaan alueen vesist\u00f6\u00f6n tutustuminen sek\u00e4 monipuolinen pelastus- ja merenkulkukoulutus ovat paketti, mit\u00e4 mik\u00e4\u00e4n muu harrastus ei tarjoa. Meripelastajana olet: \u2013 V\u00e4hint\u00e4\u00e4n 16-vuotias [&hellip;]","og_url":"https:\/\/meripelastus.fi\/lappeenranta\/miehiston-rekrytointi-syksylla-2020\/","og_site_name":"Suomen Meripelastusseura Etel\u00e4-Saimaa","article_published_time":"2020-07-09T17:54:55+00:00","article_modified_time":"2020-07-09T17:57:26+00:00","og_image":[{"width":2000,"height":1333,"url":"https:\/\/meripelastus.fi\/lappeenranta\/wp-content\/uploads\/sites\/6\/2020\/07\/rekry2020-1.jpg","type":"image\/jpeg"}],"author":"Toni","twitter_card":"summary_large_image","twitter_misc":{"Kirjoittanut":"Toni","Arvioitu lukuaika":"1 minuutti"},"schema":{"@context":"https:\/\/schema.org","@graph":[{"@type":"Article","@id":"https:\/\/meripelastus.fi\/lappeenranta\/miehiston-rekrytointi-syksylla-2020\/#article","isPartOf":{"@id":"https:\/\/meripelastus.fi\/lappeenranta\/miehiston-rekrytointi-syksylla-2020\/"},"author":{"name":"Toni","@id":"https:\/\/meripelastus.fi\/lappeenranta\/#\/schema\/person\/3346f793f3d822543e6a0a39e677a7a4"},"headline":"Miehist\u00f6n rekrytointi syksyll\u00e4 2020","datePublished":"2020-07-09T17:54:55+00:00","dateModified":"2020-07-09T17:57:26+00:00","mainEntityOfPage":{"@id":"https:\/\/meripelastus.fi\/lappeenranta\/miehiston-rekrytointi-syksylla-2020\/"},"wordCount":163,"image":{"@id":"https:\/\/meripelastus.fi\/lappeenranta\/miehiston-rekrytointi-syksylla-2020\/#primaryimage"},"thumbnailUrl":"https:\/\/meripelastus.fi\/lappeenranta\/wp-content\/uploads\/sites\/6\/2020\/07\/rekry2020-1.jpg","articleSection":["Uutiset"],"inLanguage":"fi"},{"@type":"WebPage","@id":"https:\/\/meripelastus.fi\/lappeenranta\/miehiston-rekrytointi-syksylla-2020\/","url":"https:\/\/meripelastus.fi\/lappeenranta\/miehiston-rekrytointi-syksylla-2020\/","name":"Miehist\u00f6n rekrytointi syksyll\u00e4 2020 - Suomen Meripelastusseura Etel\u00e4-Saimaa","isPartOf":{"@id":"https:\/\/meripelastus.fi\/lappeenranta\/#website"},"primaryImageOfPage":{"@id":"https:\/\/meripelastus.fi\/lappeenranta\/miehiston-rekrytointi-syksylla-2020\/#primaryimage"},"image":{"@id":"https:\/\/meripelastus.fi\/lappeenranta\/miehiston-rekrytointi-syksylla-2020\/#primaryimage"},"thumbnailUrl":"https:\/\/meripelastus.fi\/lappeenranta\/wp-content\/uploads\/sites\/6\/2020\/07\/rekry2020-1.jpg","datePublished":"2020-07-09T17:54:55+00:00","dateModified":"2020-07-09T17:57:26+00:00","author":{"@id":"https:\/\/meripelastus.fi\/lappeenranta\/#\/schema\/person\/3346f793f3d822543e6a0a39e677a7a4"},"breadcrumb":{"@id":"https:\/\/meripelastus.fi\/lappeenranta\/miehiston-rekrytointi-syksylla-2020\/#breadcrumb"},"inLanguage":"fi","potentialAction":[{"@type":"ReadAction","target":["https:\/\/meripelastus.fi\/lappeenranta\/miehiston-rekrytointi-syksylla-2020\/"]}]},{"@type":"ImageObject","inLanguage":"fi","@id":"https:\/\/meripelastus.fi\/lappeenranta\/miehiston-rekrytointi-syksylla-2020\/#primaryimage","url":"https:\/\/meripelastus.fi\/lappeenranta\/wp-content\/uploads\/sites\/6\/2020\/07\/rekry2020-1.jpg","contentUrl":"https:\/\/meripelastus.fi\/lappeenranta\/wp-content\/uploads\/sites\/6\/2020\/07\/rekry2020-1.jpg","width":2000,"height":1333},{"@type":"BreadcrumbList","@id":"https:\/\/meripelastus.fi\/lappeenranta\/miehiston-rekrytointi-syksylla-2020\/#breadcrumb","itemListElement":[{"@type":"ListItem","position":1,"name":"Etusivu","item":"https:\/\/meripelastus.fi\/lappeenranta\/"},{"@type":"ListItem","position":2,"name":"Miehist\u00f6n rekrytointi syksyll\u00e4 2020"}]},{"@type":"WebSite","@id":"https:\/\/meripelastus.fi\/lappeenranta\/#website","url":"https:\/\/meripelastus.fi\/lappeenranta\/","name":"Suomen Meripelastusseura Etel\u00e4-Saimaa","description":"Vapaaehtoiset apunasi vesill\u00e4","potentialAction":[{"@type":"SearchAction","target":{"@type":"EntryPoint","urlTemplate":"https:\/\/meripelastus.fi\/lappeenranta\/?s={search_term_string}"},"query-input":{"@type":"PropertyValueSpecification","valueRequired":true,"valueName":"search_term_string"}}],"inLanguage":"fi"},{"@type":"Person","@id":"https:\/\/meripelastus.fi\/lappeenranta\/#\/schema\/person\/3346f793f3d822543e6a0a39e677a7a4","name":"Toni","image":{"@type":"ImageObject","inLanguage":"fi","@id":"https:\/\/secure.gravatar.com\/avatar\/6b8280f5a62e42b6e513db0b7d7156b421b62b27620f89f8555290944a6d2508?s=96&d=mm&r=g","url":"https:\/\/secure.gravatar.com\/avatar\/6b8280f5a62e42b6e513db0b7d7156b421b62b27620f89f8555290944a6d2508?s=96&d=mm&r=g","contentUrl":"https:\/\/secure.gravatar.com\/avatar\/6b8280f5a62e42b6e513db0b7d7156b421b62b27620f89f8555290944a6d2508?s=96&d=mm&r=g","caption":"Toni"},"url":"https:\/\/meripelastus.fi\/lappeenranta\/author\/toni\/"}]}},"_links":{"self":[{"href":"https:\/\/meripelastus.fi\/lappeenranta\/wp-json\/wp\/v2\/posts\/698","targetHints":{"allow":["GET"]}}],"collection":[{"href":"https:\/\/meripelastus.fi\/lappeenranta\/wp-json\/wp\/v2\/posts"}],"about":[{"href":"https:\/\/meripelastus.fi\/lappeenranta\/wp-json\/wp\/v2\/types\/post"}],"author":[{"embeddable":true,"href":"https:\/\/meripelastus.fi\/lappeenranta\/wp-json\/wp\/v2\/users\/10"}],"replies":[{"embeddable":true,"href":"https:\/\/meripelastus.fi\/lappeenranta\/wp-json\/wp\/v2\/comments?post=698"}],"version-history":[{"count":1,"href":"https:\/\/meripelastus.fi\/lappeenranta\/wp-json\/wp\/v2\/posts\/698\/revisions"}],"predecessor-version":[{"id":699,"href":"https:\/\/meripelastus.fi\/lappeenranta\/wp-json\/wp\/v2\/posts\/698\/revisions\/699"}],"wp:featuredmedia":[{"embeddable":true,"href":"https:\/\/meripelastus.fi\/lappeenranta\/wp-json\/wp\/v2\/media\/700"}],"wp:attachment":[{"href":"https:\/\/meripelastus.fi\/lappeenranta\/wp-json\/wp\/v2\/media?parent=698"}],"wp:term":[{"taxonomy":"category","embeddable":true,"href":"https:\/\/meripelastus.fi\/lappeenranta\/wp-json\/wp\/v2\/categories?post=698"},{"taxonomy":"post_tag","embeddable":true,"href":"https:\/\/meripelastus.fi\/lappeenranta\/wp-json\/wp\/v2\/tags?post=698"}],"curies":[{"name":"wp","href":"https:\/\/api.w.org\/{rel}","templated":true}]}}