{"id":678,"date":"2020-05-15T21:21:46","date_gmt":"2020-05-15T18:21:46","guid":{"rendered":"https:\/\/meripelastus.fi\/lappeenranta\/?p=678"},"modified":"2020-05-15T21:22:12","modified_gmt":"2020-05-15T18:22:12","slug":"willimies-paivystys-ja-halytysvalmiudessa","status":"publish","type":"post","link":"https:\/\/meripelastus.fi\/lappeenranta\/willimies-paivystys-ja-halytysvalmiudessa\/","title":{"rendered":"Willimies p\u00e4ivystys- ja h\u00e4lytysvalmiudessa"},"content":{"rendered":"<p><span>Willimies on saatu p\u00e4ivystys- ja h\u00e4lytysvalmiuteen. Willimies oli kuluneen talven Porvoon Tolkkisissa Weldmec Marinen telakalla p\u00e4ivityskorjauksessa. Aluksen moottori vaihdettiin 875 hevosvoimaiseen Scanian valmistamaan moottoriin ja vesisuihku vetolaite pyk\u00e4l\u00e4\u00e4 isompaan malliin. T\u00e4ll\u00e4 yhdistelm\u00e4ll\u00e4 aluksen huippunopeus kasvoi reilusti entiseen verrattuna, 28kn vs 38kn. Aluksen navigointi- ja s\u00e4hk<\/span><span>\u00f6j\u00e4rjestelm\u00e4 koki my\u00f6s p\u00e4ivityksi\u00e4 ja uudistuksia. Aluksen tutka, VHF-radiopuhelimet, navigointitietokoneet ja kiinte\u00e4 Virve radio vaihtuivat uusiin. Uutena alukseen tuli 4G internet yhteys ja erillinen tietokone &#8221;netti&#8221; k\u00e4ytt\u00f6\u00f6n. T\u00e4ll\u00e4 viikolla on aloitettu aluksen p\u00e4\u00e4llik\u00f6iden ja miehist\u00f6n perehdytt\u00e4minen aluksen uusiin ominaisuuksiin. Perehdytykset ja koulutukset tapahtuvat pienryhmiss\u00e4 koronan takia.<\/span><\/p>\n","protected":false},"excerpt":{"rendered":"<p>Willimies on saatu p\u00e4ivystys- ja h\u00e4lytysvalmiuteen. Willimies oli kuluneen talven Porvoon Tolkkisissa Weldmec Marinen telakalla p\u00e4ivityskorjauksessa. Aluksen moottori vaihdettiin 875 hevosvoimaiseen Scanian valmistamaan moottoriin ja vesisuihku vetolaite pyk\u00e4l\u00e4\u00e4 isompaan malliin. T\u00e4ll\u00e4 yhdistelm\u00e4ll\u00e4 aluksen huippunopeus kasvoi reilusti entiseen verrattuna, 28kn vs 38kn. Aluksen navigointi- ja s\u00e4hk\u00f6j\u00e4rjestelm\u00e4 koki my\u00f6s p\u00e4ivityksi\u00e4 ja uudistuksia. Aluksen tutka, VHF-radiopuhelimet, navigointitietokoneet ja [&hellip;]<\/p>\n","protected":false},"author":10,"featured_media":680,"comment_status":"closed","ping_status":"open","sticky":false,"template":"","format":"standard","meta":{"_acf_changed":false,"inline_featured_image":false,"footnotes":""},"categories":[1],"tags":[],"class_list":["post-678","post","type-post","status-publish","format-standard","has-post-thumbnail","hentry","category-uutiset"],"acf":[],"yoast_head":"<!-- This site is optimized with the Yoast SEO Premium plugin v27.4 (Yoast SEO v27.4) - https:\/\/yoast.com\/product\/yoast-seo-premium-wordpress\/ -->\n<title>Willimies p\u00e4ivystys- ja h\u00e4lytysvalmiudessa - Suomen Meripelastusseura Etel\u00e4-Saimaa<\/title>\n<meta name=\"robots\" content=\"index, follow, max-snippet:-1, max-image-preview:large, max-video-preview:-1\" \/>\n<link rel=\"canonical\" href=\"https:\/\/meripelastus.fi\/lappeenranta\/willimies-paivystys-ja-halytysvalmiudessa\/\" \/>\n<meta property=\"og:locale\" content=\"fi_FI\" \/>\n<meta property=\"og:type\" content=\"article\" \/>\n<meta property=\"og:title\" content=\"Willimies p\u00e4ivystys- ja h\u00e4lytysvalmiudessa\" \/>\n<meta property=\"og:description\" content=\"Willimies on saatu p\u00e4ivystys- ja h\u00e4lytysvalmiuteen. Willimies oli kuluneen talven Porvoon Tolkkisissa Weldmec Marinen telakalla p\u00e4ivityskorjauksessa. Aluksen moottori vaihdettiin 875 hevosvoimaiseen Scanian valmistamaan moottoriin ja vesisuihku vetolaite pyk\u00e4l\u00e4\u00e4 isompaan malliin. T\u00e4ll\u00e4 yhdistelm\u00e4ll\u00e4 aluksen huippunopeus kasvoi reilusti entiseen verrattuna, 28kn vs 38kn. Aluksen navigointi- ja s\u00e4hk\u00f6j\u00e4rjestelm\u00e4 koki my\u00f6s p\u00e4ivityksi\u00e4 ja uudistuksia. Aluksen tutka, VHF-radiopuhelimet, navigointitietokoneet ja [&hellip;]\" \/>\n<meta property=\"og:url\" content=\"https:\/\/meripelastus.fi\/lappeenranta\/willimies-paivystys-ja-halytysvalmiudessa\/\" \/>\n<meta property=\"og:site_name\" content=\"Suomen Meripelastusseura Etel\u00e4-Saimaa\" \/>\n<meta property=\"article:published_time\" content=\"2020-05-15T18:21:46+00:00\" \/>\n<meta property=\"article:modified_time\" content=\"2020-05-15T18:22:12+00:00\" \/>\n<meta property=\"og:image\" content=\"https:\/\/meripelastus.fi\/lappeenranta\/wp-content\/uploads\/sites\/6\/2020\/05\/IMG_0115-1-2.jpg\" \/>\n\t<meta property=\"og:image:width\" content=\"2500\" \/>\n\t<meta property=\"og:image:height\" content=\"1667\" \/>\n\t<meta property=\"og:image:type\" content=\"image\/jpeg\" \/>\n<meta name=\"author\" content=\"Toni\" \/>\n<meta name=\"twitter:card\" content=\"summary_large_image\" \/>\n<meta name=\"twitter:label1\" content=\"Kirjoittanut\" \/>\n\t<meta name=\"twitter:data1\" content=\"Toni\" \/>\n\t<meta name=\"twitter:label2\" content=\"Arvioitu lukuaika\" \/>\n\t<meta name=\"twitter:data2\" content=\"1 minuutti\" \/>\n<script type=\"application\/ld+json\" class=\"yoast-schema-graph\">{\"@context\":\"https:\\\/\\\/schema.org\",\"@graph\":[{\"@type\":\"Article\",\"@id\":\"https:\\\/\\\/meripelastus.fi\\\/lappeenranta\\\/willimies-paivystys-ja-halytysvalmiudessa\\\/#article\",\"isPartOf\":{\"@id\":\"https:\\\/\\\/meripelastus.fi\\\/lappeenranta\\\/willimies-paivystys-ja-halytysvalmiudessa\\\/\"},\"author\":{\"name\":\"Toni\",\"@id\":\"https:\\\/\\\/meripelastus.fi\\\/lappeenranta\\\/#\\\/schema\\\/person\\\/3346f793f3d822543e6a0a39e677a7a4\"},\"headline\":\"Willimies p\u00e4ivystys- ja h\u00e4lytysvalmiudessa\",\"datePublished\":\"2020-05-15T18:21:46+00:00\",\"dateModified\":\"2020-05-15T18:22:12+00:00\",\"mainEntityOfPage\":{\"@id\":\"https:\\\/\\\/meripelastus.fi\\\/lappeenranta\\\/willimies-paivystys-ja-halytysvalmiudessa\\\/\"},\"wordCount\":113,\"image\":{\"@id\":\"https:\\\/\\\/meripelastus.fi\\\/lappeenranta\\\/willimies-paivystys-ja-halytysvalmiudessa\\\/#primaryimage\"},\"thumbnailUrl\":\"https:\\\/\\\/meripelastus.fi\\\/lappeenranta\\\/wp-content\\\/uploads\\\/sites\\\/6\\\/2020\\\/05\\\/IMG_0115-1-2.jpg\",\"articleSection\":[\"Uutiset\"],\"inLanguage\":\"fi\"},{\"@type\":\"WebPage\",\"@id\":\"https:\\\/\\\/meripelastus.fi\\\/lappeenranta\\\/willimies-paivystys-ja-halytysvalmiudessa\\\/\",\"url\":\"https:\\\/\\\/meripelastus.fi\\\/lappeenranta\\\/willimies-paivystys-ja-halytysvalmiudessa\\\/\",\"name\":\"Willimies p\u00e4ivystys- ja h\u00e4lytysvalmiudessa - Suomen Meripelastusseura Etel\u00e4-Saimaa\",\"isPartOf\":{\"@id\":\"https:\\\/\\\/meripelastus.fi\\\/lappeenranta\\\/#website\"},\"primaryImageOfPage\":{\"@id\":\"https:\\\/\\\/meripelastus.fi\\\/lappeenranta\\\/willimies-paivystys-ja-halytysvalmiudessa\\\/#primaryimage\"},\"image\":{\"@id\":\"https:\\\/\\\/meripelastus.fi\\\/lappeenranta\\\/willimies-paivystys-ja-halytysvalmiudessa\\\/#primaryimage\"},\"thumbnailUrl\":\"https:\\\/\\\/meripelastus.fi\\\/lappeenranta\\\/wp-content\\\/uploads\\\/sites\\\/6\\\/2020\\\/05\\\/IMG_0115-1-2.jpg\",\"datePublished\":\"2020-05-15T18:21:46+00:00\",\"dateModified\":\"2020-05-15T18:22:12+00:00\",\"author\":{\"@id\":\"https:\\\/\\\/meripelastus.fi\\\/lappeenranta\\\/#\\\/schema\\\/person\\\/3346f793f3d822543e6a0a39e677a7a4\"},\"breadcrumb\":{\"@id\":\"https:\\\/\\\/meripelastus.fi\\\/lappeenranta\\\/willimies-paivystys-ja-halytysvalmiudessa\\\/#breadcrumb\"},\"inLanguage\":\"fi\",\"potentialAction\":[{\"@type\":\"ReadAction\",\"target\":[\"https:\\\/\\\/meripelastus.fi\\\/lappeenranta\\\/willimies-paivystys-ja-halytysvalmiudessa\\\/\"]}]},{\"@type\":\"ImageObject\",\"inLanguage\":\"fi\",\"@id\":\"https:\\\/\\\/meripelastus.fi\\\/lappeenranta\\\/willimies-paivystys-ja-halytysvalmiudessa\\\/#primaryimage\",\"url\":\"https:\\\/\\\/meripelastus.fi\\\/lappeenranta\\\/wp-content\\\/uploads\\\/sites\\\/6\\\/2020\\\/05\\\/IMG_0115-1-2.jpg\",\"contentUrl\":\"https:\\\/\\\/meripelastus.fi\\\/lappeenranta\\\/wp-content\\\/uploads\\\/sites\\\/6\\\/2020\\\/05\\\/IMG_0115-1-2.jpg\",\"width\":2500,\"height\":1667},{\"@type\":\"BreadcrumbList\",\"@id\":\"https:\\\/\\\/meripelastus.fi\\\/lappeenranta\\\/willimies-paivystys-ja-halytysvalmiudessa\\\/#breadcrumb\",\"itemListElement\":[{\"@type\":\"ListItem\",\"position\":1,\"name\":\"Etusivu\",\"item\":\"https:\\\/\\\/meripelastus.fi\\\/lappeenranta\\\/\"},{\"@type\":\"ListItem\",\"position\":2,\"name\":\"Willimies p\u00e4ivystys- ja h\u00e4lytysvalmiudessa\"}]},{\"@type\":\"WebSite\",\"@id\":\"https:\\\/\\\/meripelastus.fi\\\/lappeenranta\\\/#website\",\"url\":\"https:\\\/\\\/meripelastus.fi\\\/lappeenranta\\\/\",\"name\":\"Suomen Meripelastusseura Etel\u00e4-Saimaa\",\"description\":\"Vapaaehtoiset apunasi vesill\u00e4\",\"potentialAction\":[{\"@type\":\"SearchAction\",\"target\":{\"@type\":\"EntryPoint\",\"urlTemplate\":\"https:\\\/\\\/meripelastus.fi\\\/lappeenranta\\\/?s={search_term_string}\"},\"query-input\":{\"@type\":\"PropertyValueSpecification\",\"valueRequired\":true,\"valueName\":\"search_term_string\"}}],\"inLanguage\":\"fi\"},{\"@type\":\"Person\",\"@id\":\"https:\\\/\\\/meripelastus.fi\\\/lappeenranta\\\/#\\\/schema\\\/person\\\/3346f793f3d822543e6a0a39e677a7a4\",\"name\":\"Toni\",\"image\":{\"@type\":\"ImageObject\",\"inLanguage\":\"fi\",\"@id\":\"https:\\\/\\\/secure.gravatar.com\\\/avatar\\\/6b8280f5a62e42b6e513db0b7d7156b421b62b27620f89f8555290944a6d2508?s=96&d=mm&r=g\",\"url\":\"https:\\\/\\\/secure.gravatar.com\\\/avatar\\\/6b8280f5a62e42b6e513db0b7d7156b421b62b27620f89f8555290944a6d2508?s=96&d=mm&r=g\",\"contentUrl\":\"https:\\\/\\\/secure.gravatar.com\\\/avatar\\\/6b8280f5a62e42b6e513db0b7d7156b421b62b27620f89f8555290944a6d2508?s=96&d=mm&r=g\",\"caption\":\"Toni\"},\"url\":\"https:\\\/\\\/meripelastus.fi\\\/lappeenranta\\\/author\\\/toni\\\/\"}]}<\/script>\n<!-- \/ Yoast SEO Premium plugin. -->","yoast_head_json":{"title":"Willimies p\u00e4ivystys- ja h\u00e4lytysvalmiudessa - Suomen Meripelastusseura Etel\u00e4-Saimaa","robots":{"index":"index","follow":"follow","max-snippet":"max-snippet:-1","max-image-preview":"max-image-preview:large","max-video-preview":"max-video-preview:-1"},"canonical":"https:\/\/meripelastus.fi\/lappeenranta\/willimies-paivystys-ja-halytysvalmiudessa\/","og_locale":"fi_FI","og_type":"article","og_title":"Willimies p\u00e4ivystys- ja h\u00e4lytysvalmiudessa","og_description":"Willimies on saatu p\u00e4ivystys- ja h\u00e4lytysvalmiuteen. Willimies oli kuluneen talven Porvoon Tolkkisissa Weldmec Marinen telakalla p\u00e4ivityskorjauksessa. Aluksen moottori vaihdettiin 875 hevosvoimaiseen Scanian valmistamaan moottoriin ja vesisuihku vetolaite pyk\u00e4l\u00e4\u00e4 isompaan malliin. T\u00e4ll\u00e4 yhdistelm\u00e4ll\u00e4 aluksen huippunopeus kasvoi reilusti entiseen verrattuna, 28kn vs 38kn. Aluksen navigointi- ja s\u00e4hk\u00f6j\u00e4rjestelm\u00e4 koki my\u00f6s p\u00e4ivityksi\u00e4 ja uudistuksia. Aluksen tutka, VHF-radiopuhelimet, navigointitietokoneet ja [&hellip;]","og_url":"https:\/\/meripelastus.fi\/lappeenranta\/willimies-paivystys-ja-halytysvalmiudessa\/","og_site_name":"Suomen Meripelastusseura Etel\u00e4-Saimaa","article_published_time":"2020-05-15T18:21:46+00:00","article_modified_time":"2020-05-15T18:22:12+00:00","og_image":[{"width":2500,"height":1667,"url":"https:\/\/meripelastus.fi\/lappeenranta\/wp-content\/uploads\/sites\/6\/2020\/05\/IMG_0115-1-2.jpg","type":"image\/jpeg"}],"author":"Toni","twitter_card":"summary_large_image","twitter_misc":{"Kirjoittanut":"Toni","Arvioitu lukuaika":"1 minuutti"},"schema":{"@context":"https:\/\/schema.org","@graph":[{"@type":"Article","@id":"https:\/\/meripelastus.fi\/lappeenranta\/willimies-paivystys-ja-halytysvalmiudessa\/#article","isPartOf":{"@id":"https:\/\/meripelastus.fi\/lappeenranta\/willimies-paivystys-ja-halytysvalmiudessa\/"},"author":{"name":"Toni","@id":"https:\/\/meripelastus.fi\/lappeenranta\/#\/schema\/person\/3346f793f3d822543e6a0a39e677a7a4"},"headline":"Willimies p\u00e4ivystys- ja h\u00e4lytysvalmiudessa","datePublished":"2020-05-15T18:21:46+00:00","dateModified":"2020-05-15T18:22:12+00:00","mainEntityOfPage":{"@id":"https:\/\/meripelastus.fi\/lappeenranta\/willimies-paivystys-ja-halytysvalmiudessa\/"},"wordCount":113,"image":{"@id":"https:\/\/meripelastus.fi\/lappeenranta\/willimies-paivystys-ja-halytysvalmiudessa\/#primaryimage"},"thumbnailUrl":"https:\/\/meripelastus.fi\/lappeenranta\/wp-content\/uploads\/sites\/6\/2020\/05\/IMG_0115-1-2.jpg","articleSection":["Uutiset"],"inLanguage":"fi"},{"@type":"WebPage","@id":"https:\/\/meripelastus.fi\/lappeenranta\/willimies-paivystys-ja-halytysvalmiudessa\/","url":"https:\/\/meripelastus.fi\/lappeenranta\/willimies-paivystys-ja-halytysvalmiudessa\/","name":"Willimies p\u00e4ivystys- ja h\u00e4lytysvalmiudessa - Suomen Meripelastusseura Etel\u00e4-Saimaa","isPartOf":{"@id":"https:\/\/meripelastus.fi\/lappeenranta\/#website"},"primaryImageOfPage":{"@id":"https:\/\/meripelastus.fi\/lappeenranta\/willimies-paivystys-ja-halytysvalmiudessa\/#primaryimage"},"image":{"@id":"https:\/\/meripelastus.fi\/lappeenranta\/willimies-paivystys-ja-halytysvalmiudessa\/#primaryimage"},"thumbnailUrl":"https:\/\/meripelastus.fi\/lappeenranta\/wp-content\/uploads\/sites\/6\/2020\/05\/IMG_0115-1-2.jpg","datePublished":"2020-05-15T18:21:46+00:00","dateModified":"2020-05-15T18:22:12+00:00","author":{"@id":"https:\/\/meripelastus.fi\/lappeenranta\/#\/schema\/person\/3346f793f3d822543e6a0a39e677a7a4"},"breadcrumb":{"@id":"https:\/\/meripelastus.fi\/lappeenranta\/willimies-paivystys-ja-halytysvalmiudessa\/#breadcrumb"},"inLanguage":"fi","potentialAction":[{"@type":"ReadAction","target":["https:\/\/meripelastus.fi\/lappeenranta\/willimies-paivystys-ja-halytysvalmiudessa\/"]}]},{"@type":"ImageObject","inLanguage":"fi","@id":"https:\/\/meripelastus.fi\/lappeenranta\/willimies-paivystys-ja-halytysvalmiudessa\/#primaryimage","url":"https:\/\/meripelastus.fi\/lappeenranta\/wp-content\/uploads\/sites\/6\/2020\/05\/IMG_0115-1-2.jpg","contentUrl":"https:\/\/meripelastus.fi\/lappeenranta\/wp-content\/uploads\/sites\/6\/2020\/05\/IMG_0115-1-2.jpg","width":2500,"height":1667},{"@type":"BreadcrumbList","@id":"https:\/\/meripelastus.fi\/lappeenranta\/willimies-paivystys-ja-halytysvalmiudessa\/#breadcrumb","itemListElement":[{"@type":"ListItem","position":1,"name":"Etusivu","item":"https:\/\/meripelastus.fi\/lappeenranta\/"},{"@type":"ListItem","position":2,"name":"Willimies p\u00e4ivystys- ja h\u00e4lytysvalmiudessa"}]},{"@type":"WebSite","@id":"https:\/\/meripelastus.fi\/lappeenranta\/#website","url":"https:\/\/meripelastus.fi\/lappeenranta\/","name":"Suomen Meripelastusseura Etel\u00e4-Saimaa","description":"Vapaaehtoiset apunasi vesill\u00e4","potentialAction":[{"@type":"SearchAction","target":{"@type":"EntryPoint","urlTemplate":"https:\/\/meripelastus.fi\/lappeenranta\/?s={search_term_string}"},"query-input":{"@type":"PropertyValueSpecification","valueRequired":true,"valueName":"search_term_string"}}],"inLanguage":"fi"},{"@type":"Person","@id":"https:\/\/meripelastus.fi\/lappeenranta\/#\/schema\/person\/3346f793f3d822543e6a0a39e677a7a4","name":"Toni","image":{"@type":"ImageObject","inLanguage":"fi","@id":"https:\/\/secure.gravatar.com\/avatar\/6b8280f5a62e42b6e513db0b7d7156b421b62b27620f89f8555290944a6d2508?s=96&d=mm&r=g","url":"https:\/\/secure.gravatar.com\/avatar\/6b8280f5a62e42b6e513db0b7d7156b421b62b27620f89f8555290944a6d2508?s=96&d=mm&r=g","contentUrl":"https:\/\/secure.gravatar.com\/avatar\/6b8280f5a62e42b6e513db0b7d7156b421b62b27620f89f8555290944a6d2508?s=96&d=mm&r=g","caption":"Toni"},"url":"https:\/\/meripelastus.fi\/lappeenranta\/author\/toni\/"}]}},"_links":{"self":[{"href":"https:\/\/meripelastus.fi\/lappeenranta\/wp-json\/wp\/v2\/posts\/678","targetHints":{"allow":["GET"]}}],"collection":[{"href":"https:\/\/meripelastus.fi\/lappeenranta\/wp-json\/wp\/v2\/posts"}],"about":[{"href":"https:\/\/meripelastus.fi\/lappeenranta\/wp-json\/wp\/v2\/types\/post"}],"author":[{"embeddable":true,"href":"https:\/\/meripelastus.fi\/lappeenranta\/wp-json\/wp\/v2\/users\/10"}],"replies":[{"embeddable":true,"href":"https:\/\/meripelastus.fi\/lappeenranta\/wp-json\/wp\/v2\/comments?post=678"}],"version-history":[{"count":1,"href":"https:\/\/meripelastus.fi\/lappeenranta\/wp-json\/wp\/v2\/posts\/678\/revisions"}],"predecessor-version":[{"id":679,"href":"https:\/\/meripelastus.fi\/lappeenranta\/wp-json\/wp\/v2\/posts\/678\/revisions\/679"}],"wp:featuredmedia":[{"embeddable":true,"href":"https:\/\/meripelastus.fi\/lappeenranta\/wp-json\/wp\/v2\/media\/680"}],"wp:attachment":[{"href":"https:\/\/meripelastus.fi\/lappeenranta\/wp-json\/wp\/v2\/media?parent=678"}],"wp:term":[{"taxonomy":"category","embeddable":true,"href":"https:\/\/meripelastus.fi\/lappeenranta\/wp-json\/wp\/v2\/categories?post=678"},{"taxonomy":"post_tag","embeddable":true,"href":"https:\/\/meripelastus.fi\/lappeenranta\/wp-json\/wp\/v2\/tags?post=678"}],"curies":[{"name":"wp","href":"https:\/\/api.w.org\/{rel}","templated":true}]}}