{"id":631,"date":"2020-02-13T21:36:29","date_gmt":"2020-02-13T19:36:29","guid":{"rendered":"https:\/\/meripelastus.fi\/lappeenranta\/?p=631"},"modified":"2020-02-13T21:36:29","modified_gmt":"2020-02-13T19:36:29","slug":"upm-kaukas-jatkaa-yhdistyksemme-tukemista-kaudella-2020","status":"publish","type":"post","link":"https:\/\/meripelastus.fi\/lappeenranta\/upm-kaukas-jatkaa-yhdistyksemme-tukemista-kaudella-2020\/","title":{"rendered":"UPM Kaukas jatkaa yhdistyksemme tukemista kaudella 2020"},"content":{"rendered":"<p>UPM Kaukas jatkaa yhdistyksemme tukemista kaudella 2020. Uuden, vuonna 2019 ensimm\u00e4isen kauden palvelleen apuveneemme numero AV67:n nimi tulee siis jatkossakin olemaan \u201dKaukas\u201d ja irtopuita ker\u00e4ill\u00e4\u00e4n v\u00e4yl\u00e4alueilta havaintojen perusteella entiseen tapaan. UPM Kaukas on tukenut toimintaamme eritt\u00e4in pitk\u00e4\u00e4n, yhteist\u00e4 taivalta taitaa olla takanamme jo ainakin 15 vuotta. On hienoa n\u00e4hd\u00e4, ett\u00e4 p\u00f6rssiyhti\u00f6aikakaudellakin paikallisuus, sidosryhm\u00e4ty\u00f6, yhteiskuntavastuu ja pitk\u00e4j\u00e4nteinen tulevaisuuteen katsominen koetaan Lappeenrannan suurimmalla mets\u00e4tehtaalla edelleen merkitt\u00e4v\u00e4ksi ja t\u00e4rke\u00e4ksi asiaksi.<\/p>\n<p>Yhdistyksemme kiitt\u00e4\u00e4 UPM Kaukasta toimintamme tukemisesta!<\/p>\n","protected":false},"excerpt":{"rendered":"<p>UPM Kaukas jatkaa yhdistyksemme tukemista kaudella 2020. Uuden, vuonna 2019 ensimm\u00e4isen kauden palvelleen apuveneemme numero AV67:n nimi tulee siis jatkossakin olemaan \u201dKaukas\u201d ja irtopuita ker\u00e4ill\u00e4\u00e4n v\u00e4yl\u00e4alueilta havaintojen perusteella entiseen tapaan. UPM Kaukas on tukenut toimintaamme eritt\u00e4in pitk\u00e4\u00e4n, yhteist\u00e4 taivalta taitaa olla takanamme jo ainakin 15 vuotta. On hienoa n\u00e4hd\u00e4, ett\u00e4 p\u00f6rssiyhti\u00f6aikakaudellakin paikallisuus, sidosryhm\u00e4ty\u00f6, yhteiskuntavastuu ja [&hellip;]<\/p>\n","protected":false},"author":10,"featured_media":602,"comment_status":"closed","ping_status":"open","sticky":false,"template":"","format":"standard","meta":{"_acf_changed":false,"inline_featured_image":false,"footnotes":""},"categories":[1],"tags":[19,18,17,5,21,20,16],"class_list":["post-631","post","type-post","status-publish","format-standard","has-post-thumbnail","hentry","category-uutiset","tag-apuvene","tag-etela-saimaa","tag-kaukas","tag-meripelastus","tag-petor","tag-tuki","tag-upm"],"acf":[],"yoast_head":"<!-- This site is optimized with the Yoast SEO Premium plugin v27.4 (Yoast SEO v27.4) - https:\/\/yoast.com\/product\/yoast-seo-premium-wordpress\/ -->\n<title>UPM Kaukas jatkaa yhdistyksemme tukemista kaudella 2020 - Suomen Meripelastusseura Etel\u00e4-Saimaa<\/title>\n<meta name=\"robots\" content=\"index, follow, max-snippet:-1, max-image-preview:large, max-video-preview:-1\" \/>\n<link rel=\"canonical\" href=\"https:\/\/meripelastus.fi\/lappeenranta\/upm-kaukas-jatkaa-yhdistyksemme-tukemista-kaudella-2020\/\" \/>\n<meta property=\"og:locale\" content=\"fi_FI\" \/>\n<meta property=\"og:type\" content=\"article\" \/>\n<meta property=\"og:title\" content=\"UPM Kaukas jatkaa yhdistyksemme tukemista kaudella 2020\" \/>\n<meta property=\"og:description\" content=\"UPM Kaukas jatkaa yhdistyksemme tukemista kaudella 2020. Uuden, vuonna 2019 ensimm\u00e4isen kauden palvelleen apuveneemme numero AV67:n nimi tulee siis jatkossakin olemaan \u201dKaukas\u201d ja irtopuita ker\u00e4ill\u00e4\u00e4n v\u00e4yl\u00e4alueilta havaintojen perusteella entiseen tapaan. UPM Kaukas on tukenut toimintaamme eritt\u00e4in pitk\u00e4\u00e4n, yhteist\u00e4 taivalta taitaa olla takanamme jo ainakin 15 vuotta. On hienoa n\u00e4hd\u00e4, ett\u00e4 p\u00f6rssiyhti\u00f6aikakaudellakin paikallisuus, sidosryhm\u00e4ty\u00f6, yhteiskuntavastuu ja [&hellip;]\" \/>\n<meta property=\"og:url\" content=\"https:\/\/meripelastus.fi\/lappeenranta\/upm-kaukas-jatkaa-yhdistyksemme-tukemista-kaudella-2020\/\" \/>\n<meta property=\"og:site_name\" content=\"Suomen Meripelastusseura Etel\u00e4-Saimaa\" \/>\n<meta property=\"article:published_time\" content=\"2020-02-13T19:36:29+00:00\" \/>\n<meta property=\"og:image\" content=\"https:\/\/meripelastus.fi\/lappeenranta\/wp-content\/uploads\/sites\/6\/2019\/07\/IMG_1278-1.jpg\" \/>\n\t<meta property=\"og:image:width\" content=\"4941\" \/>\n\t<meta property=\"og:image:height\" content=\"3294\" \/>\n\t<meta property=\"og:image:type\" content=\"image\/jpeg\" \/>\n<meta name=\"author\" content=\"Toni\" \/>\n<meta name=\"twitter:card\" content=\"summary_large_image\" \/>\n<meta name=\"twitter:label1\" content=\"Kirjoittanut\" \/>\n\t<meta name=\"twitter:data1\" content=\"Toni\" \/>\n<script type=\"application\/ld+json\" class=\"yoast-schema-graph\">{\"@context\":\"https:\\\/\\\/schema.org\",\"@graph\":[{\"@type\":\"Article\",\"@id\":\"https:\\\/\\\/meripelastus.fi\\\/lappeenranta\\\/upm-kaukas-jatkaa-yhdistyksemme-tukemista-kaudella-2020\\\/#article\",\"isPartOf\":{\"@id\":\"https:\\\/\\\/meripelastus.fi\\\/lappeenranta\\\/upm-kaukas-jatkaa-yhdistyksemme-tukemista-kaudella-2020\\\/\"},\"author\":{\"name\":\"Toni\",\"@id\":\"https:\\\/\\\/meripelastus.fi\\\/lappeenranta\\\/#\\\/schema\\\/person\\\/3346f793f3d822543e6a0a39e677a7a4\"},\"headline\":\"UPM Kaukas jatkaa yhdistyksemme tukemista kaudella 2020\",\"datePublished\":\"2020-02-13T19:36:29+00:00\",\"mainEntityOfPage\":{\"@id\":\"https:\\\/\\\/meripelastus.fi\\\/lappeenranta\\\/upm-kaukas-jatkaa-yhdistyksemme-tukemista-kaudella-2020\\\/\"},\"wordCount\":95,\"image\":{\"@id\":\"https:\\\/\\\/meripelastus.fi\\\/lappeenranta\\\/upm-kaukas-jatkaa-yhdistyksemme-tukemista-kaudella-2020\\\/#primaryimage\"},\"thumbnailUrl\":\"https:\\\/\\\/meripelastus.fi\\\/lappeenranta\\\/wp-content\\\/uploads\\\/sites\\\/6\\\/2019\\\/07\\\/IMG_1278-1.jpg\",\"keywords\":[\"apuvene\",\"etel\u00e4-saimaa\",\"kaukas\",\"meripelastus\",\"petor\",\"tuki\",\"upm\"],\"articleSection\":[\"Uutiset\"],\"inLanguage\":\"fi\"},{\"@type\":\"WebPage\",\"@id\":\"https:\\\/\\\/meripelastus.fi\\\/lappeenranta\\\/upm-kaukas-jatkaa-yhdistyksemme-tukemista-kaudella-2020\\\/\",\"url\":\"https:\\\/\\\/meripelastus.fi\\\/lappeenranta\\\/upm-kaukas-jatkaa-yhdistyksemme-tukemista-kaudella-2020\\\/\",\"name\":\"UPM Kaukas jatkaa yhdistyksemme tukemista kaudella 2020 - Suomen Meripelastusseura Etel\u00e4-Saimaa\",\"isPartOf\":{\"@id\":\"https:\\\/\\\/meripelastus.fi\\\/lappeenranta\\\/#website\"},\"primaryImageOfPage\":{\"@id\":\"https:\\\/\\\/meripelastus.fi\\\/lappeenranta\\\/upm-kaukas-jatkaa-yhdistyksemme-tukemista-kaudella-2020\\\/#primaryimage\"},\"image\":{\"@id\":\"https:\\\/\\\/meripelastus.fi\\\/lappeenranta\\\/upm-kaukas-jatkaa-yhdistyksemme-tukemista-kaudella-2020\\\/#primaryimage\"},\"thumbnailUrl\":\"https:\\\/\\\/meripelastus.fi\\\/lappeenranta\\\/wp-content\\\/uploads\\\/sites\\\/6\\\/2019\\\/07\\\/IMG_1278-1.jpg\",\"datePublished\":\"2020-02-13T19:36:29+00:00\",\"author\":{\"@id\":\"https:\\\/\\\/meripelastus.fi\\\/lappeenranta\\\/#\\\/schema\\\/person\\\/3346f793f3d822543e6a0a39e677a7a4\"},\"breadcrumb\":{\"@id\":\"https:\\\/\\\/meripelastus.fi\\\/lappeenranta\\\/upm-kaukas-jatkaa-yhdistyksemme-tukemista-kaudella-2020\\\/#breadcrumb\"},\"inLanguage\":\"fi\",\"potentialAction\":[{\"@type\":\"ReadAction\",\"target\":[\"https:\\\/\\\/meripelastus.fi\\\/lappeenranta\\\/upm-kaukas-jatkaa-yhdistyksemme-tukemista-kaudella-2020\\\/\"]}]},{\"@type\":\"ImageObject\",\"inLanguage\":\"fi\",\"@id\":\"https:\\\/\\\/meripelastus.fi\\\/lappeenranta\\\/upm-kaukas-jatkaa-yhdistyksemme-tukemista-kaudella-2020\\\/#primaryimage\",\"url\":\"https:\\\/\\\/meripelastus.fi\\\/lappeenranta\\\/wp-content\\\/uploads\\\/sites\\\/6\\\/2019\\\/07\\\/IMG_1278-1.jpg\",\"contentUrl\":\"https:\\\/\\\/meripelastus.fi\\\/lappeenranta\\\/wp-content\\\/uploads\\\/sites\\\/6\\\/2019\\\/07\\\/IMG_1278-1.jpg\",\"width\":4941,\"height\":3294},{\"@type\":\"BreadcrumbList\",\"@id\":\"https:\\\/\\\/meripelastus.fi\\\/lappeenranta\\\/upm-kaukas-jatkaa-yhdistyksemme-tukemista-kaudella-2020\\\/#breadcrumb\",\"itemListElement\":[{\"@type\":\"ListItem\",\"position\":1,\"name\":\"Etusivu\",\"item\":\"https:\\\/\\\/meripelastus.fi\\\/lappeenranta\\\/\"},{\"@type\":\"ListItem\",\"position\":2,\"name\":\"UPM Kaukas jatkaa yhdistyksemme tukemista kaudella 2020\"}]},{\"@type\":\"WebSite\",\"@id\":\"https:\\\/\\\/meripelastus.fi\\\/lappeenranta\\\/#website\",\"url\":\"https:\\\/\\\/meripelastus.fi\\\/lappeenranta\\\/\",\"name\":\"Suomen Meripelastusseura Etel\u00e4-Saimaa\",\"description\":\"Vapaaehtoiset apunasi vesill\u00e4\",\"potentialAction\":[{\"@type\":\"SearchAction\",\"target\":{\"@type\":\"EntryPoint\",\"urlTemplate\":\"https:\\\/\\\/meripelastus.fi\\\/lappeenranta\\\/?s={search_term_string}\"},\"query-input\":{\"@type\":\"PropertyValueSpecification\",\"valueRequired\":true,\"valueName\":\"search_term_string\"}}],\"inLanguage\":\"fi\"},{\"@type\":\"Person\",\"@id\":\"https:\\\/\\\/meripelastus.fi\\\/lappeenranta\\\/#\\\/schema\\\/person\\\/3346f793f3d822543e6a0a39e677a7a4\",\"name\":\"Toni\",\"image\":{\"@type\":\"ImageObject\",\"inLanguage\":\"fi\",\"@id\":\"https:\\\/\\\/secure.gravatar.com\\\/avatar\\\/6b8280f5a62e42b6e513db0b7d7156b421b62b27620f89f8555290944a6d2508?s=96&d=mm&r=g\",\"url\":\"https:\\\/\\\/secure.gravatar.com\\\/avatar\\\/6b8280f5a62e42b6e513db0b7d7156b421b62b27620f89f8555290944a6d2508?s=96&d=mm&r=g\",\"contentUrl\":\"https:\\\/\\\/secure.gravatar.com\\\/avatar\\\/6b8280f5a62e42b6e513db0b7d7156b421b62b27620f89f8555290944a6d2508?s=96&d=mm&r=g\",\"caption\":\"Toni\"},\"url\":\"https:\\\/\\\/meripelastus.fi\\\/lappeenranta\\\/author\\\/toni\\\/\"}]}<\/script>\n<!-- \/ Yoast SEO Premium plugin. -->","yoast_head_json":{"title":"UPM Kaukas jatkaa yhdistyksemme tukemista kaudella 2020 - Suomen Meripelastusseura Etel\u00e4-Saimaa","robots":{"index":"index","follow":"follow","max-snippet":"max-snippet:-1","max-image-preview":"max-image-preview:large","max-video-preview":"max-video-preview:-1"},"canonical":"https:\/\/meripelastus.fi\/lappeenranta\/upm-kaukas-jatkaa-yhdistyksemme-tukemista-kaudella-2020\/","og_locale":"fi_FI","og_type":"article","og_title":"UPM Kaukas jatkaa yhdistyksemme tukemista kaudella 2020","og_description":"UPM Kaukas jatkaa yhdistyksemme tukemista kaudella 2020. Uuden, vuonna 2019 ensimm\u00e4isen kauden palvelleen apuveneemme numero AV67:n nimi tulee siis jatkossakin olemaan \u201dKaukas\u201d ja irtopuita ker\u00e4ill\u00e4\u00e4n v\u00e4yl\u00e4alueilta havaintojen perusteella entiseen tapaan. UPM Kaukas on tukenut toimintaamme eritt\u00e4in pitk\u00e4\u00e4n, yhteist\u00e4 taivalta taitaa olla takanamme jo ainakin 15 vuotta. On hienoa n\u00e4hd\u00e4, ett\u00e4 p\u00f6rssiyhti\u00f6aikakaudellakin paikallisuus, sidosryhm\u00e4ty\u00f6, yhteiskuntavastuu ja [&hellip;]","og_url":"https:\/\/meripelastus.fi\/lappeenranta\/upm-kaukas-jatkaa-yhdistyksemme-tukemista-kaudella-2020\/","og_site_name":"Suomen Meripelastusseura Etel\u00e4-Saimaa","article_published_time":"2020-02-13T19:36:29+00:00","og_image":[{"width":4941,"height":3294,"url":"https:\/\/meripelastus.fi\/lappeenranta\/wp-content\/uploads\/sites\/6\/2019\/07\/IMG_1278-1.jpg","type":"image\/jpeg"}],"author":"Toni","twitter_card":"summary_large_image","twitter_misc":{"Kirjoittanut":"Toni"},"schema":{"@context":"https:\/\/schema.org","@graph":[{"@type":"Article","@id":"https:\/\/meripelastus.fi\/lappeenranta\/upm-kaukas-jatkaa-yhdistyksemme-tukemista-kaudella-2020\/#article","isPartOf":{"@id":"https:\/\/meripelastus.fi\/lappeenranta\/upm-kaukas-jatkaa-yhdistyksemme-tukemista-kaudella-2020\/"},"author":{"name":"Toni","@id":"https:\/\/meripelastus.fi\/lappeenranta\/#\/schema\/person\/3346f793f3d822543e6a0a39e677a7a4"},"headline":"UPM Kaukas jatkaa yhdistyksemme tukemista kaudella 2020","datePublished":"2020-02-13T19:36:29+00:00","mainEntityOfPage":{"@id":"https:\/\/meripelastus.fi\/lappeenranta\/upm-kaukas-jatkaa-yhdistyksemme-tukemista-kaudella-2020\/"},"wordCount":95,"image":{"@id":"https:\/\/meripelastus.fi\/lappeenranta\/upm-kaukas-jatkaa-yhdistyksemme-tukemista-kaudella-2020\/#primaryimage"},"thumbnailUrl":"https:\/\/meripelastus.fi\/lappeenranta\/wp-content\/uploads\/sites\/6\/2019\/07\/IMG_1278-1.jpg","keywords":["apuvene","etel\u00e4-saimaa","kaukas","meripelastus","petor","tuki","upm"],"articleSection":["Uutiset"],"inLanguage":"fi"},{"@type":"WebPage","@id":"https:\/\/meripelastus.fi\/lappeenranta\/upm-kaukas-jatkaa-yhdistyksemme-tukemista-kaudella-2020\/","url":"https:\/\/meripelastus.fi\/lappeenranta\/upm-kaukas-jatkaa-yhdistyksemme-tukemista-kaudella-2020\/","name":"UPM Kaukas jatkaa yhdistyksemme tukemista kaudella 2020 - Suomen Meripelastusseura Etel\u00e4-Saimaa","isPartOf":{"@id":"https:\/\/meripelastus.fi\/lappeenranta\/#website"},"primaryImageOfPage":{"@id":"https:\/\/meripelastus.fi\/lappeenranta\/upm-kaukas-jatkaa-yhdistyksemme-tukemista-kaudella-2020\/#primaryimage"},"image":{"@id":"https:\/\/meripelastus.fi\/lappeenranta\/upm-kaukas-jatkaa-yhdistyksemme-tukemista-kaudella-2020\/#primaryimage"},"thumbnailUrl":"https:\/\/meripelastus.fi\/lappeenranta\/wp-content\/uploads\/sites\/6\/2019\/07\/IMG_1278-1.jpg","datePublished":"2020-02-13T19:36:29+00:00","author":{"@id":"https:\/\/meripelastus.fi\/lappeenranta\/#\/schema\/person\/3346f793f3d822543e6a0a39e677a7a4"},"breadcrumb":{"@id":"https:\/\/meripelastus.fi\/lappeenranta\/upm-kaukas-jatkaa-yhdistyksemme-tukemista-kaudella-2020\/#breadcrumb"},"inLanguage":"fi","potentialAction":[{"@type":"ReadAction","target":["https:\/\/meripelastus.fi\/lappeenranta\/upm-kaukas-jatkaa-yhdistyksemme-tukemista-kaudella-2020\/"]}]},{"@type":"ImageObject","inLanguage":"fi","@id":"https:\/\/meripelastus.fi\/lappeenranta\/upm-kaukas-jatkaa-yhdistyksemme-tukemista-kaudella-2020\/#primaryimage","url":"https:\/\/meripelastus.fi\/lappeenranta\/wp-content\/uploads\/sites\/6\/2019\/07\/IMG_1278-1.jpg","contentUrl":"https:\/\/meripelastus.fi\/lappeenranta\/wp-content\/uploads\/sites\/6\/2019\/07\/IMG_1278-1.jpg","width":4941,"height":3294},{"@type":"BreadcrumbList","@id":"https:\/\/meripelastus.fi\/lappeenranta\/upm-kaukas-jatkaa-yhdistyksemme-tukemista-kaudella-2020\/#breadcrumb","itemListElement":[{"@type":"ListItem","position":1,"name":"Etusivu","item":"https:\/\/meripelastus.fi\/lappeenranta\/"},{"@type":"ListItem","position":2,"name":"UPM Kaukas jatkaa yhdistyksemme tukemista kaudella 2020"}]},{"@type":"WebSite","@id":"https:\/\/meripelastus.fi\/lappeenranta\/#website","url":"https:\/\/meripelastus.fi\/lappeenranta\/","name":"Suomen Meripelastusseura Etel\u00e4-Saimaa","description":"Vapaaehtoiset apunasi vesill\u00e4","potentialAction":[{"@type":"SearchAction","target":{"@type":"EntryPoint","urlTemplate":"https:\/\/meripelastus.fi\/lappeenranta\/?s={search_term_string}"},"query-input":{"@type":"PropertyValueSpecification","valueRequired":true,"valueName":"search_term_string"}}],"inLanguage":"fi"},{"@type":"Person","@id":"https:\/\/meripelastus.fi\/lappeenranta\/#\/schema\/person\/3346f793f3d822543e6a0a39e677a7a4","name":"Toni","image":{"@type":"ImageObject","inLanguage":"fi","@id":"https:\/\/secure.gravatar.com\/avatar\/6b8280f5a62e42b6e513db0b7d7156b421b62b27620f89f8555290944a6d2508?s=96&d=mm&r=g","url":"https:\/\/secure.gravatar.com\/avatar\/6b8280f5a62e42b6e513db0b7d7156b421b62b27620f89f8555290944a6d2508?s=96&d=mm&r=g","contentUrl":"https:\/\/secure.gravatar.com\/avatar\/6b8280f5a62e42b6e513db0b7d7156b421b62b27620f89f8555290944a6d2508?s=96&d=mm&r=g","caption":"Toni"},"url":"https:\/\/meripelastus.fi\/lappeenranta\/author\/toni\/"}]}},"_links":{"self":[{"href":"https:\/\/meripelastus.fi\/lappeenranta\/wp-json\/wp\/v2\/posts\/631","targetHints":{"allow":["GET"]}}],"collection":[{"href":"https:\/\/meripelastus.fi\/lappeenranta\/wp-json\/wp\/v2\/posts"}],"about":[{"href":"https:\/\/meripelastus.fi\/lappeenranta\/wp-json\/wp\/v2\/types\/post"}],"author":[{"embeddable":true,"href":"https:\/\/meripelastus.fi\/lappeenranta\/wp-json\/wp\/v2\/users\/10"}],"replies":[{"embeddable":true,"href":"https:\/\/meripelastus.fi\/lappeenranta\/wp-json\/wp\/v2\/comments?post=631"}],"version-history":[{"count":1,"href":"https:\/\/meripelastus.fi\/lappeenranta\/wp-json\/wp\/v2\/posts\/631\/revisions"}],"predecessor-version":[{"id":632,"href":"https:\/\/meripelastus.fi\/lappeenranta\/wp-json\/wp\/v2\/posts\/631\/revisions\/632"}],"wp:featuredmedia":[{"embeddable":true,"href":"https:\/\/meripelastus.fi\/lappeenranta\/wp-json\/wp\/v2\/media\/602"}],"wp:attachment":[{"href":"https:\/\/meripelastus.fi\/lappeenranta\/wp-json\/wp\/v2\/media?parent=631"}],"wp:term":[{"taxonomy":"category","embeddable":true,"href":"https:\/\/meripelastus.fi\/lappeenranta\/wp-json\/wp\/v2\/categories?post=631"},{"taxonomy":"post_tag","embeddable":true,"href":"https:\/\/meripelastus.fi\/lappeenranta\/wp-json\/wp\/v2\/tags?post=631"}],"curies":[{"name":"wp","href":"https:\/\/api.w.org\/{rel}","templated":true}]}}