{"id":627,"date":"2019-11-23T12:58:38","date_gmt":"2019-11-23T10:58:38","guid":{"rendered":"https:\/\/meripelastus.fi\/lappeenranta\/?p=627"},"modified":"2019-11-23T12:58:38","modified_gmt":"2019-11-23T10:58:38","slug":"yhdistyksen-paivystyskausi-on-paattynyt","status":"publish","type":"post","link":"https:\/\/meripelastus.fi\/lappeenranta\/yhdistyksen-paivystyskausi-on-paattynyt\/","title":{"rendered":"Yhdistyksen p\u00e4ivystyskausi on p\u00e4\u00e4ttynyt"},"content":{"rendered":"<p>Avovesikausi 2019 alkaa yhdistyksemme osalta olemaan p\u00e4\u00e4t\u00f6ksess\u00e4. Ensimm\u00e4isen kauden pelastustoiminnassa mukana ollut uusi apuveneemme AV Kaukas nostettiin trailerille ja vietiin talvis\u00e4ilytyspaikkaan viime maanantaina. Harjoitusalus M\/S Jopi nostettiin samana p\u00e4iv\u00e4n\u00e4 yl\u00f6s vedest\u00e4 sen talvehtiessa Perinnelaivatelakalla. T\u00e4m\u00e4n talven aikanahan Lappeenrannan kaupungin satamalaitos kunnostaa Rapasaaren edustan laiturirakenteet, mink\u00e4 vuoksi mit\u00e4\u00e4n aluksia ei voi talvis\u00e4ilytt\u00e4\u00e4 asemamme edustalla edellisten vuosien tapaan. Kunnostus tulee kyll\u00e4 tarpeeseen, sill\u00e4 etenkin graniittilaituri on paikoitellen suorastaan vaarallisen huonossa kunnossa.<\/p>\n<p>PV Willimiest\u00e4 on t\u00e4n\u00e4\u00e4n l\u00e4hdetty viem\u00e4\u00e4n kohti Porvoota, miss\u00e4 sille tehd\u00e4\u00e4n mittava p\u00e4ivityskorjaus talven 2019-2020 aikana. Alus siirret\u00e4\u00e4n telakalle ajamalla se Saimaan kanavan l\u00e4pi ja saapuun Porvoon alueelle todenn\u00e4k\u00f6isesti viel\u00e4 lauantai-iltana. Sunnuntaina Willimies suorittaa viel\u00e4 viimeisen viranomaisteht\u00e4v\u00e4ns\u00e4 Porvoon edustalla ennen telakointia. Loppup\u00e4iv\u00e4 ja ilta kuluukin sitten alusten varusteiden purussa ja niiden siirt\u00e4misess\u00e4 takaisin Lappeenrantaan.<\/p>\n<p>P\u00e4ivityskorjauksen tarkoitus on jatkaa Willimiehen elinkaarta v\u00e4hint\u00e4\u00e4n vuoteen 2035. Korjauksessa liki 6000 tuntia ajettu Caterpillar vaihtuu uuteen Scaniaan, vetolaite vaihdetaan kokoluokkaa suuremmaksi ja navigointij\u00e4rjestelm\u00e4t p\u00e4ivitet\u00e4\u00e4n. CAT on ollut sen verran kovassa k\u00e4yt\u00f6ss\u00e4, ett\u00e4 sen aika meripelastusaluksen voimanl\u00e4hteen\u00e4 alkaa olla lopussa. Kevyess\u00e4 k\u00e4yt\u00f6ss\u00e4 (esimerkiksi jokin vanha huvik\u00e4yt\u00f6ss\u00e4 oleva hinaaja) sill\u00e4 saattaa sit\u00e4vastoin olla k\u00e4ytt\u00f6tunteja j\u00e4ljell\u00e4 paljonkin \u2013 ehk\u00e4 se sellaiseen viel\u00e4 kulkeutuukin, aika n\u00e4ytt\u00e4\u00e4. Tarkoitus kuitenkin on, ett\u00e4 j\u00e4iden l\u00e4hd\u00f6n aikaan kev\u00e4\u00e4ll\u00e4 2020 Willimies siirtyy takaisin Lappeenrantaan p\u00e4ivityskorjattuna aluksena.<\/p>\n<p>Kaudella 2019 yhdistyksemme alukset osallistuivat teht\u00e4ville aktiivisesti edellisten vuosien tapaan. Teht\u00e4vist\u00e4 15 luokiteltiin vesiliikenneonnettomuuksiksi, 22 teknisiksi vioiksi, 16 onnettomuuksiksi tai vaaratilanteiksi saaristossa tai j\u00e4rvialueella, 3 sijoittui tapaturma-, vamma-, tai sairastumisluokkaan ja n\u00e4iden lis\u00e4ksi yhdistys osallistui 24 tilaisuuteen, jotka olivat luonteeltaan kaupallisia-, valvonta- ja ennaltaehk\u00e4isev\u00e4\u00e4 toimintaa. Harjoitukset asemalla alkoivat helmikuun alussa ja avovesikausi toukokuussa. P\u00e4\u00e4llyst\u00f6kurssi saatiin p\u00e4\u00e4t\u00f6kseen, mink\u00e4 seurauksena nimitettiin 3 uutta per\u00e4miest\u00e4 ja yksi p\u00e4\u00e4llikk\u00f6. Aktiivimme ja alukset osallistuivat my\u00f6s pariin suurempaan alueellamme j\u00e4rjestettyyn yhteistoimintaharjoitukseen (KARHU II ja SAR LAPPEE 2019). Juhannusp\u00e4ivystysoperaatio Merit\u00e4hti toteutettiin edellisten vuosien tapaan ja syksyll\u00e4 IMRF:n organisoiman kansainv\u00e4lisen meripelastajavaihdon ryhm\u00e4 tuli vierailemaan asemallamme. Lokakuussa oli viel\u00e4 vuorossa yhdistyksemme oma koulutusviikonloppu, mik\u00e4 j\u00e4rjestettiin t\u00e4ll\u00e4 kertaa yhteistoiminnassa naapuriyhdistyksemme Kuopion j\u00e4rvipelastajien kanssa.<\/p>\n<p>Jonkin verran on viel\u00e4 kalustohuoltoa ja vastaavaa j\u00e4ljell\u00e4. Ja tietysti pikkujoulut. Sen j\u00e4lkeen alkaakin aktiivien talvitauko, joka p\u00e4\u00e4ttyy helmikuun ensimm\u00e4iseen maanantaihin.<\/p>\n","protected":false},"excerpt":{"rendered":"<p>Avovesikausi 2019 alkaa yhdistyksemme osalta olemaan p\u00e4\u00e4t\u00f6ksess\u00e4. Ensimm\u00e4isen kauden pelastustoiminnassa mukana ollut uusi apuveneemme AV Kaukas nostettiin trailerille ja vietiin talvis\u00e4ilytyspaikkaan viime maanantaina. Harjoitusalus M\/S Jopi nostettiin samana p\u00e4iv\u00e4n\u00e4 yl\u00f6s vedest\u00e4 sen talvehtiessa Perinnelaivatelakalla. T\u00e4m\u00e4n talven aikanahan Lappeenrannan kaupungin satamalaitos kunnostaa Rapasaaren edustan laiturirakenteet, mink\u00e4 vuoksi mit\u00e4\u00e4n aluksia ei voi talvis\u00e4ilytt\u00e4\u00e4 asemamme edustalla edellisten vuosien [&hellip;]<\/p>\n","protected":false},"author":10,"featured_media":628,"comment_status":"closed","ping_status":"open","sticky":false,"template":"","format":"standard","meta":{"_acf_changed":false,"inline_featured_image":false,"footnotes":""},"categories":[1],"tags":[],"class_list":["post-627","post","type-post","status-publish","format-standard","has-post-thumbnail","hentry","category-uutiset"],"acf":[],"yoast_head":"<!-- This site is optimized with the Yoast SEO Premium plugin v27.4 (Yoast SEO v27.4) - https:\/\/yoast.com\/product\/yoast-seo-premium-wordpress\/ -->\n<title>Yhdistyksen p\u00e4ivystyskausi on p\u00e4\u00e4ttynyt - Suomen Meripelastusseura Etel\u00e4-Saimaa<\/title>\n<meta name=\"robots\" content=\"index, follow, max-snippet:-1, max-image-preview:large, max-video-preview:-1\" \/>\n<link rel=\"canonical\" href=\"https:\/\/meripelastus.fi\/lappeenranta\/yhdistyksen-paivystyskausi-on-paattynyt\/\" \/>\n<meta property=\"og:locale\" content=\"fi_FI\" \/>\n<meta property=\"og:type\" content=\"article\" \/>\n<meta property=\"og:title\" content=\"Yhdistyksen p\u00e4ivystyskausi on p\u00e4\u00e4ttynyt\" \/>\n<meta property=\"og:description\" content=\"Avovesikausi 2019 alkaa yhdistyksemme osalta olemaan p\u00e4\u00e4t\u00f6ksess\u00e4. Ensimm\u00e4isen kauden pelastustoiminnassa mukana ollut uusi apuveneemme AV Kaukas nostettiin trailerille ja vietiin talvis\u00e4ilytyspaikkaan viime maanantaina. Harjoitusalus M\/S Jopi nostettiin samana p\u00e4iv\u00e4n\u00e4 yl\u00f6s vedest\u00e4 sen talvehtiessa Perinnelaivatelakalla. T\u00e4m\u00e4n talven aikanahan Lappeenrannan kaupungin satamalaitos kunnostaa Rapasaaren edustan laiturirakenteet, mink\u00e4 vuoksi mit\u00e4\u00e4n aluksia ei voi talvis\u00e4ilytt\u00e4\u00e4 asemamme edustalla edellisten vuosien [&hellip;]\" \/>\n<meta property=\"og:url\" content=\"https:\/\/meripelastus.fi\/lappeenranta\/yhdistyksen-paivystyskausi-on-paattynyt\/\" \/>\n<meta property=\"og:site_name\" content=\"Suomen Meripelastusseura Etel\u00e4-Saimaa\" \/>\n<meta property=\"article:published_time\" content=\"2019-11-23T10:58:38+00:00\" \/>\n<meta property=\"og:image\" content=\"https:\/\/meripelastus.fi\/lappeenranta\/wp-content\/uploads\/sites\/6\/2019\/11\/IMG_2029-2.jpg\" \/>\n\t<meta property=\"og:image:width\" content=\"5758\" \/>\n\t<meta property=\"og:image:height\" content=\"3839\" \/>\n\t<meta property=\"og:image:type\" content=\"image\/jpeg\" \/>\n<meta name=\"author\" content=\"Toni\" \/>\n<meta name=\"twitter:card\" content=\"summary_large_image\" \/>\n<meta name=\"twitter:label1\" content=\"Kirjoittanut\" \/>\n\t<meta name=\"twitter:data1\" content=\"Toni\" \/>\n\t<meta name=\"twitter:label2\" content=\"Arvioitu lukuaika\" \/>\n\t<meta name=\"twitter:data2\" content=\"2 minuuttia\" \/>\n<script type=\"application\/ld+json\" class=\"yoast-schema-graph\">{\"@context\":\"https:\\\/\\\/schema.org\",\"@graph\":[{\"@type\":\"Article\",\"@id\":\"https:\\\/\\\/meripelastus.fi\\\/lappeenranta\\\/yhdistyksen-paivystyskausi-on-paattynyt\\\/#article\",\"isPartOf\":{\"@id\":\"https:\\\/\\\/meripelastus.fi\\\/lappeenranta\\\/yhdistyksen-paivystyskausi-on-paattynyt\\\/\"},\"author\":{\"name\":\"Toni\",\"@id\":\"https:\\\/\\\/meripelastus.fi\\\/lappeenranta\\\/#\\\/schema\\\/person\\\/3346f793f3d822543e6a0a39e677a7a4\"},\"headline\":\"Yhdistyksen p\u00e4ivystyskausi on p\u00e4\u00e4ttynyt\",\"datePublished\":\"2019-11-23T10:58:38+00:00\",\"mainEntityOfPage\":{\"@id\":\"https:\\\/\\\/meripelastus.fi\\\/lappeenranta\\\/yhdistyksen-paivystyskausi-on-paattynyt\\\/\"},\"wordCount\":403,\"image\":{\"@id\":\"https:\\\/\\\/meripelastus.fi\\\/lappeenranta\\\/yhdistyksen-paivystyskausi-on-paattynyt\\\/#primaryimage\"},\"thumbnailUrl\":\"https:\\\/\\\/meripelastus.fi\\\/lappeenranta\\\/wp-content\\\/uploads\\\/sites\\\/6\\\/2019\\\/11\\\/IMG_2029-2.jpg\",\"articleSection\":[\"Uutiset\"],\"inLanguage\":\"fi\"},{\"@type\":\"WebPage\",\"@id\":\"https:\\\/\\\/meripelastus.fi\\\/lappeenranta\\\/yhdistyksen-paivystyskausi-on-paattynyt\\\/\",\"url\":\"https:\\\/\\\/meripelastus.fi\\\/lappeenranta\\\/yhdistyksen-paivystyskausi-on-paattynyt\\\/\",\"name\":\"Yhdistyksen p\u00e4ivystyskausi on p\u00e4\u00e4ttynyt - Suomen Meripelastusseura Etel\u00e4-Saimaa\",\"isPartOf\":{\"@id\":\"https:\\\/\\\/meripelastus.fi\\\/lappeenranta\\\/#website\"},\"primaryImageOfPage\":{\"@id\":\"https:\\\/\\\/meripelastus.fi\\\/lappeenranta\\\/yhdistyksen-paivystyskausi-on-paattynyt\\\/#primaryimage\"},\"image\":{\"@id\":\"https:\\\/\\\/meripelastus.fi\\\/lappeenranta\\\/yhdistyksen-paivystyskausi-on-paattynyt\\\/#primaryimage\"},\"thumbnailUrl\":\"https:\\\/\\\/meripelastus.fi\\\/lappeenranta\\\/wp-content\\\/uploads\\\/sites\\\/6\\\/2019\\\/11\\\/IMG_2029-2.jpg\",\"datePublished\":\"2019-11-23T10:58:38+00:00\",\"author\":{\"@id\":\"https:\\\/\\\/meripelastus.fi\\\/lappeenranta\\\/#\\\/schema\\\/person\\\/3346f793f3d822543e6a0a39e677a7a4\"},\"breadcrumb\":{\"@id\":\"https:\\\/\\\/meripelastus.fi\\\/lappeenranta\\\/yhdistyksen-paivystyskausi-on-paattynyt\\\/#breadcrumb\"},\"inLanguage\":\"fi\",\"potentialAction\":[{\"@type\":\"ReadAction\",\"target\":[\"https:\\\/\\\/meripelastus.fi\\\/lappeenranta\\\/yhdistyksen-paivystyskausi-on-paattynyt\\\/\"]}]},{\"@type\":\"ImageObject\",\"inLanguage\":\"fi\",\"@id\":\"https:\\\/\\\/meripelastus.fi\\\/lappeenranta\\\/yhdistyksen-paivystyskausi-on-paattynyt\\\/#primaryimage\",\"url\":\"https:\\\/\\\/meripelastus.fi\\\/lappeenranta\\\/wp-content\\\/uploads\\\/sites\\\/6\\\/2019\\\/11\\\/IMG_2029-2.jpg\",\"contentUrl\":\"https:\\\/\\\/meripelastus.fi\\\/lappeenranta\\\/wp-content\\\/uploads\\\/sites\\\/6\\\/2019\\\/11\\\/IMG_2029-2.jpg\",\"width\":5758,\"height\":3839},{\"@type\":\"BreadcrumbList\",\"@id\":\"https:\\\/\\\/meripelastus.fi\\\/lappeenranta\\\/yhdistyksen-paivystyskausi-on-paattynyt\\\/#breadcrumb\",\"itemListElement\":[{\"@type\":\"ListItem\",\"position\":1,\"name\":\"Etusivu\",\"item\":\"https:\\\/\\\/meripelastus.fi\\\/lappeenranta\\\/\"},{\"@type\":\"ListItem\",\"position\":2,\"name\":\"Yhdistyksen p\u00e4ivystyskausi on p\u00e4\u00e4ttynyt\"}]},{\"@type\":\"WebSite\",\"@id\":\"https:\\\/\\\/meripelastus.fi\\\/lappeenranta\\\/#website\",\"url\":\"https:\\\/\\\/meripelastus.fi\\\/lappeenranta\\\/\",\"name\":\"Suomen Meripelastusseura Etel\u00e4-Saimaa\",\"description\":\"Vapaaehtoiset apunasi vesill\u00e4\",\"potentialAction\":[{\"@type\":\"SearchAction\",\"target\":{\"@type\":\"EntryPoint\",\"urlTemplate\":\"https:\\\/\\\/meripelastus.fi\\\/lappeenranta\\\/?s={search_term_string}\"},\"query-input\":{\"@type\":\"PropertyValueSpecification\",\"valueRequired\":true,\"valueName\":\"search_term_string\"}}],\"inLanguage\":\"fi\"},{\"@type\":\"Person\",\"@id\":\"https:\\\/\\\/meripelastus.fi\\\/lappeenranta\\\/#\\\/schema\\\/person\\\/3346f793f3d822543e6a0a39e677a7a4\",\"name\":\"Toni\",\"image\":{\"@type\":\"ImageObject\",\"inLanguage\":\"fi\",\"@id\":\"https:\\\/\\\/secure.gravatar.com\\\/avatar\\\/6b8280f5a62e42b6e513db0b7d7156b421b62b27620f89f8555290944a6d2508?s=96&d=mm&r=g\",\"url\":\"https:\\\/\\\/secure.gravatar.com\\\/avatar\\\/6b8280f5a62e42b6e513db0b7d7156b421b62b27620f89f8555290944a6d2508?s=96&d=mm&r=g\",\"contentUrl\":\"https:\\\/\\\/secure.gravatar.com\\\/avatar\\\/6b8280f5a62e42b6e513db0b7d7156b421b62b27620f89f8555290944a6d2508?s=96&d=mm&r=g\",\"caption\":\"Toni\"},\"url\":\"https:\\\/\\\/meripelastus.fi\\\/lappeenranta\\\/author\\\/toni\\\/\"}]}<\/script>\n<!-- \/ Yoast SEO Premium plugin. -->","yoast_head_json":{"title":"Yhdistyksen p\u00e4ivystyskausi on p\u00e4\u00e4ttynyt - Suomen Meripelastusseura Etel\u00e4-Saimaa","robots":{"index":"index","follow":"follow","max-snippet":"max-snippet:-1","max-image-preview":"max-image-preview:large","max-video-preview":"max-video-preview:-1"},"canonical":"https:\/\/meripelastus.fi\/lappeenranta\/yhdistyksen-paivystyskausi-on-paattynyt\/","og_locale":"fi_FI","og_type":"article","og_title":"Yhdistyksen p\u00e4ivystyskausi on p\u00e4\u00e4ttynyt","og_description":"Avovesikausi 2019 alkaa yhdistyksemme osalta olemaan p\u00e4\u00e4t\u00f6ksess\u00e4. Ensimm\u00e4isen kauden pelastustoiminnassa mukana ollut uusi apuveneemme AV Kaukas nostettiin trailerille ja vietiin talvis\u00e4ilytyspaikkaan viime maanantaina. Harjoitusalus M\/S Jopi nostettiin samana p\u00e4iv\u00e4n\u00e4 yl\u00f6s vedest\u00e4 sen talvehtiessa Perinnelaivatelakalla. T\u00e4m\u00e4n talven aikanahan Lappeenrannan kaupungin satamalaitos kunnostaa Rapasaaren edustan laiturirakenteet, mink\u00e4 vuoksi mit\u00e4\u00e4n aluksia ei voi talvis\u00e4ilytt\u00e4\u00e4 asemamme edustalla edellisten vuosien [&hellip;]","og_url":"https:\/\/meripelastus.fi\/lappeenranta\/yhdistyksen-paivystyskausi-on-paattynyt\/","og_site_name":"Suomen Meripelastusseura Etel\u00e4-Saimaa","article_published_time":"2019-11-23T10:58:38+00:00","og_image":[{"width":5758,"height":3839,"url":"https:\/\/meripelastus.fi\/lappeenranta\/wp-content\/uploads\/sites\/6\/2019\/11\/IMG_2029-2.jpg","type":"image\/jpeg"}],"author":"Toni","twitter_card":"summary_large_image","twitter_misc":{"Kirjoittanut":"Toni","Arvioitu lukuaika":"2 minuuttia"},"schema":{"@context":"https:\/\/schema.org","@graph":[{"@type":"Article","@id":"https:\/\/meripelastus.fi\/lappeenranta\/yhdistyksen-paivystyskausi-on-paattynyt\/#article","isPartOf":{"@id":"https:\/\/meripelastus.fi\/lappeenranta\/yhdistyksen-paivystyskausi-on-paattynyt\/"},"author":{"name":"Toni","@id":"https:\/\/meripelastus.fi\/lappeenranta\/#\/schema\/person\/3346f793f3d822543e6a0a39e677a7a4"},"headline":"Yhdistyksen p\u00e4ivystyskausi on p\u00e4\u00e4ttynyt","datePublished":"2019-11-23T10:58:38+00:00","mainEntityOfPage":{"@id":"https:\/\/meripelastus.fi\/lappeenranta\/yhdistyksen-paivystyskausi-on-paattynyt\/"},"wordCount":403,"image":{"@id":"https:\/\/meripelastus.fi\/lappeenranta\/yhdistyksen-paivystyskausi-on-paattynyt\/#primaryimage"},"thumbnailUrl":"https:\/\/meripelastus.fi\/lappeenranta\/wp-content\/uploads\/sites\/6\/2019\/11\/IMG_2029-2.jpg","articleSection":["Uutiset"],"inLanguage":"fi"},{"@type":"WebPage","@id":"https:\/\/meripelastus.fi\/lappeenranta\/yhdistyksen-paivystyskausi-on-paattynyt\/","url":"https:\/\/meripelastus.fi\/lappeenranta\/yhdistyksen-paivystyskausi-on-paattynyt\/","name":"Yhdistyksen p\u00e4ivystyskausi on p\u00e4\u00e4ttynyt - Suomen Meripelastusseura Etel\u00e4-Saimaa","isPartOf":{"@id":"https:\/\/meripelastus.fi\/lappeenranta\/#website"},"primaryImageOfPage":{"@id":"https:\/\/meripelastus.fi\/lappeenranta\/yhdistyksen-paivystyskausi-on-paattynyt\/#primaryimage"},"image":{"@id":"https:\/\/meripelastus.fi\/lappeenranta\/yhdistyksen-paivystyskausi-on-paattynyt\/#primaryimage"},"thumbnailUrl":"https:\/\/meripelastus.fi\/lappeenranta\/wp-content\/uploads\/sites\/6\/2019\/11\/IMG_2029-2.jpg","datePublished":"2019-11-23T10:58:38+00:00","author":{"@id":"https:\/\/meripelastus.fi\/lappeenranta\/#\/schema\/person\/3346f793f3d822543e6a0a39e677a7a4"},"breadcrumb":{"@id":"https:\/\/meripelastus.fi\/lappeenranta\/yhdistyksen-paivystyskausi-on-paattynyt\/#breadcrumb"},"inLanguage":"fi","potentialAction":[{"@type":"ReadAction","target":["https:\/\/meripelastus.fi\/lappeenranta\/yhdistyksen-paivystyskausi-on-paattynyt\/"]}]},{"@type":"ImageObject","inLanguage":"fi","@id":"https:\/\/meripelastus.fi\/lappeenranta\/yhdistyksen-paivystyskausi-on-paattynyt\/#primaryimage","url":"https:\/\/meripelastus.fi\/lappeenranta\/wp-content\/uploads\/sites\/6\/2019\/11\/IMG_2029-2.jpg","contentUrl":"https:\/\/meripelastus.fi\/lappeenranta\/wp-content\/uploads\/sites\/6\/2019\/11\/IMG_2029-2.jpg","width":5758,"height":3839},{"@type":"BreadcrumbList","@id":"https:\/\/meripelastus.fi\/lappeenranta\/yhdistyksen-paivystyskausi-on-paattynyt\/#breadcrumb","itemListElement":[{"@type":"ListItem","position":1,"name":"Etusivu","item":"https:\/\/meripelastus.fi\/lappeenranta\/"},{"@type":"ListItem","position":2,"name":"Yhdistyksen p\u00e4ivystyskausi on p\u00e4\u00e4ttynyt"}]},{"@type":"WebSite","@id":"https:\/\/meripelastus.fi\/lappeenranta\/#website","url":"https:\/\/meripelastus.fi\/lappeenranta\/","name":"Suomen Meripelastusseura Etel\u00e4-Saimaa","description":"Vapaaehtoiset apunasi vesill\u00e4","potentialAction":[{"@type":"SearchAction","target":{"@type":"EntryPoint","urlTemplate":"https:\/\/meripelastus.fi\/lappeenranta\/?s={search_term_string}"},"query-input":{"@type":"PropertyValueSpecification","valueRequired":true,"valueName":"search_term_string"}}],"inLanguage":"fi"},{"@type":"Person","@id":"https:\/\/meripelastus.fi\/lappeenranta\/#\/schema\/person\/3346f793f3d822543e6a0a39e677a7a4","name":"Toni","image":{"@type":"ImageObject","inLanguage":"fi","@id":"https:\/\/secure.gravatar.com\/avatar\/6b8280f5a62e42b6e513db0b7d7156b421b62b27620f89f8555290944a6d2508?s=96&d=mm&r=g","url":"https:\/\/secure.gravatar.com\/avatar\/6b8280f5a62e42b6e513db0b7d7156b421b62b27620f89f8555290944a6d2508?s=96&d=mm&r=g","contentUrl":"https:\/\/secure.gravatar.com\/avatar\/6b8280f5a62e42b6e513db0b7d7156b421b62b27620f89f8555290944a6d2508?s=96&d=mm&r=g","caption":"Toni"},"url":"https:\/\/meripelastus.fi\/lappeenranta\/author\/toni\/"}]}},"_links":{"self":[{"href":"https:\/\/meripelastus.fi\/lappeenranta\/wp-json\/wp\/v2\/posts\/627","targetHints":{"allow":["GET"]}}],"collection":[{"href":"https:\/\/meripelastus.fi\/lappeenranta\/wp-json\/wp\/v2\/posts"}],"about":[{"href":"https:\/\/meripelastus.fi\/lappeenranta\/wp-json\/wp\/v2\/types\/post"}],"author":[{"embeddable":true,"href":"https:\/\/meripelastus.fi\/lappeenranta\/wp-json\/wp\/v2\/users\/10"}],"replies":[{"embeddable":true,"href":"https:\/\/meripelastus.fi\/lappeenranta\/wp-json\/wp\/v2\/comments?post=627"}],"version-history":[{"count":1,"href":"https:\/\/meripelastus.fi\/lappeenranta\/wp-json\/wp\/v2\/posts\/627\/revisions"}],"predecessor-version":[{"id":629,"href":"https:\/\/meripelastus.fi\/lappeenranta\/wp-json\/wp\/v2\/posts\/627\/revisions\/629"}],"wp:featuredmedia":[{"embeddable":true,"href":"https:\/\/meripelastus.fi\/lappeenranta\/wp-json\/wp\/v2\/media\/628"}],"wp:attachment":[{"href":"https:\/\/meripelastus.fi\/lappeenranta\/wp-json\/wp\/v2\/media?parent=627"}],"wp:term":[{"taxonomy":"category","embeddable":true,"href":"https:\/\/meripelastus.fi\/lappeenranta\/wp-json\/wp\/v2\/categories?post=627"},{"taxonomy":"post_tag","embeddable":true,"href":"https:\/\/meripelastus.fi\/lappeenranta\/wp-json\/wp\/v2\/tags?post=627"}],"curies":[{"name":"wp","href":"https:\/\/api.w.org\/{rel}","templated":true}]}}