{"id":519,"date":"2019-03-10T22:46:35","date_gmt":"2019-03-10T20:46:35","guid":{"rendered":"https:\/\/meripelastus.fi\/lappeenranta\/?p=519"},"modified":"2019-03-10T22:47:29","modified_gmt":"2019-03-10T20:47:29","slug":"lappeenrannassa-harjoiteltiin-hatamerkinantovalineiden-kayttoa","status":"publish","type":"post","link":"https:\/\/meripelastus.fi\/lappeenranta\/lappeenrannassa-harjoiteltiin-hatamerkinantovalineiden-kayttoa\/","title":{"rendered":"Lappeenrannassa harjoiteltiin h\u00e4t\u00e4merkinantov\u00e4lineiden k\u00e4ytt\u00f6\u00e4"},"content":{"rendered":"<p><span>T\u00e4n\u00e4\u00e4n harjoiteltiin Lappeenrannan Linnoitusniemess\u00e4 h\u00e4t\u00e4merkinantov\u00e4lineiden k\u00e4ytt\u00f6\u00e4; punaisia laskuvarjoraketteja, punaisia h\u00e4t\u00e4soihtuja sek\u00e4 oransseja merkki<\/span><span>savuja. H\u00e4t\u00e4merkinantov\u00e4lineit\u00e4 saa k\u00e4ytt\u00e4\u00e4 ainoastaan oikeassa h\u00e4d\u00e4ss\u00e4 joten kyseinen harjoitus tarjosi loistavan mahdollisuuden p\u00e4\u00e4st\u00e4 kokeilemaan ohjatusti valvotuissa olosuhteissa v\u00e4lineiden k\u00e4ytt\u00f6\u00e4. Kuvia tapahtumasta l\u00f6yd\u00e4t t\u00e4\u00e4lt\u00e4:\u00a0<a href=\"https:\/\/meripelastuslpr.kuvat.fi\/kuvat\/Kuvia+kaudelta+2019\/10.3.2019+H\u00e4t\u00e4merkinantoharjoitus\/\">https:\/\/meripelastuslpr.kuvat.fi\/kuvat\/Kuvia+kaudelta+2019\/10.3.2019+H\u00e4t\u00e4merkinantoharjoitus\/<\/a><\/span><\/p>\n","protected":false},"excerpt":{"rendered":"<p>T\u00e4n\u00e4\u00e4n harjoiteltiin Lappeenrannan Linnoitusniemess\u00e4 h\u00e4t\u00e4merkinantov\u00e4lineiden k\u00e4ytt\u00f6\u00e4; punaisia laskuvarjoraketteja, punaisia h\u00e4t\u00e4soihtuja sek\u00e4 oransseja merkkisavuja. H\u00e4t\u00e4merkinantov\u00e4lineit\u00e4 saa k\u00e4ytt\u00e4\u00e4 ainoastaan oikeassa h\u00e4d\u00e4ss\u00e4 joten kyseinen harjoitus tarjosi loistavan mahdollisuuden p\u00e4\u00e4st\u00e4 kokeilemaan ohjatusti valvotuissa olosuhteissa v\u00e4lineiden k\u00e4ytt\u00f6\u00e4. Kuvia tapahtumasta l\u00f6yd\u00e4t t\u00e4\u00e4lt\u00e4:\u00a0https:\/\/meripelastuslpr.kuvat.fi\/kuvat\/Kuvia+kaudelta+2019\/10.3.2019+H\u00e4t\u00e4merkinantoharjoitus\/<\/p>\n","protected":false},"author":10,"featured_media":521,"comment_status":"closed","ping_status":"open","sticky":false,"template":"","format":"standard","meta":{"_acf_changed":false,"inline_featured_image":false,"footnotes":""},"categories":[1],"tags":[],"class_list":["post-519","post","type-post","status-publish","format-standard","has-post-thumbnail","hentry","category-uutiset"],"acf":[],"yoast_head":"<!-- This site is optimized with the Yoast SEO Premium plugin v27.4 (Yoast SEO v27.4) - https:\/\/yoast.com\/product\/yoast-seo-premium-wordpress\/ -->\n<title>Lappeenrannassa harjoiteltiin h\u00e4t\u00e4merkinantov\u00e4lineiden k\u00e4ytt\u00f6\u00e4 - Suomen Meripelastusseura Etel\u00e4-Saimaa<\/title>\n<meta name=\"robots\" content=\"index, follow, max-snippet:-1, max-image-preview:large, max-video-preview:-1\" \/>\n<link rel=\"canonical\" href=\"https:\/\/meripelastus.fi\/lappeenranta\/lappeenrannassa-harjoiteltiin-hatamerkinantovalineiden-kayttoa\/\" \/>\n<meta property=\"og:locale\" content=\"fi_FI\" \/>\n<meta property=\"og:type\" content=\"article\" \/>\n<meta property=\"og:title\" content=\"Lappeenrannassa harjoiteltiin h\u00e4t\u00e4merkinantov\u00e4lineiden k\u00e4ytt\u00f6\u00e4\" \/>\n<meta property=\"og:description\" content=\"T\u00e4n\u00e4\u00e4n harjoiteltiin Lappeenrannan Linnoitusniemess\u00e4 h\u00e4t\u00e4merkinantov\u00e4lineiden k\u00e4ytt\u00f6\u00e4; punaisia laskuvarjoraketteja, punaisia h\u00e4t\u00e4soihtuja sek\u00e4 oransseja merkkisavuja. H\u00e4t\u00e4merkinantov\u00e4lineit\u00e4 saa k\u00e4ytt\u00e4\u00e4 ainoastaan oikeassa h\u00e4d\u00e4ss\u00e4 joten kyseinen harjoitus tarjosi loistavan mahdollisuuden p\u00e4\u00e4st\u00e4 kokeilemaan ohjatusti valvotuissa olosuhteissa v\u00e4lineiden k\u00e4ytt\u00f6\u00e4. Kuvia tapahtumasta l\u00f6yd\u00e4t t\u00e4\u00e4lt\u00e4:\u00a0https:\/\/meripelastuslpr.kuvat.fi\/kuvat\/Kuvia+kaudelta+2019\/10.3.2019+H\u00e4t\u00e4merkinantoharjoitus\/\" \/>\n<meta property=\"og:url\" content=\"https:\/\/meripelastus.fi\/lappeenranta\/lappeenrannassa-harjoiteltiin-hatamerkinantovalineiden-kayttoa\/\" \/>\n<meta property=\"og:site_name\" content=\"Suomen Meripelastusseura Etel\u00e4-Saimaa\" \/>\n<meta property=\"article:published_time\" content=\"2019-03-10T20:46:35+00:00\" \/>\n<meta property=\"article:modified_time\" content=\"2019-03-10T20:47:29+00:00\" \/>\n<meta property=\"og:image\" content=\"https:\/\/meripelastus.fi\/lappeenranta\/wp-content\/uploads\/sites\/6\/2019\/03\/IMG_0750-2.jpg\" \/>\n\t<meta property=\"og:image:width\" content=\"5760\" \/>\n\t<meta property=\"og:image:height\" content=\"3840\" \/>\n\t<meta property=\"og:image:type\" content=\"image\/jpeg\" \/>\n<meta name=\"author\" content=\"Toni\" \/>\n<meta name=\"twitter:card\" content=\"summary_large_image\" \/>\n<meta name=\"twitter:label1\" content=\"Kirjoittanut\" \/>\n\t<meta name=\"twitter:data1\" content=\"Toni\" \/>\n<script type=\"application\/ld+json\" class=\"yoast-schema-graph\">{\"@context\":\"https:\\\/\\\/schema.org\",\"@graph\":[{\"@type\":\"Article\",\"@id\":\"https:\\\/\\\/meripelastus.fi\\\/lappeenranta\\\/lappeenrannassa-harjoiteltiin-hatamerkinantovalineiden-kayttoa\\\/#article\",\"isPartOf\":{\"@id\":\"https:\\\/\\\/meripelastus.fi\\\/lappeenranta\\\/lappeenrannassa-harjoiteltiin-hatamerkinantovalineiden-kayttoa\\\/\"},\"author\":{\"name\":\"Toni\",\"@id\":\"https:\\\/\\\/meripelastus.fi\\\/lappeenranta\\\/#\\\/schema\\\/person\\\/3346f793f3d822543e6a0a39e677a7a4\"},\"headline\":\"Lappeenrannassa harjoiteltiin h\u00e4t\u00e4merkinantov\u00e4lineiden k\u00e4ytt\u00f6\u00e4\",\"datePublished\":\"2019-03-10T20:46:35+00:00\",\"dateModified\":\"2019-03-10T20:47:29+00:00\",\"mainEntityOfPage\":{\"@id\":\"https:\\\/\\\/meripelastus.fi\\\/lappeenranta\\\/lappeenrannassa-harjoiteltiin-hatamerkinantovalineiden-kayttoa\\\/\"},\"wordCount\":75,\"image\":{\"@id\":\"https:\\\/\\\/meripelastus.fi\\\/lappeenranta\\\/lappeenrannassa-harjoiteltiin-hatamerkinantovalineiden-kayttoa\\\/#primaryimage\"},\"thumbnailUrl\":\"https:\\\/\\\/meripelastus.fi\\\/lappeenranta\\\/wp-content\\\/uploads\\\/sites\\\/6\\\/2019\\\/03\\\/IMG_0750-2.jpg\",\"articleSection\":[\"Uutiset\"],\"inLanguage\":\"fi\"},{\"@type\":\"WebPage\",\"@id\":\"https:\\\/\\\/meripelastus.fi\\\/lappeenranta\\\/lappeenrannassa-harjoiteltiin-hatamerkinantovalineiden-kayttoa\\\/\",\"url\":\"https:\\\/\\\/meripelastus.fi\\\/lappeenranta\\\/lappeenrannassa-harjoiteltiin-hatamerkinantovalineiden-kayttoa\\\/\",\"name\":\"Lappeenrannassa harjoiteltiin h\u00e4t\u00e4merkinantov\u00e4lineiden k\u00e4ytt\u00f6\u00e4 - Suomen Meripelastusseura Etel\u00e4-Saimaa\",\"isPartOf\":{\"@id\":\"https:\\\/\\\/meripelastus.fi\\\/lappeenranta\\\/#website\"},\"primaryImageOfPage\":{\"@id\":\"https:\\\/\\\/meripelastus.fi\\\/lappeenranta\\\/lappeenrannassa-harjoiteltiin-hatamerkinantovalineiden-kayttoa\\\/#primaryimage\"},\"image\":{\"@id\":\"https:\\\/\\\/meripelastus.fi\\\/lappeenranta\\\/lappeenrannassa-harjoiteltiin-hatamerkinantovalineiden-kayttoa\\\/#primaryimage\"},\"thumbnailUrl\":\"https:\\\/\\\/meripelastus.fi\\\/lappeenranta\\\/wp-content\\\/uploads\\\/sites\\\/6\\\/2019\\\/03\\\/IMG_0750-2.jpg\",\"datePublished\":\"2019-03-10T20:46:35+00:00\",\"dateModified\":\"2019-03-10T20:47:29+00:00\",\"author\":{\"@id\":\"https:\\\/\\\/meripelastus.fi\\\/lappeenranta\\\/#\\\/schema\\\/person\\\/3346f793f3d822543e6a0a39e677a7a4\"},\"breadcrumb\":{\"@id\":\"https:\\\/\\\/meripelastus.fi\\\/lappeenranta\\\/lappeenrannassa-harjoiteltiin-hatamerkinantovalineiden-kayttoa\\\/#breadcrumb\"},\"inLanguage\":\"fi\",\"potentialAction\":[{\"@type\":\"ReadAction\",\"target\":[\"https:\\\/\\\/meripelastus.fi\\\/lappeenranta\\\/lappeenrannassa-harjoiteltiin-hatamerkinantovalineiden-kayttoa\\\/\"]}]},{\"@type\":\"ImageObject\",\"inLanguage\":\"fi\",\"@id\":\"https:\\\/\\\/meripelastus.fi\\\/lappeenranta\\\/lappeenrannassa-harjoiteltiin-hatamerkinantovalineiden-kayttoa\\\/#primaryimage\",\"url\":\"https:\\\/\\\/meripelastus.fi\\\/lappeenranta\\\/wp-content\\\/uploads\\\/sites\\\/6\\\/2019\\\/03\\\/IMG_0750-2.jpg\",\"contentUrl\":\"https:\\\/\\\/meripelastus.fi\\\/lappeenranta\\\/wp-content\\\/uploads\\\/sites\\\/6\\\/2019\\\/03\\\/IMG_0750-2.jpg\",\"width\":5760,\"height\":3840},{\"@type\":\"BreadcrumbList\",\"@id\":\"https:\\\/\\\/meripelastus.fi\\\/lappeenranta\\\/lappeenrannassa-harjoiteltiin-hatamerkinantovalineiden-kayttoa\\\/#breadcrumb\",\"itemListElement\":[{\"@type\":\"ListItem\",\"position\":1,\"name\":\"Etusivu\",\"item\":\"https:\\\/\\\/meripelastus.fi\\\/lappeenranta\\\/\"},{\"@type\":\"ListItem\",\"position\":2,\"name\":\"Lappeenrannassa harjoiteltiin h\u00e4t\u00e4merkinantov\u00e4lineiden k\u00e4ytt\u00f6\u00e4\"}]},{\"@type\":\"WebSite\",\"@id\":\"https:\\\/\\\/meripelastus.fi\\\/lappeenranta\\\/#website\",\"url\":\"https:\\\/\\\/meripelastus.fi\\\/lappeenranta\\\/\",\"name\":\"Suomen Meripelastusseura Etel\u00e4-Saimaa\",\"description\":\"Vapaaehtoiset apunasi vesill\u00e4\",\"potentialAction\":[{\"@type\":\"SearchAction\",\"target\":{\"@type\":\"EntryPoint\",\"urlTemplate\":\"https:\\\/\\\/meripelastus.fi\\\/lappeenranta\\\/?s={search_term_string}\"},\"query-input\":{\"@type\":\"PropertyValueSpecification\",\"valueRequired\":true,\"valueName\":\"search_term_string\"}}],\"inLanguage\":\"fi\"},{\"@type\":\"Person\",\"@id\":\"https:\\\/\\\/meripelastus.fi\\\/lappeenranta\\\/#\\\/schema\\\/person\\\/3346f793f3d822543e6a0a39e677a7a4\",\"name\":\"Toni\",\"image\":{\"@type\":\"ImageObject\",\"inLanguage\":\"fi\",\"@id\":\"https:\\\/\\\/secure.gravatar.com\\\/avatar\\\/6b8280f5a62e42b6e513db0b7d7156b421b62b27620f89f8555290944a6d2508?s=96&d=mm&r=g\",\"url\":\"https:\\\/\\\/secure.gravatar.com\\\/avatar\\\/6b8280f5a62e42b6e513db0b7d7156b421b62b27620f89f8555290944a6d2508?s=96&d=mm&r=g\",\"contentUrl\":\"https:\\\/\\\/secure.gravatar.com\\\/avatar\\\/6b8280f5a62e42b6e513db0b7d7156b421b62b27620f89f8555290944a6d2508?s=96&d=mm&r=g\",\"caption\":\"Toni\"},\"url\":\"https:\\\/\\\/meripelastus.fi\\\/lappeenranta\\\/author\\\/toni\\\/\"}]}<\/script>\n<!-- \/ Yoast SEO Premium plugin. -->","yoast_head_json":{"title":"Lappeenrannassa harjoiteltiin h\u00e4t\u00e4merkinantov\u00e4lineiden k\u00e4ytt\u00f6\u00e4 - Suomen Meripelastusseura Etel\u00e4-Saimaa","robots":{"index":"index","follow":"follow","max-snippet":"max-snippet:-1","max-image-preview":"max-image-preview:large","max-video-preview":"max-video-preview:-1"},"canonical":"https:\/\/meripelastus.fi\/lappeenranta\/lappeenrannassa-harjoiteltiin-hatamerkinantovalineiden-kayttoa\/","og_locale":"fi_FI","og_type":"article","og_title":"Lappeenrannassa harjoiteltiin h\u00e4t\u00e4merkinantov\u00e4lineiden k\u00e4ytt\u00f6\u00e4","og_description":"T\u00e4n\u00e4\u00e4n harjoiteltiin Lappeenrannan Linnoitusniemess\u00e4 h\u00e4t\u00e4merkinantov\u00e4lineiden k\u00e4ytt\u00f6\u00e4; punaisia laskuvarjoraketteja, punaisia h\u00e4t\u00e4soihtuja sek\u00e4 oransseja merkkisavuja. H\u00e4t\u00e4merkinantov\u00e4lineit\u00e4 saa k\u00e4ytt\u00e4\u00e4 ainoastaan oikeassa h\u00e4d\u00e4ss\u00e4 joten kyseinen harjoitus tarjosi loistavan mahdollisuuden p\u00e4\u00e4st\u00e4 kokeilemaan ohjatusti valvotuissa olosuhteissa v\u00e4lineiden k\u00e4ytt\u00f6\u00e4. Kuvia tapahtumasta l\u00f6yd\u00e4t t\u00e4\u00e4lt\u00e4:\u00a0https:\/\/meripelastuslpr.kuvat.fi\/kuvat\/Kuvia+kaudelta+2019\/10.3.2019+H\u00e4t\u00e4merkinantoharjoitus\/","og_url":"https:\/\/meripelastus.fi\/lappeenranta\/lappeenrannassa-harjoiteltiin-hatamerkinantovalineiden-kayttoa\/","og_site_name":"Suomen Meripelastusseura Etel\u00e4-Saimaa","article_published_time":"2019-03-10T20:46:35+00:00","article_modified_time":"2019-03-10T20:47:29+00:00","og_image":[{"width":5760,"height":3840,"url":"https:\/\/meripelastus.fi\/lappeenranta\/wp-content\/uploads\/sites\/6\/2019\/03\/IMG_0750-2.jpg","type":"image\/jpeg"}],"author":"Toni","twitter_card":"summary_large_image","twitter_misc":{"Kirjoittanut":"Toni"},"schema":{"@context":"https:\/\/schema.org","@graph":[{"@type":"Article","@id":"https:\/\/meripelastus.fi\/lappeenranta\/lappeenrannassa-harjoiteltiin-hatamerkinantovalineiden-kayttoa\/#article","isPartOf":{"@id":"https:\/\/meripelastus.fi\/lappeenranta\/lappeenrannassa-harjoiteltiin-hatamerkinantovalineiden-kayttoa\/"},"author":{"name":"Toni","@id":"https:\/\/meripelastus.fi\/lappeenranta\/#\/schema\/person\/3346f793f3d822543e6a0a39e677a7a4"},"headline":"Lappeenrannassa harjoiteltiin h\u00e4t\u00e4merkinantov\u00e4lineiden k\u00e4ytt\u00f6\u00e4","datePublished":"2019-03-10T20:46:35+00:00","dateModified":"2019-03-10T20:47:29+00:00","mainEntityOfPage":{"@id":"https:\/\/meripelastus.fi\/lappeenranta\/lappeenrannassa-harjoiteltiin-hatamerkinantovalineiden-kayttoa\/"},"wordCount":75,"image":{"@id":"https:\/\/meripelastus.fi\/lappeenranta\/lappeenrannassa-harjoiteltiin-hatamerkinantovalineiden-kayttoa\/#primaryimage"},"thumbnailUrl":"https:\/\/meripelastus.fi\/lappeenranta\/wp-content\/uploads\/sites\/6\/2019\/03\/IMG_0750-2.jpg","articleSection":["Uutiset"],"inLanguage":"fi"},{"@type":"WebPage","@id":"https:\/\/meripelastus.fi\/lappeenranta\/lappeenrannassa-harjoiteltiin-hatamerkinantovalineiden-kayttoa\/","url":"https:\/\/meripelastus.fi\/lappeenranta\/lappeenrannassa-harjoiteltiin-hatamerkinantovalineiden-kayttoa\/","name":"Lappeenrannassa harjoiteltiin h\u00e4t\u00e4merkinantov\u00e4lineiden k\u00e4ytt\u00f6\u00e4 - Suomen Meripelastusseura Etel\u00e4-Saimaa","isPartOf":{"@id":"https:\/\/meripelastus.fi\/lappeenranta\/#website"},"primaryImageOfPage":{"@id":"https:\/\/meripelastus.fi\/lappeenranta\/lappeenrannassa-harjoiteltiin-hatamerkinantovalineiden-kayttoa\/#primaryimage"},"image":{"@id":"https:\/\/meripelastus.fi\/lappeenranta\/lappeenrannassa-harjoiteltiin-hatamerkinantovalineiden-kayttoa\/#primaryimage"},"thumbnailUrl":"https:\/\/meripelastus.fi\/lappeenranta\/wp-content\/uploads\/sites\/6\/2019\/03\/IMG_0750-2.jpg","datePublished":"2019-03-10T20:46:35+00:00","dateModified":"2019-03-10T20:47:29+00:00","author":{"@id":"https:\/\/meripelastus.fi\/lappeenranta\/#\/schema\/person\/3346f793f3d822543e6a0a39e677a7a4"},"breadcrumb":{"@id":"https:\/\/meripelastus.fi\/lappeenranta\/lappeenrannassa-harjoiteltiin-hatamerkinantovalineiden-kayttoa\/#breadcrumb"},"inLanguage":"fi","potentialAction":[{"@type":"ReadAction","target":["https:\/\/meripelastus.fi\/lappeenranta\/lappeenrannassa-harjoiteltiin-hatamerkinantovalineiden-kayttoa\/"]}]},{"@type":"ImageObject","inLanguage":"fi","@id":"https:\/\/meripelastus.fi\/lappeenranta\/lappeenrannassa-harjoiteltiin-hatamerkinantovalineiden-kayttoa\/#primaryimage","url":"https:\/\/meripelastus.fi\/lappeenranta\/wp-content\/uploads\/sites\/6\/2019\/03\/IMG_0750-2.jpg","contentUrl":"https:\/\/meripelastus.fi\/lappeenranta\/wp-content\/uploads\/sites\/6\/2019\/03\/IMG_0750-2.jpg","width":5760,"height":3840},{"@type":"BreadcrumbList","@id":"https:\/\/meripelastus.fi\/lappeenranta\/lappeenrannassa-harjoiteltiin-hatamerkinantovalineiden-kayttoa\/#breadcrumb","itemListElement":[{"@type":"ListItem","position":1,"name":"Etusivu","item":"https:\/\/meripelastus.fi\/lappeenranta\/"},{"@type":"ListItem","position":2,"name":"Lappeenrannassa harjoiteltiin h\u00e4t\u00e4merkinantov\u00e4lineiden k\u00e4ytt\u00f6\u00e4"}]},{"@type":"WebSite","@id":"https:\/\/meripelastus.fi\/lappeenranta\/#website","url":"https:\/\/meripelastus.fi\/lappeenranta\/","name":"Suomen Meripelastusseura Etel\u00e4-Saimaa","description":"Vapaaehtoiset apunasi vesill\u00e4","potentialAction":[{"@type":"SearchAction","target":{"@type":"EntryPoint","urlTemplate":"https:\/\/meripelastus.fi\/lappeenranta\/?s={search_term_string}"},"query-input":{"@type":"PropertyValueSpecification","valueRequired":true,"valueName":"search_term_string"}}],"inLanguage":"fi"},{"@type":"Person","@id":"https:\/\/meripelastus.fi\/lappeenranta\/#\/schema\/person\/3346f793f3d822543e6a0a39e677a7a4","name":"Toni","image":{"@type":"ImageObject","inLanguage":"fi","@id":"https:\/\/secure.gravatar.com\/avatar\/6b8280f5a62e42b6e513db0b7d7156b421b62b27620f89f8555290944a6d2508?s=96&d=mm&r=g","url":"https:\/\/secure.gravatar.com\/avatar\/6b8280f5a62e42b6e513db0b7d7156b421b62b27620f89f8555290944a6d2508?s=96&d=mm&r=g","contentUrl":"https:\/\/secure.gravatar.com\/avatar\/6b8280f5a62e42b6e513db0b7d7156b421b62b27620f89f8555290944a6d2508?s=96&d=mm&r=g","caption":"Toni"},"url":"https:\/\/meripelastus.fi\/lappeenranta\/author\/toni\/"}]}},"_links":{"self":[{"href":"https:\/\/meripelastus.fi\/lappeenranta\/wp-json\/wp\/v2\/posts\/519","targetHints":{"allow":["GET"]}}],"collection":[{"href":"https:\/\/meripelastus.fi\/lappeenranta\/wp-json\/wp\/v2\/posts"}],"about":[{"href":"https:\/\/meripelastus.fi\/lappeenranta\/wp-json\/wp\/v2\/types\/post"}],"author":[{"embeddable":true,"href":"https:\/\/meripelastus.fi\/lappeenranta\/wp-json\/wp\/v2\/users\/10"}],"replies":[{"embeddable":true,"href":"https:\/\/meripelastus.fi\/lappeenranta\/wp-json\/wp\/v2\/comments?post=519"}],"version-history":[{"count":1,"href":"https:\/\/meripelastus.fi\/lappeenranta\/wp-json\/wp\/v2\/posts\/519\/revisions"}],"predecessor-version":[{"id":520,"href":"https:\/\/meripelastus.fi\/lappeenranta\/wp-json\/wp\/v2\/posts\/519\/revisions\/520"}],"wp:featuredmedia":[{"embeddable":true,"href":"https:\/\/meripelastus.fi\/lappeenranta\/wp-json\/wp\/v2\/media\/521"}],"wp:attachment":[{"href":"https:\/\/meripelastus.fi\/lappeenranta\/wp-json\/wp\/v2\/media?parent=519"}],"wp:term":[{"taxonomy":"category","embeddable":true,"href":"https:\/\/meripelastus.fi\/lappeenranta\/wp-json\/wp\/v2\/categories?post=519"},{"taxonomy":"post_tag","embeddable":true,"href":"https:\/\/meripelastus.fi\/lappeenranta\/wp-json\/wp\/v2\/tags?post=519"}],"curies":[{"name":"wp","href":"https:\/\/api.w.org\/{rel}","templated":true}]}}