{"id":501,"date":"2018-11-27T12:07:17","date_gmt":"2018-11-27T10:07:17","guid":{"rendered":"https:\/\/meripelastus.fi\/lappeenranta\/?p=501"},"modified":"2018-11-27T12:07:17","modified_gmt":"2018-11-27T10:07:17","slug":"paivystyskausi-2018-on-paattynyt-lappeenrannassa","status":"publish","type":"post","link":"https:\/\/meripelastus.fi\/lappeenranta\/paivystyskausi-2018-on-paattynyt-lappeenrannassa\/","title":{"rendered":"P\u00e4ivystyskausi 2018 on p\u00e4\u00e4ttynyt Lappeenrannassa"},"content":{"rendered":"<p>Avovesikausi 2018 on yhdistyksemme osalta p\u00e4\u00e4ttynyt. T\u00e4n\u00e4\u00e4n 27. marraskuuta yhdistyksen alukset on talvitelakoitu.<\/p>\n<p>Kuluneena kautena toiminta on jatkunut monella tapaa entiseen malliin, mutta monia erikoisia piirteit\u00e4kin kaudessa on ollut. Kauden alussa pitk\u00e4aikainen aktiivimme Matias Pekkanen valittiin SMPS:n toimesta vuoden alusvastaavaksi. Kyseess\u00e4 on valtakunnallinen kunnianosoitus Matiaksen vuosikausia jatkuneesta, erinomaisesta ty\u00f6st\u00e4 erityisesti PV Willimiehen alusvastaavana.<\/p>\n<p>Teht\u00e4vi\u00e4 vuoden kuluessa on tehty enn\u00e4tysm\u00e4\u00e4r\u00e4. Yhteens\u00e4 tilastoituja varsinaisia teht\u00e4vi\u00e4 on ollut 77 kappaletta, n\u00e4iden lis\u00e4ksi yksi teht\u00e4v\u00e4 on tehty yhdess\u00e4 Mikkelin j\u00e4rvipelastajien kanssa. Varsinaisten teht\u00e4vien lis\u00e4ksi kaupallisia-, valvonta- ja ennaltaehk\u00e4isevi\u00e4 teht\u00e4vi\u00e4 on toteutettu 28 kappaletta. Varsinaisista teht\u00e4vist\u00e4 vain 5 kappaletta on ollut sellaisia, minne yksik\u00f6n ei ole tarvinnut h\u00e4lytyksest\u00e4 huolimatta l\u00e4hte\u00e4 teht\u00e4v\u00e4n peruunnuttua heti h\u00e4lytyksen j\u00e4lkeen. Nelj\u00e4 teht\u00e4v\u00e4\u00e4 on peruuntunut aluksen ollessa jo matkalla kohteeseen. Keskim\u00e4\u00e4r\u00e4inen l\u00e4ht\u00f6viive kauden aikana on ollut 27 minuuttia.<\/p>\n<p>Normaalisti varsinaisten teht\u00e4vien m\u00e4\u00e4r\u00e4 on asettunut 40-50 kappaleen tuntumaan, joten t\u00e4m\u00e4 kausi on ollut poikkeuksellisen vilkas. Varsinaisista teht\u00e4vist\u00e4 31 on luokiteltu teknisiksi vioiksi, 25 onnettomuudeksi tai vaaratilanteeksi saaristossa tai j\u00e4rvialueella ja 22 vesiliikenneonnettomuuksiksi. Tekniset viat ovat p\u00e4\u00e4asiassa olleet \u201dperinteisi\u00e4\u201d tekniikan pett\u00e4misi\u00e4. Karilleajoja tai pohjakosketuksia on tapahtunut yll\u00e4tt\u00e4v\u00e4n paljon, 11 kappaletta, vaikka p\u00e4\u00e4osan vuodesta etel\u00e4isell\u00e4 Saimaalla vesi oli sangen korkealla. Venepaloja tapahtui kaksi kappaletta ja kolmas oli todenn\u00e4k\u00f6isesti eritt\u00e4in l\u00e4hell\u00e4. Venepalo muuttuu ihmisille pahimmillaan hetkess\u00e4 hengenvaaralliseksi, mink\u00e4 vuoksi veneilij\u00f6iden toivotaan kiinnitt\u00e4v\u00e4n paloturvallisuuteen erityist\u00e4 huomiota. Sek\u00e4 konetila ett\u00e4 keitti\u00f6 ovat todenn\u00e4k\u00f6iset palovaaranpaikat veneiss\u00e4.<\/p>\n<p>Maantieteellisesti kaikista teht\u00e4vist\u00e4 (kaupallinen, valvonta- ja ennaltaehk\u00e4isev\u00e4 toiminta mukaan lukien, yhteens\u00e4 106 teht\u00e4v\u00e4\u00e4) 73 sijoittui Lappeenrannan kunnan alueelle, 22 Taipalsaarelle, 3 Mikkeliin, 3 Puumalaan, ja yksi teht\u00e4v\u00e4 Imatralle, Ruokolahdelle, Savitaipaleelle, Kuopioon ja Joensuuhun.<\/p>\n<p>Kauden lopuksi saimme k\u00e4ytt\u00f6\u00f6mme uuden apuveneen. Uuden apuveneen nimeksi on tullut AV Kaukas pitk\u00e4aikaisen ja t\u00e4rke\u00e4n tukijamme mukaan. AV Kaukas korvaa AV L\u00e4hiveneen, jonka elinkaari alkaa olemaan jo loppupuolella. AV Kaukas osallistui yhdistyksemme harjoitusviikonloppuun 9-11. marraskuuta ja sill\u00e4 on tehty jo ensimm\u00e4inen avustusteht\u00e4v\u00e4kin. Varsinaisesti AV Kaukaan osalta valmiustoiminta alkaa kuitenkin kev\u00e4\u00e4ll\u00e4 2019.<\/p>\n<p>Syyskuussa IMRF:n vaihto-ohjelman puitteissa Lappeenrannassa k\u00e4vi tutustumassa meripelastajia Virosta, Ruotsista, Norjasta, Saksasta, Ranskasta, Hollannista ja Britanniasta. Vastaavasti meilt\u00e4 puheenjohtaja Elias Altarriba vietti viikon Norjassa paikallisen meripelastusorganisaation, eli RS:n vieraana.<\/p>\n<p>Ensi vuonna yhdistyksemme t\u00e4ytt\u00e4\u00e4 50 vuotta. N\u00e4iden kuluneiden vuosikymmenien aikana toiminta on muuttunut paljon, mutta toisaalta perusajatus on kuitenkin s\u00e4ilynyt samana: Ihmisten pelastaminen ja veneilij\u00f6iden avustaminen mit\u00e4 erilaisimmissa ongelma- ja h\u00e4t\u00e4tilanteissa. Nyky\u00e4\u00e4n k\u00e4yt\u00f6ss\u00e4 oleva kalusto ja aktiivien kattava koulutus mahdollistaa hyvinkin monenlaisten teht\u00e4vien suorittamisen, mutta itse toiminnan perusajatusta se ei muuta mihink\u00e4\u00e4n.<\/p>\n<p>Toimintamme on my\u00f6s edelleen vapaaehtoisty\u00f6t\u00e4, mik\u00e4 toisille tulee yll\u00e4tyksen\u00e4. Harjoituksista, keikoista tai partioajosta ei aktiiveille makseta palkkaa tai palkkiota, vaan he tekev\u00e4t sit\u00e4 todellakin vapaaehtoisesti. Voidaan tehd\u00e4 monenlaisia laskelmia, mit\u00e4 t\u00e4llaisen toiminnan yll\u00e4pit\u00e4minen vaatisi, jos se toteutettaisiin kaupallisen toimijan tuottamana. Paljon joka tapauksessa ainakin, jos tavoitteena olisi pit\u00e4\u00e4 l\u00e4pi avovesikauden nykyist\u00e4 valmiutta nykyisin resurssein. Toki kaupallinen toimija voisi keskitty\u00e4 vain kiireett\u00f6miin hinauksiin ja suorittaa ne esimerkiksi muutaman p\u00e4iv\u00e4n kuluessa \u201dtilauksesta\u201d, mutta t\u00e4m\u00e4 merkitsisi suoraan pelastuslaitoksen ty\u00f6kuorman kasvamista vesill\u00e4 (jonka resurssit vastaavasti kustantavat veronmaksajat, eli me kaikki).<\/p>\n<p>Kaikkeen taustalla tapahtuvaan, ulosp\u00e4in n\u00e4kym\u00e4tt\u00f6m\u00e4\u00e4n toimintaan ja valmiuden yll\u00e4pitoon n\u00e4hden Trossi-j\u00e4senen vuosimaksu on siis tuotettuun palveluun n\u00e4hden aivan h\u00e4vytt\u00f6m\u00e4n halpa.<\/p>\n<p>Joten, kauden p\u00e4\u00e4tteeksi kiitokset kaikille aktiiveillemme, jotka mahdollistatte t\u00e4llaisen toiminnan olemassaolon aivan konkreettisesti. Kiitokset my\u00f6s muulle j\u00e4senkunnallemme, niin henkil\u00f6-, yhteis\u00f6-, kuin Trossi-j\u00e4senillemmekin, jotka j\u00e4senmaksuillanne tuotte t\u00e4rke\u00e4n taloudellisen tuen toiminnallemme. Kiitokset t\u00e4rkeimm\u00e4lle viranomaisyhteisty\u00f6kumppanillemme, eli Etel\u00e4-Karjalan pelastuslaitokselle ja sen henkil\u00f6kunnalle (erityisesti pelastusp\u00e4\u00e4llikk\u00f6 Ulf Westerstr\u00e5hlelle ja kaikille P31:lle). Yhteisty\u00f6 t\u00e4n\u00e4kin vuonna on toiminut hedelm\u00e4llisesti. Kiitokset my\u00f6s muille viranomaisille, kuten poliisille ja Eksoten v\u00e4elle; sek\u00e4 Lappeenrannan VPK:lle (erityisesti Tero Forsmanille) ja VaPePan organisaatiolle (erityisesti Kari Peiposelle) kaikesta yhteistoiminnasta.<\/p>\n<p>Lappeenrannan kaupungin organisaation osalta kiitokset satamatoimiston henkil\u00f6kunnalle (erityisesti Hannu Lappalaiselle) tuestanne. Kaupunginsihteeri Juha Willbergille, kaupunginjohtaja Kimmo Jarvalle, kaupunginhallituksen puheenjohtaja Risto Kakkolalle, kaupunginhallituksen j\u00e4senille ja kaikille muille poliittisille toimijoille ja virkakunnalle, jotka olette antaneet t\u00e4rke\u00e4n tukenne toiminnallemme.<\/p>\n<p>Kiitokset UPM Kaukaalle pitk\u00e4aikaisesta tuesta toiminnallemme. Kiitokset my\u00f6s kaikille muille tukijoillemme (erityisesti Jari Kinnuselle). Kiitokset SMPS:n toimiston v\u00e4elle t\u00e4rke\u00e4st\u00e4 ty\u00f6st\u00e4nne, sek\u00e4 Lappeenrannan Moottoriveneseuralle ja Perinnelaivatelakkayhdistykselle hyv\u00e4st\u00e4 yhteisty\u00f6st\u00e4 t\u00e4n\u00e4kin vuonna.<\/p>\n<p>Aktiivien osalta toiminta k\u00e4ynnistyy uudelleen helmikuussa, kun viikkoharjoitukset asemalla taas alkavat. Siihen asti suurin osa aktiiveistamme saavat viett\u00e4\u00e4 ansaittua talvitaukoa.<\/p>\n","protected":false},"excerpt":{"rendered":"<p>Avovesikausi 2018 on yhdistyksemme osalta p\u00e4\u00e4ttynyt. T\u00e4n\u00e4\u00e4n 27. marraskuuta yhdistyksen alukset on talvitelakoitu. Kuluneena kautena toiminta on jatkunut monella tapaa entiseen malliin, mutta monia erikoisia piirteit\u00e4kin kaudessa on ollut. Kauden alussa pitk\u00e4aikainen aktiivimme Matias Pekkanen valittiin SMPS:n toimesta vuoden alusvastaavaksi. Kyseess\u00e4 on valtakunnallinen kunnianosoitus Matiaksen vuosikausia jatkuneesta, erinomaisesta ty\u00f6st\u00e4 erityisesti PV Willimiehen alusvastaavana. Teht\u00e4vi\u00e4 vuoden [&hellip;]<\/p>\n","protected":false},"author":10,"featured_media":502,"comment_status":"closed","ping_status":"open","sticky":false,"template":"","format":"standard","meta":{"_acf_changed":false,"inline_featured_image":false,"footnotes":""},"categories":[1],"tags":[12,14,6,5,15,8,13,11],"class_list":["post-501","post","type-post","status-publish","format-standard","has-post-thumbnail","hentry","category-uutiset","tag-jopi","tag-kausi","tag-lappeenranta","tag-meripelastus","tag-paattynyt","tag-sar","tag-vek108","tag-willimies"],"acf":[],"yoast_head":"<!-- This site is optimized with the Yoast SEO Premium plugin v27.4 (Yoast SEO v27.4) - https:\/\/yoast.com\/product\/yoast-seo-premium-wordpress\/ -->\n<title>P\u00e4ivystyskausi 2018 on p\u00e4\u00e4ttynyt Lappeenrannassa - Suomen Meripelastusseura Etel\u00e4-Saimaa<\/title>\n<meta name=\"robots\" content=\"index, follow, max-snippet:-1, max-image-preview:large, max-video-preview:-1\" \/>\n<link rel=\"canonical\" href=\"https:\/\/meripelastus.fi\/lappeenranta\/paivystyskausi-2018-on-paattynyt-lappeenrannassa\/\" \/>\n<meta property=\"og:locale\" content=\"fi_FI\" \/>\n<meta property=\"og:type\" content=\"article\" \/>\n<meta property=\"og:title\" content=\"P\u00e4ivystyskausi 2018 on p\u00e4\u00e4ttynyt Lappeenrannassa\" \/>\n<meta property=\"og:description\" content=\"Avovesikausi 2018 on yhdistyksemme osalta p\u00e4\u00e4ttynyt. T\u00e4n\u00e4\u00e4n 27. marraskuuta yhdistyksen alukset on talvitelakoitu. Kuluneena kautena toiminta on jatkunut monella tapaa entiseen malliin, mutta monia erikoisia piirteit\u00e4kin kaudessa on ollut. Kauden alussa pitk\u00e4aikainen aktiivimme Matias Pekkanen valittiin SMPS:n toimesta vuoden alusvastaavaksi. Kyseess\u00e4 on valtakunnallinen kunnianosoitus Matiaksen vuosikausia jatkuneesta, erinomaisesta ty\u00f6st\u00e4 erityisesti PV Willimiehen alusvastaavana. Teht\u00e4vi\u00e4 vuoden [&hellip;]\" \/>\n<meta property=\"og:url\" content=\"https:\/\/meripelastus.fi\/lappeenranta\/paivystyskausi-2018-on-paattynyt-lappeenrannassa\/\" \/>\n<meta property=\"og:site_name\" content=\"Suomen Meripelastusseura Etel\u00e4-Saimaa\" \/>\n<meta property=\"article:published_time\" content=\"2018-11-27T10:07:17+00:00\" \/>\n<meta property=\"og:image\" content=\"https:\/\/meripelastus.fi\/lappeenranta\/wp-content\/uploads\/sites\/6\/2018\/11\/46902072_2328051327268597_7684815645057220608_n.jpg\" \/>\n\t<meta property=\"og:image:width\" content=\"3600\" \/>\n\t<meta property=\"og:image:height\" content=\"2704\" \/>\n\t<meta property=\"og:image:type\" content=\"image\/jpeg\" \/>\n<meta name=\"author\" content=\"Toni\" \/>\n<meta name=\"twitter:card\" content=\"summary_large_image\" \/>\n<meta name=\"twitter:label1\" content=\"Kirjoittanut\" \/>\n\t<meta name=\"twitter:data1\" content=\"Toni\" \/>\n\t<meta name=\"twitter:label2\" content=\"Arvioitu lukuaika\" \/>\n\t<meta name=\"twitter:data2\" content=\"4 minuuttia\" \/>\n<script type=\"application\/ld+json\" class=\"yoast-schema-graph\">{\"@context\":\"https:\\\/\\\/schema.org\",\"@graph\":[{\"@type\":\"Article\",\"@id\":\"https:\\\/\\\/meripelastus.fi\\\/lappeenranta\\\/paivystyskausi-2018-on-paattynyt-lappeenrannassa\\\/#article\",\"isPartOf\":{\"@id\":\"https:\\\/\\\/meripelastus.fi\\\/lappeenranta\\\/paivystyskausi-2018-on-paattynyt-lappeenrannassa\\\/\"},\"author\":{\"name\":\"Toni\",\"@id\":\"https:\\\/\\\/meripelastus.fi\\\/lappeenranta\\\/#\\\/schema\\\/person\\\/3346f793f3d822543e6a0a39e677a7a4\"},\"headline\":\"P\u00e4ivystyskausi 2018 on p\u00e4\u00e4ttynyt Lappeenrannassa\",\"datePublished\":\"2018-11-27T10:07:17+00:00\",\"mainEntityOfPage\":{\"@id\":\"https:\\\/\\\/meripelastus.fi\\\/lappeenranta\\\/paivystyskausi-2018-on-paattynyt-lappeenrannassa\\\/\"},\"wordCount\":785,\"image\":{\"@id\":\"https:\\\/\\\/meripelastus.fi\\\/lappeenranta\\\/paivystyskausi-2018-on-paattynyt-lappeenrannassa\\\/#primaryimage\"},\"thumbnailUrl\":\"https:\\\/\\\/meripelastus.fi\\\/lappeenranta\\\/wp-content\\\/uploads\\\/sites\\\/6\\\/2018\\\/11\\\/46902072_2328051327268597_7684815645057220608_n.jpg\",\"keywords\":[\"jopi\",\"kausi\",\"lappeenranta\",\"meripelastus\",\"p\u00e4\u00e4ttynyt\",\"sar\",\"vek108\",\"willimies\"],\"articleSection\":[\"Uutiset\"],\"inLanguage\":\"fi\"},{\"@type\":\"WebPage\",\"@id\":\"https:\\\/\\\/meripelastus.fi\\\/lappeenranta\\\/paivystyskausi-2018-on-paattynyt-lappeenrannassa\\\/\",\"url\":\"https:\\\/\\\/meripelastus.fi\\\/lappeenranta\\\/paivystyskausi-2018-on-paattynyt-lappeenrannassa\\\/\",\"name\":\"P\u00e4ivystyskausi 2018 on p\u00e4\u00e4ttynyt Lappeenrannassa - Suomen Meripelastusseura Etel\u00e4-Saimaa\",\"isPartOf\":{\"@id\":\"https:\\\/\\\/meripelastus.fi\\\/lappeenranta\\\/#website\"},\"primaryImageOfPage\":{\"@id\":\"https:\\\/\\\/meripelastus.fi\\\/lappeenranta\\\/paivystyskausi-2018-on-paattynyt-lappeenrannassa\\\/#primaryimage\"},\"image\":{\"@id\":\"https:\\\/\\\/meripelastus.fi\\\/lappeenranta\\\/paivystyskausi-2018-on-paattynyt-lappeenrannassa\\\/#primaryimage\"},\"thumbnailUrl\":\"https:\\\/\\\/meripelastus.fi\\\/lappeenranta\\\/wp-content\\\/uploads\\\/sites\\\/6\\\/2018\\\/11\\\/46902072_2328051327268597_7684815645057220608_n.jpg\",\"datePublished\":\"2018-11-27T10:07:17+00:00\",\"author\":{\"@id\":\"https:\\\/\\\/meripelastus.fi\\\/lappeenranta\\\/#\\\/schema\\\/person\\\/3346f793f3d822543e6a0a39e677a7a4\"},\"breadcrumb\":{\"@id\":\"https:\\\/\\\/meripelastus.fi\\\/lappeenranta\\\/paivystyskausi-2018-on-paattynyt-lappeenrannassa\\\/#breadcrumb\"},\"inLanguage\":\"fi\",\"potentialAction\":[{\"@type\":\"ReadAction\",\"target\":[\"https:\\\/\\\/meripelastus.fi\\\/lappeenranta\\\/paivystyskausi-2018-on-paattynyt-lappeenrannassa\\\/\"]}]},{\"@type\":\"ImageObject\",\"inLanguage\":\"fi\",\"@id\":\"https:\\\/\\\/meripelastus.fi\\\/lappeenranta\\\/paivystyskausi-2018-on-paattynyt-lappeenrannassa\\\/#primaryimage\",\"url\":\"https:\\\/\\\/meripelastus.fi\\\/lappeenranta\\\/wp-content\\\/uploads\\\/sites\\\/6\\\/2018\\\/11\\\/46902072_2328051327268597_7684815645057220608_n.jpg\",\"contentUrl\":\"https:\\\/\\\/meripelastus.fi\\\/lappeenranta\\\/wp-content\\\/uploads\\\/sites\\\/6\\\/2018\\\/11\\\/46902072_2328051327268597_7684815645057220608_n.jpg\",\"width\":3600,\"height\":2704},{\"@type\":\"BreadcrumbList\",\"@id\":\"https:\\\/\\\/meripelastus.fi\\\/lappeenranta\\\/paivystyskausi-2018-on-paattynyt-lappeenrannassa\\\/#breadcrumb\",\"itemListElement\":[{\"@type\":\"ListItem\",\"position\":1,\"name\":\"Etusivu\",\"item\":\"https:\\\/\\\/meripelastus.fi\\\/lappeenranta\\\/\"},{\"@type\":\"ListItem\",\"position\":2,\"name\":\"P\u00e4ivystyskausi 2018 on p\u00e4\u00e4ttynyt Lappeenrannassa\"}]},{\"@type\":\"WebSite\",\"@id\":\"https:\\\/\\\/meripelastus.fi\\\/lappeenranta\\\/#website\",\"url\":\"https:\\\/\\\/meripelastus.fi\\\/lappeenranta\\\/\",\"name\":\"Suomen Meripelastusseura Etel\u00e4-Saimaa\",\"description\":\"Vapaaehtoiset apunasi vesill\u00e4\",\"potentialAction\":[{\"@type\":\"SearchAction\",\"target\":{\"@type\":\"EntryPoint\",\"urlTemplate\":\"https:\\\/\\\/meripelastus.fi\\\/lappeenranta\\\/?s={search_term_string}\"},\"query-input\":{\"@type\":\"PropertyValueSpecification\",\"valueRequired\":true,\"valueName\":\"search_term_string\"}}],\"inLanguage\":\"fi\"},{\"@type\":\"Person\",\"@id\":\"https:\\\/\\\/meripelastus.fi\\\/lappeenranta\\\/#\\\/schema\\\/person\\\/3346f793f3d822543e6a0a39e677a7a4\",\"name\":\"Toni\",\"image\":{\"@type\":\"ImageObject\",\"inLanguage\":\"fi\",\"@id\":\"https:\\\/\\\/secure.gravatar.com\\\/avatar\\\/6b8280f5a62e42b6e513db0b7d7156b421b62b27620f89f8555290944a6d2508?s=96&d=mm&r=g\",\"url\":\"https:\\\/\\\/secure.gravatar.com\\\/avatar\\\/6b8280f5a62e42b6e513db0b7d7156b421b62b27620f89f8555290944a6d2508?s=96&d=mm&r=g\",\"contentUrl\":\"https:\\\/\\\/secure.gravatar.com\\\/avatar\\\/6b8280f5a62e42b6e513db0b7d7156b421b62b27620f89f8555290944a6d2508?s=96&d=mm&r=g\",\"caption\":\"Toni\"},\"url\":\"https:\\\/\\\/meripelastus.fi\\\/lappeenranta\\\/author\\\/toni\\\/\"}]}<\/script>\n<!-- \/ Yoast SEO Premium plugin. -->","yoast_head_json":{"title":"P\u00e4ivystyskausi 2018 on p\u00e4\u00e4ttynyt Lappeenrannassa - Suomen Meripelastusseura Etel\u00e4-Saimaa","robots":{"index":"index","follow":"follow","max-snippet":"max-snippet:-1","max-image-preview":"max-image-preview:large","max-video-preview":"max-video-preview:-1"},"canonical":"https:\/\/meripelastus.fi\/lappeenranta\/paivystyskausi-2018-on-paattynyt-lappeenrannassa\/","og_locale":"fi_FI","og_type":"article","og_title":"P\u00e4ivystyskausi 2018 on p\u00e4\u00e4ttynyt Lappeenrannassa","og_description":"Avovesikausi 2018 on yhdistyksemme osalta p\u00e4\u00e4ttynyt. T\u00e4n\u00e4\u00e4n 27. marraskuuta yhdistyksen alukset on talvitelakoitu. Kuluneena kautena toiminta on jatkunut monella tapaa entiseen malliin, mutta monia erikoisia piirteit\u00e4kin kaudessa on ollut. Kauden alussa pitk\u00e4aikainen aktiivimme Matias Pekkanen valittiin SMPS:n toimesta vuoden alusvastaavaksi. Kyseess\u00e4 on valtakunnallinen kunnianosoitus Matiaksen vuosikausia jatkuneesta, erinomaisesta ty\u00f6st\u00e4 erityisesti PV Willimiehen alusvastaavana. Teht\u00e4vi\u00e4 vuoden [&hellip;]","og_url":"https:\/\/meripelastus.fi\/lappeenranta\/paivystyskausi-2018-on-paattynyt-lappeenrannassa\/","og_site_name":"Suomen Meripelastusseura Etel\u00e4-Saimaa","article_published_time":"2018-11-27T10:07:17+00:00","og_image":[{"width":3600,"height":2704,"url":"https:\/\/meripelastus.fi\/lappeenranta\/wp-content\/uploads\/sites\/6\/2018\/11\/46902072_2328051327268597_7684815645057220608_n.jpg","type":"image\/jpeg"}],"author":"Toni","twitter_card":"summary_large_image","twitter_misc":{"Kirjoittanut":"Toni","Arvioitu lukuaika":"4 minuuttia"},"schema":{"@context":"https:\/\/schema.org","@graph":[{"@type":"Article","@id":"https:\/\/meripelastus.fi\/lappeenranta\/paivystyskausi-2018-on-paattynyt-lappeenrannassa\/#article","isPartOf":{"@id":"https:\/\/meripelastus.fi\/lappeenranta\/paivystyskausi-2018-on-paattynyt-lappeenrannassa\/"},"author":{"name":"Toni","@id":"https:\/\/meripelastus.fi\/lappeenranta\/#\/schema\/person\/3346f793f3d822543e6a0a39e677a7a4"},"headline":"P\u00e4ivystyskausi 2018 on p\u00e4\u00e4ttynyt Lappeenrannassa","datePublished":"2018-11-27T10:07:17+00:00","mainEntityOfPage":{"@id":"https:\/\/meripelastus.fi\/lappeenranta\/paivystyskausi-2018-on-paattynyt-lappeenrannassa\/"},"wordCount":785,"image":{"@id":"https:\/\/meripelastus.fi\/lappeenranta\/paivystyskausi-2018-on-paattynyt-lappeenrannassa\/#primaryimage"},"thumbnailUrl":"https:\/\/meripelastus.fi\/lappeenranta\/wp-content\/uploads\/sites\/6\/2018\/11\/46902072_2328051327268597_7684815645057220608_n.jpg","keywords":["jopi","kausi","lappeenranta","meripelastus","p\u00e4\u00e4ttynyt","sar","vek108","willimies"],"articleSection":["Uutiset"],"inLanguage":"fi"},{"@type":"WebPage","@id":"https:\/\/meripelastus.fi\/lappeenranta\/paivystyskausi-2018-on-paattynyt-lappeenrannassa\/","url":"https:\/\/meripelastus.fi\/lappeenranta\/paivystyskausi-2018-on-paattynyt-lappeenrannassa\/","name":"P\u00e4ivystyskausi 2018 on p\u00e4\u00e4ttynyt Lappeenrannassa - Suomen Meripelastusseura Etel\u00e4-Saimaa","isPartOf":{"@id":"https:\/\/meripelastus.fi\/lappeenranta\/#website"},"primaryImageOfPage":{"@id":"https:\/\/meripelastus.fi\/lappeenranta\/paivystyskausi-2018-on-paattynyt-lappeenrannassa\/#primaryimage"},"image":{"@id":"https:\/\/meripelastus.fi\/lappeenranta\/paivystyskausi-2018-on-paattynyt-lappeenrannassa\/#primaryimage"},"thumbnailUrl":"https:\/\/meripelastus.fi\/lappeenranta\/wp-content\/uploads\/sites\/6\/2018\/11\/46902072_2328051327268597_7684815645057220608_n.jpg","datePublished":"2018-11-27T10:07:17+00:00","author":{"@id":"https:\/\/meripelastus.fi\/lappeenranta\/#\/schema\/person\/3346f793f3d822543e6a0a39e677a7a4"},"breadcrumb":{"@id":"https:\/\/meripelastus.fi\/lappeenranta\/paivystyskausi-2018-on-paattynyt-lappeenrannassa\/#breadcrumb"},"inLanguage":"fi","potentialAction":[{"@type":"ReadAction","target":["https:\/\/meripelastus.fi\/lappeenranta\/paivystyskausi-2018-on-paattynyt-lappeenrannassa\/"]}]},{"@type":"ImageObject","inLanguage":"fi","@id":"https:\/\/meripelastus.fi\/lappeenranta\/paivystyskausi-2018-on-paattynyt-lappeenrannassa\/#primaryimage","url":"https:\/\/meripelastus.fi\/lappeenranta\/wp-content\/uploads\/sites\/6\/2018\/11\/46902072_2328051327268597_7684815645057220608_n.jpg","contentUrl":"https:\/\/meripelastus.fi\/lappeenranta\/wp-content\/uploads\/sites\/6\/2018\/11\/46902072_2328051327268597_7684815645057220608_n.jpg","width":3600,"height":2704},{"@type":"BreadcrumbList","@id":"https:\/\/meripelastus.fi\/lappeenranta\/paivystyskausi-2018-on-paattynyt-lappeenrannassa\/#breadcrumb","itemListElement":[{"@type":"ListItem","position":1,"name":"Etusivu","item":"https:\/\/meripelastus.fi\/lappeenranta\/"},{"@type":"ListItem","position":2,"name":"P\u00e4ivystyskausi 2018 on p\u00e4\u00e4ttynyt Lappeenrannassa"}]},{"@type":"WebSite","@id":"https:\/\/meripelastus.fi\/lappeenranta\/#website","url":"https:\/\/meripelastus.fi\/lappeenranta\/","name":"Suomen Meripelastusseura Etel\u00e4-Saimaa","description":"Vapaaehtoiset apunasi vesill\u00e4","potentialAction":[{"@type":"SearchAction","target":{"@type":"EntryPoint","urlTemplate":"https:\/\/meripelastus.fi\/lappeenranta\/?s={search_term_string}"},"query-input":{"@type":"PropertyValueSpecification","valueRequired":true,"valueName":"search_term_string"}}],"inLanguage":"fi"},{"@type":"Person","@id":"https:\/\/meripelastus.fi\/lappeenranta\/#\/schema\/person\/3346f793f3d822543e6a0a39e677a7a4","name":"Toni","image":{"@type":"ImageObject","inLanguage":"fi","@id":"https:\/\/secure.gravatar.com\/avatar\/6b8280f5a62e42b6e513db0b7d7156b421b62b27620f89f8555290944a6d2508?s=96&d=mm&r=g","url":"https:\/\/secure.gravatar.com\/avatar\/6b8280f5a62e42b6e513db0b7d7156b421b62b27620f89f8555290944a6d2508?s=96&d=mm&r=g","contentUrl":"https:\/\/secure.gravatar.com\/avatar\/6b8280f5a62e42b6e513db0b7d7156b421b62b27620f89f8555290944a6d2508?s=96&d=mm&r=g","caption":"Toni"},"url":"https:\/\/meripelastus.fi\/lappeenranta\/author\/toni\/"}]}},"_links":{"self":[{"href":"https:\/\/meripelastus.fi\/lappeenranta\/wp-json\/wp\/v2\/posts\/501","targetHints":{"allow":["GET"]}}],"collection":[{"href":"https:\/\/meripelastus.fi\/lappeenranta\/wp-json\/wp\/v2\/posts"}],"about":[{"href":"https:\/\/meripelastus.fi\/lappeenranta\/wp-json\/wp\/v2\/types\/post"}],"author":[{"embeddable":true,"href":"https:\/\/meripelastus.fi\/lappeenranta\/wp-json\/wp\/v2\/users\/10"}],"replies":[{"embeddable":true,"href":"https:\/\/meripelastus.fi\/lappeenranta\/wp-json\/wp\/v2\/comments?post=501"}],"version-history":[{"count":1,"href":"https:\/\/meripelastus.fi\/lappeenranta\/wp-json\/wp\/v2\/posts\/501\/revisions"}],"predecessor-version":[{"id":503,"href":"https:\/\/meripelastus.fi\/lappeenranta\/wp-json\/wp\/v2\/posts\/501\/revisions\/503"}],"wp:featuredmedia":[{"embeddable":true,"href":"https:\/\/meripelastus.fi\/lappeenranta\/wp-json\/wp\/v2\/media\/502"}],"wp:attachment":[{"href":"https:\/\/meripelastus.fi\/lappeenranta\/wp-json\/wp\/v2\/media?parent=501"}],"wp:term":[{"taxonomy":"category","embeddable":true,"href":"https:\/\/meripelastus.fi\/lappeenranta\/wp-json\/wp\/v2\/categories?post=501"},{"taxonomy":"post_tag","embeddable":true,"href":"https:\/\/meripelastus.fi\/lappeenranta\/wp-json\/wp\/v2\/tags?post=501"}],"curies":[{"name":"wp","href":"https:\/\/api.w.org\/{rel}","templated":true}]}}