{"id":495,"date":"2018-11-12T13:27:37","date_gmt":"2018-11-12T11:27:37","guid":{"rendered":"https:\/\/meripelastus.fi\/lappeenranta\/?p=495"},"modified":"2018-11-12T14:37:58","modified_gmt":"2018-11-12T12:37:58","slug":"syksyn-koulutusviikonloppu","status":"publish","type":"post","link":"https:\/\/meripelastus.fi\/lappeenranta\/syksyn-koulutusviikonloppu\/","title":{"rendered":"Syksyn koulutusviikonloppu"},"content":{"rendered":"<p>Viime viikonloppuna j\u00e4rjestettiin yhdistyksen jo perinteeksi muodostunut koulutusviikonloppu. \u00a0Lauantain ja sunnuntain aikana harjoiteltiin etsint\u00e4\u00e4, ihmisen pelastamista vedest\u00e4, ensiapua, palonsammutusta, hinausta sek\u00e4 aluksen irroittamista karilta ja vuotojen tukkimista. Lauantaina harjoituksiin osallistui 14 yhdistyksen aktiivia. Viikonlopun harjoitteluun toi lis\u00e4maustetta viime viikolla saapunut uusi apuvene, AV Kaukas.<\/p>\n<p>Kuvia l\u00f6yd\u00e4t yhdistyksen galleriasta:\u00a0<a href=\"https:\/\/meripelastuslpr.kuvat.fi\/kuvat\/Kuvia+kaudelta+2018\/9-11.11.2018+Koulutusviikonloppu\/\">https:\/\/meripelastuslpr.kuvat.fi\/kuvat\/Kuvia+kaudelta+2018\/9-11.11.2018+Koulutusviikonloppu\/<\/a><\/p>\n","protected":false},"excerpt":{"rendered":"<p>Viime viikonloppuna j\u00e4rjestettiin yhdistyksen jo perinteeksi muodostunut koulutusviikonloppu. \u00a0Lauantain ja sunnuntain aikana harjoiteltiin etsint\u00e4\u00e4, ihmisen pelastamista vedest\u00e4, ensiapua, palonsammutusta, hinausta sek\u00e4 aluksen irroittamista karilta ja vuotojen tukkimista. Lauantaina harjoituksiin osallistui 14 yhdistyksen aktiivia. Viikonlopun harjoitteluun toi lis\u00e4maustetta viime viikolla saapunut uusi apuvene, AV Kaukas. Kuvia l\u00f6yd\u00e4t yhdistyksen galleriasta:\u00a0https:\/\/meripelastuslpr.kuvat.fi\/kuvat\/Kuvia+kaudelta+2018\/9-11.11.2018+Koulutusviikonloppu\/<\/p>\n","protected":false},"author":10,"featured_media":498,"comment_status":"closed","ping_status":"open","sticky":false,"template":"","format":"standard","meta":{"_acf_changed":false,"inline_featured_image":false,"footnotes":""},"categories":[1],"tags":[],"class_list":["post-495","post","type-post","status-publish","format-standard","has-post-thumbnail","hentry","category-uutiset"],"acf":[],"yoast_head":"<!-- This site is optimized with the Yoast SEO Premium plugin v27.4 (Yoast SEO v27.4) - https:\/\/yoast.com\/product\/yoast-seo-premium-wordpress\/ -->\n<title>Syksyn koulutusviikonloppu - Suomen Meripelastusseura Etel\u00e4-Saimaa<\/title>\n<meta name=\"robots\" content=\"index, follow, max-snippet:-1, max-image-preview:large, max-video-preview:-1\" \/>\n<link rel=\"canonical\" href=\"https:\/\/meripelastus.fi\/lappeenranta\/syksyn-koulutusviikonloppu\/\" \/>\n<meta property=\"og:locale\" content=\"fi_FI\" \/>\n<meta property=\"og:type\" content=\"article\" \/>\n<meta property=\"og:title\" content=\"Syksyn koulutusviikonloppu\" \/>\n<meta property=\"og:description\" content=\"Viime viikonloppuna j\u00e4rjestettiin yhdistyksen jo perinteeksi muodostunut koulutusviikonloppu. \u00a0Lauantain ja sunnuntain aikana harjoiteltiin etsint\u00e4\u00e4, ihmisen pelastamista vedest\u00e4, ensiapua, palonsammutusta, hinausta sek\u00e4 aluksen irroittamista karilta ja vuotojen tukkimista. Lauantaina harjoituksiin osallistui 14 yhdistyksen aktiivia. Viikonlopun harjoitteluun toi lis\u00e4maustetta viime viikolla saapunut uusi apuvene, AV Kaukas. Kuvia l\u00f6yd\u00e4t yhdistyksen galleriasta:\u00a0https:\/\/meripelastuslpr.kuvat.fi\/kuvat\/Kuvia+kaudelta+2018\/9-11.11.2018+Koulutusviikonloppu\/\" \/>\n<meta property=\"og:url\" content=\"https:\/\/meripelastus.fi\/lappeenranta\/syksyn-koulutusviikonloppu\/\" \/>\n<meta property=\"og:site_name\" content=\"Suomen Meripelastusseura Etel\u00e4-Saimaa\" \/>\n<meta property=\"article:published_time\" content=\"2018-11-12T11:27:37+00:00\" \/>\n<meta property=\"article:modified_time\" content=\"2018-11-12T12:37:58+00:00\" \/>\n<meta property=\"og:image\" content=\"https:\/\/meripelastus.fi\/lappeenranta\/wp-content\/uploads\/sites\/6\/2018\/11\/IMG_4531.jpg\" \/>\n\t<meta property=\"og:image:width\" content=\"2835\" \/>\n\t<meta property=\"og:image:height\" content=\"2126\" \/>\n\t<meta property=\"og:image:type\" content=\"image\/jpeg\" \/>\n<meta name=\"author\" content=\"Toni\" \/>\n<meta name=\"twitter:card\" content=\"summary_large_image\" \/>\n<meta name=\"twitter:label1\" content=\"Kirjoittanut\" \/>\n\t<meta name=\"twitter:data1\" content=\"Toni\" \/>\n<script type=\"application\/ld+json\" class=\"yoast-schema-graph\">{\"@context\":\"https:\\\/\\\/schema.org\",\"@graph\":[{\"@type\":\"Article\",\"@id\":\"https:\\\/\\\/meripelastus.fi\\\/lappeenranta\\\/syksyn-koulutusviikonloppu\\\/#article\",\"isPartOf\":{\"@id\":\"https:\\\/\\\/meripelastus.fi\\\/lappeenranta\\\/syksyn-koulutusviikonloppu\\\/\"},\"author\":{\"name\":\"Toni\",\"@id\":\"https:\\\/\\\/meripelastus.fi\\\/lappeenranta\\\/#\\\/schema\\\/person\\\/3346f793f3d822543e6a0a39e677a7a4\"},\"headline\":\"Syksyn koulutusviikonloppu\",\"datePublished\":\"2018-11-12T11:27:37+00:00\",\"dateModified\":\"2018-11-12T12:37:58+00:00\",\"mainEntityOfPage\":{\"@id\":\"https:\\\/\\\/meripelastus.fi\\\/lappeenranta\\\/syksyn-koulutusviikonloppu\\\/\"},\"wordCount\":62,\"image\":{\"@id\":\"https:\\\/\\\/meripelastus.fi\\\/lappeenranta\\\/syksyn-koulutusviikonloppu\\\/#primaryimage\"},\"thumbnailUrl\":\"https:\\\/\\\/meripelastus.fi\\\/lappeenranta\\\/wp-content\\\/uploads\\\/sites\\\/6\\\/2018\\\/11\\\/IMG_4531.jpg\",\"articleSection\":[\"Uutiset\"],\"inLanguage\":\"fi\"},{\"@type\":\"WebPage\",\"@id\":\"https:\\\/\\\/meripelastus.fi\\\/lappeenranta\\\/syksyn-koulutusviikonloppu\\\/\",\"url\":\"https:\\\/\\\/meripelastus.fi\\\/lappeenranta\\\/syksyn-koulutusviikonloppu\\\/\",\"name\":\"Syksyn koulutusviikonloppu - Suomen Meripelastusseura Etel\u00e4-Saimaa\",\"isPartOf\":{\"@id\":\"https:\\\/\\\/meripelastus.fi\\\/lappeenranta\\\/#website\"},\"primaryImageOfPage\":{\"@id\":\"https:\\\/\\\/meripelastus.fi\\\/lappeenranta\\\/syksyn-koulutusviikonloppu\\\/#primaryimage\"},\"image\":{\"@id\":\"https:\\\/\\\/meripelastus.fi\\\/lappeenranta\\\/syksyn-koulutusviikonloppu\\\/#primaryimage\"},\"thumbnailUrl\":\"https:\\\/\\\/meripelastus.fi\\\/lappeenranta\\\/wp-content\\\/uploads\\\/sites\\\/6\\\/2018\\\/11\\\/IMG_4531.jpg\",\"datePublished\":\"2018-11-12T11:27:37+00:00\",\"dateModified\":\"2018-11-12T12:37:58+00:00\",\"author\":{\"@id\":\"https:\\\/\\\/meripelastus.fi\\\/lappeenranta\\\/#\\\/schema\\\/person\\\/3346f793f3d822543e6a0a39e677a7a4\"},\"breadcrumb\":{\"@id\":\"https:\\\/\\\/meripelastus.fi\\\/lappeenranta\\\/syksyn-koulutusviikonloppu\\\/#breadcrumb\"},\"inLanguage\":\"fi\",\"potentialAction\":[{\"@type\":\"ReadAction\",\"target\":[\"https:\\\/\\\/meripelastus.fi\\\/lappeenranta\\\/syksyn-koulutusviikonloppu\\\/\"]}]},{\"@type\":\"ImageObject\",\"inLanguage\":\"fi\",\"@id\":\"https:\\\/\\\/meripelastus.fi\\\/lappeenranta\\\/syksyn-koulutusviikonloppu\\\/#primaryimage\",\"url\":\"https:\\\/\\\/meripelastus.fi\\\/lappeenranta\\\/wp-content\\\/uploads\\\/sites\\\/6\\\/2018\\\/11\\\/IMG_4531.jpg\",\"contentUrl\":\"https:\\\/\\\/meripelastus.fi\\\/lappeenranta\\\/wp-content\\\/uploads\\\/sites\\\/6\\\/2018\\\/11\\\/IMG_4531.jpg\",\"width\":2835,\"height\":2126},{\"@type\":\"BreadcrumbList\",\"@id\":\"https:\\\/\\\/meripelastus.fi\\\/lappeenranta\\\/syksyn-koulutusviikonloppu\\\/#breadcrumb\",\"itemListElement\":[{\"@type\":\"ListItem\",\"position\":1,\"name\":\"Etusivu\",\"item\":\"https:\\\/\\\/meripelastus.fi\\\/lappeenranta\\\/\"},{\"@type\":\"ListItem\",\"position\":2,\"name\":\"Syksyn koulutusviikonloppu\"}]},{\"@type\":\"WebSite\",\"@id\":\"https:\\\/\\\/meripelastus.fi\\\/lappeenranta\\\/#website\",\"url\":\"https:\\\/\\\/meripelastus.fi\\\/lappeenranta\\\/\",\"name\":\"Suomen Meripelastusseura Etel\u00e4-Saimaa\",\"description\":\"Vapaaehtoiset apunasi vesill\u00e4\",\"potentialAction\":[{\"@type\":\"SearchAction\",\"target\":{\"@type\":\"EntryPoint\",\"urlTemplate\":\"https:\\\/\\\/meripelastus.fi\\\/lappeenranta\\\/?s={search_term_string}\"},\"query-input\":{\"@type\":\"PropertyValueSpecification\",\"valueRequired\":true,\"valueName\":\"search_term_string\"}}],\"inLanguage\":\"fi\"},{\"@type\":\"Person\",\"@id\":\"https:\\\/\\\/meripelastus.fi\\\/lappeenranta\\\/#\\\/schema\\\/person\\\/3346f793f3d822543e6a0a39e677a7a4\",\"name\":\"Toni\",\"image\":{\"@type\":\"ImageObject\",\"inLanguage\":\"fi\",\"@id\":\"https:\\\/\\\/secure.gravatar.com\\\/avatar\\\/6b8280f5a62e42b6e513db0b7d7156b421b62b27620f89f8555290944a6d2508?s=96&d=mm&r=g\",\"url\":\"https:\\\/\\\/secure.gravatar.com\\\/avatar\\\/6b8280f5a62e42b6e513db0b7d7156b421b62b27620f89f8555290944a6d2508?s=96&d=mm&r=g\",\"contentUrl\":\"https:\\\/\\\/secure.gravatar.com\\\/avatar\\\/6b8280f5a62e42b6e513db0b7d7156b421b62b27620f89f8555290944a6d2508?s=96&d=mm&r=g\",\"caption\":\"Toni\"},\"url\":\"https:\\\/\\\/meripelastus.fi\\\/lappeenranta\\\/author\\\/toni\\\/\"}]}<\/script>\n<!-- \/ Yoast SEO Premium plugin. -->","yoast_head_json":{"title":"Syksyn koulutusviikonloppu - Suomen Meripelastusseura Etel\u00e4-Saimaa","robots":{"index":"index","follow":"follow","max-snippet":"max-snippet:-1","max-image-preview":"max-image-preview:large","max-video-preview":"max-video-preview:-1"},"canonical":"https:\/\/meripelastus.fi\/lappeenranta\/syksyn-koulutusviikonloppu\/","og_locale":"fi_FI","og_type":"article","og_title":"Syksyn koulutusviikonloppu","og_description":"Viime viikonloppuna j\u00e4rjestettiin yhdistyksen jo perinteeksi muodostunut koulutusviikonloppu. \u00a0Lauantain ja sunnuntain aikana harjoiteltiin etsint\u00e4\u00e4, ihmisen pelastamista vedest\u00e4, ensiapua, palonsammutusta, hinausta sek\u00e4 aluksen irroittamista karilta ja vuotojen tukkimista. Lauantaina harjoituksiin osallistui 14 yhdistyksen aktiivia. Viikonlopun harjoitteluun toi lis\u00e4maustetta viime viikolla saapunut uusi apuvene, AV Kaukas. Kuvia l\u00f6yd\u00e4t yhdistyksen galleriasta:\u00a0https:\/\/meripelastuslpr.kuvat.fi\/kuvat\/Kuvia+kaudelta+2018\/9-11.11.2018+Koulutusviikonloppu\/","og_url":"https:\/\/meripelastus.fi\/lappeenranta\/syksyn-koulutusviikonloppu\/","og_site_name":"Suomen Meripelastusseura Etel\u00e4-Saimaa","article_published_time":"2018-11-12T11:27:37+00:00","article_modified_time":"2018-11-12T12:37:58+00:00","og_image":[{"width":2835,"height":2126,"url":"https:\/\/meripelastus.fi\/lappeenranta\/wp-content\/uploads\/sites\/6\/2018\/11\/IMG_4531.jpg","type":"image\/jpeg"}],"author":"Toni","twitter_card":"summary_large_image","twitter_misc":{"Kirjoittanut":"Toni"},"schema":{"@context":"https:\/\/schema.org","@graph":[{"@type":"Article","@id":"https:\/\/meripelastus.fi\/lappeenranta\/syksyn-koulutusviikonloppu\/#article","isPartOf":{"@id":"https:\/\/meripelastus.fi\/lappeenranta\/syksyn-koulutusviikonloppu\/"},"author":{"name":"Toni","@id":"https:\/\/meripelastus.fi\/lappeenranta\/#\/schema\/person\/3346f793f3d822543e6a0a39e677a7a4"},"headline":"Syksyn koulutusviikonloppu","datePublished":"2018-11-12T11:27:37+00:00","dateModified":"2018-11-12T12:37:58+00:00","mainEntityOfPage":{"@id":"https:\/\/meripelastus.fi\/lappeenranta\/syksyn-koulutusviikonloppu\/"},"wordCount":62,"image":{"@id":"https:\/\/meripelastus.fi\/lappeenranta\/syksyn-koulutusviikonloppu\/#primaryimage"},"thumbnailUrl":"https:\/\/meripelastus.fi\/lappeenranta\/wp-content\/uploads\/sites\/6\/2018\/11\/IMG_4531.jpg","articleSection":["Uutiset"],"inLanguage":"fi"},{"@type":"WebPage","@id":"https:\/\/meripelastus.fi\/lappeenranta\/syksyn-koulutusviikonloppu\/","url":"https:\/\/meripelastus.fi\/lappeenranta\/syksyn-koulutusviikonloppu\/","name":"Syksyn koulutusviikonloppu - Suomen Meripelastusseura Etel\u00e4-Saimaa","isPartOf":{"@id":"https:\/\/meripelastus.fi\/lappeenranta\/#website"},"primaryImageOfPage":{"@id":"https:\/\/meripelastus.fi\/lappeenranta\/syksyn-koulutusviikonloppu\/#primaryimage"},"image":{"@id":"https:\/\/meripelastus.fi\/lappeenranta\/syksyn-koulutusviikonloppu\/#primaryimage"},"thumbnailUrl":"https:\/\/meripelastus.fi\/lappeenranta\/wp-content\/uploads\/sites\/6\/2018\/11\/IMG_4531.jpg","datePublished":"2018-11-12T11:27:37+00:00","dateModified":"2018-11-12T12:37:58+00:00","author":{"@id":"https:\/\/meripelastus.fi\/lappeenranta\/#\/schema\/person\/3346f793f3d822543e6a0a39e677a7a4"},"breadcrumb":{"@id":"https:\/\/meripelastus.fi\/lappeenranta\/syksyn-koulutusviikonloppu\/#breadcrumb"},"inLanguage":"fi","potentialAction":[{"@type":"ReadAction","target":["https:\/\/meripelastus.fi\/lappeenranta\/syksyn-koulutusviikonloppu\/"]}]},{"@type":"ImageObject","inLanguage":"fi","@id":"https:\/\/meripelastus.fi\/lappeenranta\/syksyn-koulutusviikonloppu\/#primaryimage","url":"https:\/\/meripelastus.fi\/lappeenranta\/wp-content\/uploads\/sites\/6\/2018\/11\/IMG_4531.jpg","contentUrl":"https:\/\/meripelastus.fi\/lappeenranta\/wp-content\/uploads\/sites\/6\/2018\/11\/IMG_4531.jpg","width":2835,"height":2126},{"@type":"BreadcrumbList","@id":"https:\/\/meripelastus.fi\/lappeenranta\/syksyn-koulutusviikonloppu\/#breadcrumb","itemListElement":[{"@type":"ListItem","position":1,"name":"Etusivu","item":"https:\/\/meripelastus.fi\/lappeenranta\/"},{"@type":"ListItem","position":2,"name":"Syksyn koulutusviikonloppu"}]},{"@type":"WebSite","@id":"https:\/\/meripelastus.fi\/lappeenranta\/#website","url":"https:\/\/meripelastus.fi\/lappeenranta\/","name":"Suomen Meripelastusseura Etel\u00e4-Saimaa","description":"Vapaaehtoiset apunasi vesill\u00e4","potentialAction":[{"@type":"SearchAction","target":{"@type":"EntryPoint","urlTemplate":"https:\/\/meripelastus.fi\/lappeenranta\/?s={search_term_string}"},"query-input":{"@type":"PropertyValueSpecification","valueRequired":true,"valueName":"search_term_string"}}],"inLanguage":"fi"},{"@type":"Person","@id":"https:\/\/meripelastus.fi\/lappeenranta\/#\/schema\/person\/3346f793f3d822543e6a0a39e677a7a4","name":"Toni","image":{"@type":"ImageObject","inLanguage":"fi","@id":"https:\/\/secure.gravatar.com\/avatar\/6b8280f5a62e42b6e513db0b7d7156b421b62b27620f89f8555290944a6d2508?s=96&d=mm&r=g","url":"https:\/\/secure.gravatar.com\/avatar\/6b8280f5a62e42b6e513db0b7d7156b421b62b27620f89f8555290944a6d2508?s=96&d=mm&r=g","contentUrl":"https:\/\/secure.gravatar.com\/avatar\/6b8280f5a62e42b6e513db0b7d7156b421b62b27620f89f8555290944a6d2508?s=96&d=mm&r=g","caption":"Toni"},"url":"https:\/\/meripelastus.fi\/lappeenranta\/author\/toni\/"}]}},"_links":{"self":[{"href":"https:\/\/meripelastus.fi\/lappeenranta\/wp-json\/wp\/v2\/posts\/495","targetHints":{"allow":["GET"]}}],"collection":[{"href":"https:\/\/meripelastus.fi\/lappeenranta\/wp-json\/wp\/v2\/posts"}],"about":[{"href":"https:\/\/meripelastus.fi\/lappeenranta\/wp-json\/wp\/v2\/types\/post"}],"author":[{"embeddable":true,"href":"https:\/\/meripelastus.fi\/lappeenranta\/wp-json\/wp\/v2\/users\/10"}],"replies":[{"embeddable":true,"href":"https:\/\/meripelastus.fi\/lappeenranta\/wp-json\/wp\/v2\/comments?post=495"}],"version-history":[{"count":2,"href":"https:\/\/meripelastus.fi\/lappeenranta\/wp-json\/wp\/v2\/posts\/495\/revisions"}],"predecessor-version":[{"id":499,"href":"https:\/\/meripelastus.fi\/lappeenranta\/wp-json\/wp\/v2\/posts\/495\/revisions\/499"}],"wp:featuredmedia":[{"embeddable":true,"href":"https:\/\/meripelastus.fi\/lappeenranta\/wp-json\/wp\/v2\/media\/498"}],"wp:attachment":[{"href":"https:\/\/meripelastus.fi\/lappeenranta\/wp-json\/wp\/v2\/media?parent=495"}],"wp:term":[{"taxonomy":"category","embeddable":true,"href":"https:\/\/meripelastus.fi\/lappeenranta\/wp-json\/wp\/v2\/categories?post=495"},{"taxonomy":"post_tag","embeddable":true,"href":"https:\/\/meripelastus.fi\/lappeenranta\/wp-json\/wp\/v2\/tags?post=495"}],"curies":[{"name":"wp","href":"https:\/\/api.w.org\/{rel}","templated":true}]}}