{"id":466,"date":"2018-11-09T10:30:02","date_gmt":"2018-11-09T08:30:02","guid":{"rendered":"https:\/\/meripelastus.fi\/lappeenranta\/?p=466"},"modified":"2018-11-09T10:30:02","modified_gmt":"2018-11-09T08:30:02","slug":"yhdistykselle-uusi-apuvene","status":"publish","type":"post","link":"https:\/\/meripelastus.fi\/lappeenranta\/yhdistykselle-uusi-apuvene\/","title":{"rendered":"Yhdistykselle uusi apuvene"},"content":{"rendered":"<p>Lappeenrantaan saapui keskiviikkona uusi apuvene. Vene on Petorin valmistama ja malliltaan Polytor Pro 16. Veneen miehitys on kaksi henkil\u00f6\u00e4. Vene saa nimekseen AV Kaukas, pitk\u00e4aikaisen tukijamme mukaan. Aluksen yksikk\u00f6tunnus on VEK1082, jota k\u00e4ytet\u00e4\u00e4n viranomaisten kanssa viestiliikenteess\u00e4. Yhdistyksen nykyinen apuvene AV L\u00e4hivene poistuu yhdistyksen k\u00e4yt\u00f6st\u00e4 t\u00e4m\u00e4n kauden j\u00e4lkeen. Miehist\u00f6n koulutus aloitetaan t\u00e4n\u00e4\u00e4n perjantaina 9.11 ensiksi Meripelastusseuran pit\u00e4m\u00e4ll\u00e4 perehdytyksell\u00e4 jonka j\u00e4lkeen yhdistyksen aktiivit l\u00e4htev\u00e4t viikonlopuksi joka vuotiseen koulutusviikonloppuun Saimaalle jossa miehist\u00f6 p\u00e4\u00e4see harjoittelemaan AV Kaukaan k\u00e4ytt\u00f6\u00e4 erilaisissa avustus- ja pelastustilanteissa.<\/p>\n","protected":false},"excerpt":{"rendered":"<p>Lappeenrantaan saapui keskiviikkona uusi apuvene. Vene on Petorin valmistama ja malliltaan Polytor Pro 16. Veneen miehitys on kaksi henkil\u00f6\u00e4. Vene saa nimekseen AV Kaukas, pitk\u00e4aikaisen tukijamme mukaan. Aluksen yksikk\u00f6tunnus on VEK1082, jota k\u00e4ytet\u00e4\u00e4n viranomaisten kanssa viestiliikenteess\u00e4. Yhdistyksen nykyinen apuvene AV L\u00e4hivene poistuu yhdistyksen k\u00e4yt\u00f6st\u00e4 t\u00e4m\u00e4n kauden j\u00e4lkeen. Miehist\u00f6n koulutus aloitetaan t\u00e4n\u00e4\u00e4n perjantaina 9.11 ensiksi Meripelastusseuran [&hellip;]<\/p>\n","protected":false},"author":10,"featured_media":467,"comment_status":"closed","ping_status":"open","sticky":false,"template":"","format":"standard","meta":{"_acf_changed":false,"inline_featured_image":false,"footnotes":""},"categories":[1],"tags":[],"class_list":["post-466","post","type-post","status-publish","format-standard","has-post-thumbnail","hentry","category-uutiset"],"acf":[],"yoast_head":"<!-- This site is optimized with the Yoast SEO Premium plugin v27.4 (Yoast SEO v27.4) - https:\/\/yoast.com\/product\/yoast-seo-premium-wordpress\/ -->\n<title>Yhdistykselle uusi apuvene - Suomen Meripelastusseura Etel\u00e4-Saimaa<\/title>\n<meta name=\"robots\" content=\"index, follow, max-snippet:-1, max-image-preview:large, max-video-preview:-1\" \/>\n<link rel=\"canonical\" href=\"https:\/\/meripelastus.fi\/lappeenranta\/yhdistykselle-uusi-apuvene\/\" \/>\n<meta property=\"og:locale\" content=\"fi_FI\" \/>\n<meta property=\"og:type\" content=\"article\" \/>\n<meta property=\"og:title\" content=\"Yhdistykselle uusi apuvene\" \/>\n<meta property=\"og:description\" content=\"Lappeenrantaan saapui keskiviikkona uusi apuvene. Vene on Petorin valmistama ja malliltaan Polytor Pro 16. Veneen miehitys on kaksi henkil\u00f6\u00e4. Vene saa nimekseen AV Kaukas, pitk\u00e4aikaisen tukijamme mukaan. Aluksen yksikk\u00f6tunnus on VEK1082, jota k\u00e4ytet\u00e4\u00e4n viranomaisten kanssa viestiliikenteess\u00e4. Yhdistyksen nykyinen apuvene AV L\u00e4hivene poistuu yhdistyksen k\u00e4yt\u00f6st\u00e4 t\u00e4m\u00e4n kauden j\u00e4lkeen. Miehist\u00f6n koulutus aloitetaan t\u00e4n\u00e4\u00e4n perjantaina 9.11 ensiksi Meripelastusseuran [&hellip;]\" \/>\n<meta property=\"og:url\" content=\"https:\/\/meripelastus.fi\/lappeenranta\/yhdistykselle-uusi-apuvene\/\" \/>\n<meta property=\"og:site_name\" content=\"Suomen Meripelastusseura Etel\u00e4-Saimaa\" \/>\n<meta property=\"article:published_time\" content=\"2018-11-09T08:30:02+00:00\" \/>\n<meta property=\"og:image\" content=\"https:\/\/meripelastus.fi\/lappeenranta\/wp-content\/uploads\/sites\/6\/2018\/11\/IMG_0001.jpg\" \/>\n\t<meta property=\"og:image:width\" content=\"1701\" \/>\n\t<meta property=\"og:image:height\" content=\"1276\" \/>\n\t<meta property=\"og:image:type\" content=\"image\/jpeg\" \/>\n<meta name=\"author\" content=\"Toni\" \/>\n<meta name=\"twitter:card\" content=\"summary_large_image\" \/>\n<meta name=\"twitter:label1\" content=\"Kirjoittanut\" \/>\n\t<meta name=\"twitter:data1\" content=\"Toni\" \/>\n<script type=\"application\/ld+json\" class=\"yoast-schema-graph\">{\"@context\":\"https:\\\/\\\/schema.org\",\"@graph\":[{\"@type\":\"Article\",\"@id\":\"https:\\\/\\\/meripelastus.fi\\\/lappeenranta\\\/yhdistykselle-uusi-apuvene\\\/#article\",\"isPartOf\":{\"@id\":\"https:\\\/\\\/meripelastus.fi\\\/lappeenranta\\\/yhdistykselle-uusi-apuvene\\\/\"},\"author\":{\"name\":\"Toni\",\"@id\":\"https:\\\/\\\/meripelastus.fi\\\/lappeenranta\\\/#\\\/schema\\\/person\\\/3346f793f3d822543e6a0a39e677a7a4\"},\"headline\":\"Yhdistykselle uusi apuvene\",\"datePublished\":\"2018-11-09T08:30:02+00:00\",\"mainEntityOfPage\":{\"@id\":\"https:\\\/\\\/meripelastus.fi\\\/lappeenranta\\\/yhdistykselle-uusi-apuvene\\\/\"},\"wordCount\":99,\"image\":{\"@id\":\"https:\\\/\\\/meripelastus.fi\\\/lappeenranta\\\/yhdistykselle-uusi-apuvene\\\/#primaryimage\"},\"thumbnailUrl\":\"https:\\\/\\\/meripelastus.fi\\\/lappeenranta\\\/wp-content\\\/uploads\\\/sites\\\/6\\\/2018\\\/11\\\/IMG_0001.jpg\",\"articleSection\":[\"Uutiset\"],\"inLanguage\":\"fi\"},{\"@type\":\"WebPage\",\"@id\":\"https:\\\/\\\/meripelastus.fi\\\/lappeenranta\\\/yhdistykselle-uusi-apuvene\\\/\",\"url\":\"https:\\\/\\\/meripelastus.fi\\\/lappeenranta\\\/yhdistykselle-uusi-apuvene\\\/\",\"name\":\"Yhdistykselle uusi apuvene - Suomen Meripelastusseura Etel\u00e4-Saimaa\",\"isPartOf\":{\"@id\":\"https:\\\/\\\/meripelastus.fi\\\/lappeenranta\\\/#website\"},\"primaryImageOfPage\":{\"@id\":\"https:\\\/\\\/meripelastus.fi\\\/lappeenranta\\\/yhdistykselle-uusi-apuvene\\\/#primaryimage\"},\"image\":{\"@id\":\"https:\\\/\\\/meripelastus.fi\\\/lappeenranta\\\/yhdistykselle-uusi-apuvene\\\/#primaryimage\"},\"thumbnailUrl\":\"https:\\\/\\\/meripelastus.fi\\\/lappeenranta\\\/wp-content\\\/uploads\\\/sites\\\/6\\\/2018\\\/11\\\/IMG_0001.jpg\",\"datePublished\":\"2018-11-09T08:30:02+00:00\",\"author\":{\"@id\":\"https:\\\/\\\/meripelastus.fi\\\/lappeenranta\\\/#\\\/schema\\\/person\\\/3346f793f3d822543e6a0a39e677a7a4\"},\"breadcrumb\":{\"@id\":\"https:\\\/\\\/meripelastus.fi\\\/lappeenranta\\\/yhdistykselle-uusi-apuvene\\\/#breadcrumb\"},\"inLanguage\":\"fi\",\"potentialAction\":[{\"@type\":\"ReadAction\",\"target\":[\"https:\\\/\\\/meripelastus.fi\\\/lappeenranta\\\/yhdistykselle-uusi-apuvene\\\/\"]}]},{\"@type\":\"ImageObject\",\"inLanguage\":\"fi\",\"@id\":\"https:\\\/\\\/meripelastus.fi\\\/lappeenranta\\\/yhdistykselle-uusi-apuvene\\\/#primaryimage\",\"url\":\"https:\\\/\\\/meripelastus.fi\\\/lappeenranta\\\/wp-content\\\/uploads\\\/sites\\\/6\\\/2018\\\/11\\\/IMG_0001.jpg\",\"contentUrl\":\"https:\\\/\\\/meripelastus.fi\\\/lappeenranta\\\/wp-content\\\/uploads\\\/sites\\\/6\\\/2018\\\/11\\\/IMG_0001.jpg\",\"width\":1701,\"height\":1276},{\"@type\":\"BreadcrumbList\",\"@id\":\"https:\\\/\\\/meripelastus.fi\\\/lappeenranta\\\/yhdistykselle-uusi-apuvene\\\/#breadcrumb\",\"itemListElement\":[{\"@type\":\"ListItem\",\"position\":1,\"name\":\"Etusivu\",\"item\":\"https:\\\/\\\/meripelastus.fi\\\/lappeenranta\\\/\"},{\"@type\":\"ListItem\",\"position\":2,\"name\":\"Yhdistykselle uusi apuvene\"}]},{\"@type\":\"WebSite\",\"@id\":\"https:\\\/\\\/meripelastus.fi\\\/lappeenranta\\\/#website\",\"url\":\"https:\\\/\\\/meripelastus.fi\\\/lappeenranta\\\/\",\"name\":\"Suomen Meripelastusseura Etel\u00e4-Saimaa\",\"description\":\"Vapaaehtoiset apunasi vesill\u00e4\",\"potentialAction\":[{\"@type\":\"SearchAction\",\"target\":{\"@type\":\"EntryPoint\",\"urlTemplate\":\"https:\\\/\\\/meripelastus.fi\\\/lappeenranta\\\/?s={search_term_string}\"},\"query-input\":{\"@type\":\"PropertyValueSpecification\",\"valueRequired\":true,\"valueName\":\"search_term_string\"}}],\"inLanguage\":\"fi\"},{\"@type\":\"Person\",\"@id\":\"https:\\\/\\\/meripelastus.fi\\\/lappeenranta\\\/#\\\/schema\\\/person\\\/3346f793f3d822543e6a0a39e677a7a4\",\"name\":\"Toni\",\"image\":{\"@type\":\"ImageObject\",\"inLanguage\":\"fi\",\"@id\":\"https:\\\/\\\/secure.gravatar.com\\\/avatar\\\/6b8280f5a62e42b6e513db0b7d7156b421b62b27620f89f8555290944a6d2508?s=96&d=mm&r=g\",\"url\":\"https:\\\/\\\/secure.gravatar.com\\\/avatar\\\/6b8280f5a62e42b6e513db0b7d7156b421b62b27620f89f8555290944a6d2508?s=96&d=mm&r=g\",\"contentUrl\":\"https:\\\/\\\/secure.gravatar.com\\\/avatar\\\/6b8280f5a62e42b6e513db0b7d7156b421b62b27620f89f8555290944a6d2508?s=96&d=mm&r=g\",\"caption\":\"Toni\"},\"url\":\"https:\\\/\\\/meripelastus.fi\\\/lappeenranta\\\/author\\\/toni\\\/\"}]}<\/script>\n<!-- \/ Yoast SEO Premium plugin. -->","yoast_head_json":{"title":"Yhdistykselle uusi apuvene - Suomen Meripelastusseura Etel\u00e4-Saimaa","robots":{"index":"index","follow":"follow","max-snippet":"max-snippet:-1","max-image-preview":"max-image-preview:large","max-video-preview":"max-video-preview:-1"},"canonical":"https:\/\/meripelastus.fi\/lappeenranta\/yhdistykselle-uusi-apuvene\/","og_locale":"fi_FI","og_type":"article","og_title":"Yhdistykselle uusi apuvene","og_description":"Lappeenrantaan saapui keskiviikkona uusi apuvene. Vene on Petorin valmistama ja malliltaan Polytor Pro 16. Veneen miehitys on kaksi henkil\u00f6\u00e4. Vene saa nimekseen AV Kaukas, pitk\u00e4aikaisen tukijamme mukaan. Aluksen yksikk\u00f6tunnus on VEK1082, jota k\u00e4ytet\u00e4\u00e4n viranomaisten kanssa viestiliikenteess\u00e4. Yhdistyksen nykyinen apuvene AV L\u00e4hivene poistuu yhdistyksen k\u00e4yt\u00f6st\u00e4 t\u00e4m\u00e4n kauden j\u00e4lkeen. Miehist\u00f6n koulutus aloitetaan t\u00e4n\u00e4\u00e4n perjantaina 9.11 ensiksi Meripelastusseuran [&hellip;]","og_url":"https:\/\/meripelastus.fi\/lappeenranta\/yhdistykselle-uusi-apuvene\/","og_site_name":"Suomen Meripelastusseura Etel\u00e4-Saimaa","article_published_time":"2018-11-09T08:30:02+00:00","og_image":[{"width":1701,"height":1276,"url":"https:\/\/meripelastus.fi\/lappeenranta\/wp-content\/uploads\/sites\/6\/2018\/11\/IMG_0001.jpg","type":"image\/jpeg"}],"author":"Toni","twitter_card":"summary_large_image","twitter_misc":{"Kirjoittanut":"Toni"},"schema":{"@context":"https:\/\/schema.org","@graph":[{"@type":"Article","@id":"https:\/\/meripelastus.fi\/lappeenranta\/yhdistykselle-uusi-apuvene\/#article","isPartOf":{"@id":"https:\/\/meripelastus.fi\/lappeenranta\/yhdistykselle-uusi-apuvene\/"},"author":{"name":"Toni","@id":"https:\/\/meripelastus.fi\/lappeenranta\/#\/schema\/person\/3346f793f3d822543e6a0a39e677a7a4"},"headline":"Yhdistykselle uusi apuvene","datePublished":"2018-11-09T08:30:02+00:00","mainEntityOfPage":{"@id":"https:\/\/meripelastus.fi\/lappeenranta\/yhdistykselle-uusi-apuvene\/"},"wordCount":99,"image":{"@id":"https:\/\/meripelastus.fi\/lappeenranta\/yhdistykselle-uusi-apuvene\/#primaryimage"},"thumbnailUrl":"https:\/\/meripelastus.fi\/lappeenranta\/wp-content\/uploads\/sites\/6\/2018\/11\/IMG_0001.jpg","articleSection":["Uutiset"],"inLanguage":"fi"},{"@type":"WebPage","@id":"https:\/\/meripelastus.fi\/lappeenranta\/yhdistykselle-uusi-apuvene\/","url":"https:\/\/meripelastus.fi\/lappeenranta\/yhdistykselle-uusi-apuvene\/","name":"Yhdistykselle uusi apuvene - Suomen Meripelastusseura Etel\u00e4-Saimaa","isPartOf":{"@id":"https:\/\/meripelastus.fi\/lappeenranta\/#website"},"primaryImageOfPage":{"@id":"https:\/\/meripelastus.fi\/lappeenranta\/yhdistykselle-uusi-apuvene\/#primaryimage"},"image":{"@id":"https:\/\/meripelastus.fi\/lappeenranta\/yhdistykselle-uusi-apuvene\/#primaryimage"},"thumbnailUrl":"https:\/\/meripelastus.fi\/lappeenranta\/wp-content\/uploads\/sites\/6\/2018\/11\/IMG_0001.jpg","datePublished":"2018-11-09T08:30:02+00:00","author":{"@id":"https:\/\/meripelastus.fi\/lappeenranta\/#\/schema\/person\/3346f793f3d822543e6a0a39e677a7a4"},"breadcrumb":{"@id":"https:\/\/meripelastus.fi\/lappeenranta\/yhdistykselle-uusi-apuvene\/#breadcrumb"},"inLanguage":"fi","potentialAction":[{"@type":"ReadAction","target":["https:\/\/meripelastus.fi\/lappeenranta\/yhdistykselle-uusi-apuvene\/"]}]},{"@type":"ImageObject","inLanguage":"fi","@id":"https:\/\/meripelastus.fi\/lappeenranta\/yhdistykselle-uusi-apuvene\/#primaryimage","url":"https:\/\/meripelastus.fi\/lappeenranta\/wp-content\/uploads\/sites\/6\/2018\/11\/IMG_0001.jpg","contentUrl":"https:\/\/meripelastus.fi\/lappeenranta\/wp-content\/uploads\/sites\/6\/2018\/11\/IMG_0001.jpg","width":1701,"height":1276},{"@type":"BreadcrumbList","@id":"https:\/\/meripelastus.fi\/lappeenranta\/yhdistykselle-uusi-apuvene\/#breadcrumb","itemListElement":[{"@type":"ListItem","position":1,"name":"Etusivu","item":"https:\/\/meripelastus.fi\/lappeenranta\/"},{"@type":"ListItem","position":2,"name":"Yhdistykselle uusi apuvene"}]},{"@type":"WebSite","@id":"https:\/\/meripelastus.fi\/lappeenranta\/#website","url":"https:\/\/meripelastus.fi\/lappeenranta\/","name":"Suomen Meripelastusseura Etel\u00e4-Saimaa","description":"Vapaaehtoiset apunasi vesill\u00e4","potentialAction":[{"@type":"SearchAction","target":{"@type":"EntryPoint","urlTemplate":"https:\/\/meripelastus.fi\/lappeenranta\/?s={search_term_string}"},"query-input":{"@type":"PropertyValueSpecification","valueRequired":true,"valueName":"search_term_string"}}],"inLanguage":"fi"},{"@type":"Person","@id":"https:\/\/meripelastus.fi\/lappeenranta\/#\/schema\/person\/3346f793f3d822543e6a0a39e677a7a4","name":"Toni","image":{"@type":"ImageObject","inLanguage":"fi","@id":"https:\/\/secure.gravatar.com\/avatar\/6b8280f5a62e42b6e513db0b7d7156b421b62b27620f89f8555290944a6d2508?s=96&d=mm&r=g","url":"https:\/\/secure.gravatar.com\/avatar\/6b8280f5a62e42b6e513db0b7d7156b421b62b27620f89f8555290944a6d2508?s=96&d=mm&r=g","contentUrl":"https:\/\/secure.gravatar.com\/avatar\/6b8280f5a62e42b6e513db0b7d7156b421b62b27620f89f8555290944a6d2508?s=96&d=mm&r=g","caption":"Toni"},"url":"https:\/\/meripelastus.fi\/lappeenranta\/author\/toni\/"}]}},"_links":{"self":[{"href":"https:\/\/meripelastus.fi\/lappeenranta\/wp-json\/wp\/v2\/posts\/466","targetHints":{"allow":["GET"]}}],"collection":[{"href":"https:\/\/meripelastus.fi\/lappeenranta\/wp-json\/wp\/v2\/posts"}],"about":[{"href":"https:\/\/meripelastus.fi\/lappeenranta\/wp-json\/wp\/v2\/types\/post"}],"author":[{"embeddable":true,"href":"https:\/\/meripelastus.fi\/lappeenranta\/wp-json\/wp\/v2\/users\/10"}],"replies":[{"embeddable":true,"href":"https:\/\/meripelastus.fi\/lappeenranta\/wp-json\/wp\/v2\/comments?post=466"}],"version-history":[{"count":1,"href":"https:\/\/meripelastus.fi\/lappeenranta\/wp-json\/wp\/v2\/posts\/466\/revisions"}],"predecessor-version":[{"id":468,"href":"https:\/\/meripelastus.fi\/lappeenranta\/wp-json\/wp\/v2\/posts\/466\/revisions\/468"}],"wp:featuredmedia":[{"embeddable":true,"href":"https:\/\/meripelastus.fi\/lappeenranta\/wp-json\/wp\/v2\/media\/467"}],"wp:attachment":[{"href":"https:\/\/meripelastus.fi\/lappeenranta\/wp-json\/wp\/v2\/media?parent=466"}],"wp:term":[{"taxonomy":"category","embeddable":true,"href":"https:\/\/meripelastus.fi\/lappeenranta\/wp-json\/wp\/v2\/categories?post=466"},{"taxonomy":"post_tag","embeddable":true,"href":"https:\/\/meripelastus.fi\/lappeenranta\/wp-json\/wp\/v2\/tags?post=466"}],"curies":[{"name":"wp","href":"https:\/\/api.w.org\/{rel}","templated":true}]}}