{"id":428,"date":"2018-08-26T21:47:05","date_gmt":"2018-08-26T18:47:05","guid":{"rendered":"https:\/\/meripelastus.fi\/lappeenranta\/?p=428"},"modified":"2018-08-26T21:47:29","modified_gmt":"2018-08-26T18:47:29","slug":"satamanvalot-veneiden-valoparaati-25-8-2018","status":"publish","type":"post","link":"https:\/\/meripelastus.fi\/lappeenranta\/satamanvalot-veneiden-valoparaati-25-8-2018\/","title":{"rendered":"Satamanvalot, veneiden valoparaati 25.8.2018"},"content":{"rendered":"<p>Lauantaina 25.8. Lappeenrannan satamassa j\u00e4rjestettiin Sataman valot tapahtuma johon kuului veneiden valoparaati sek\u00e4 ilotulitus. Yhdistys osallistui valoparaatin ja ilotulituksen j\u00e4rjestelyihin. Yhdistyksemme kaikki kolme alusta, Willimies, L\u00e4hivene ja harjoitusalus Jopi osallistui tapahtumaan.<\/p>\n<p><a href=\"https:\/\/meripelastuslpr.kuvat.fi\/kuvat\/Kuvia+kaudelta+2018\/25.8.2018+Sataman+valot,+valoparaati\/\">https:\/\/meripelastuslpr.kuvat.fi\/kuvat\/Kuvia+kaudelta+2018\/25.8.2018+Sataman+valot,+valoparaati\/<\/a><\/p>\n","protected":false},"excerpt":{"rendered":"<p>Lauantaina 25.8. Lappeenrannan satamassa j\u00e4rjestettiin Sataman valot tapahtuma johon kuului veneiden valoparaati sek\u00e4 ilotulitus. Yhdistys osallistui valoparaatin ja ilotulituksen j\u00e4rjestelyihin. Yhdistyksemme kaikki kolme alusta, Willimies, L\u00e4hivene ja harjoitusalus Jopi osallistui tapahtumaan. https:\/\/meripelastuslpr.kuvat.fi\/kuvat\/Kuvia+kaudelta+2018\/25.8.2018+Sataman+valot,+valoparaati\/<\/p>\n","protected":false},"author":10,"featured_media":430,"comment_status":"closed","ping_status":"open","sticky":false,"template":"","format":"standard","meta":{"_acf_changed":false,"inline_featured_image":false,"footnotes":""},"categories":[1],"tags":[],"class_list":["post-428","post","type-post","status-publish","format-standard","has-post-thumbnail","hentry","category-uutiset"],"acf":[],"yoast_head":"<!-- This site is optimized with the Yoast SEO Premium plugin v27.4 (Yoast SEO v27.4) - https:\/\/yoast.com\/product\/yoast-seo-premium-wordpress\/ -->\n<title>Satamanvalot, veneiden valoparaati 25.8.2018 - Suomen Meripelastusseura Etel\u00e4-Saimaa<\/title>\n<meta name=\"robots\" content=\"index, follow, max-snippet:-1, max-image-preview:large, max-video-preview:-1\" \/>\n<link rel=\"canonical\" href=\"https:\/\/meripelastus.fi\/lappeenranta\/satamanvalot-veneiden-valoparaati-25-8-2018\/\" \/>\n<meta property=\"og:locale\" content=\"fi_FI\" \/>\n<meta property=\"og:type\" content=\"article\" \/>\n<meta property=\"og:title\" content=\"Satamanvalot, veneiden valoparaati 25.8.2018\" \/>\n<meta property=\"og:description\" content=\"Lauantaina 25.8. Lappeenrannan satamassa j\u00e4rjestettiin Sataman valot tapahtuma johon kuului veneiden valoparaati sek\u00e4 ilotulitus. Yhdistys osallistui valoparaatin ja ilotulituksen j\u00e4rjestelyihin. Yhdistyksemme kaikki kolme alusta, Willimies, L\u00e4hivene ja harjoitusalus Jopi osallistui tapahtumaan. https:\/\/meripelastuslpr.kuvat.fi\/kuvat\/Kuvia+kaudelta+2018\/25.8.2018+Sataman+valot,+valoparaati\/\" \/>\n<meta property=\"og:url\" content=\"https:\/\/meripelastus.fi\/lappeenranta\/satamanvalot-veneiden-valoparaati-25-8-2018\/\" \/>\n<meta property=\"og:site_name\" content=\"Suomen Meripelastusseura Etel\u00e4-Saimaa\" \/>\n<meta property=\"article:published_time\" content=\"2018-08-26T18:47:05+00:00\" \/>\n<meta property=\"article:modified_time\" content=\"2018-08-26T18:47:29+00:00\" \/>\n<meta property=\"og:image\" content=\"https:\/\/meripelastus.fi\/lappeenranta\/wp-content\/uploads\/sites\/6\/2018\/08\/5D3_9910.jpg\" \/>\n\t<meta property=\"og:image:width\" content=\"1600\" \/>\n\t<meta property=\"og:image:height\" content=\"1067\" \/>\n\t<meta property=\"og:image:type\" content=\"image\/jpeg\" \/>\n<meta name=\"author\" content=\"Toni\" \/>\n<meta name=\"twitter:card\" content=\"summary_large_image\" \/>\n<meta name=\"twitter:label1\" content=\"Kirjoittanut\" \/>\n\t<meta name=\"twitter:data1\" content=\"Toni\" \/>\n<script type=\"application\/ld+json\" class=\"yoast-schema-graph\">{\"@context\":\"https:\\\/\\\/schema.org\",\"@graph\":[{\"@type\":\"Article\",\"@id\":\"https:\\\/\\\/meripelastus.fi\\\/lappeenranta\\\/satamanvalot-veneiden-valoparaati-25-8-2018\\\/#article\",\"isPartOf\":{\"@id\":\"https:\\\/\\\/meripelastus.fi\\\/lappeenranta\\\/satamanvalot-veneiden-valoparaati-25-8-2018\\\/\"},\"author\":{\"name\":\"Toni\",\"@id\":\"https:\\\/\\\/meripelastus.fi\\\/lappeenranta\\\/#\\\/schema\\\/person\\\/3346f793f3d822543e6a0a39e677a7a4\"},\"headline\":\"Satamanvalot, veneiden valoparaati 25.8.2018\",\"datePublished\":\"2018-08-26T18:47:05+00:00\",\"dateModified\":\"2018-08-26T18:47:29+00:00\",\"mainEntityOfPage\":{\"@id\":\"https:\\\/\\\/meripelastus.fi\\\/lappeenranta\\\/satamanvalot-veneiden-valoparaati-25-8-2018\\\/\"},\"wordCount\":46,\"image\":{\"@id\":\"https:\\\/\\\/meripelastus.fi\\\/lappeenranta\\\/satamanvalot-veneiden-valoparaati-25-8-2018\\\/#primaryimage\"},\"thumbnailUrl\":\"https:\\\/\\\/meripelastus.fi\\\/lappeenranta\\\/wp-content\\\/uploads\\\/sites\\\/6\\\/2018\\\/08\\\/5D3_9910.jpg\",\"articleSection\":[\"Uutiset\"],\"inLanguage\":\"fi\"},{\"@type\":\"WebPage\",\"@id\":\"https:\\\/\\\/meripelastus.fi\\\/lappeenranta\\\/satamanvalot-veneiden-valoparaati-25-8-2018\\\/\",\"url\":\"https:\\\/\\\/meripelastus.fi\\\/lappeenranta\\\/satamanvalot-veneiden-valoparaati-25-8-2018\\\/\",\"name\":\"Satamanvalot, veneiden valoparaati 25.8.2018 - Suomen Meripelastusseura Etel\u00e4-Saimaa\",\"isPartOf\":{\"@id\":\"https:\\\/\\\/meripelastus.fi\\\/lappeenranta\\\/#website\"},\"primaryImageOfPage\":{\"@id\":\"https:\\\/\\\/meripelastus.fi\\\/lappeenranta\\\/satamanvalot-veneiden-valoparaati-25-8-2018\\\/#primaryimage\"},\"image\":{\"@id\":\"https:\\\/\\\/meripelastus.fi\\\/lappeenranta\\\/satamanvalot-veneiden-valoparaati-25-8-2018\\\/#primaryimage\"},\"thumbnailUrl\":\"https:\\\/\\\/meripelastus.fi\\\/lappeenranta\\\/wp-content\\\/uploads\\\/sites\\\/6\\\/2018\\\/08\\\/5D3_9910.jpg\",\"datePublished\":\"2018-08-26T18:47:05+00:00\",\"dateModified\":\"2018-08-26T18:47:29+00:00\",\"author\":{\"@id\":\"https:\\\/\\\/meripelastus.fi\\\/lappeenranta\\\/#\\\/schema\\\/person\\\/3346f793f3d822543e6a0a39e677a7a4\"},\"breadcrumb\":{\"@id\":\"https:\\\/\\\/meripelastus.fi\\\/lappeenranta\\\/satamanvalot-veneiden-valoparaati-25-8-2018\\\/#breadcrumb\"},\"inLanguage\":\"fi\",\"potentialAction\":[{\"@type\":\"ReadAction\",\"target\":[\"https:\\\/\\\/meripelastus.fi\\\/lappeenranta\\\/satamanvalot-veneiden-valoparaati-25-8-2018\\\/\"]}]},{\"@type\":\"ImageObject\",\"inLanguage\":\"fi\",\"@id\":\"https:\\\/\\\/meripelastus.fi\\\/lappeenranta\\\/satamanvalot-veneiden-valoparaati-25-8-2018\\\/#primaryimage\",\"url\":\"https:\\\/\\\/meripelastus.fi\\\/lappeenranta\\\/wp-content\\\/uploads\\\/sites\\\/6\\\/2018\\\/08\\\/5D3_9910.jpg\",\"contentUrl\":\"https:\\\/\\\/meripelastus.fi\\\/lappeenranta\\\/wp-content\\\/uploads\\\/sites\\\/6\\\/2018\\\/08\\\/5D3_9910.jpg\",\"width\":1600,\"height\":1067},{\"@type\":\"BreadcrumbList\",\"@id\":\"https:\\\/\\\/meripelastus.fi\\\/lappeenranta\\\/satamanvalot-veneiden-valoparaati-25-8-2018\\\/#breadcrumb\",\"itemListElement\":[{\"@type\":\"ListItem\",\"position\":1,\"name\":\"Etusivu\",\"item\":\"https:\\\/\\\/meripelastus.fi\\\/lappeenranta\\\/\"},{\"@type\":\"ListItem\",\"position\":2,\"name\":\"Satamanvalot, veneiden valoparaati 25.8.2018\"}]},{\"@type\":\"WebSite\",\"@id\":\"https:\\\/\\\/meripelastus.fi\\\/lappeenranta\\\/#website\",\"url\":\"https:\\\/\\\/meripelastus.fi\\\/lappeenranta\\\/\",\"name\":\"Suomen Meripelastusseura Etel\u00e4-Saimaa\",\"description\":\"Vapaaehtoiset apunasi vesill\u00e4\",\"potentialAction\":[{\"@type\":\"SearchAction\",\"target\":{\"@type\":\"EntryPoint\",\"urlTemplate\":\"https:\\\/\\\/meripelastus.fi\\\/lappeenranta\\\/?s={search_term_string}\"},\"query-input\":{\"@type\":\"PropertyValueSpecification\",\"valueRequired\":true,\"valueName\":\"search_term_string\"}}],\"inLanguage\":\"fi\"},{\"@type\":\"Person\",\"@id\":\"https:\\\/\\\/meripelastus.fi\\\/lappeenranta\\\/#\\\/schema\\\/person\\\/3346f793f3d822543e6a0a39e677a7a4\",\"name\":\"Toni\",\"image\":{\"@type\":\"ImageObject\",\"inLanguage\":\"fi\",\"@id\":\"https:\\\/\\\/secure.gravatar.com\\\/avatar\\\/6b8280f5a62e42b6e513db0b7d7156b421b62b27620f89f8555290944a6d2508?s=96&d=mm&r=g\",\"url\":\"https:\\\/\\\/secure.gravatar.com\\\/avatar\\\/6b8280f5a62e42b6e513db0b7d7156b421b62b27620f89f8555290944a6d2508?s=96&d=mm&r=g\",\"contentUrl\":\"https:\\\/\\\/secure.gravatar.com\\\/avatar\\\/6b8280f5a62e42b6e513db0b7d7156b421b62b27620f89f8555290944a6d2508?s=96&d=mm&r=g\",\"caption\":\"Toni\"},\"url\":\"https:\\\/\\\/meripelastus.fi\\\/lappeenranta\\\/author\\\/toni\\\/\"}]}<\/script>\n<!-- \/ Yoast SEO Premium plugin. -->","yoast_head_json":{"title":"Satamanvalot, veneiden valoparaati 25.8.2018 - Suomen Meripelastusseura Etel\u00e4-Saimaa","robots":{"index":"index","follow":"follow","max-snippet":"max-snippet:-1","max-image-preview":"max-image-preview:large","max-video-preview":"max-video-preview:-1"},"canonical":"https:\/\/meripelastus.fi\/lappeenranta\/satamanvalot-veneiden-valoparaati-25-8-2018\/","og_locale":"fi_FI","og_type":"article","og_title":"Satamanvalot, veneiden valoparaati 25.8.2018","og_description":"Lauantaina 25.8. Lappeenrannan satamassa j\u00e4rjestettiin Sataman valot tapahtuma johon kuului veneiden valoparaati sek\u00e4 ilotulitus. Yhdistys osallistui valoparaatin ja ilotulituksen j\u00e4rjestelyihin. Yhdistyksemme kaikki kolme alusta, Willimies, L\u00e4hivene ja harjoitusalus Jopi osallistui tapahtumaan. https:\/\/meripelastuslpr.kuvat.fi\/kuvat\/Kuvia+kaudelta+2018\/25.8.2018+Sataman+valot,+valoparaati\/","og_url":"https:\/\/meripelastus.fi\/lappeenranta\/satamanvalot-veneiden-valoparaati-25-8-2018\/","og_site_name":"Suomen Meripelastusseura Etel\u00e4-Saimaa","article_published_time":"2018-08-26T18:47:05+00:00","article_modified_time":"2018-08-26T18:47:29+00:00","og_image":[{"width":1600,"height":1067,"url":"https:\/\/meripelastus.fi\/lappeenranta\/wp-content\/uploads\/sites\/6\/2018\/08\/5D3_9910.jpg","type":"image\/jpeg"}],"author":"Toni","twitter_card":"summary_large_image","twitter_misc":{"Kirjoittanut":"Toni"},"schema":{"@context":"https:\/\/schema.org","@graph":[{"@type":"Article","@id":"https:\/\/meripelastus.fi\/lappeenranta\/satamanvalot-veneiden-valoparaati-25-8-2018\/#article","isPartOf":{"@id":"https:\/\/meripelastus.fi\/lappeenranta\/satamanvalot-veneiden-valoparaati-25-8-2018\/"},"author":{"name":"Toni","@id":"https:\/\/meripelastus.fi\/lappeenranta\/#\/schema\/person\/3346f793f3d822543e6a0a39e677a7a4"},"headline":"Satamanvalot, veneiden valoparaati 25.8.2018","datePublished":"2018-08-26T18:47:05+00:00","dateModified":"2018-08-26T18:47:29+00:00","mainEntityOfPage":{"@id":"https:\/\/meripelastus.fi\/lappeenranta\/satamanvalot-veneiden-valoparaati-25-8-2018\/"},"wordCount":46,"image":{"@id":"https:\/\/meripelastus.fi\/lappeenranta\/satamanvalot-veneiden-valoparaati-25-8-2018\/#primaryimage"},"thumbnailUrl":"https:\/\/meripelastus.fi\/lappeenranta\/wp-content\/uploads\/sites\/6\/2018\/08\/5D3_9910.jpg","articleSection":["Uutiset"],"inLanguage":"fi"},{"@type":"WebPage","@id":"https:\/\/meripelastus.fi\/lappeenranta\/satamanvalot-veneiden-valoparaati-25-8-2018\/","url":"https:\/\/meripelastus.fi\/lappeenranta\/satamanvalot-veneiden-valoparaati-25-8-2018\/","name":"Satamanvalot, veneiden valoparaati 25.8.2018 - Suomen Meripelastusseura Etel\u00e4-Saimaa","isPartOf":{"@id":"https:\/\/meripelastus.fi\/lappeenranta\/#website"},"primaryImageOfPage":{"@id":"https:\/\/meripelastus.fi\/lappeenranta\/satamanvalot-veneiden-valoparaati-25-8-2018\/#primaryimage"},"image":{"@id":"https:\/\/meripelastus.fi\/lappeenranta\/satamanvalot-veneiden-valoparaati-25-8-2018\/#primaryimage"},"thumbnailUrl":"https:\/\/meripelastus.fi\/lappeenranta\/wp-content\/uploads\/sites\/6\/2018\/08\/5D3_9910.jpg","datePublished":"2018-08-26T18:47:05+00:00","dateModified":"2018-08-26T18:47:29+00:00","author":{"@id":"https:\/\/meripelastus.fi\/lappeenranta\/#\/schema\/person\/3346f793f3d822543e6a0a39e677a7a4"},"breadcrumb":{"@id":"https:\/\/meripelastus.fi\/lappeenranta\/satamanvalot-veneiden-valoparaati-25-8-2018\/#breadcrumb"},"inLanguage":"fi","potentialAction":[{"@type":"ReadAction","target":["https:\/\/meripelastus.fi\/lappeenranta\/satamanvalot-veneiden-valoparaati-25-8-2018\/"]}]},{"@type":"ImageObject","inLanguage":"fi","@id":"https:\/\/meripelastus.fi\/lappeenranta\/satamanvalot-veneiden-valoparaati-25-8-2018\/#primaryimage","url":"https:\/\/meripelastus.fi\/lappeenranta\/wp-content\/uploads\/sites\/6\/2018\/08\/5D3_9910.jpg","contentUrl":"https:\/\/meripelastus.fi\/lappeenranta\/wp-content\/uploads\/sites\/6\/2018\/08\/5D3_9910.jpg","width":1600,"height":1067},{"@type":"BreadcrumbList","@id":"https:\/\/meripelastus.fi\/lappeenranta\/satamanvalot-veneiden-valoparaati-25-8-2018\/#breadcrumb","itemListElement":[{"@type":"ListItem","position":1,"name":"Etusivu","item":"https:\/\/meripelastus.fi\/lappeenranta\/"},{"@type":"ListItem","position":2,"name":"Satamanvalot, veneiden valoparaati 25.8.2018"}]},{"@type":"WebSite","@id":"https:\/\/meripelastus.fi\/lappeenranta\/#website","url":"https:\/\/meripelastus.fi\/lappeenranta\/","name":"Suomen Meripelastusseura Etel\u00e4-Saimaa","description":"Vapaaehtoiset apunasi vesill\u00e4","potentialAction":[{"@type":"SearchAction","target":{"@type":"EntryPoint","urlTemplate":"https:\/\/meripelastus.fi\/lappeenranta\/?s={search_term_string}"},"query-input":{"@type":"PropertyValueSpecification","valueRequired":true,"valueName":"search_term_string"}}],"inLanguage":"fi"},{"@type":"Person","@id":"https:\/\/meripelastus.fi\/lappeenranta\/#\/schema\/person\/3346f793f3d822543e6a0a39e677a7a4","name":"Toni","image":{"@type":"ImageObject","inLanguage":"fi","@id":"https:\/\/secure.gravatar.com\/avatar\/6b8280f5a62e42b6e513db0b7d7156b421b62b27620f89f8555290944a6d2508?s=96&d=mm&r=g","url":"https:\/\/secure.gravatar.com\/avatar\/6b8280f5a62e42b6e513db0b7d7156b421b62b27620f89f8555290944a6d2508?s=96&d=mm&r=g","contentUrl":"https:\/\/secure.gravatar.com\/avatar\/6b8280f5a62e42b6e513db0b7d7156b421b62b27620f89f8555290944a6d2508?s=96&d=mm&r=g","caption":"Toni"},"url":"https:\/\/meripelastus.fi\/lappeenranta\/author\/toni\/"}]}},"_links":{"self":[{"href":"https:\/\/meripelastus.fi\/lappeenranta\/wp-json\/wp\/v2\/posts\/428","targetHints":{"allow":["GET"]}}],"collection":[{"href":"https:\/\/meripelastus.fi\/lappeenranta\/wp-json\/wp\/v2\/posts"}],"about":[{"href":"https:\/\/meripelastus.fi\/lappeenranta\/wp-json\/wp\/v2\/types\/post"}],"author":[{"embeddable":true,"href":"https:\/\/meripelastus.fi\/lappeenranta\/wp-json\/wp\/v2\/users\/10"}],"replies":[{"embeddable":true,"href":"https:\/\/meripelastus.fi\/lappeenranta\/wp-json\/wp\/v2\/comments?post=428"}],"version-history":[{"count":2,"href":"https:\/\/meripelastus.fi\/lappeenranta\/wp-json\/wp\/v2\/posts\/428\/revisions"}],"predecessor-version":[{"id":431,"href":"https:\/\/meripelastus.fi\/lappeenranta\/wp-json\/wp\/v2\/posts\/428\/revisions\/431"}],"wp:featuredmedia":[{"embeddable":true,"href":"https:\/\/meripelastus.fi\/lappeenranta\/wp-json\/wp\/v2\/media\/430"}],"wp:attachment":[{"href":"https:\/\/meripelastus.fi\/lappeenranta\/wp-json\/wp\/v2\/media?parent=428"}],"wp:term":[{"taxonomy":"category","embeddable":true,"href":"https:\/\/meripelastus.fi\/lappeenranta\/wp-json\/wp\/v2\/categories?post=428"},{"taxonomy":"post_tag","embeddable":true,"href":"https:\/\/meripelastus.fi\/lappeenranta\/wp-json\/wp\/v2\/tags?post=428"}],"curies":[{"name":"wp","href":"https:\/\/api.w.org\/{rel}","templated":true}]}}