{"id":1261,"date":"2026-04-28T22:56:35","date_gmt":"2026-04-28T19:56:35","guid":{"rendered":"https:\/\/meripelastus.fi\/lappeenranta\/?p=1261"},"modified":"2026-04-28T22:57:49","modified_gmt":"2026-04-28T19:57:49","slug":"paivystyskausi-alkanut-3","status":"publish","type":"post","link":"https:\/\/meripelastus.fi\/lappeenranta\/paivystyskausi-alkanut-3\/","title":{"rendered":"P\u00e4ivystyskausi alkanut"},"content":{"rendered":"\n<p>Yhdistyksen p\u00e4ivystyskausi alkoi eilen maanantaina. P\u00e4ivyst\u00e4mme ymp\u00e4ri vuorokauden 30 min l\u00e4ht\u00f6valmiudessa. Apua saat kiireellisiss\u00e4 tilanteissa h\u00e4t\u00e4numerosta 112 ja kiireett\u00f6miss\u00e4 tilanteissa Meripelastusseuran j\u00e4senpalvelunumerosta 0800 30 22 30. Muista hankkia Meripelastusseuran j\u00e4senpalvelun Plus tai Premium j\u00e4senyys jotta saat kiireett\u00f6m\u00e4n avun veloituksetta ja samalla tuet vapaaehtoista meripelastustoimintaa. Lue lis\u00e4\u00e4 <a href=\"https:\/\/meripelastus.fi\/lappeenranta\/liity-jaseneksi\/\">https:\/\/meripelastus.fi\/lappeenranta\/liity-jaseneksi\/<\/a><\/p>\n\n\n\n<figure class=\"wp-block-image size-large\"><img loading=\"lazy\" decoding=\"async\" width=\"1024\" height=\"683\" src=\"https:\/\/meripelastus.fi\/lappeenranta\/wp-content\/uploads\/sites\/6\/2026\/04\/IMG_8447_1-2-1024x683.jpg\" alt=\"\" class=\"wp-image-1258\" srcset=\"https:\/\/meripelastus.fi\/lappeenranta\/wp-content\/uploads\/sites\/6\/2026\/04\/IMG_8447_1-2-1024x683.jpg 1024w, https:\/\/meripelastus.fi\/lappeenranta\/wp-content\/uploads\/sites\/6\/2026\/04\/IMG_8447_1-2-300x200.jpg 300w, https:\/\/meripelastus.fi\/lappeenranta\/wp-content\/uploads\/sites\/6\/2026\/04\/IMG_8447_1-2-768x512.jpg 768w, https:\/\/meripelastus.fi\/lappeenranta\/wp-content\/uploads\/sites\/6\/2026\/04\/IMG_8447_1-2-1536x1024.jpg 1536w, https:\/\/meripelastus.fi\/lappeenranta\/wp-content\/uploads\/sites\/6\/2026\/04\/IMG_8447_1-2-2048x1366.jpg 2048w\" sizes=\"auto, (max-width: 1024px) 100vw, 1024px\" \/><\/figure>\n","protected":false},"excerpt":{"rendered":"<p>Yhdistyksen p\u00e4ivystyskausi alkoi eilen maanantaina. P\u00e4ivyst\u00e4mme ymp\u00e4ri vuorokauden 30 min l\u00e4ht\u00f6valmiudessa. Apua saat kiireellisiss\u00e4 tilanteissa h\u00e4t\u00e4numerosta 112 ja kiireett\u00f6miss\u00e4 tilanteissa Meripelastusseuran j\u00e4senpalvelunumerosta 0800 30 22 30. Muista hankkia Meripelastusseuran j\u00e4senpalvelun Plus tai Premium j\u00e4senyys jotta saat kiireett\u00f6m\u00e4n avun veloituksetta ja samalla tuet vapaaehtoista meripelastustoimintaa. Lue lis\u00e4\u00e4 https:\/\/meripelastus.fi\/lappeenranta\/liity-jaseneksi\/<\/p>\n","protected":false},"author":10,"featured_media":1258,"comment_status":"closed","ping_status":"open","sticky":false,"template":"","format":"standard","meta":{"_acf_changed":false,"inline_featured_image":false,"footnotes":""},"categories":[1],"tags":[],"class_list":["post-1261","post","type-post","status-publish","format-standard","has-post-thumbnail","hentry","category-uutiset"],"acf":[],"yoast_head":"<!-- This site is optimized with the Yoast SEO Premium plugin v27.4 (Yoast SEO v27.4) - https:\/\/yoast.com\/product\/yoast-seo-premium-wordpress\/ -->\n<title>P\u00e4ivystyskausi alkanut - Suomen Meripelastusseura Etel\u00e4-Saimaa<\/title>\n<meta name=\"robots\" content=\"index, follow, max-snippet:-1, max-image-preview:large, max-video-preview:-1\" \/>\n<link rel=\"canonical\" href=\"https:\/\/meripelastus.fi\/lappeenranta\/paivystyskausi-alkanut-3\/\" \/>\n<meta property=\"og:locale\" content=\"fi_FI\" \/>\n<meta property=\"og:type\" content=\"article\" \/>\n<meta property=\"og:title\" content=\"P\u00e4ivystyskausi alkanut\" \/>\n<meta property=\"og:description\" content=\"Yhdistyksen p\u00e4ivystyskausi alkoi eilen maanantaina. P\u00e4ivyst\u00e4mme ymp\u00e4ri vuorokauden 30 min l\u00e4ht\u00f6valmiudessa. Apua saat kiireellisiss\u00e4 tilanteissa h\u00e4t\u00e4numerosta 112 ja kiireett\u00f6miss\u00e4 tilanteissa Meripelastusseuran j\u00e4senpalvelunumerosta 0800 30 22 30. Muista hankkia Meripelastusseuran j\u00e4senpalvelun Plus tai Premium j\u00e4senyys jotta saat kiireett\u00f6m\u00e4n avun veloituksetta ja samalla tuet vapaaehtoista meripelastustoimintaa. Lue lis\u00e4\u00e4 https:\/\/meripelastus.fi\/lappeenranta\/liity-jaseneksi\/\" \/>\n<meta property=\"og:url\" content=\"https:\/\/meripelastus.fi\/lappeenranta\/paivystyskausi-alkanut-3\/\" \/>\n<meta property=\"og:site_name\" content=\"Suomen Meripelastusseura Etel\u00e4-Saimaa\" \/>\n<meta property=\"article:published_time\" content=\"2026-04-28T19:56:35+00:00\" \/>\n<meta property=\"article:modified_time\" content=\"2026-04-28T19:57:49+00:00\" \/>\n<meta property=\"og:image\" content=\"https:\/\/meripelastus.fi\/lappeenranta\/wp-content\/uploads\/sites\/6\/2026\/04\/IMG_8447_1-2.jpg\" \/>\n\t<meta property=\"og:image:width\" content=\"2500\" \/>\n\t<meta property=\"og:image:height\" content=\"1667\" \/>\n\t<meta property=\"og:image:type\" content=\"image\/jpeg\" \/>\n<meta name=\"author\" content=\"Toni\" \/>\n<meta name=\"twitter:card\" content=\"summary_large_image\" \/>\n<meta name=\"twitter:label1\" content=\"Kirjoittanut\" \/>\n\t<meta name=\"twitter:data1\" content=\"Toni\" \/>\n\t<meta name=\"twitter:label2\" content=\"Arvioitu lukuaika\" \/>\n\t<meta name=\"twitter:data2\" content=\"1 minuutti\" \/>\n<script type=\"application\/ld+json\" class=\"yoast-schema-graph\">{\"@context\":\"https:\\\/\\\/schema.org\",\"@graph\":[{\"@type\":\"Article\",\"@id\":\"https:\\\/\\\/meripelastus.fi\\\/lappeenranta\\\/paivystyskausi-alkanut-3\\\/#article\",\"isPartOf\":{\"@id\":\"https:\\\/\\\/meripelastus.fi\\\/lappeenranta\\\/paivystyskausi-alkanut-3\\\/\"},\"author\":{\"name\":\"Toni\",\"@id\":\"https:\\\/\\\/meripelastus.fi\\\/lappeenranta\\\/#\\\/schema\\\/person\\\/3346f793f3d822543e6a0a39e677a7a4\"},\"headline\":\"P\u00e4ivystyskausi alkanut\",\"datePublished\":\"2026-04-28T19:56:35+00:00\",\"dateModified\":\"2026-04-28T19:57:49+00:00\",\"mainEntityOfPage\":{\"@id\":\"https:\\\/\\\/meripelastus.fi\\\/lappeenranta\\\/paivystyskausi-alkanut-3\\\/\"},\"wordCount\":62,\"image\":{\"@id\":\"https:\\\/\\\/meripelastus.fi\\\/lappeenranta\\\/paivystyskausi-alkanut-3\\\/#primaryimage\"},\"thumbnailUrl\":\"https:\\\/\\\/meripelastus.fi\\\/lappeenranta\\\/wp-content\\\/uploads\\\/sites\\\/6\\\/2026\\\/04\\\/IMG_8447_1-2.jpg\",\"articleSection\":[\"Uutiset\"],\"inLanguage\":\"fi\"},{\"@type\":\"WebPage\",\"@id\":\"https:\\\/\\\/meripelastus.fi\\\/lappeenranta\\\/paivystyskausi-alkanut-3\\\/\",\"url\":\"https:\\\/\\\/meripelastus.fi\\\/lappeenranta\\\/paivystyskausi-alkanut-3\\\/\",\"name\":\"P\u00e4ivystyskausi alkanut - Suomen Meripelastusseura Etel\u00e4-Saimaa\",\"isPartOf\":{\"@id\":\"https:\\\/\\\/meripelastus.fi\\\/lappeenranta\\\/#website\"},\"primaryImageOfPage\":{\"@id\":\"https:\\\/\\\/meripelastus.fi\\\/lappeenranta\\\/paivystyskausi-alkanut-3\\\/#primaryimage\"},\"image\":{\"@id\":\"https:\\\/\\\/meripelastus.fi\\\/lappeenranta\\\/paivystyskausi-alkanut-3\\\/#primaryimage\"},\"thumbnailUrl\":\"https:\\\/\\\/meripelastus.fi\\\/lappeenranta\\\/wp-content\\\/uploads\\\/sites\\\/6\\\/2026\\\/04\\\/IMG_8447_1-2.jpg\",\"datePublished\":\"2026-04-28T19:56:35+00:00\",\"dateModified\":\"2026-04-28T19:57:49+00:00\",\"author\":{\"@id\":\"https:\\\/\\\/meripelastus.fi\\\/lappeenranta\\\/#\\\/schema\\\/person\\\/3346f793f3d822543e6a0a39e677a7a4\"},\"breadcrumb\":{\"@id\":\"https:\\\/\\\/meripelastus.fi\\\/lappeenranta\\\/paivystyskausi-alkanut-3\\\/#breadcrumb\"},\"inLanguage\":\"fi\",\"potentialAction\":[{\"@type\":\"ReadAction\",\"target\":[\"https:\\\/\\\/meripelastus.fi\\\/lappeenranta\\\/paivystyskausi-alkanut-3\\\/\"]}]},{\"@type\":\"ImageObject\",\"inLanguage\":\"fi\",\"@id\":\"https:\\\/\\\/meripelastus.fi\\\/lappeenranta\\\/paivystyskausi-alkanut-3\\\/#primaryimage\",\"url\":\"https:\\\/\\\/meripelastus.fi\\\/lappeenranta\\\/wp-content\\\/uploads\\\/sites\\\/6\\\/2026\\\/04\\\/IMG_8447_1-2.jpg\",\"contentUrl\":\"https:\\\/\\\/meripelastus.fi\\\/lappeenranta\\\/wp-content\\\/uploads\\\/sites\\\/6\\\/2026\\\/04\\\/IMG_8447_1-2.jpg\",\"width\":2500,\"height\":1667},{\"@type\":\"BreadcrumbList\",\"@id\":\"https:\\\/\\\/meripelastus.fi\\\/lappeenranta\\\/paivystyskausi-alkanut-3\\\/#breadcrumb\",\"itemListElement\":[{\"@type\":\"ListItem\",\"position\":1,\"name\":\"Etusivu\",\"item\":\"https:\\\/\\\/meripelastus.fi\\\/lappeenranta\\\/\"},{\"@type\":\"ListItem\",\"position\":2,\"name\":\"P\u00e4ivystyskausi alkanut\"}]},{\"@type\":\"WebSite\",\"@id\":\"https:\\\/\\\/meripelastus.fi\\\/lappeenranta\\\/#website\",\"url\":\"https:\\\/\\\/meripelastus.fi\\\/lappeenranta\\\/\",\"name\":\"Suomen Meripelastusseura Etel\u00e4-Saimaa\",\"description\":\"Vapaaehtoiset apunasi vesill\u00e4\",\"potentialAction\":[{\"@type\":\"SearchAction\",\"target\":{\"@type\":\"EntryPoint\",\"urlTemplate\":\"https:\\\/\\\/meripelastus.fi\\\/lappeenranta\\\/?s={search_term_string}\"},\"query-input\":{\"@type\":\"PropertyValueSpecification\",\"valueRequired\":true,\"valueName\":\"search_term_string\"}}],\"inLanguage\":\"fi\"},{\"@type\":\"Person\",\"@id\":\"https:\\\/\\\/meripelastus.fi\\\/lappeenranta\\\/#\\\/schema\\\/person\\\/3346f793f3d822543e6a0a39e677a7a4\",\"name\":\"Toni\",\"image\":{\"@type\":\"ImageObject\",\"inLanguage\":\"fi\",\"@id\":\"https:\\\/\\\/secure.gravatar.com\\\/avatar\\\/6b8280f5a62e42b6e513db0b7d7156b421b62b27620f89f8555290944a6d2508?s=96&d=mm&r=g\",\"url\":\"https:\\\/\\\/secure.gravatar.com\\\/avatar\\\/6b8280f5a62e42b6e513db0b7d7156b421b62b27620f89f8555290944a6d2508?s=96&d=mm&r=g\",\"contentUrl\":\"https:\\\/\\\/secure.gravatar.com\\\/avatar\\\/6b8280f5a62e42b6e513db0b7d7156b421b62b27620f89f8555290944a6d2508?s=96&d=mm&r=g\",\"caption\":\"Toni\"},\"url\":\"https:\\\/\\\/meripelastus.fi\\\/lappeenranta\\\/author\\\/toni\\\/\"}]}<\/script>\n<!-- \/ Yoast SEO Premium plugin. -->","yoast_head_json":{"title":"P\u00e4ivystyskausi alkanut - Suomen Meripelastusseura Etel\u00e4-Saimaa","robots":{"index":"index","follow":"follow","max-snippet":"max-snippet:-1","max-image-preview":"max-image-preview:large","max-video-preview":"max-video-preview:-1"},"canonical":"https:\/\/meripelastus.fi\/lappeenranta\/paivystyskausi-alkanut-3\/","og_locale":"fi_FI","og_type":"article","og_title":"P\u00e4ivystyskausi alkanut","og_description":"Yhdistyksen p\u00e4ivystyskausi alkoi eilen maanantaina. P\u00e4ivyst\u00e4mme ymp\u00e4ri vuorokauden 30 min l\u00e4ht\u00f6valmiudessa. Apua saat kiireellisiss\u00e4 tilanteissa h\u00e4t\u00e4numerosta 112 ja kiireett\u00f6miss\u00e4 tilanteissa Meripelastusseuran j\u00e4senpalvelunumerosta 0800 30 22 30. Muista hankkia Meripelastusseuran j\u00e4senpalvelun Plus tai Premium j\u00e4senyys jotta saat kiireett\u00f6m\u00e4n avun veloituksetta ja samalla tuet vapaaehtoista meripelastustoimintaa. Lue lis\u00e4\u00e4 https:\/\/meripelastus.fi\/lappeenranta\/liity-jaseneksi\/","og_url":"https:\/\/meripelastus.fi\/lappeenranta\/paivystyskausi-alkanut-3\/","og_site_name":"Suomen Meripelastusseura Etel\u00e4-Saimaa","article_published_time":"2026-04-28T19:56:35+00:00","article_modified_time":"2026-04-28T19:57:49+00:00","og_image":[{"width":2500,"height":1667,"url":"https:\/\/meripelastus.fi\/lappeenranta\/wp-content\/uploads\/sites\/6\/2026\/04\/IMG_8447_1-2.jpg","type":"image\/jpeg"}],"author":"Toni","twitter_card":"summary_large_image","twitter_misc":{"Kirjoittanut":"Toni","Arvioitu lukuaika":"1 minuutti"},"schema":{"@context":"https:\/\/schema.org","@graph":[{"@type":"Article","@id":"https:\/\/meripelastus.fi\/lappeenranta\/paivystyskausi-alkanut-3\/#article","isPartOf":{"@id":"https:\/\/meripelastus.fi\/lappeenranta\/paivystyskausi-alkanut-3\/"},"author":{"name":"Toni","@id":"https:\/\/meripelastus.fi\/lappeenranta\/#\/schema\/person\/3346f793f3d822543e6a0a39e677a7a4"},"headline":"P\u00e4ivystyskausi alkanut","datePublished":"2026-04-28T19:56:35+00:00","dateModified":"2026-04-28T19:57:49+00:00","mainEntityOfPage":{"@id":"https:\/\/meripelastus.fi\/lappeenranta\/paivystyskausi-alkanut-3\/"},"wordCount":62,"image":{"@id":"https:\/\/meripelastus.fi\/lappeenranta\/paivystyskausi-alkanut-3\/#primaryimage"},"thumbnailUrl":"https:\/\/meripelastus.fi\/lappeenranta\/wp-content\/uploads\/sites\/6\/2026\/04\/IMG_8447_1-2.jpg","articleSection":["Uutiset"],"inLanguage":"fi"},{"@type":"WebPage","@id":"https:\/\/meripelastus.fi\/lappeenranta\/paivystyskausi-alkanut-3\/","url":"https:\/\/meripelastus.fi\/lappeenranta\/paivystyskausi-alkanut-3\/","name":"P\u00e4ivystyskausi alkanut - Suomen Meripelastusseura Etel\u00e4-Saimaa","isPartOf":{"@id":"https:\/\/meripelastus.fi\/lappeenranta\/#website"},"primaryImageOfPage":{"@id":"https:\/\/meripelastus.fi\/lappeenranta\/paivystyskausi-alkanut-3\/#primaryimage"},"image":{"@id":"https:\/\/meripelastus.fi\/lappeenranta\/paivystyskausi-alkanut-3\/#primaryimage"},"thumbnailUrl":"https:\/\/meripelastus.fi\/lappeenranta\/wp-content\/uploads\/sites\/6\/2026\/04\/IMG_8447_1-2.jpg","datePublished":"2026-04-28T19:56:35+00:00","dateModified":"2026-04-28T19:57:49+00:00","author":{"@id":"https:\/\/meripelastus.fi\/lappeenranta\/#\/schema\/person\/3346f793f3d822543e6a0a39e677a7a4"},"breadcrumb":{"@id":"https:\/\/meripelastus.fi\/lappeenranta\/paivystyskausi-alkanut-3\/#breadcrumb"},"inLanguage":"fi","potentialAction":[{"@type":"ReadAction","target":["https:\/\/meripelastus.fi\/lappeenranta\/paivystyskausi-alkanut-3\/"]}]},{"@type":"ImageObject","inLanguage":"fi","@id":"https:\/\/meripelastus.fi\/lappeenranta\/paivystyskausi-alkanut-3\/#primaryimage","url":"https:\/\/meripelastus.fi\/lappeenranta\/wp-content\/uploads\/sites\/6\/2026\/04\/IMG_8447_1-2.jpg","contentUrl":"https:\/\/meripelastus.fi\/lappeenranta\/wp-content\/uploads\/sites\/6\/2026\/04\/IMG_8447_1-2.jpg","width":2500,"height":1667},{"@type":"BreadcrumbList","@id":"https:\/\/meripelastus.fi\/lappeenranta\/paivystyskausi-alkanut-3\/#breadcrumb","itemListElement":[{"@type":"ListItem","position":1,"name":"Etusivu","item":"https:\/\/meripelastus.fi\/lappeenranta\/"},{"@type":"ListItem","position":2,"name":"P\u00e4ivystyskausi alkanut"}]},{"@type":"WebSite","@id":"https:\/\/meripelastus.fi\/lappeenranta\/#website","url":"https:\/\/meripelastus.fi\/lappeenranta\/","name":"Suomen Meripelastusseura Etel\u00e4-Saimaa","description":"Vapaaehtoiset apunasi vesill\u00e4","potentialAction":[{"@type":"SearchAction","target":{"@type":"EntryPoint","urlTemplate":"https:\/\/meripelastus.fi\/lappeenranta\/?s={search_term_string}"},"query-input":{"@type":"PropertyValueSpecification","valueRequired":true,"valueName":"search_term_string"}}],"inLanguage":"fi"},{"@type":"Person","@id":"https:\/\/meripelastus.fi\/lappeenranta\/#\/schema\/person\/3346f793f3d822543e6a0a39e677a7a4","name":"Toni","image":{"@type":"ImageObject","inLanguage":"fi","@id":"https:\/\/secure.gravatar.com\/avatar\/6b8280f5a62e42b6e513db0b7d7156b421b62b27620f89f8555290944a6d2508?s=96&d=mm&r=g","url":"https:\/\/secure.gravatar.com\/avatar\/6b8280f5a62e42b6e513db0b7d7156b421b62b27620f89f8555290944a6d2508?s=96&d=mm&r=g","contentUrl":"https:\/\/secure.gravatar.com\/avatar\/6b8280f5a62e42b6e513db0b7d7156b421b62b27620f89f8555290944a6d2508?s=96&d=mm&r=g","caption":"Toni"},"url":"https:\/\/meripelastus.fi\/lappeenranta\/author\/toni\/"}]}},"_links":{"self":[{"href":"https:\/\/meripelastus.fi\/lappeenranta\/wp-json\/wp\/v2\/posts\/1261","targetHints":{"allow":["GET"]}}],"collection":[{"href":"https:\/\/meripelastus.fi\/lappeenranta\/wp-json\/wp\/v2\/posts"}],"about":[{"href":"https:\/\/meripelastus.fi\/lappeenranta\/wp-json\/wp\/v2\/types\/post"}],"author":[{"embeddable":true,"href":"https:\/\/meripelastus.fi\/lappeenranta\/wp-json\/wp\/v2\/users\/10"}],"replies":[{"embeddable":true,"href":"https:\/\/meripelastus.fi\/lappeenranta\/wp-json\/wp\/v2\/comments?post=1261"}],"version-history":[{"count":3,"href":"https:\/\/meripelastus.fi\/lappeenranta\/wp-json\/wp\/v2\/posts\/1261\/revisions"}],"predecessor-version":[{"id":1265,"href":"https:\/\/meripelastus.fi\/lappeenranta\/wp-json\/wp\/v2\/posts\/1261\/revisions\/1265"}],"wp:featuredmedia":[{"embeddable":true,"href":"https:\/\/meripelastus.fi\/lappeenranta\/wp-json\/wp\/v2\/media\/1258"}],"wp:attachment":[{"href":"https:\/\/meripelastus.fi\/lappeenranta\/wp-json\/wp\/v2\/media?parent=1261"}],"wp:term":[{"taxonomy":"category","embeddable":true,"href":"https:\/\/meripelastus.fi\/lappeenranta\/wp-json\/wp\/v2\/categories?post=1261"},{"taxonomy":"post_tag","embeddable":true,"href":"https:\/\/meripelastus.fi\/lappeenranta\/wp-json\/wp\/v2\/tags?post=1261"}],"curies":[{"name":"wp","href":"https:\/\/api.w.org\/{rel}","templated":true}]}}