{"id":655,"date":"2025-12-31T14:37:05","date_gmt":"2025-12-31T12:37:05","guid":{"rendered":"https:\/\/meripelastus.fi\/lahti\/?p=655"},"modified":"2026-01-04T18:50:52","modified_gmt":"2026-01-04T16:50:52","slug":"komon-tukikohta-sai-uuden-laiturin","status":"publish","type":"post","link":"https:\/\/meripelastus.fi\/lahti\/komon-tukikohta-sai-uuden-laiturin\/","title":{"rendered":"Komon tukikohta sai uuden laiturin"},"content":{"rendered":"\n<p><\/p>\n\n\n\n<p>Lahden J\u00e4rvipelastajat ry on toteuttanut uuden laiturin rakentamisen Vesij\u00e4rven Komonsel\u00e4lle Mustamaantielle Hollolassa vuoden 2025 aikana. Hankkeessa osittain purettiin huonokuntoinen T-mallinen puulaituri, ja sen rannanpuoleiset rakenteet kunnostettiin. Kunnostetut osat hy\u00f6dynnettiin uuden, 2 x 5 metrin kokoisen k\u00e4yntisillan rakentamisessa.<\/p>\n\n\n\n<p>Hanke on saanut EU:n maaseuturahoitusta.<\/p>\n\n\n\n<p><\/p>\n\n\n\n<figure class=\"wp-block-image size-large\"><img loading=\"lazy\" decoding=\"async\" width=\"1024\" height=\"817\" src=\"https:\/\/meripelastus.fi\/lahti\/wp-content\/uploads\/sites\/10\/2025\/12\/image-1024x817.png\" alt=\"\" class=\"wp-image-661\" srcset=\"https:\/\/meripelastus.fi\/lahti\/wp-content\/uploads\/sites\/10\/2025\/12\/image-1024x817.png 1024w, https:\/\/meripelastus.fi\/lahti\/wp-content\/uploads\/sites\/10\/2025\/12\/image-300x239.png 300w, https:\/\/meripelastus.fi\/lahti\/wp-content\/uploads\/sites\/10\/2025\/12\/image-768x613.png 768w, https:\/\/meripelastus.fi\/lahti\/wp-content\/uploads\/sites\/10\/2025\/12\/image.png 1174w\" sizes=\"auto, (max-width: 1024px) 100vw, 1024px\" \/><\/figure>\n\n\n\n<p><br><\/p>\n\n\n\n<figure class=\"wp-block-image size-large is-resized\"><img loading=\"lazy\" decoding=\"async\" width=\"1024\" height=\"215\" src=\"https:\/\/meripelastus.fi\/lahti\/wp-content\/uploads\/sites\/10\/2026\/01\/FI-Euroopan-unionin-osarahoittama_-1024x215.png\" alt=\"\" class=\"wp-image-665\" style=\"width:500px\" srcset=\"https:\/\/meripelastus.fi\/lahti\/wp-content\/uploads\/sites\/10\/2026\/01\/FI-Euroopan-unionin-osarahoittama_-1024x215.png 1024w, https:\/\/meripelastus.fi\/lahti\/wp-content\/uploads\/sites\/10\/2026\/01\/FI-Euroopan-unionin-osarahoittama_-300x63.png 300w, https:\/\/meripelastus.fi\/lahti\/wp-content\/uploads\/sites\/10\/2026\/01\/FI-Euroopan-unionin-osarahoittama_-768x161.png 768w, https:\/\/meripelastus.fi\/lahti\/wp-content\/uploads\/sites\/10\/2026\/01\/FI-Euroopan-unionin-osarahoittama_-1536x322.png 1536w, https:\/\/meripelastus.fi\/lahti\/wp-content\/uploads\/sites\/10\/2026\/01\/FI-Euroopan-unionin-osarahoittama_-2048x430.png 2048w\" sizes=\"auto, (max-width: 1024px) 100vw, 1024px\" \/><\/figure>\n\n\n\n<figure class=\"wp-block-image size-large is-resized\"><img loading=\"lazy\" decoding=\"async\" width=\"1024\" height=\"363\" src=\"https:\/\/meripelastus.fi\/lahti\/wp-content\/uploads\/sites\/10\/2026\/01\/Leader_Logo_Ryhmakohtaiset_RGB_Green_Paijanne-1024x363.png\" alt=\"\" class=\"wp-image-664\" style=\"width:500px\" srcset=\"https:\/\/meripelastus.fi\/lahti\/wp-content\/uploads\/sites\/10\/2026\/01\/Leader_Logo_Ryhmakohtaiset_RGB_Green_Paijanne-1024x363.png 1024w, https:\/\/meripelastus.fi\/lahti\/wp-content\/uploads\/sites\/10\/2026\/01\/Leader_Logo_Ryhmakohtaiset_RGB_Green_Paijanne-300x106.png 300w, https:\/\/meripelastus.fi\/lahti\/wp-content\/uploads\/sites\/10\/2026\/01\/Leader_Logo_Ryhmakohtaiset_RGB_Green_Paijanne-768x272.png 768w, https:\/\/meripelastus.fi\/lahti\/wp-content\/uploads\/sites\/10\/2026\/01\/Leader_Logo_Ryhmakohtaiset_RGB_Green_Paijanne-1536x544.png 1536w, https:\/\/meripelastus.fi\/lahti\/wp-content\/uploads\/sites\/10\/2026\/01\/Leader_Logo_Ryhmakohtaiset_RGB_Green_Paijanne-2048x726.png 2048w\" sizes=\"auto, (max-width: 1024px) 100vw, 1024px\" \/><\/figure>\n\n\n\n<p><\/p>\n","protected":false},"excerpt":{"rendered":"<p>Lahden J\u00e4rvipelastajat ry on toteuttanut uuden laiturin rakentamisen Vesij\u00e4rven Komonsel\u00e4lle Mustamaantielle Hollolassa vuoden 2025 aikana. Hankkeessa osittain purettiin huonokuntoinen T-mallinen puulaituri, ja sen rannanpuoleiset rakenteet kunnostettiin. Kunnostetut osat hy\u00f6dynnettiin uuden, 2 x 5 metrin kokoisen k\u00e4yntisillan rakentamisessa. Hanke on saanut EU:n maaseuturahoitusta.<\/p>\n","protected":false},"author":133,"featured_media":0,"comment_status":"closed","ping_status":"open","sticky":false,"template":"","format":"standard","meta":{"_acf_changed":false,"inline_featured_image":false,"footnotes":""},"categories":[1],"tags":[],"class_list":["post-655","post","type-post","status-publish","format-standard","hentry","category-uutiset"],"acf":[],"yoast_head":"<!-- This site is optimized with the Yoast SEO Premium plugin v27.4 (Yoast SEO v27.4) - https:\/\/yoast.com\/product\/yoast-seo-premium-wordpress\/ -->\n<title>Komon tukikohta sai uuden laiturin - Lahden J\u00e4rvipelastajat<\/title>\n<meta name=\"robots\" content=\"index, follow, max-snippet:-1, max-image-preview:large, max-video-preview:-1\" \/>\n<link rel=\"canonical\" href=\"https:\/\/meripelastus.fi\/lahti\/komon-tukikohta-sai-uuden-laiturin\/\" \/>\n<meta property=\"og:locale\" content=\"fi_FI\" \/>\n<meta property=\"og:type\" content=\"article\" \/>\n<meta property=\"og:title\" content=\"Komon tukikohta sai uuden laiturin\" \/>\n<meta property=\"og:description\" content=\"Lahden J\u00e4rvipelastajat ry on toteuttanut uuden laiturin rakentamisen Vesij\u00e4rven Komonsel\u00e4lle Mustamaantielle Hollolassa vuoden 2025 aikana. Hankkeessa osittain purettiin huonokuntoinen T-mallinen puulaituri, ja sen rannanpuoleiset rakenteet kunnostettiin. Kunnostetut osat hy\u00f6dynnettiin uuden, 2 x 5 metrin kokoisen k\u00e4yntisillan rakentamisessa. Hanke on saanut EU:n maaseuturahoitusta.\" \/>\n<meta property=\"og:url\" content=\"https:\/\/meripelastus.fi\/lahti\/komon-tukikohta-sai-uuden-laiturin\/\" \/>\n<meta property=\"og:site_name\" content=\"Lahden J\u00e4rvipelastajat\" \/>\n<meta property=\"article:published_time\" content=\"2025-12-31T12:37:05+00:00\" \/>\n<meta property=\"article:modified_time\" content=\"2026-01-04T16:50:52+00:00\" \/>\n<meta property=\"og:image\" content=\"https:\/\/meripelastus.fi\/lahti\/wp-content\/uploads\/sites\/10\/2025\/12\/image.png\" \/>\n\t<meta property=\"og:image:width\" content=\"1174\" \/>\n\t<meta property=\"og:image:height\" content=\"937\" \/>\n\t<meta property=\"og:image:type\" content=\"image\/png\" \/>\n<meta name=\"author\" content=\"mariak\" \/>\n<meta name=\"twitter:card\" content=\"summary_large_image\" \/>\n<meta name=\"twitter:label1\" content=\"Kirjoittanut\" \/>\n\t<meta name=\"twitter:data1\" content=\"mariak\" \/>\n\t<meta name=\"twitter:label2\" content=\"Arvioitu lukuaika\" \/>\n\t<meta name=\"twitter:data2\" content=\"1 minuutti\" \/>\n<script type=\"application\/ld+json\" class=\"yoast-schema-graph\">{\"@context\":\"https:\\\/\\\/schema.org\",\"@graph\":[{\"@type\":\"Article\",\"@id\":\"https:\\\/\\\/meripelastus.fi\\\/lahti\\\/komon-tukikohta-sai-uuden-laiturin\\\/#article\",\"isPartOf\":{\"@id\":\"https:\\\/\\\/meripelastus.fi\\\/lahti\\\/komon-tukikohta-sai-uuden-laiturin\\\/\"},\"author\":{\"name\":\"mariak\",\"@id\":\"https:\\\/\\\/meripelastus.fi\\\/lahti\\\/#\\\/schema\\\/person\\\/3141fc7ec728e6f87ef724ba47fb5f31\"},\"headline\":\"Komon tukikohta sai uuden laiturin\",\"datePublished\":\"2025-12-31T12:37:05+00:00\",\"dateModified\":\"2026-01-04T16:50:52+00:00\",\"mainEntityOfPage\":{\"@id\":\"https:\\\/\\\/meripelastus.fi\\\/lahti\\\/komon-tukikohta-sai-uuden-laiturin\\\/\"},\"wordCount\":50,\"image\":{\"@id\":\"https:\\\/\\\/meripelastus.fi\\\/lahti\\\/komon-tukikohta-sai-uuden-laiturin\\\/#primaryimage\"},\"thumbnailUrl\":\"https:\\\/\\\/meripelastus.fi\\\/lahti\\\/wp-content\\\/uploads\\\/sites\\\/10\\\/2025\\\/12\\\/image-1024x817.png\",\"articleSection\":[\"Uutiset\"],\"inLanguage\":\"fi\"},{\"@type\":\"WebPage\",\"@id\":\"https:\\\/\\\/meripelastus.fi\\\/lahti\\\/komon-tukikohta-sai-uuden-laiturin\\\/\",\"url\":\"https:\\\/\\\/meripelastus.fi\\\/lahti\\\/komon-tukikohta-sai-uuden-laiturin\\\/\",\"name\":\"Komon tukikohta sai uuden laiturin - Lahden J\u00e4rvipelastajat\",\"isPartOf\":{\"@id\":\"https:\\\/\\\/meripelastus.fi\\\/lahti\\\/#website\"},\"primaryImageOfPage\":{\"@id\":\"https:\\\/\\\/meripelastus.fi\\\/lahti\\\/komon-tukikohta-sai-uuden-laiturin\\\/#primaryimage\"},\"image\":{\"@id\":\"https:\\\/\\\/meripelastus.fi\\\/lahti\\\/komon-tukikohta-sai-uuden-laiturin\\\/#primaryimage\"},\"thumbnailUrl\":\"https:\\\/\\\/meripelastus.fi\\\/lahti\\\/wp-content\\\/uploads\\\/sites\\\/10\\\/2025\\\/12\\\/image-1024x817.png\",\"datePublished\":\"2025-12-31T12:37:05+00:00\",\"dateModified\":\"2026-01-04T16:50:52+00:00\",\"author\":{\"@id\":\"https:\\\/\\\/meripelastus.fi\\\/lahti\\\/#\\\/schema\\\/person\\\/3141fc7ec728e6f87ef724ba47fb5f31\"},\"breadcrumb\":{\"@id\":\"https:\\\/\\\/meripelastus.fi\\\/lahti\\\/komon-tukikohta-sai-uuden-laiturin\\\/#breadcrumb\"},\"inLanguage\":\"fi\",\"potentialAction\":[{\"@type\":\"ReadAction\",\"target\":[\"https:\\\/\\\/meripelastus.fi\\\/lahti\\\/komon-tukikohta-sai-uuden-laiturin\\\/\"]}]},{\"@type\":\"ImageObject\",\"inLanguage\":\"fi\",\"@id\":\"https:\\\/\\\/meripelastus.fi\\\/lahti\\\/komon-tukikohta-sai-uuden-laiturin\\\/#primaryimage\",\"url\":\"https:\\\/\\\/meripelastus.fi\\\/lahti\\\/wp-content\\\/uploads\\\/sites\\\/10\\\/2025\\\/12\\\/image.png\",\"contentUrl\":\"https:\\\/\\\/meripelastus.fi\\\/lahti\\\/wp-content\\\/uploads\\\/sites\\\/10\\\/2025\\\/12\\\/image.png\",\"width\":1174,\"height\":937},{\"@type\":\"BreadcrumbList\",\"@id\":\"https:\\\/\\\/meripelastus.fi\\\/lahti\\\/komon-tukikohta-sai-uuden-laiturin\\\/#breadcrumb\",\"itemListElement\":[{\"@type\":\"ListItem\",\"position\":1,\"name\":\"Etusivu\",\"item\":\"https:\\\/\\\/meripelastus.fi\\\/lahti\\\/\"},{\"@type\":\"ListItem\",\"position\":2,\"name\":\"Komon tukikohta sai uuden laiturin\"}]},{\"@type\":\"WebSite\",\"@id\":\"https:\\\/\\\/meripelastus.fi\\\/lahti\\\/#website\",\"url\":\"https:\\\/\\\/meripelastus.fi\\\/lahti\\\/\",\"name\":\"Lahden J\u00e4rvipelastajat\",\"description\":\"Vapaaehtoiset apunasi vesill\u00e4\",\"potentialAction\":[{\"@type\":\"SearchAction\",\"target\":{\"@type\":\"EntryPoint\",\"urlTemplate\":\"https:\\\/\\\/meripelastus.fi\\\/lahti\\\/?s={search_term_string}\"},\"query-input\":{\"@type\":\"PropertyValueSpecification\",\"valueRequired\":true,\"valueName\":\"search_term_string\"}}],\"inLanguage\":\"fi\"},{\"@type\":\"Person\",\"@id\":\"https:\\\/\\\/meripelastus.fi\\\/lahti\\\/#\\\/schema\\\/person\\\/3141fc7ec728e6f87ef724ba47fb5f31\",\"name\":\"mariak\",\"image\":{\"@type\":\"ImageObject\",\"inLanguage\":\"fi\",\"@id\":\"https:\\\/\\\/secure.gravatar.com\\\/avatar\\\/4bc3fcdc4a296dc59b1c224d336f89ebf409149702be3894f7c87ec0e989b15e?s=96&d=mm&r=g\",\"url\":\"https:\\\/\\\/secure.gravatar.com\\\/avatar\\\/4bc3fcdc4a296dc59b1c224d336f89ebf409149702be3894f7c87ec0e989b15e?s=96&d=mm&r=g\",\"contentUrl\":\"https:\\\/\\\/secure.gravatar.com\\\/avatar\\\/4bc3fcdc4a296dc59b1c224d336f89ebf409149702be3894f7c87ec0e989b15e?s=96&d=mm&r=g\",\"caption\":\"mariak\"},\"url\":\"https:\\\/\\\/meripelastus.fi\\\/lahti\\\/author\\\/mariak\\\/\"}]}<\/script>\n<!-- \/ Yoast SEO Premium plugin. -->","yoast_head_json":{"title":"Komon tukikohta sai uuden laiturin - Lahden J\u00e4rvipelastajat","robots":{"index":"index","follow":"follow","max-snippet":"max-snippet:-1","max-image-preview":"max-image-preview:large","max-video-preview":"max-video-preview:-1"},"canonical":"https:\/\/meripelastus.fi\/lahti\/komon-tukikohta-sai-uuden-laiturin\/","og_locale":"fi_FI","og_type":"article","og_title":"Komon tukikohta sai uuden laiturin","og_description":"Lahden J\u00e4rvipelastajat ry on toteuttanut uuden laiturin rakentamisen Vesij\u00e4rven Komonsel\u00e4lle Mustamaantielle Hollolassa vuoden 2025 aikana. Hankkeessa osittain purettiin huonokuntoinen T-mallinen puulaituri, ja sen rannanpuoleiset rakenteet kunnostettiin. Kunnostetut osat hy\u00f6dynnettiin uuden, 2 x 5 metrin kokoisen k\u00e4yntisillan rakentamisessa. Hanke on saanut EU:n maaseuturahoitusta.","og_url":"https:\/\/meripelastus.fi\/lahti\/komon-tukikohta-sai-uuden-laiturin\/","og_site_name":"Lahden J\u00e4rvipelastajat","article_published_time":"2025-12-31T12:37:05+00:00","article_modified_time":"2026-01-04T16:50:52+00:00","og_image":[{"width":1174,"height":937,"url":"https:\/\/meripelastus.fi\/lahti\/wp-content\/uploads\/sites\/10\/2025\/12\/image.png","type":"image\/png"}],"author":"mariak","twitter_card":"summary_large_image","twitter_misc":{"Kirjoittanut":"mariak","Arvioitu lukuaika":"1 minuutti"},"schema":{"@context":"https:\/\/schema.org","@graph":[{"@type":"Article","@id":"https:\/\/meripelastus.fi\/lahti\/komon-tukikohta-sai-uuden-laiturin\/#article","isPartOf":{"@id":"https:\/\/meripelastus.fi\/lahti\/komon-tukikohta-sai-uuden-laiturin\/"},"author":{"name":"mariak","@id":"https:\/\/meripelastus.fi\/lahti\/#\/schema\/person\/3141fc7ec728e6f87ef724ba47fb5f31"},"headline":"Komon tukikohta sai uuden laiturin","datePublished":"2025-12-31T12:37:05+00:00","dateModified":"2026-01-04T16:50:52+00:00","mainEntityOfPage":{"@id":"https:\/\/meripelastus.fi\/lahti\/komon-tukikohta-sai-uuden-laiturin\/"},"wordCount":50,"image":{"@id":"https:\/\/meripelastus.fi\/lahti\/komon-tukikohta-sai-uuden-laiturin\/#primaryimage"},"thumbnailUrl":"https:\/\/meripelastus.fi\/lahti\/wp-content\/uploads\/sites\/10\/2025\/12\/image-1024x817.png","articleSection":["Uutiset"],"inLanguage":"fi"},{"@type":"WebPage","@id":"https:\/\/meripelastus.fi\/lahti\/komon-tukikohta-sai-uuden-laiturin\/","url":"https:\/\/meripelastus.fi\/lahti\/komon-tukikohta-sai-uuden-laiturin\/","name":"Komon tukikohta sai uuden laiturin - Lahden J\u00e4rvipelastajat","isPartOf":{"@id":"https:\/\/meripelastus.fi\/lahti\/#website"},"primaryImageOfPage":{"@id":"https:\/\/meripelastus.fi\/lahti\/komon-tukikohta-sai-uuden-laiturin\/#primaryimage"},"image":{"@id":"https:\/\/meripelastus.fi\/lahti\/komon-tukikohta-sai-uuden-laiturin\/#primaryimage"},"thumbnailUrl":"https:\/\/meripelastus.fi\/lahti\/wp-content\/uploads\/sites\/10\/2025\/12\/image-1024x817.png","datePublished":"2025-12-31T12:37:05+00:00","dateModified":"2026-01-04T16:50:52+00:00","author":{"@id":"https:\/\/meripelastus.fi\/lahti\/#\/schema\/person\/3141fc7ec728e6f87ef724ba47fb5f31"},"breadcrumb":{"@id":"https:\/\/meripelastus.fi\/lahti\/komon-tukikohta-sai-uuden-laiturin\/#breadcrumb"},"inLanguage":"fi","potentialAction":[{"@type":"ReadAction","target":["https:\/\/meripelastus.fi\/lahti\/komon-tukikohta-sai-uuden-laiturin\/"]}]},{"@type":"ImageObject","inLanguage":"fi","@id":"https:\/\/meripelastus.fi\/lahti\/komon-tukikohta-sai-uuden-laiturin\/#primaryimage","url":"https:\/\/meripelastus.fi\/lahti\/wp-content\/uploads\/sites\/10\/2025\/12\/image.png","contentUrl":"https:\/\/meripelastus.fi\/lahti\/wp-content\/uploads\/sites\/10\/2025\/12\/image.png","width":1174,"height":937},{"@type":"BreadcrumbList","@id":"https:\/\/meripelastus.fi\/lahti\/komon-tukikohta-sai-uuden-laiturin\/#breadcrumb","itemListElement":[{"@type":"ListItem","position":1,"name":"Etusivu","item":"https:\/\/meripelastus.fi\/lahti\/"},{"@type":"ListItem","position":2,"name":"Komon tukikohta sai uuden laiturin"}]},{"@type":"WebSite","@id":"https:\/\/meripelastus.fi\/lahti\/#website","url":"https:\/\/meripelastus.fi\/lahti\/","name":"Lahden J\u00e4rvipelastajat","description":"Vapaaehtoiset apunasi vesill\u00e4","potentialAction":[{"@type":"SearchAction","target":{"@type":"EntryPoint","urlTemplate":"https:\/\/meripelastus.fi\/lahti\/?s={search_term_string}"},"query-input":{"@type":"PropertyValueSpecification","valueRequired":true,"valueName":"search_term_string"}}],"inLanguage":"fi"},{"@type":"Person","@id":"https:\/\/meripelastus.fi\/lahti\/#\/schema\/person\/3141fc7ec728e6f87ef724ba47fb5f31","name":"mariak","image":{"@type":"ImageObject","inLanguage":"fi","@id":"https:\/\/secure.gravatar.com\/avatar\/4bc3fcdc4a296dc59b1c224d336f89ebf409149702be3894f7c87ec0e989b15e?s=96&d=mm&r=g","url":"https:\/\/secure.gravatar.com\/avatar\/4bc3fcdc4a296dc59b1c224d336f89ebf409149702be3894f7c87ec0e989b15e?s=96&d=mm&r=g","contentUrl":"https:\/\/secure.gravatar.com\/avatar\/4bc3fcdc4a296dc59b1c224d336f89ebf409149702be3894f7c87ec0e989b15e?s=96&d=mm&r=g","caption":"mariak"},"url":"https:\/\/meripelastus.fi\/lahti\/author\/mariak\/"}]}},"_links":{"self":[{"href":"https:\/\/meripelastus.fi\/lahti\/wp-json\/wp\/v2\/posts\/655","targetHints":{"allow":["GET"]}}],"collection":[{"href":"https:\/\/meripelastus.fi\/lahti\/wp-json\/wp\/v2\/posts"}],"about":[{"href":"https:\/\/meripelastus.fi\/lahti\/wp-json\/wp\/v2\/types\/post"}],"author":[{"embeddable":true,"href":"https:\/\/meripelastus.fi\/lahti\/wp-json\/wp\/v2\/users\/133"}],"replies":[{"embeddable":true,"href":"https:\/\/meripelastus.fi\/lahti\/wp-json\/wp\/v2\/comments?post=655"}],"version-history":[{"count":6,"href":"https:\/\/meripelastus.fi\/lahti\/wp-json\/wp\/v2\/posts\/655\/revisions"}],"predecessor-version":[{"id":667,"href":"https:\/\/meripelastus.fi\/lahti\/wp-json\/wp\/v2\/posts\/655\/revisions\/667"}],"wp:attachment":[{"href":"https:\/\/meripelastus.fi\/lahti\/wp-json\/wp\/v2\/media?parent=655"}],"wp:term":[{"taxonomy":"category","embeddable":true,"href":"https:\/\/meripelastus.fi\/lahti\/wp-json\/wp\/v2\/categories?post=655"},{"taxonomy":"post_tag","embeddable":true,"href":"https:\/\/meripelastus.fi\/lahti\/wp-json\/wp\/v2\/tags?post=655"}],"curies":[{"name":"wp","href":"https:\/\/api.w.org\/{rel}","templated":true}]}}