{"id":409,"date":"2019-10-23T17:59:56","date_gmt":"2019-10-23T14:59:56","guid":{"rendered":"https:\/\/meripelastus.fi\/lahti\/?p=409"},"modified":"2019-10-23T17:59:56","modified_gmt":"2019-10-23T14:59:56","slug":"saantomaarainen-syyskokous-ja-kauden-paattajaiset-2","status":"publish","type":"post","link":"https:\/\/meripelastus.fi\/lahti\/saantomaarainen-syyskokous-ja-kauden-paattajaiset-2\/","title":{"rendered":"S\u00e4\u00e4nt\u00f6m\u00e4\u00e4r\u00e4inen syyskokous ja kauden p\u00e4\u00e4tt\u00e4j\u00e4iset"},"content":{"rendered":"<p><strong>Lahden j\u00e4rvipelastajien s\u00e4\u00e4nt\u00f6m\u00e4\u00e4r\u00e4inen syyskokous ja kauden p\u00e4\u00e4tt\u00e4j\u00e4iset pidet\u00e4\u00e4n <u> perjantaina 13.12.2019 klo 18<\/u>  Poliisien majalla Lahden Kilpi\u00e4isiss\u00e4 (Vaskirannankatu).<\/strong><\/p>\n<p>Syyskokouksessa k\u00e4sitell\u00e4\u00e4n s\u00e4\u00e4nt\u00f6jen mukaisesti seuraavat asiat:<\/p>\n<ol>\n<li>Avataan kokous<\/li>\n<li>Valitaan puheenjohtaja, sihteeri, kaksi (2) p\u00f6yt\u00e4kirjantarkastajaa ja kaksi (2) \u00e4\u00e4ntenlaskijaa<\/li>\n<\/ol>\n<ol start=\"3\">\n<li>Todetaan l\u00e4sn\u00e4olijat ja \u00e4\u00e4nioikeutetut j\u00e4senet<\/li>\n<li>Todetaan kokouksen laillisuus ja p\u00e4\u00e4t\u00f6svaltaisuus<\/li>\n<li>K\u00e4sitell\u00e4\u00e4n ty\u00f6j\u00e4rjestys<\/li>\n<li>Vahvistetaan yhdistyksen seuraavan vuoden toimintasuunnitelma, talousarvio ja j\u00e4senmaksut<\/li>\n<\/ol>\n<ol start=\"7\">\n<li>Valitaan hallituksen puheenjohtaja yhden (1) vuoden toimikaudeksi<\/li>\n<li>Valitaan kolme (3) hallituksen j\u00e4sent\u00e4 kolmen (3) vuoden toimikaudeksi erovuoroisten tilalle<\/li>\n<\/ol>\n<ol start=\"9\">\n<li>Valitaan yksi (1) toiminnantarkastaja ja h\u00e4nelle sijainen<\/li>\n<li>K\u00e4sitell\u00e4\u00e4n muut kokouskutsussa mainitut asiat<\/li>\n<li>K\u00e4sitell\u00e4\u00e4n muut j\u00e4senten yhdistyksen kokouksen p\u00e4\u00e4tett\u00e4v\u00e4ksi j\u00e4tt\u00e4m\u00e4t asiat, ottaen huomioon yhdistyslain 24 \u00a7<\/li>\n<li>Esitell\u00e4\u00e4n hallituksen tiedonannot<\/li>\n<li>P\u00e4\u00e4tet\u00e4\u00e4n kokous<\/li>\n<\/ol>\n<p>&nbsp;<\/p>\n<p>Syyskokouksen j\u00e4lkeen ruokailu, pient\u00e4 ohjelmaa, saunomista &amp; yhdess\u00e4oloa.<\/p>\n<p>Pikkujouluruokailu maksaa 10\u20ac, <strong>k\u00e4teismaksu<\/strong> paikan p\u00e4\u00e4ll\u00e4.<\/p>\n<p>&nbsp;<\/p>\n<p>Ilmoittautumiset tiedotus.lahti(\u00e4t)messi.meripelastus.fi viimeist\u00e4\u00e4n <strong><u>perjantaina 29.11.2018<\/u><\/strong>. Kerrothan mahdolliset ruoka-aineallergiat ilmoittautumisen yhteydess\u00e4.<\/p>\n","protected":false},"excerpt":{"rendered":"<p>Lahden j\u00e4rvipelastajien s\u00e4\u00e4nt\u00f6m\u00e4\u00e4r\u00e4inen syyskokous ja kauden p\u00e4\u00e4tt\u00e4j\u00e4iset pidet\u00e4\u00e4n perjantaina 13.12.2019 klo 18 Poliisien majalla Lahden Kilpi\u00e4isiss\u00e4 (Vaskirannankatu). Syyskokouksessa k\u00e4sitell\u00e4\u00e4n s\u00e4\u00e4nt\u00f6jen mukaisesti seuraavat asiat: Avataan kokous Valitaan puheenjohtaja, sihteeri, kaksi (2) p\u00f6yt\u00e4kirjantarkastajaa ja kaksi (2) \u00e4\u00e4ntenlaskijaa Todetaan l\u00e4sn\u00e4olijat ja \u00e4\u00e4nioikeutetut j\u00e4senet Todetaan kokouksen laillisuus ja p\u00e4\u00e4t\u00f6svaltaisuus K\u00e4sitell\u00e4\u00e4n ty\u00f6j\u00e4rjestys Vahvistetaan yhdistyksen seuraavan vuoden toimintasuunnitelma, talousarvio ja j\u00e4senmaksut [&hellip;]<\/p>\n","protected":false},"author":17,"featured_media":217,"comment_status":"closed","ping_status":"open","sticky":false,"template":"","format":"standard","meta":{"_acf_changed":false,"inline_featured_image":false,"footnotes":""},"categories":[1],"tags":[],"class_list":["post-409","post","type-post","status-publish","format-standard","has-post-thumbnail","hentry","category-uutiset"],"acf":[],"yoast_head":"<!-- This site is optimized with the Yoast SEO Premium plugin v27.4 (Yoast SEO v27.4) - https:\/\/yoast.com\/product\/yoast-seo-premium-wordpress\/ -->\n<title>S\u00e4\u00e4nt\u00f6m\u00e4\u00e4r\u00e4inen syyskokous ja kauden p\u00e4\u00e4tt\u00e4j\u00e4iset - Lahden J\u00e4rvipelastajat<\/title>\n<meta name=\"robots\" content=\"index, follow, max-snippet:-1, max-image-preview:large, max-video-preview:-1\" \/>\n<link rel=\"canonical\" href=\"https:\/\/meripelastus.fi\/lahti\/saantomaarainen-syyskokous-ja-kauden-paattajaiset-2\/\" \/>\n<meta property=\"og:locale\" content=\"fi_FI\" \/>\n<meta property=\"og:type\" content=\"article\" \/>\n<meta property=\"og:title\" content=\"S\u00e4\u00e4nt\u00f6m\u00e4\u00e4r\u00e4inen syyskokous ja kauden p\u00e4\u00e4tt\u00e4j\u00e4iset\" \/>\n<meta property=\"og:description\" content=\"Lahden j\u00e4rvipelastajien s\u00e4\u00e4nt\u00f6m\u00e4\u00e4r\u00e4inen syyskokous ja kauden p\u00e4\u00e4tt\u00e4j\u00e4iset pidet\u00e4\u00e4n perjantaina 13.12.2019 klo 18 Poliisien majalla Lahden Kilpi\u00e4isiss\u00e4 (Vaskirannankatu). Syyskokouksessa k\u00e4sitell\u00e4\u00e4n s\u00e4\u00e4nt\u00f6jen mukaisesti seuraavat asiat: Avataan kokous Valitaan puheenjohtaja, sihteeri, kaksi (2) p\u00f6yt\u00e4kirjantarkastajaa ja kaksi (2) \u00e4\u00e4ntenlaskijaa Todetaan l\u00e4sn\u00e4olijat ja \u00e4\u00e4nioikeutetut j\u00e4senet Todetaan kokouksen laillisuus ja p\u00e4\u00e4t\u00f6svaltaisuus K\u00e4sitell\u00e4\u00e4n ty\u00f6j\u00e4rjestys Vahvistetaan yhdistyksen seuraavan vuoden toimintasuunnitelma, talousarvio ja j\u00e4senmaksut [&hellip;]\" \/>\n<meta property=\"og:url\" content=\"https:\/\/meripelastus.fi\/lahti\/saantomaarainen-syyskokous-ja-kauden-paattajaiset-2\/\" \/>\n<meta property=\"og:site_name\" content=\"Lahden J\u00e4rvipelastajat\" \/>\n<meta property=\"article:published_time\" content=\"2019-10-23T14:59:56+00:00\" \/>\n<meta property=\"og:image\" content=\"https:\/\/meripelastus.fi\/lahti\/wp-content\/uploads\/sites\/10\/2018\/11\/artikkeli1.jpg\" \/>\n\t<meta property=\"og:image:width\" content=\"1784\" \/>\n\t<meta property=\"og:image:height\" content=\"1190\" \/>\n\t<meta property=\"og:image:type\" content=\"image\/jpeg\" \/>\n<meta name=\"author\" content=\"esak\" \/>\n<meta name=\"twitter:card\" content=\"summary_large_image\" \/>\n<meta name=\"twitter:label1\" content=\"Kirjoittanut\" \/>\n\t<meta name=\"twitter:data1\" content=\"esak\" \/>\n\t<meta name=\"twitter:label2\" content=\"Arvioitu lukuaika\" \/>\n\t<meta name=\"twitter:data2\" content=\"1 minuutti\" \/>\n<script type=\"application\/ld+json\" class=\"yoast-schema-graph\">{\"@context\":\"https:\\\/\\\/schema.org\",\"@graph\":[{\"@type\":\"Article\",\"@id\":\"https:\\\/\\\/meripelastus.fi\\\/lahti\\\/saantomaarainen-syyskokous-ja-kauden-paattajaiset-2\\\/#article\",\"isPartOf\":{\"@id\":\"https:\\\/\\\/meripelastus.fi\\\/lahti\\\/saantomaarainen-syyskokous-ja-kauden-paattajaiset-2\\\/\"},\"author\":{\"name\":\"esak\",\"@id\":\"https:\\\/\\\/meripelastus.fi\\\/lahti\\\/#\\\/schema\\\/person\\\/ad18917bb74f61c90211c6772757d5f6\"},\"headline\":\"S\u00e4\u00e4nt\u00f6m\u00e4\u00e4r\u00e4inen syyskokous ja kauden p\u00e4\u00e4tt\u00e4j\u00e4iset\",\"datePublished\":\"2019-10-23T14:59:56+00:00\",\"mainEntityOfPage\":{\"@id\":\"https:\\\/\\\/meripelastus.fi\\\/lahti\\\/saantomaarainen-syyskokous-ja-kauden-paattajaiset-2\\\/\"},\"wordCount\":181,\"image\":{\"@id\":\"https:\\\/\\\/meripelastus.fi\\\/lahti\\\/saantomaarainen-syyskokous-ja-kauden-paattajaiset-2\\\/#primaryimage\"},\"thumbnailUrl\":\"https:\\\/\\\/meripelastus.fi\\\/lahti\\\/wp-content\\\/uploads\\\/sites\\\/10\\\/2018\\\/11\\\/artikkeli1.jpg\",\"articleSection\":[\"Uutiset\"],\"inLanguage\":\"fi\"},{\"@type\":\"WebPage\",\"@id\":\"https:\\\/\\\/meripelastus.fi\\\/lahti\\\/saantomaarainen-syyskokous-ja-kauden-paattajaiset-2\\\/\",\"url\":\"https:\\\/\\\/meripelastus.fi\\\/lahti\\\/saantomaarainen-syyskokous-ja-kauden-paattajaiset-2\\\/\",\"name\":\"S\u00e4\u00e4nt\u00f6m\u00e4\u00e4r\u00e4inen syyskokous ja kauden p\u00e4\u00e4tt\u00e4j\u00e4iset - Lahden J\u00e4rvipelastajat\",\"isPartOf\":{\"@id\":\"https:\\\/\\\/meripelastus.fi\\\/lahti\\\/#website\"},\"primaryImageOfPage\":{\"@id\":\"https:\\\/\\\/meripelastus.fi\\\/lahti\\\/saantomaarainen-syyskokous-ja-kauden-paattajaiset-2\\\/#primaryimage\"},\"image\":{\"@id\":\"https:\\\/\\\/meripelastus.fi\\\/lahti\\\/saantomaarainen-syyskokous-ja-kauden-paattajaiset-2\\\/#primaryimage\"},\"thumbnailUrl\":\"https:\\\/\\\/meripelastus.fi\\\/lahti\\\/wp-content\\\/uploads\\\/sites\\\/10\\\/2018\\\/11\\\/artikkeli1.jpg\",\"datePublished\":\"2019-10-23T14:59:56+00:00\",\"author\":{\"@id\":\"https:\\\/\\\/meripelastus.fi\\\/lahti\\\/#\\\/schema\\\/person\\\/ad18917bb74f61c90211c6772757d5f6\"},\"breadcrumb\":{\"@id\":\"https:\\\/\\\/meripelastus.fi\\\/lahti\\\/saantomaarainen-syyskokous-ja-kauden-paattajaiset-2\\\/#breadcrumb\"},\"inLanguage\":\"fi\",\"potentialAction\":[{\"@type\":\"ReadAction\",\"target\":[\"https:\\\/\\\/meripelastus.fi\\\/lahti\\\/saantomaarainen-syyskokous-ja-kauden-paattajaiset-2\\\/\"]}]},{\"@type\":\"ImageObject\",\"inLanguage\":\"fi\",\"@id\":\"https:\\\/\\\/meripelastus.fi\\\/lahti\\\/saantomaarainen-syyskokous-ja-kauden-paattajaiset-2\\\/#primaryimage\",\"url\":\"https:\\\/\\\/meripelastus.fi\\\/lahti\\\/wp-content\\\/uploads\\\/sites\\\/10\\\/2018\\\/11\\\/artikkeli1.jpg\",\"contentUrl\":\"https:\\\/\\\/meripelastus.fi\\\/lahti\\\/wp-content\\\/uploads\\\/sites\\\/10\\\/2018\\\/11\\\/artikkeli1.jpg\",\"width\":1784,\"height\":1190},{\"@type\":\"BreadcrumbList\",\"@id\":\"https:\\\/\\\/meripelastus.fi\\\/lahti\\\/saantomaarainen-syyskokous-ja-kauden-paattajaiset-2\\\/#breadcrumb\",\"itemListElement\":[{\"@type\":\"ListItem\",\"position\":1,\"name\":\"Etusivu\",\"item\":\"https:\\\/\\\/meripelastus.fi\\\/lahti\\\/\"},{\"@type\":\"ListItem\",\"position\":2,\"name\":\"S\u00e4\u00e4nt\u00f6m\u00e4\u00e4r\u00e4inen syyskokous ja kauden p\u00e4\u00e4tt\u00e4j\u00e4iset\"}]},{\"@type\":\"WebSite\",\"@id\":\"https:\\\/\\\/meripelastus.fi\\\/lahti\\\/#website\",\"url\":\"https:\\\/\\\/meripelastus.fi\\\/lahti\\\/\",\"name\":\"Lahden J\u00e4rvipelastajat\",\"description\":\"Vapaaehtoiset apunasi vesill\u00e4\",\"potentialAction\":[{\"@type\":\"SearchAction\",\"target\":{\"@type\":\"EntryPoint\",\"urlTemplate\":\"https:\\\/\\\/meripelastus.fi\\\/lahti\\\/?s={search_term_string}\"},\"query-input\":{\"@type\":\"PropertyValueSpecification\",\"valueRequired\":true,\"valueName\":\"search_term_string\"}}],\"inLanguage\":\"fi\"},{\"@type\":\"Person\",\"@id\":\"https:\\\/\\\/meripelastus.fi\\\/lahti\\\/#\\\/schema\\\/person\\\/ad18917bb74f61c90211c6772757d5f6\",\"name\":\"esak\",\"image\":{\"@type\":\"ImageObject\",\"inLanguage\":\"fi\",\"@id\":\"https:\\\/\\\/secure.gravatar.com\\\/avatar\\\/0dc0cccfcf6a4b279493ea5baf0e508046481ff286637cfc55d50dd0f1eacaf0?s=96&d=mm&r=g\",\"url\":\"https:\\\/\\\/secure.gravatar.com\\\/avatar\\\/0dc0cccfcf6a4b279493ea5baf0e508046481ff286637cfc55d50dd0f1eacaf0?s=96&d=mm&r=g\",\"contentUrl\":\"https:\\\/\\\/secure.gravatar.com\\\/avatar\\\/0dc0cccfcf6a4b279493ea5baf0e508046481ff286637cfc55d50dd0f1eacaf0?s=96&d=mm&r=g\",\"caption\":\"esak\"},\"url\":\"https:\\\/\\\/meripelastus.fi\\\/lahti\\\/author\\\/esak\\\/\"}]}<\/script>\n<!-- \/ Yoast SEO Premium plugin. -->","yoast_head_json":{"title":"S\u00e4\u00e4nt\u00f6m\u00e4\u00e4r\u00e4inen syyskokous ja kauden p\u00e4\u00e4tt\u00e4j\u00e4iset - Lahden J\u00e4rvipelastajat","robots":{"index":"index","follow":"follow","max-snippet":"max-snippet:-1","max-image-preview":"max-image-preview:large","max-video-preview":"max-video-preview:-1"},"canonical":"https:\/\/meripelastus.fi\/lahti\/saantomaarainen-syyskokous-ja-kauden-paattajaiset-2\/","og_locale":"fi_FI","og_type":"article","og_title":"S\u00e4\u00e4nt\u00f6m\u00e4\u00e4r\u00e4inen syyskokous ja kauden p\u00e4\u00e4tt\u00e4j\u00e4iset","og_description":"Lahden j\u00e4rvipelastajien s\u00e4\u00e4nt\u00f6m\u00e4\u00e4r\u00e4inen syyskokous ja kauden p\u00e4\u00e4tt\u00e4j\u00e4iset pidet\u00e4\u00e4n perjantaina 13.12.2019 klo 18 Poliisien majalla Lahden Kilpi\u00e4isiss\u00e4 (Vaskirannankatu). Syyskokouksessa k\u00e4sitell\u00e4\u00e4n s\u00e4\u00e4nt\u00f6jen mukaisesti seuraavat asiat: Avataan kokous Valitaan puheenjohtaja, sihteeri, kaksi (2) p\u00f6yt\u00e4kirjantarkastajaa ja kaksi (2) \u00e4\u00e4ntenlaskijaa Todetaan l\u00e4sn\u00e4olijat ja \u00e4\u00e4nioikeutetut j\u00e4senet Todetaan kokouksen laillisuus ja p\u00e4\u00e4t\u00f6svaltaisuus K\u00e4sitell\u00e4\u00e4n ty\u00f6j\u00e4rjestys Vahvistetaan yhdistyksen seuraavan vuoden toimintasuunnitelma, talousarvio ja j\u00e4senmaksut [&hellip;]","og_url":"https:\/\/meripelastus.fi\/lahti\/saantomaarainen-syyskokous-ja-kauden-paattajaiset-2\/","og_site_name":"Lahden J\u00e4rvipelastajat","article_published_time":"2019-10-23T14:59:56+00:00","og_image":[{"width":1784,"height":1190,"url":"https:\/\/meripelastus.fi\/lahti\/wp-content\/uploads\/sites\/10\/2018\/11\/artikkeli1.jpg","type":"image\/jpeg"}],"author":"esak","twitter_card":"summary_large_image","twitter_misc":{"Kirjoittanut":"esak","Arvioitu lukuaika":"1 minuutti"},"schema":{"@context":"https:\/\/schema.org","@graph":[{"@type":"Article","@id":"https:\/\/meripelastus.fi\/lahti\/saantomaarainen-syyskokous-ja-kauden-paattajaiset-2\/#article","isPartOf":{"@id":"https:\/\/meripelastus.fi\/lahti\/saantomaarainen-syyskokous-ja-kauden-paattajaiset-2\/"},"author":{"name":"esak","@id":"https:\/\/meripelastus.fi\/lahti\/#\/schema\/person\/ad18917bb74f61c90211c6772757d5f6"},"headline":"S\u00e4\u00e4nt\u00f6m\u00e4\u00e4r\u00e4inen syyskokous ja kauden p\u00e4\u00e4tt\u00e4j\u00e4iset","datePublished":"2019-10-23T14:59:56+00:00","mainEntityOfPage":{"@id":"https:\/\/meripelastus.fi\/lahti\/saantomaarainen-syyskokous-ja-kauden-paattajaiset-2\/"},"wordCount":181,"image":{"@id":"https:\/\/meripelastus.fi\/lahti\/saantomaarainen-syyskokous-ja-kauden-paattajaiset-2\/#primaryimage"},"thumbnailUrl":"https:\/\/meripelastus.fi\/lahti\/wp-content\/uploads\/sites\/10\/2018\/11\/artikkeli1.jpg","articleSection":["Uutiset"],"inLanguage":"fi"},{"@type":"WebPage","@id":"https:\/\/meripelastus.fi\/lahti\/saantomaarainen-syyskokous-ja-kauden-paattajaiset-2\/","url":"https:\/\/meripelastus.fi\/lahti\/saantomaarainen-syyskokous-ja-kauden-paattajaiset-2\/","name":"S\u00e4\u00e4nt\u00f6m\u00e4\u00e4r\u00e4inen syyskokous ja kauden p\u00e4\u00e4tt\u00e4j\u00e4iset - Lahden J\u00e4rvipelastajat","isPartOf":{"@id":"https:\/\/meripelastus.fi\/lahti\/#website"},"primaryImageOfPage":{"@id":"https:\/\/meripelastus.fi\/lahti\/saantomaarainen-syyskokous-ja-kauden-paattajaiset-2\/#primaryimage"},"image":{"@id":"https:\/\/meripelastus.fi\/lahti\/saantomaarainen-syyskokous-ja-kauden-paattajaiset-2\/#primaryimage"},"thumbnailUrl":"https:\/\/meripelastus.fi\/lahti\/wp-content\/uploads\/sites\/10\/2018\/11\/artikkeli1.jpg","datePublished":"2019-10-23T14:59:56+00:00","author":{"@id":"https:\/\/meripelastus.fi\/lahti\/#\/schema\/person\/ad18917bb74f61c90211c6772757d5f6"},"breadcrumb":{"@id":"https:\/\/meripelastus.fi\/lahti\/saantomaarainen-syyskokous-ja-kauden-paattajaiset-2\/#breadcrumb"},"inLanguage":"fi","potentialAction":[{"@type":"ReadAction","target":["https:\/\/meripelastus.fi\/lahti\/saantomaarainen-syyskokous-ja-kauden-paattajaiset-2\/"]}]},{"@type":"ImageObject","inLanguage":"fi","@id":"https:\/\/meripelastus.fi\/lahti\/saantomaarainen-syyskokous-ja-kauden-paattajaiset-2\/#primaryimage","url":"https:\/\/meripelastus.fi\/lahti\/wp-content\/uploads\/sites\/10\/2018\/11\/artikkeli1.jpg","contentUrl":"https:\/\/meripelastus.fi\/lahti\/wp-content\/uploads\/sites\/10\/2018\/11\/artikkeli1.jpg","width":1784,"height":1190},{"@type":"BreadcrumbList","@id":"https:\/\/meripelastus.fi\/lahti\/saantomaarainen-syyskokous-ja-kauden-paattajaiset-2\/#breadcrumb","itemListElement":[{"@type":"ListItem","position":1,"name":"Etusivu","item":"https:\/\/meripelastus.fi\/lahti\/"},{"@type":"ListItem","position":2,"name":"S\u00e4\u00e4nt\u00f6m\u00e4\u00e4r\u00e4inen syyskokous ja kauden p\u00e4\u00e4tt\u00e4j\u00e4iset"}]},{"@type":"WebSite","@id":"https:\/\/meripelastus.fi\/lahti\/#website","url":"https:\/\/meripelastus.fi\/lahti\/","name":"Lahden J\u00e4rvipelastajat","description":"Vapaaehtoiset apunasi vesill\u00e4","potentialAction":[{"@type":"SearchAction","target":{"@type":"EntryPoint","urlTemplate":"https:\/\/meripelastus.fi\/lahti\/?s={search_term_string}"},"query-input":{"@type":"PropertyValueSpecification","valueRequired":true,"valueName":"search_term_string"}}],"inLanguage":"fi"},{"@type":"Person","@id":"https:\/\/meripelastus.fi\/lahti\/#\/schema\/person\/ad18917bb74f61c90211c6772757d5f6","name":"esak","image":{"@type":"ImageObject","inLanguage":"fi","@id":"https:\/\/secure.gravatar.com\/avatar\/0dc0cccfcf6a4b279493ea5baf0e508046481ff286637cfc55d50dd0f1eacaf0?s=96&d=mm&r=g","url":"https:\/\/secure.gravatar.com\/avatar\/0dc0cccfcf6a4b279493ea5baf0e508046481ff286637cfc55d50dd0f1eacaf0?s=96&d=mm&r=g","contentUrl":"https:\/\/secure.gravatar.com\/avatar\/0dc0cccfcf6a4b279493ea5baf0e508046481ff286637cfc55d50dd0f1eacaf0?s=96&d=mm&r=g","caption":"esak"},"url":"https:\/\/meripelastus.fi\/lahti\/author\/esak\/"}]}},"_links":{"self":[{"href":"https:\/\/meripelastus.fi\/lahti\/wp-json\/wp\/v2\/posts\/409","targetHints":{"allow":["GET"]}}],"collection":[{"href":"https:\/\/meripelastus.fi\/lahti\/wp-json\/wp\/v2\/posts"}],"about":[{"href":"https:\/\/meripelastus.fi\/lahti\/wp-json\/wp\/v2\/types\/post"}],"author":[{"embeddable":true,"href":"https:\/\/meripelastus.fi\/lahti\/wp-json\/wp\/v2\/users\/17"}],"replies":[{"embeddable":true,"href":"https:\/\/meripelastus.fi\/lahti\/wp-json\/wp\/v2\/comments?post=409"}],"version-history":[{"count":2,"href":"https:\/\/meripelastus.fi\/lahti\/wp-json\/wp\/v2\/posts\/409\/revisions"}],"predecessor-version":[{"id":411,"href":"https:\/\/meripelastus.fi\/lahti\/wp-json\/wp\/v2\/posts\/409\/revisions\/411"}],"wp:featuredmedia":[{"embeddable":true,"href":"https:\/\/meripelastus.fi\/lahti\/wp-json\/wp\/v2\/media\/217"}],"wp:attachment":[{"href":"https:\/\/meripelastus.fi\/lahti\/wp-json\/wp\/v2\/media?parent=409"}],"wp:term":[{"taxonomy":"category","embeddable":true,"href":"https:\/\/meripelastus.fi\/lahti\/wp-json\/wp\/v2\/categories?post=409"},{"taxonomy":"post_tag","embeddable":true,"href":"https:\/\/meripelastus.fi\/lahti\/wp-json\/wp\/v2\/tags?post=409"}],"curies":[{"name":"wp","href":"https:\/\/api.w.org\/{rel}","templated":true}]}}