{"id":475,"date":"2023-03-30T11:30:03","date_gmt":"2023-03-30T08:30:03","guid":{"rendered":"https:\/\/meripelastus.fi\/kuopio\/?p=475"},"modified":"2023-03-30T11:30:43","modified_gmt":"2023-03-30T08:30:43","slug":"kallavesj-messut-pitkasta-aikaa","status":"publish","type":"post","link":"https:\/\/meripelastus.fi\/kuopio\/kallavesj-messut-pitkasta-aikaa\/","title":{"rendered":"Kallavesj&#8217;-messut pitk\u00e4st\u00e4 aikaa!"},"content":{"rendered":"<p><span>Kuopion Pursiseura j\u00e4rjest\u00e4\u00e4 Kallavesj&#8217;-messut Kuopio-hallissa 31.3.-2.4.2023<\/span><\/p>\n<p>Olemme mukana messuilla esittelem\u00e4ss\u00e4 toimintaamme ja kertomassa veneilyturvallisuudesta. Tervetuloa!<\/p>\n<p><a href=\"https:\/\/kallavesj.fi\/\">https:\/\/kallavesj.fi\/<\/a><\/p>\n","protected":false},"excerpt":{"rendered":"<p>Kuopion Pursiseura j\u00e4rjest\u00e4\u00e4 Kallavesj&#8217;-messut Kuopio-hallissa 31.3.-2.4.2023 Olemme mukana messuilla esittelem\u00e4ss\u00e4 toimintaamme ja kertomassa veneilyturvallisuudesta. Tervetuloa! https:\/\/kallavesj.fi\/<\/p>\n","protected":false},"author":35,"featured_media":0,"comment_status":"closed","ping_status":"open","sticky":false,"template":"","format":"standard","meta":{"_acf_changed":false,"inline_featured_image":false,"footnotes":""},"categories":[1],"tags":[],"class_list":["post-475","post","type-post","status-publish","format-standard","hentry","category-uutiset"],"acf":[],"yoast_head":"<!-- This site is optimized with the Yoast SEO Premium plugin v27.4 (Yoast SEO v27.4) - https:\/\/yoast.com\/product\/yoast-seo-premium-wordpress\/ -->\n<title>Kallavesj&#039;-messut pitk\u00e4st\u00e4 aikaa! - Kuopion J\u00e4rvipelastajat<\/title>\n<meta name=\"robots\" content=\"index, follow, max-snippet:-1, max-image-preview:large, max-video-preview:-1\" \/>\n<link rel=\"canonical\" href=\"https:\/\/meripelastus.fi\/kuopio\/kallavesj-messut-pitkasta-aikaa\/\" \/>\n<meta property=\"og:locale\" content=\"fi_FI\" \/>\n<meta property=\"og:type\" content=\"article\" \/>\n<meta property=\"og:title\" content=\"Kallavesj&#039;-messut pitk\u00e4st\u00e4 aikaa!\" \/>\n<meta property=\"og:description\" content=\"Kuopion Pursiseura j\u00e4rjest\u00e4\u00e4 Kallavesj&#8217;-messut Kuopio-hallissa 31.3.-2.4.2023 Olemme mukana messuilla esittelem\u00e4ss\u00e4 toimintaamme ja kertomassa veneilyturvallisuudesta. Tervetuloa! https:\/\/kallavesj.fi\/\" \/>\n<meta property=\"og:url\" content=\"https:\/\/meripelastus.fi\/kuopio\/kallavesj-messut-pitkasta-aikaa\/\" \/>\n<meta property=\"og:site_name\" content=\"Kuopion J\u00e4rvipelastajat\" \/>\n<meta property=\"article:published_time\" content=\"2023-03-30T08:30:03+00:00\" \/>\n<meta property=\"article:modified_time\" content=\"2023-03-30T08:30:43+00:00\" \/>\n<meta name=\"author\" content=\"antti\" \/>\n<meta name=\"twitter:card\" content=\"summary_large_image\" \/>\n<meta name=\"twitter:label1\" content=\"Kirjoittanut\" \/>\n\t<meta name=\"twitter:data1\" content=\"antti\" \/>\n\t<meta name=\"twitter:label2\" content=\"Arvioitu lukuaika\" \/>\n\t<meta name=\"twitter:data2\" content=\"1 minuutti\" \/>\n<script type=\"application\/ld+json\" class=\"yoast-schema-graph\">{\"@context\":\"https:\\\/\\\/schema.org\",\"@graph\":[{\"@type\":\"Article\",\"@id\":\"https:\\\/\\\/meripelastus.fi\\\/kuopio\\\/kallavesj-messut-pitkasta-aikaa\\\/#article\",\"isPartOf\":{\"@id\":\"https:\\\/\\\/meripelastus.fi\\\/kuopio\\\/kallavesj-messut-pitkasta-aikaa\\\/\"},\"author\":{\"name\":\"antti\",\"@id\":\"https:\\\/\\\/meripelastus.fi\\\/kuopio\\\/#\\\/schema\\\/person\\\/477565812da0b7e9c0196aad8c94da59\"},\"headline\":\"Kallavesj&#8217;-messut pitk\u00e4st\u00e4 aikaa!\",\"datePublished\":\"2023-03-30T08:30:03+00:00\",\"dateModified\":\"2023-03-30T08:30:43+00:00\",\"mainEntityOfPage\":{\"@id\":\"https:\\\/\\\/meripelastus.fi\\\/kuopio\\\/kallavesj-messut-pitkasta-aikaa\\\/\"},\"wordCount\":26,\"articleSection\":[\"Uutiset\"],\"inLanguage\":\"fi\"},{\"@type\":\"WebPage\",\"@id\":\"https:\\\/\\\/meripelastus.fi\\\/kuopio\\\/kallavesj-messut-pitkasta-aikaa\\\/\",\"url\":\"https:\\\/\\\/meripelastus.fi\\\/kuopio\\\/kallavesj-messut-pitkasta-aikaa\\\/\",\"name\":\"Kallavesj'-messut pitk\u00e4st\u00e4 aikaa! - Kuopion J\u00e4rvipelastajat\",\"isPartOf\":{\"@id\":\"https:\\\/\\\/meripelastus.fi\\\/kuopio\\\/#website\"},\"datePublished\":\"2023-03-30T08:30:03+00:00\",\"dateModified\":\"2023-03-30T08:30:43+00:00\",\"author\":{\"@id\":\"https:\\\/\\\/meripelastus.fi\\\/kuopio\\\/#\\\/schema\\\/person\\\/477565812da0b7e9c0196aad8c94da59\"},\"breadcrumb\":{\"@id\":\"https:\\\/\\\/meripelastus.fi\\\/kuopio\\\/kallavesj-messut-pitkasta-aikaa\\\/#breadcrumb\"},\"inLanguage\":\"fi\",\"potentialAction\":[{\"@type\":\"ReadAction\",\"target\":[\"https:\\\/\\\/meripelastus.fi\\\/kuopio\\\/kallavesj-messut-pitkasta-aikaa\\\/\"]}]},{\"@type\":\"BreadcrumbList\",\"@id\":\"https:\\\/\\\/meripelastus.fi\\\/kuopio\\\/kallavesj-messut-pitkasta-aikaa\\\/#breadcrumb\",\"itemListElement\":[{\"@type\":\"ListItem\",\"position\":1,\"name\":\"Etusivu\",\"item\":\"https:\\\/\\\/meripelastus.fi\\\/kuopio\\\/\"},{\"@type\":\"ListItem\",\"position\":2,\"name\":\"Kallavesj&#8217;-messut pitk\u00e4st\u00e4 aikaa!\"}]},{\"@type\":\"WebSite\",\"@id\":\"https:\\\/\\\/meripelastus.fi\\\/kuopio\\\/#website\",\"url\":\"https:\\\/\\\/meripelastus.fi\\\/kuopio\\\/\",\"name\":\"Kuopion J\u00e4rvipelastajat\",\"description\":\"Vapaaehtoiset apunasi vesill\u00e4\",\"potentialAction\":[{\"@type\":\"SearchAction\",\"target\":{\"@type\":\"EntryPoint\",\"urlTemplate\":\"https:\\\/\\\/meripelastus.fi\\\/kuopio\\\/?s={search_term_string}\"},\"query-input\":{\"@type\":\"PropertyValueSpecification\",\"valueRequired\":true,\"valueName\":\"search_term_string\"}}],\"inLanguage\":\"fi\"},{\"@type\":\"Person\",\"@id\":\"https:\\\/\\\/meripelastus.fi\\\/kuopio\\\/#\\\/schema\\\/person\\\/477565812da0b7e9c0196aad8c94da59\",\"name\":\"antti\",\"image\":{\"@type\":\"ImageObject\",\"inLanguage\":\"fi\",\"@id\":\"https:\\\/\\\/secure.gravatar.com\\\/avatar\\\/d1891c2063e41545af0c517917cfa34cba050d0cf683f14dd514d5659a232e27?s=96&d=mm&r=g\",\"url\":\"https:\\\/\\\/secure.gravatar.com\\\/avatar\\\/d1891c2063e41545af0c517917cfa34cba050d0cf683f14dd514d5659a232e27?s=96&d=mm&r=g\",\"contentUrl\":\"https:\\\/\\\/secure.gravatar.com\\\/avatar\\\/d1891c2063e41545af0c517917cfa34cba050d0cf683f14dd514d5659a232e27?s=96&d=mm&r=g\",\"caption\":\"antti\"},\"url\":\"https:\\\/\\\/meripelastus.fi\\\/kuopio\\\/author\\\/antti\\\/\"}]}<\/script>\n<!-- \/ Yoast SEO Premium plugin. -->","yoast_head_json":{"title":"Kallavesj'-messut pitk\u00e4st\u00e4 aikaa! - Kuopion J\u00e4rvipelastajat","robots":{"index":"index","follow":"follow","max-snippet":"max-snippet:-1","max-image-preview":"max-image-preview:large","max-video-preview":"max-video-preview:-1"},"canonical":"https:\/\/meripelastus.fi\/kuopio\/kallavesj-messut-pitkasta-aikaa\/","og_locale":"fi_FI","og_type":"article","og_title":"Kallavesj'-messut pitk\u00e4st\u00e4 aikaa!","og_description":"Kuopion Pursiseura j\u00e4rjest\u00e4\u00e4 Kallavesj&#8217;-messut Kuopio-hallissa 31.3.-2.4.2023 Olemme mukana messuilla esittelem\u00e4ss\u00e4 toimintaamme ja kertomassa veneilyturvallisuudesta. Tervetuloa! https:\/\/kallavesj.fi\/","og_url":"https:\/\/meripelastus.fi\/kuopio\/kallavesj-messut-pitkasta-aikaa\/","og_site_name":"Kuopion J\u00e4rvipelastajat","article_published_time":"2023-03-30T08:30:03+00:00","article_modified_time":"2023-03-30T08:30:43+00:00","author":"antti","twitter_card":"summary_large_image","twitter_misc":{"Kirjoittanut":"antti","Arvioitu lukuaika":"1 minuutti"},"schema":{"@context":"https:\/\/schema.org","@graph":[{"@type":"Article","@id":"https:\/\/meripelastus.fi\/kuopio\/kallavesj-messut-pitkasta-aikaa\/#article","isPartOf":{"@id":"https:\/\/meripelastus.fi\/kuopio\/kallavesj-messut-pitkasta-aikaa\/"},"author":{"name":"antti","@id":"https:\/\/meripelastus.fi\/kuopio\/#\/schema\/person\/477565812da0b7e9c0196aad8c94da59"},"headline":"Kallavesj&#8217;-messut pitk\u00e4st\u00e4 aikaa!","datePublished":"2023-03-30T08:30:03+00:00","dateModified":"2023-03-30T08:30:43+00:00","mainEntityOfPage":{"@id":"https:\/\/meripelastus.fi\/kuopio\/kallavesj-messut-pitkasta-aikaa\/"},"wordCount":26,"articleSection":["Uutiset"],"inLanguage":"fi"},{"@type":"WebPage","@id":"https:\/\/meripelastus.fi\/kuopio\/kallavesj-messut-pitkasta-aikaa\/","url":"https:\/\/meripelastus.fi\/kuopio\/kallavesj-messut-pitkasta-aikaa\/","name":"Kallavesj'-messut pitk\u00e4st\u00e4 aikaa! - Kuopion J\u00e4rvipelastajat","isPartOf":{"@id":"https:\/\/meripelastus.fi\/kuopio\/#website"},"datePublished":"2023-03-30T08:30:03+00:00","dateModified":"2023-03-30T08:30:43+00:00","author":{"@id":"https:\/\/meripelastus.fi\/kuopio\/#\/schema\/person\/477565812da0b7e9c0196aad8c94da59"},"breadcrumb":{"@id":"https:\/\/meripelastus.fi\/kuopio\/kallavesj-messut-pitkasta-aikaa\/#breadcrumb"},"inLanguage":"fi","potentialAction":[{"@type":"ReadAction","target":["https:\/\/meripelastus.fi\/kuopio\/kallavesj-messut-pitkasta-aikaa\/"]}]},{"@type":"BreadcrumbList","@id":"https:\/\/meripelastus.fi\/kuopio\/kallavesj-messut-pitkasta-aikaa\/#breadcrumb","itemListElement":[{"@type":"ListItem","position":1,"name":"Etusivu","item":"https:\/\/meripelastus.fi\/kuopio\/"},{"@type":"ListItem","position":2,"name":"Kallavesj&#8217;-messut pitk\u00e4st\u00e4 aikaa!"}]},{"@type":"WebSite","@id":"https:\/\/meripelastus.fi\/kuopio\/#website","url":"https:\/\/meripelastus.fi\/kuopio\/","name":"Kuopion J\u00e4rvipelastajat","description":"Vapaaehtoiset apunasi vesill\u00e4","potentialAction":[{"@type":"SearchAction","target":{"@type":"EntryPoint","urlTemplate":"https:\/\/meripelastus.fi\/kuopio\/?s={search_term_string}"},"query-input":{"@type":"PropertyValueSpecification","valueRequired":true,"valueName":"search_term_string"}}],"inLanguage":"fi"},{"@type":"Person","@id":"https:\/\/meripelastus.fi\/kuopio\/#\/schema\/person\/477565812da0b7e9c0196aad8c94da59","name":"antti","image":{"@type":"ImageObject","inLanguage":"fi","@id":"https:\/\/secure.gravatar.com\/avatar\/d1891c2063e41545af0c517917cfa34cba050d0cf683f14dd514d5659a232e27?s=96&d=mm&r=g","url":"https:\/\/secure.gravatar.com\/avatar\/d1891c2063e41545af0c517917cfa34cba050d0cf683f14dd514d5659a232e27?s=96&d=mm&r=g","contentUrl":"https:\/\/secure.gravatar.com\/avatar\/d1891c2063e41545af0c517917cfa34cba050d0cf683f14dd514d5659a232e27?s=96&d=mm&r=g","caption":"antti"},"url":"https:\/\/meripelastus.fi\/kuopio\/author\/antti\/"}]}},"_links":{"self":[{"href":"https:\/\/meripelastus.fi\/kuopio\/wp-json\/wp\/v2\/posts\/475","targetHints":{"allow":["GET"]}}],"collection":[{"href":"https:\/\/meripelastus.fi\/kuopio\/wp-json\/wp\/v2\/posts"}],"about":[{"href":"https:\/\/meripelastus.fi\/kuopio\/wp-json\/wp\/v2\/types\/post"}],"author":[{"embeddable":true,"href":"https:\/\/meripelastus.fi\/kuopio\/wp-json\/wp\/v2\/users\/35"}],"replies":[{"embeddable":true,"href":"https:\/\/meripelastus.fi\/kuopio\/wp-json\/wp\/v2\/comments?post=475"}],"version-history":[{"count":2,"href":"https:\/\/meripelastus.fi\/kuopio\/wp-json\/wp\/v2\/posts\/475\/revisions"}],"predecessor-version":[{"id":477,"href":"https:\/\/meripelastus.fi\/kuopio\/wp-json\/wp\/v2\/posts\/475\/revisions\/477"}],"wp:attachment":[{"href":"https:\/\/meripelastus.fi\/kuopio\/wp-json\/wp\/v2\/media?parent=475"}],"wp:term":[{"taxonomy":"category","embeddable":true,"href":"https:\/\/meripelastus.fi\/kuopio\/wp-json\/wp\/v2\/categories?post=475"},{"taxonomy":"post_tag","embeddable":true,"href":"https:\/\/meripelastus.fi\/kuopio\/wp-json\/wp\/v2\/tags?post=475"}],"curies":[{"name":"wp","href":"https:\/\/api.w.org\/{rel}","templated":true}]}}