{"id":413,"date":"2022-06-22T13:49:38","date_gmt":"2022-06-22T10:49:38","guid":{"rendered":"https:\/\/meripelastus.fi\/kotka\/?p=413"},"modified":"2022-06-23T08:12:02","modified_gmt":"2022-06-23T05:12:02","slug":"kotkan-meripelastajat-valittomassa-lahtovalmiudessa-juhannuksena","status":"publish","type":"post","link":"https:\/\/meripelastus.fi\/kotka\/kotkan-meripelastajat-valittomassa-lahtovalmiudessa-juhannuksena\/","title":{"rendered":"Kotkan Meripelastajat v\u00e4litt\u00f6m\u00e4ss\u00e4 l\u00e4ht\u00f6valmiudessa juhannuksena"},"content":{"rendered":"<p>Kotkan vapaaehtoiset meripelastajat ovat mukana <a href=\"https:\/\/meripelastus.fi\/blog\/2022\/06\/21\/vapaaehtoisten-meripelastajien-operaatio-meritahti-turvaa-juhannusta-vesilla\/\">Meripelastusseuran Operaatio Merit\u00e4hdess\u00e4<\/a> ja v\u00e4litt\u00f6m\u00e4ss\u00e4 l\u00e4ht\u00f6valmiudessa juhannuksen l\u00e4pi. Aloitamme partioinnin<strong> torstaina 23.6. kello 16:00<\/strong> ja lopetamme juhannusp\u00e4ivystyksen <strong>sunnuntaina 26.6. kello 20:00<\/strong>. Voit seurata juhannusp\u00e4ivystyksemme kulkua <a href=\"https:\/\/www.instagram.com\/meripelastuskotka\/\">instagramissa!<\/a><\/p>\n<p>Viime vuonna miehist\u00f6mme suoritti <strong>juhannuksen aikana yhteens\u00e4 12 teht\u00e4v\u00e4\u00e4<\/strong>. Teht\u00e4vi\u00e4 oli mm. veneen teknisi\u00e4 vikoja, ensivasteteht\u00e4vi\u00e4 sek\u00e4 vesiliikenneonnettomuuksia.<\/p>\n<p>Suosittelemme kaikkia veneilij\u00f6it\u00e4 pit\u00e4m\u00e4\u00e4n pelastusliivit aina p\u00e4\u00e4ll\u00e4 kun liikutaan vesill\u00e4 ja tekem\u00e4\u00e4n reittisuunnitelman sek\u00e4 tarkistamaan s\u00e4\u00e4olosuhteet ennen l\u00e4ht\u00f6\u00e4. Voit kerrata veneilytaitoja osoitteessa <a href=\"https:\/\/veneilytaito.fi\/koulutus\/\">veneilytaito.fi<\/a><\/p>\n<p>Lis\u00e4\u00e4 my\u00f6s puhelimeesi meripelastuskeskuksen h\u00e4lytysnumero<strong> 0294 1000<\/strong> h\u00e4t\u00e4tilanteita varten. Voit my\u00f6s soittaa 112-sovelluksen kautta.<\/p>\n<p>Meripelastusyhdistyksien <a href=\"https:\/\/meripelastus.fi\/trossi\/trossi-palvelunumero\/\">Trossi-palvelunumero<\/a> p\u00e4ivyst\u00e4\u00e4 my\u00f6s juhannuksena kiireett\u00f6miss\u00e4 ongelmatilanteissa numerossa <strong>0800 30 22 30<\/strong>.<\/p>\n","protected":false},"excerpt":{"rendered":"<p>Kotkan vapaaehtoiset meripelastajat ovat mukana Meripelastusseuran Operaatio Merit\u00e4hdess\u00e4 ja v\u00e4litt\u00f6m\u00e4ss\u00e4 l\u00e4ht\u00f6valmiudessa juhannuksen l\u00e4pi. Aloitamme partioinnin torstaina 23.6. kello 16:00 ja lopetamme juhannusp\u00e4ivystyksen sunnuntaina 26.6. kello 20:00. Voit seurata juhannusp\u00e4ivystyksemme kulkua instagramissa! Viime vuonna miehist\u00f6mme suoritti juhannuksen aikana yhteens\u00e4 12 teht\u00e4v\u00e4\u00e4. Teht\u00e4vi\u00e4 oli mm. veneen teknisi\u00e4 vikoja, ensivasteteht\u00e4vi\u00e4 sek\u00e4 vesiliikenneonnettomuuksia. Suosittelemme kaikkia veneilij\u00f6it\u00e4 pit\u00e4m\u00e4\u00e4n pelastusliivit aina [&hellip;]<\/p>\n","protected":false},"author":48,"featured_media":414,"comment_status":"closed","ping_status":"open","sticky":false,"template":"","format":"standard","meta":{"_acf_changed":false,"inline_featured_image":false,"footnotes":""},"categories":[1],"tags":[11,10,12,9,8],"class_list":["post-413","post","type-post","status-publish","format-standard","has-post-thumbnail","hentry","category-uutiset","tag-11","tag-juhannus","tag-juhannuspaivystys","tag-meripelastus","tag-operaatio-meritahti"],"acf":[],"yoast_head":"<!-- This site is optimized with the Yoast SEO Premium plugin v27.4 (Yoast SEO v27.4) - https:\/\/yoast.com\/product\/yoast-seo-premium-wordpress\/ -->\n<title>Kotkan Meripelastajat v\u00e4litt\u00f6m\u00e4ss\u00e4 l\u00e4ht\u00f6valmiudessa juhannuksena - Kotkan Meripelastusyhdistys<\/title>\n<meta name=\"description\" content=\"Kotkan vapaaehtoiset meripelastajat ovat mukana Meripelastusseuran Operaatio Merit\u00e4hdess\u00e4 ja v\u00e4litt\u00f6m\u00e4ss\u00e4 l\u00e4ht\u00f6valmiudessa juhannuksen l\u00e4pi.\" \/>\n<meta name=\"robots\" content=\"index, follow, max-snippet:-1, max-image-preview:large, max-video-preview:-1\" \/>\n<link rel=\"canonical\" href=\"https:\/\/meripelastus.fi\/kotka\/kotkan-meripelastajat-valittomassa-lahtovalmiudessa-juhannuksena\/\" \/>\n<meta property=\"og:locale\" content=\"fi_FI\" \/>\n<meta property=\"og:type\" content=\"article\" \/>\n<meta property=\"og:title\" content=\"Kotkan Meripelastajat v\u00e4litt\u00f6m\u00e4ss\u00e4 l\u00e4ht\u00f6valmiudessa juhannuksena\" \/>\n<meta property=\"og:description\" content=\"Kotkan vapaaehtoiset meripelastajat ovat mukana Meripelastusseuran Operaatio Merit\u00e4hdess\u00e4 ja v\u00e4litt\u00f6m\u00e4ss\u00e4 l\u00e4ht\u00f6valmiudessa juhannuksen l\u00e4pi.\" \/>\n<meta property=\"og:url\" content=\"https:\/\/meripelastus.fi\/kotka\/kotkan-meripelastajat-valittomassa-lahtovalmiudessa-juhannuksena\/\" \/>\n<meta property=\"og:site_name\" content=\"Kotkan Meripelastusyhdistys\" \/>\n<meta property=\"article:published_time\" content=\"2022-06-22T10:49:38+00:00\" \/>\n<meta property=\"article:modified_time\" content=\"2022-06-23T05:12:02+00:00\" \/>\n<meta property=\"og:image\" content=\"https:\/\/meripelastus.fi\/kotka\/wp-content\/uploads\/sites\/27\/2022\/06\/operaatio-merita\u2560ehti-tunnus_sin.png\" \/>\n\t<meta property=\"og:image:width\" content=\"1459\" \/>\n\t<meta property=\"og:image:height\" content=\"1459\" \/>\n\t<meta property=\"og:image:type\" content=\"image\/png\" \/>\n<meta name=\"author\" content=\"aleksi\" \/>\n<meta name=\"twitter:card\" content=\"summary_large_image\" \/>\n<meta name=\"twitter:label1\" content=\"Kirjoittanut\" \/>\n\t<meta name=\"twitter:data1\" content=\"aleksi\" \/>\n\t<meta name=\"twitter:label2\" content=\"Arvioitu lukuaika\" \/>\n\t<meta name=\"twitter:data2\" content=\"1 minuutti\" \/>\n<script type=\"application\/ld+json\" class=\"yoast-schema-graph\">{\"@context\":\"https:\\\/\\\/schema.org\",\"@graph\":[{\"@type\":\"Article\",\"@id\":\"https:\\\/\\\/meripelastus.fi\\\/kotka\\\/kotkan-meripelastajat-valittomassa-lahtovalmiudessa-juhannuksena\\\/#article\",\"isPartOf\":{\"@id\":\"https:\\\/\\\/meripelastus.fi\\\/kotka\\\/kotkan-meripelastajat-valittomassa-lahtovalmiudessa-juhannuksena\\\/\"},\"author\":{\"name\":\"aleksi\",\"@id\":\"https:\\\/\\\/meripelastus.fi\\\/kotka\\\/#\\\/schema\\\/person\\\/d65d280120b0a69496106174c9cb204f\"},\"headline\":\"Kotkan Meripelastajat v\u00e4litt\u00f6m\u00e4ss\u00e4 l\u00e4ht\u00f6valmiudessa juhannuksena\",\"datePublished\":\"2022-06-22T10:49:38+00:00\",\"dateModified\":\"2022-06-23T05:12:02+00:00\",\"mainEntityOfPage\":{\"@id\":\"https:\\\/\\\/meripelastus.fi\\\/kotka\\\/kotkan-meripelastajat-valittomassa-lahtovalmiudessa-juhannuksena\\\/\"},\"wordCount\":126,\"image\":{\"@id\":\"https:\\\/\\\/meripelastus.fi\\\/kotka\\\/kotkan-meripelastajat-valittomassa-lahtovalmiudessa-juhannuksena\\\/#primaryimage\"},\"thumbnailUrl\":\"https:\\\/\\\/meripelastus.fi\\\/kotka\\\/wp-content\\\/uploads\\\/sites\\\/27\\\/2022\\\/06\\\/operaatio-merita\u2560ehti-tunnus_sin.png\",\"keywords\":[\"2022\",\"juhannus\",\"juhannusp\u00e4ivystys\",\"meripelastus\",\"operaatio merit\u00e4hti\"],\"articleSection\":[\"Uutiset\"],\"inLanguage\":\"fi\"},{\"@type\":\"WebPage\",\"@id\":\"https:\\\/\\\/meripelastus.fi\\\/kotka\\\/kotkan-meripelastajat-valittomassa-lahtovalmiudessa-juhannuksena\\\/\",\"url\":\"https:\\\/\\\/meripelastus.fi\\\/kotka\\\/kotkan-meripelastajat-valittomassa-lahtovalmiudessa-juhannuksena\\\/\",\"name\":\"Kotkan Meripelastajat v\u00e4litt\u00f6m\u00e4ss\u00e4 l\u00e4ht\u00f6valmiudessa juhannuksena - Kotkan Meripelastusyhdistys\",\"isPartOf\":{\"@id\":\"https:\\\/\\\/meripelastus.fi\\\/kotka\\\/#website\"},\"primaryImageOfPage\":{\"@id\":\"https:\\\/\\\/meripelastus.fi\\\/kotka\\\/kotkan-meripelastajat-valittomassa-lahtovalmiudessa-juhannuksena\\\/#primaryimage\"},\"image\":{\"@id\":\"https:\\\/\\\/meripelastus.fi\\\/kotka\\\/kotkan-meripelastajat-valittomassa-lahtovalmiudessa-juhannuksena\\\/#primaryimage\"},\"thumbnailUrl\":\"https:\\\/\\\/meripelastus.fi\\\/kotka\\\/wp-content\\\/uploads\\\/sites\\\/27\\\/2022\\\/06\\\/operaatio-merita\u2560ehti-tunnus_sin.png\",\"datePublished\":\"2022-06-22T10:49:38+00:00\",\"dateModified\":\"2022-06-23T05:12:02+00:00\",\"author\":{\"@id\":\"https:\\\/\\\/meripelastus.fi\\\/kotka\\\/#\\\/schema\\\/person\\\/d65d280120b0a69496106174c9cb204f\"},\"description\":\"Kotkan vapaaehtoiset meripelastajat ovat mukana Meripelastusseuran Operaatio Merit\u00e4hdess\u00e4 ja v\u00e4litt\u00f6m\u00e4ss\u00e4 l\u00e4ht\u00f6valmiudessa juhannuksen l\u00e4pi.\",\"breadcrumb\":{\"@id\":\"https:\\\/\\\/meripelastus.fi\\\/kotka\\\/kotkan-meripelastajat-valittomassa-lahtovalmiudessa-juhannuksena\\\/#breadcrumb\"},\"inLanguage\":\"fi\",\"potentialAction\":[{\"@type\":\"ReadAction\",\"target\":[\"https:\\\/\\\/meripelastus.fi\\\/kotka\\\/kotkan-meripelastajat-valittomassa-lahtovalmiudessa-juhannuksena\\\/\"]}]},{\"@type\":\"ImageObject\",\"inLanguage\":\"fi\",\"@id\":\"https:\\\/\\\/meripelastus.fi\\\/kotka\\\/kotkan-meripelastajat-valittomassa-lahtovalmiudessa-juhannuksena\\\/#primaryimage\",\"url\":\"https:\\\/\\\/meripelastus.fi\\\/kotka\\\/wp-content\\\/uploads\\\/sites\\\/27\\\/2022\\\/06\\\/operaatio-merita\u2560ehti-tunnus_sin.png\",\"contentUrl\":\"https:\\\/\\\/meripelastus.fi\\\/kotka\\\/wp-content\\\/uploads\\\/sites\\\/27\\\/2022\\\/06\\\/operaatio-merita\u2560ehti-tunnus_sin.png\",\"width\":1459,\"height\":1459},{\"@type\":\"BreadcrumbList\",\"@id\":\"https:\\\/\\\/meripelastus.fi\\\/kotka\\\/kotkan-meripelastajat-valittomassa-lahtovalmiudessa-juhannuksena\\\/#breadcrumb\",\"itemListElement\":[{\"@type\":\"ListItem\",\"position\":1,\"name\":\"Etusivu\",\"item\":\"https:\\\/\\\/meripelastus.fi\\\/kotka\\\/\"},{\"@type\":\"ListItem\",\"position\":2,\"name\":\"Kotkan Meripelastajat v\u00e4litt\u00f6m\u00e4ss\u00e4 l\u00e4ht\u00f6valmiudessa juhannuksena\"}]},{\"@type\":\"WebSite\",\"@id\":\"https:\\\/\\\/meripelastus.fi\\\/kotka\\\/#website\",\"url\":\"https:\\\/\\\/meripelastus.fi\\\/kotka\\\/\",\"name\":\"Kotkan Meripelastusyhdistys\",\"description\":\"Vapaaehtoiset apunasi vesill\u00e4\",\"potentialAction\":[{\"@type\":\"SearchAction\",\"target\":{\"@type\":\"EntryPoint\",\"urlTemplate\":\"https:\\\/\\\/meripelastus.fi\\\/kotka\\\/?s={search_term_string}\"},\"query-input\":{\"@type\":\"PropertyValueSpecification\",\"valueRequired\":true,\"valueName\":\"search_term_string\"}}],\"inLanguage\":\"fi\"},{\"@type\":\"Person\",\"@id\":\"https:\\\/\\\/meripelastus.fi\\\/kotka\\\/#\\\/schema\\\/person\\\/d65d280120b0a69496106174c9cb204f\",\"name\":\"aleksi\",\"image\":{\"@type\":\"ImageObject\",\"inLanguage\":\"fi\",\"@id\":\"https:\\\/\\\/secure.gravatar.com\\\/avatar\\\/2f21b74951c4a4062776e29de67fbb057fb512d06814c6b5f0c9233273f5226b?s=96&d=mm&r=g\",\"url\":\"https:\\\/\\\/secure.gravatar.com\\\/avatar\\\/2f21b74951c4a4062776e29de67fbb057fb512d06814c6b5f0c9233273f5226b?s=96&d=mm&r=g\",\"contentUrl\":\"https:\\\/\\\/secure.gravatar.com\\\/avatar\\\/2f21b74951c4a4062776e29de67fbb057fb512d06814c6b5f0c9233273f5226b?s=96&d=mm&r=g\",\"caption\":\"aleksi\"},\"url\":\"https:\\\/\\\/meripelastus.fi\\\/kotka\\\/author\\\/aleksi\\\/\"}]}<\/script>\n<!-- \/ Yoast SEO Premium plugin. -->","yoast_head_json":{"title":"Kotkan Meripelastajat v\u00e4litt\u00f6m\u00e4ss\u00e4 l\u00e4ht\u00f6valmiudessa juhannuksena - Kotkan Meripelastusyhdistys","description":"Kotkan vapaaehtoiset meripelastajat ovat mukana Meripelastusseuran Operaatio Merit\u00e4hdess\u00e4 ja v\u00e4litt\u00f6m\u00e4ss\u00e4 l\u00e4ht\u00f6valmiudessa juhannuksen l\u00e4pi.","robots":{"index":"index","follow":"follow","max-snippet":"max-snippet:-1","max-image-preview":"max-image-preview:large","max-video-preview":"max-video-preview:-1"},"canonical":"https:\/\/meripelastus.fi\/kotka\/kotkan-meripelastajat-valittomassa-lahtovalmiudessa-juhannuksena\/","og_locale":"fi_FI","og_type":"article","og_title":"Kotkan Meripelastajat v\u00e4litt\u00f6m\u00e4ss\u00e4 l\u00e4ht\u00f6valmiudessa juhannuksena","og_description":"Kotkan vapaaehtoiset meripelastajat ovat mukana Meripelastusseuran Operaatio Merit\u00e4hdess\u00e4 ja v\u00e4litt\u00f6m\u00e4ss\u00e4 l\u00e4ht\u00f6valmiudessa juhannuksen l\u00e4pi.","og_url":"https:\/\/meripelastus.fi\/kotka\/kotkan-meripelastajat-valittomassa-lahtovalmiudessa-juhannuksena\/","og_site_name":"Kotkan Meripelastusyhdistys","article_published_time":"2022-06-22T10:49:38+00:00","article_modified_time":"2022-06-23T05:12:02+00:00","og_image":[{"width":1459,"height":1459,"url":"https:\/\/meripelastus.fi\/kotka\/wp-content\/uploads\/sites\/27\/2022\/06\/operaatio-merita\u2560ehti-tunnus_sin.png","type":"image\/png"}],"author":"aleksi","twitter_card":"summary_large_image","twitter_misc":{"Kirjoittanut":"aleksi","Arvioitu lukuaika":"1 minuutti"},"schema":{"@context":"https:\/\/schema.org","@graph":[{"@type":"Article","@id":"https:\/\/meripelastus.fi\/kotka\/kotkan-meripelastajat-valittomassa-lahtovalmiudessa-juhannuksena\/#article","isPartOf":{"@id":"https:\/\/meripelastus.fi\/kotka\/kotkan-meripelastajat-valittomassa-lahtovalmiudessa-juhannuksena\/"},"author":{"name":"aleksi","@id":"https:\/\/meripelastus.fi\/kotka\/#\/schema\/person\/d65d280120b0a69496106174c9cb204f"},"headline":"Kotkan Meripelastajat v\u00e4litt\u00f6m\u00e4ss\u00e4 l\u00e4ht\u00f6valmiudessa juhannuksena","datePublished":"2022-06-22T10:49:38+00:00","dateModified":"2022-06-23T05:12:02+00:00","mainEntityOfPage":{"@id":"https:\/\/meripelastus.fi\/kotka\/kotkan-meripelastajat-valittomassa-lahtovalmiudessa-juhannuksena\/"},"wordCount":126,"image":{"@id":"https:\/\/meripelastus.fi\/kotka\/kotkan-meripelastajat-valittomassa-lahtovalmiudessa-juhannuksena\/#primaryimage"},"thumbnailUrl":"https:\/\/meripelastus.fi\/kotka\/wp-content\/uploads\/sites\/27\/2022\/06\/operaatio-merita\u2560ehti-tunnus_sin.png","keywords":["2022","juhannus","juhannusp\u00e4ivystys","meripelastus","operaatio merit\u00e4hti"],"articleSection":["Uutiset"],"inLanguage":"fi"},{"@type":"WebPage","@id":"https:\/\/meripelastus.fi\/kotka\/kotkan-meripelastajat-valittomassa-lahtovalmiudessa-juhannuksena\/","url":"https:\/\/meripelastus.fi\/kotka\/kotkan-meripelastajat-valittomassa-lahtovalmiudessa-juhannuksena\/","name":"Kotkan Meripelastajat v\u00e4litt\u00f6m\u00e4ss\u00e4 l\u00e4ht\u00f6valmiudessa juhannuksena - Kotkan Meripelastusyhdistys","isPartOf":{"@id":"https:\/\/meripelastus.fi\/kotka\/#website"},"primaryImageOfPage":{"@id":"https:\/\/meripelastus.fi\/kotka\/kotkan-meripelastajat-valittomassa-lahtovalmiudessa-juhannuksena\/#primaryimage"},"image":{"@id":"https:\/\/meripelastus.fi\/kotka\/kotkan-meripelastajat-valittomassa-lahtovalmiudessa-juhannuksena\/#primaryimage"},"thumbnailUrl":"https:\/\/meripelastus.fi\/kotka\/wp-content\/uploads\/sites\/27\/2022\/06\/operaatio-merita\u2560ehti-tunnus_sin.png","datePublished":"2022-06-22T10:49:38+00:00","dateModified":"2022-06-23T05:12:02+00:00","author":{"@id":"https:\/\/meripelastus.fi\/kotka\/#\/schema\/person\/d65d280120b0a69496106174c9cb204f"},"description":"Kotkan vapaaehtoiset meripelastajat ovat mukana Meripelastusseuran Operaatio Merit\u00e4hdess\u00e4 ja v\u00e4litt\u00f6m\u00e4ss\u00e4 l\u00e4ht\u00f6valmiudessa juhannuksen l\u00e4pi.","breadcrumb":{"@id":"https:\/\/meripelastus.fi\/kotka\/kotkan-meripelastajat-valittomassa-lahtovalmiudessa-juhannuksena\/#breadcrumb"},"inLanguage":"fi","potentialAction":[{"@type":"ReadAction","target":["https:\/\/meripelastus.fi\/kotka\/kotkan-meripelastajat-valittomassa-lahtovalmiudessa-juhannuksena\/"]}]},{"@type":"ImageObject","inLanguage":"fi","@id":"https:\/\/meripelastus.fi\/kotka\/kotkan-meripelastajat-valittomassa-lahtovalmiudessa-juhannuksena\/#primaryimage","url":"https:\/\/meripelastus.fi\/kotka\/wp-content\/uploads\/sites\/27\/2022\/06\/operaatio-merita\u2560ehti-tunnus_sin.png","contentUrl":"https:\/\/meripelastus.fi\/kotka\/wp-content\/uploads\/sites\/27\/2022\/06\/operaatio-merita\u2560ehti-tunnus_sin.png","width":1459,"height":1459},{"@type":"BreadcrumbList","@id":"https:\/\/meripelastus.fi\/kotka\/kotkan-meripelastajat-valittomassa-lahtovalmiudessa-juhannuksena\/#breadcrumb","itemListElement":[{"@type":"ListItem","position":1,"name":"Etusivu","item":"https:\/\/meripelastus.fi\/kotka\/"},{"@type":"ListItem","position":2,"name":"Kotkan Meripelastajat v\u00e4litt\u00f6m\u00e4ss\u00e4 l\u00e4ht\u00f6valmiudessa juhannuksena"}]},{"@type":"WebSite","@id":"https:\/\/meripelastus.fi\/kotka\/#website","url":"https:\/\/meripelastus.fi\/kotka\/","name":"Kotkan Meripelastusyhdistys","description":"Vapaaehtoiset apunasi vesill\u00e4","potentialAction":[{"@type":"SearchAction","target":{"@type":"EntryPoint","urlTemplate":"https:\/\/meripelastus.fi\/kotka\/?s={search_term_string}"},"query-input":{"@type":"PropertyValueSpecification","valueRequired":true,"valueName":"search_term_string"}}],"inLanguage":"fi"},{"@type":"Person","@id":"https:\/\/meripelastus.fi\/kotka\/#\/schema\/person\/d65d280120b0a69496106174c9cb204f","name":"aleksi","image":{"@type":"ImageObject","inLanguage":"fi","@id":"https:\/\/secure.gravatar.com\/avatar\/2f21b74951c4a4062776e29de67fbb057fb512d06814c6b5f0c9233273f5226b?s=96&d=mm&r=g","url":"https:\/\/secure.gravatar.com\/avatar\/2f21b74951c4a4062776e29de67fbb057fb512d06814c6b5f0c9233273f5226b?s=96&d=mm&r=g","contentUrl":"https:\/\/secure.gravatar.com\/avatar\/2f21b74951c4a4062776e29de67fbb057fb512d06814c6b5f0c9233273f5226b?s=96&d=mm&r=g","caption":"aleksi"},"url":"https:\/\/meripelastus.fi\/kotka\/author\/aleksi\/"}]}},"_links":{"self":[{"href":"https:\/\/meripelastus.fi\/kotka\/wp-json\/wp\/v2\/posts\/413","targetHints":{"allow":["GET"]}}],"collection":[{"href":"https:\/\/meripelastus.fi\/kotka\/wp-json\/wp\/v2\/posts"}],"about":[{"href":"https:\/\/meripelastus.fi\/kotka\/wp-json\/wp\/v2\/types\/post"}],"author":[{"embeddable":true,"href":"https:\/\/meripelastus.fi\/kotka\/wp-json\/wp\/v2\/users\/48"}],"replies":[{"embeddable":true,"href":"https:\/\/meripelastus.fi\/kotka\/wp-json\/wp\/v2\/comments?post=413"}],"version-history":[{"count":14,"href":"https:\/\/meripelastus.fi\/kotka\/wp-json\/wp\/v2\/posts\/413\/revisions"}],"predecessor-version":[{"id":428,"href":"https:\/\/meripelastus.fi\/kotka\/wp-json\/wp\/v2\/posts\/413\/revisions\/428"}],"wp:featuredmedia":[{"embeddable":true,"href":"https:\/\/meripelastus.fi\/kotka\/wp-json\/wp\/v2\/media\/414"}],"wp:attachment":[{"href":"https:\/\/meripelastus.fi\/kotka\/wp-json\/wp\/v2\/media?parent=413"}],"wp:term":[{"taxonomy":"category","embeddable":true,"href":"https:\/\/meripelastus.fi\/kotka\/wp-json\/wp\/v2\/categories?post=413"},{"taxonomy":"post_tag","embeddable":true,"href":"https:\/\/meripelastus.fi\/kotka\/wp-json\/wp\/v2\/tags?post=413"}],"curies":[{"name":"wp","href":"https:\/\/api.w.org\/{rel}","templated":true}]}}