{"id":586,"date":"2018-05-29T10:41:37","date_gmt":"2018-05-29T07:41:37","guid":{"rendered":"https:\/\/meripelastus.fi\/jyvaskyla\/?p=586"},"modified":"2022-03-18T11:33:13","modified_gmt":"2022-03-18T09:33:13","slug":"yhdessa-vesille-kampanja-kala-ja-kevatmarkkinoilla","status":"publish","type":"post","link":"https:\/\/meripelastus.fi\/jyvaskyla\/yhdessa-vesille-kampanja-kala-ja-kevatmarkkinoilla\/","title":{"rendered":"Yhdess\u00e4 vesille -kampanja Kala- ja kev\u00e4tmarkkinoilla"},"content":{"rendered":"<p>Jyv\u00e4skyl\u00e4n j\u00e4rvipelastajat olivat 19-20.5 Kala- ja kev\u00e4tmarkkinoilla esill\u00e4 Jyv\u00e4skyl\u00e4n satamassa. Olimme osana SPV:n j\u00e4rjest\u00e4m\u00e4\u00e4 kampanjaa Yhdess\u00e4 vesille. m\/s Satu -alus toteutti teemaa n\u00e4yt\u00f6sluontoisesti, sill\u00e4 Satu teki risteilyn kipparinaan Harri Kaikkonen ja kansimiehen\u00e4\u00e4n Antero Lepp\u00e4nen. Risteilyn kohokohtana oli evakuointin\u00e4yt\u00f6s, jossa Jyv\u00e4skyl\u00e4n ja Korpilahden j\u00e4rvipelastajat evakuoivat kaikki matkustajat.<br \/>\nMarkkinaviikonloppu Jyv\u00e4skyl\u00e4n satamassa huipentui Keski-Suomen Pelastuslaitoksen sukellusn\u00e4yt\u00f6kseen. Palomestari Tuomas Juuti kertoi runsaslukuiselle yleis\u00f6lle kuinka sukeltaja toimii ty\u00f6ss\u00e4\u00e4n. N\u00e4yt\u00f6ksess\u00e4 meill\u00e4 oli sukeltajaan puheyhteys, sukeltaja kertoili kuinka pohjassa n\u00e4kyy mudan seassa polkupy\u00f6ri\u00e4. N\u00e4yt\u00f6s oli todella mielenkiintoinen.<br \/>\nKiit\u00e4mme kaikkia t\u00e4n\u00e4 vuonna mukana olleita yhteisty\u00f6kumppaneita:<br \/>\n&#8211; m\/s Satua miehist\u00f6ineen,<br \/>\n&#8211; Ket\u00e4\u00e4n ei j\u00e4tet\u00e4 rannalle -yhdistyst\u00e4,<br \/>\n&#8211; Vapepan Keski-Suomen osastoa,<br \/>\n&#8211; Keski-Suomen Pelastuslaitosta,<br \/>\n&#8211; Korpilahden j\u00e4rvipelastajia ja<br \/>\n&#8211; Jyv\u00e4skyl\u00e4n j\u00e4rvipelastajia.<\/p>\n<p><a href=\"https:\/\/meripelastus.fi\/jyvaskyla\/yhdessa-vesille-kampanja-kala-ja-kevatmarkkinoilla\/sukellusnaytos2018\/\" rel=\"attachment wp-att-588\"><img loading=\"lazy\" decoding=\"async\" src=\"https:\/\/meripelastus.fi\/jyvaskyla\/wp-content\/uploads\/sites\/2\/2018\/05\/Sukellusnaytos2018-1024x683.jpg\" alt=\"\" width=\"1024\" height=\"683\" class=\"alignnone size-large wp-image-588\" srcset=\"https:\/\/meripelastus.fi\/jyvaskyla\/wp-content\/uploads\/sites\/2\/2018\/05\/Sukellusnaytos2018-1024x683.jpg 1024w, https:\/\/meripelastus.fi\/jyvaskyla\/wp-content\/uploads\/sites\/2\/2018\/05\/Sukellusnaytos2018-300x200.jpg 300w, https:\/\/meripelastus.fi\/jyvaskyla\/wp-content\/uploads\/sites\/2\/2018\/05\/Sukellusnaytos2018-768x512.jpg 768w\" sizes=\"auto, (max-width: 1024px) 100vw, 1024px\" \/><\/a><br \/>\nKeski-Suomen Pelastuslaitoksen sukellusn\u00e4yt\u00f6s alkamassa p\u00e4ivyst\u00e4v\u00e4n palomestarin Tuomas Juutin johdolla.<\/p>\n<p><a href=\"https:\/\/meripelastus.fi\/jyvaskyla\/yhdessa-vesille-kampanja-kala-ja-kevatmarkkinoilla\/evakuointi2018\/\" rel=\"attachment wp-att-589\"><img loading=\"lazy\" decoding=\"async\" src=\"https:\/\/meripelastus.fi\/jyvaskyla\/wp-content\/uploads\/sites\/2\/2018\/05\/Evakuointi2018-1024x683.jpg\" alt=\"\" width=\"1024\" height=\"683\" class=\"alignnone size-large wp-image-589\" srcset=\"https:\/\/meripelastus.fi\/jyvaskyla\/wp-content\/uploads\/sites\/2\/2018\/05\/Evakuointi2018-1024x683.jpg 1024w, https:\/\/meripelastus.fi\/jyvaskyla\/wp-content\/uploads\/sites\/2\/2018\/05\/Evakuointi2018-300x200.jpg 300w, https:\/\/meripelastus.fi\/jyvaskyla\/wp-content\/uploads\/sites\/2\/2018\/05\/Evakuointi2018-768x512.jpg 768w\" sizes=\"auto, (max-width: 1024px) 100vw, 1024px\" \/><\/a><br \/>\nEvakuointin\u00e4yt\u00f6s m\/s Satu -alukselta, jossa Jyv\u00e4skyl\u00e4n J\u00e4rvipelastajien uusin tulokas Satu Kallinen avustamassa pintapelastajaa.<\/p>\n","protected":false},"excerpt":{"rendered":"<p>Jyv\u00e4skyl\u00e4n j\u00e4rvipelastajat olivat 19-20.5 Kala- ja kev\u00e4tmarkkinoilla esill\u00e4 Jyv\u00e4skyl\u00e4n satamassa. Olimme osana SPV:n j\u00e4rjest\u00e4m\u00e4\u00e4 kampanjaa Yhdess\u00e4 vesille. m\/s Satu -alus toteutti teemaa n\u00e4yt\u00f6sluontoisesti, sill\u00e4 Satu teki risteilyn kipparinaan Harri Kaikkonen ja kansimiehen\u00e4\u00e4n Antero Lepp\u00e4nen. Risteilyn kohokohtana oli evakuointin\u00e4yt\u00f6s, jossa Jyv\u00e4skyl\u00e4n ja Korpilahden j\u00e4rvipelastajat evakuoivat kaikki matkustajat. Markkinaviikonloppu Jyv\u00e4skyl\u00e4n satamassa huipentui Keski-Suomen Pelastuslaitoksen sukellusn\u00e4yt\u00f6kseen. Palomestari Tuomas [&hellip;]<\/p>\n","protected":false},"author":4,"featured_media":587,"comment_status":"closed","ping_status":"closed","sticky":false,"template":"","format":"standard","meta":{"_acf_changed":false,"inline_featured_image":false,"footnotes":""},"categories":[1],"tags":[],"class_list":["post-586","post","type-post","status-publish","format-standard","has-post-thumbnail","hentry","category-uutiset"],"acf":[],"yoast_head":"<!-- This site is optimized with the Yoast SEO Premium plugin v27.4 (Yoast SEO v27.4) - https:\/\/yoast.com\/product\/yoast-seo-premium-wordpress\/ -->\n<title>Yhdess\u00e4 vesille -kampanja Kala- ja kev\u00e4tmarkkinoilla - Jyv\u00e4skyl\u00e4n j\u00e4rvipelastajat<\/title>\n<meta name=\"robots\" content=\"index, follow, max-snippet:-1, max-image-preview:large, max-video-preview:-1\" \/>\n<link rel=\"canonical\" href=\"https:\/\/meripelastus.fi\/jyvaskyla\/yhdessa-vesille-kampanja-kala-ja-kevatmarkkinoilla\/\" \/>\n<meta property=\"og:locale\" content=\"fi_FI\" \/>\n<meta property=\"og:type\" content=\"article\" \/>\n<meta property=\"og:title\" content=\"Yhdess\u00e4 vesille -kampanja Kala- ja kev\u00e4tmarkkinoilla\" \/>\n<meta property=\"og:description\" content=\"Jyv\u00e4skyl\u00e4n j\u00e4rvipelastajat olivat 19-20.5 Kala- ja kev\u00e4tmarkkinoilla esill\u00e4 Jyv\u00e4skyl\u00e4n satamassa. Olimme osana SPV:n j\u00e4rjest\u00e4m\u00e4\u00e4 kampanjaa Yhdess\u00e4 vesille. m\/s Satu -alus toteutti teemaa n\u00e4yt\u00f6sluontoisesti, sill\u00e4 Satu teki risteilyn kipparinaan Harri Kaikkonen ja kansimiehen\u00e4\u00e4n Antero Lepp\u00e4nen. Risteilyn kohokohtana oli evakuointin\u00e4yt\u00f6s, jossa Jyv\u00e4skyl\u00e4n ja Korpilahden j\u00e4rvipelastajat evakuoivat kaikki matkustajat. Markkinaviikonloppu Jyv\u00e4skyl\u00e4n satamassa huipentui Keski-Suomen Pelastuslaitoksen sukellusn\u00e4yt\u00f6kseen. Palomestari Tuomas [&hellip;]\" \/>\n<meta property=\"og:url\" content=\"https:\/\/meripelastus.fi\/jyvaskyla\/yhdessa-vesille-kampanja-kala-ja-kevatmarkkinoilla\/\" \/>\n<meta property=\"og:site_name\" content=\"Jyv\u00e4skyl\u00e4n j\u00e4rvipelastajat\" \/>\n<meta property=\"article:published_time\" content=\"2018-05-29T07:41:37+00:00\" \/>\n<meta property=\"article:modified_time\" content=\"2022-03-18T09:33:13+00:00\" \/>\n<meta property=\"og:image\" content=\"https:\/\/meripelastus.fi\/jyvaskyla\/wp-content\/uploads\/sites\/2\/2018\/05\/n\u00e4yt\u00f6s-e1527580372374.jpg\" \/>\n\t<meta property=\"og:image:width\" content=\"3244\" \/>\n\t<meta property=\"og:image:height\" content=\"1353\" \/>\n\t<meta property=\"og:image:type\" content=\"image\/jpeg\" \/>\n<meta name=\"author\" content=\"Jaakko Heikkil\u00e4\" \/>\n<meta name=\"twitter:card\" content=\"summary_large_image\" \/>\n<meta name=\"twitter:label1\" content=\"Kirjoittanut\" \/>\n\t<meta name=\"twitter:data1\" content=\"Jaakko Heikkil\u00e4\" \/>\n\t<meta name=\"twitter:label2\" content=\"Arvioitu lukuaika\" \/>\n\t<meta name=\"twitter:data2\" content=\"1 minuutti\" \/>\n<script type=\"application\/ld+json\" class=\"yoast-schema-graph\">{\"@context\":\"https:\\\/\\\/schema.org\",\"@graph\":[{\"@type\":\"Article\",\"@id\":\"https:\\\/\\\/meripelastus.fi\\\/jyvaskyla\\\/yhdessa-vesille-kampanja-kala-ja-kevatmarkkinoilla\\\/#article\",\"isPartOf\":{\"@id\":\"https:\\\/\\\/meripelastus.fi\\\/jyvaskyla\\\/yhdessa-vesille-kampanja-kala-ja-kevatmarkkinoilla\\\/\"},\"author\":{\"name\":\"Jaakko Heikkil\u00e4\",\"@id\":\"https:\\\/\\\/meripelastus.fi\\\/jyvaskyla\\\/#\\\/schema\\\/person\\\/bdd82f5e7674bc927d8f6d7ef1023ea8\"},\"headline\":\"Yhdess\u00e4 vesille -kampanja Kala- ja kev\u00e4tmarkkinoilla\",\"datePublished\":\"2018-05-29T07:41:37+00:00\",\"dateModified\":\"2022-03-18T09:33:13+00:00\",\"mainEntityOfPage\":{\"@id\":\"https:\\\/\\\/meripelastus.fi\\\/jyvaskyla\\\/yhdessa-vesille-kampanja-kala-ja-kevatmarkkinoilla\\\/\"},\"wordCount\":194,\"image\":{\"@id\":\"https:\\\/\\\/meripelastus.fi\\\/jyvaskyla\\\/yhdessa-vesille-kampanja-kala-ja-kevatmarkkinoilla\\\/#primaryimage\"},\"thumbnailUrl\":\"https:\\\/\\\/meripelastus.fi\\\/jyvaskyla\\\/wp-content\\\/uploads\\\/sites\\\/2\\\/2018\\\/05\\\/n\u00e4yt\u00f6s-e1527580372374.jpg\",\"articleSection\":[\"Uutiset\"],\"inLanguage\":\"fi\"},{\"@type\":\"WebPage\",\"@id\":\"https:\\\/\\\/meripelastus.fi\\\/jyvaskyla\\\/yhdessa-vesille-kampanja-kala-ja-kevatmarkkinoilla\\\/\",\"url\":\"https:\\\/\\\/meripelastus.fi\\\/jyvaskyla\\\/yhdessa-vesille-kampanja-kala-ja-kevatmarkkinoilla\\\/\",\"name\":\"Yhdess\u00e4 vesille -kampanja Kala- ja kev\u00e4tmarkkinoilla - Jyv\u00e4skyl\u00e4n j\u00e4rvipelastajat\",\"isPartOf\":{\"@id\":\"https:\\\/\\\/meripelastus.fi\\\/jyvaskyla\\\/#website\"},\"primaryImageOfPage\":{\"@id\":\"https:\\\/\\\/meripelastus.fi\\\/jyvaskyla\\\/yhdessa-vesille-kampanja-kala-ja-kevatmarkkinoilla\\\/#primaryimage\"},\"image\":{\"@id\":\"https:\\\/\\\/meripelastus.fi\\\/jyvaskyla\\\/yhdessa-vesille-kampanja-kala-ja-kevatmarkkinoilla\\\/#primaryimage\"},\"thumbnailUrl\":\"https:\\\/\\\/meripelastus.fi\\\/jyvaskyla\\\/wp-content\\\/uploads\\\/sites\\\/2\\\/2018\\\/05\\\/n\u00e4yt\u00f6s-e1527580372374.jpg\",\"datePublished\":\"2018-05-29T07:41:37+00:00\",\"dateModified\":\"2022-03-18T09:33:13+00:00\",\"author\":{\"@id\":\"https:\\\/\\\/meripelastus.fi\\\/jyvaskyla\\\/#\\\/schema\\\/person\\\/bdd82f5e7674bc927d8f6d7ef1023ea8\"},\"breadcrumb\":{\"@id\":\"https:\\\/\\\/meripelastus.fi\\\/jyvaskyla\\\/yhdessa-vesille-kampanja-kala-ja-kevatmarkkinoilla\\\/#breadcrumb\"},\"inLanguage\":\"fi\",\"potentialAction\":[{\"@type\":\"ReadAction\",\"target\":[\"https:\\\/\\\/meripelastus.fi\\\/jyvaskyla\\\/yhdessa-vesille-kampanja-kala-ja-kevatmarkkinoilla\\\/\"]}]},{\"@type\":\"ImageObject\",\"inLanguage\":\"fi\",\"@id\":\"https:\\\/\\\/meripelastus.fi\\\/jyvaskyla\\\/yhdessa-vesille-kampanja-kala-ja-kevatmarkkinoilla\\\/#primaryimage\",\"url\":\"https:\\\/\\\/meripelastus.fi\\\/jyvaskyla\\\/wp-content\\\/uploads\\\/sites\\\/2\\\/2018\\\/05\\\/n\u00e4yt\u00f6s-e1527580372374.jpg\",\"contentUrl\":\"https:\\\/\\\/meripelastus.fi\\\/jyvaskyla\\\/wp-content\\\/uploads\\\/sites\\\/2\\\/2018\\\/05\\\/n\u00e4yt\u00f6s-e1527580372374.jpg\",\"width\":3244,\"height\":1353},{\"@type\":\"BreadcrumbList\",\"@id\":\"https:\\\/\\\/meripelastus.fi\\\/jyvaskyla\\\/yhdessa-vesille-kampanja-kala-ja-kevatmarkkinoilla\\\/#breadcrumb\",\"itemListElement\":[{\"@type\":\"ListItem\",\"position\":1,\"name\":\"Etusivu\",\"item\":\"https:\\\/\\\/meripelastus.fi\\\/jyvaskyla\\\/\"},{\"@type\":\"ListItem\",\"position\":2,\"name\":\"Yhdess\u00e4 vesille -kampanja Kala- ja kev\u00e4tmarkkinoilla\"}]},{\"@type\":\"WebSite\",\"@id\":\"https:\\\/\\\/meripelastus.fi\\\/jyvaskyla\\\/#website\",\"url\":\"https:\\\/\\\/meripelastus.fi\\\/jyvaskyla\\\/\",\"name\":\"Jyv\u00e4skyl\u00e4n j\u00e4rvipelastajat\",\"description\":\"Vapaaehtoiset apunasi vesill\u00e4\",\"potentialAction\":[{\"@type\":\"SearchAction\",\"target\":{\"@type\":\"EntryPoint\",\"urlTemplate\":\"https:\\\/\\\/meripelastus.fi\\\/jyvaskyla\\\/?s={search_term_string}\"},\"query-input\":{\"@type\":\"PropertyValueSpecification\",\"valueRequired\":true,\"valueName\":\"search_term_string\"}}],\"inLanguage\":\"fi\"},{\"@type\":\"Person\",\"@id\":\"https:\\\/\\\/meripelastus.fi\\\/jyvaskyla\\\/#\\\/schema\\\/person\\\/bdd82f5e7674bc927d8f6d7ef1023ea8\",\"name\":\"Jaakko Heikkil\u00e4\",\"image\":{\"@type\":\"ImageObject\",\"inLanguage\":\"fi\",\"@id\":\"https:\\\/\\\/secure.gravatar.com\\\/avatar\\\/352944456ba3740564d9025478b3e13ef03108a0d6bb6bb0bddf39e6a5fa1482?s=96&d=mm&r=g\",\"url\":\"https:\\\/\\\/secure.gravatar.com\\\/avatar\\\/352944456ba3740564d9025478b3e13ef03108a0d6bb6bb0bddf39e6a5fa1482?s=96&d=mm&r=g\",\"contentUrl\":\"https:\\\/\\\/secure.gravatar.com\\\/avatar\\\/352944456ba3740564d9025478b3e13ef03108a0d6bb6bb0bddf39e6a5fa1482?s=96&d=mm&r=g\",\"caption\":\"Jaakko Heikkil\u00e4\"},\"url\":\"https:\\\/\\\/meripelastus.fi\\\/jyvaskyla\\\/author\\\/jaakko\\\/\"}]}<\/script>\n<!-- \/ Yoast SEO Premium plugin. -->","yoast_head_json":{"title":"Yhdess\u00e4 vesille -kampanja Kala- ja kev\u00e4tmarkkinoilla - Jyv\u00e4skyl\u00e4n j\u00e4rvipelastajat","robots":{"index":"index","follow":"follow","max-snippet":"max-snippet:-1","max-image-preview":"max-image-preview:large","max-video-preview":"max-video-preview:-1"},"canonical":"https:\/\/meripelastus.fi\/jyvaskyla\/yhdessa-vesille-kampanja-kala-ja-kevatmarkkinoilla\/","og_locale":"fi_FI","og_type":"article","og_title":"Yhdess\u00e4 vesille -kampanja Kala- ja kev\u00e4tmarkkinoilla","og_description":"Jyv\u00e4skyl\u00e4n j\u00e4rvipelastajat olivat 19-20.5 Kala- ja kev\u00e4tmarkkinoilla esill\u00e4 Jyv\u00e4skyl\u00e4n satamassa. Olimme osana SPV:n j\u00e4rjest\u00e4m\u00e4\u00e4 kampanjaa Yhdess\u00e4 vesille. m\/s Satu -alus toteutti teemaa n\u00e4yt\u00f6sluontoisesti, sill\u00e4 Satu teki risteilyn kipparinaan Harri Kaikkonen ja kansimiehen\u00e4\u00e4n Antero Lepp\u00e4nen. Risteilyn kohokohtana oli evakuointin\u00e4yt\u00f6s, jossa Jyv\u00e4skyl\u00e4n ja Korpilahden j\u00e4rvipelastajat evakuoivat kaikki matkustajat. Markkinaviikonloppu Jyv\u00e4skyl\u00e4n satamassa huipentui Keski-Suomen Pelastuslaitoksen sukellusn\u00e4yt\u00f6kseen. Palomestari Tuomas [&hellip;]","og_url":"https:\/\/meripelastus.fi\/jyvaskyla\/yhdessa-vesille-kampanja-kala-ja-kevatmarkkinoilla\/","og_site_name":"Jyv\u00e4skyl\u00e4n j\u00e4rvipelastajat","article_published_time":"2018-05-29T07:41:37+00:00","article_modified_time":"2022-03-18T09:33:13+00:00","og_image":[{"width":3244,"height":1353,"url":"https:\/\/meripelastus.fi\/jyvaskyla\/wp-content\/uploads\/sites\/2\/2018\/05\/n\u00e4yt\u00f6s-e1527580372374.jpg","type":"image\/jpeg"}],"author":"Jaakko Heikkil\u00e4","twitter_card":"summary_large_image","twitter_misc":{"Kirjoittanut":"Jaakko Heikkil\u00e4","Arvioitu lukuaika":"1 minuutti"},"schema":{"@context":"https:\/\/schema.org","@graph":[{"@type":"Article","@id":"https:\/\/meripelastus.fi\/jyvaskyla\/yhdessa-vesille-kampanja-kala-ja-kevatmarkkinoilla\/#article","isPartOf":{"@id":"https:\/\/meripelastus.fi\/jyvaskyla\/yhdessa-vesille-kampanja-kala-ja-kevatmarkkinoilla\/"},"author":{"name":"Jaakko Heikkil\u00e4","@id":"https:\/\/meripelastus.fi\/jyvaskyla\/#\/schema\/person\/bdd82f5e7674bc927d8f6d7ef1023ea8"},"headline":"Yhdess\u00e4 vesille -kampanja Kala- ja kev\u00e4tmarkkinoilla","datePublished":"2018-05-29T07:41:37+00:00","dateModified":"2022-03-18T09:33:13+00:00","mainEntityOfPage":{"@id":"https:\/\/meripelastus.fi\/jyvaskyla\/yhdessa-vesille-kampanja-kala-ja-kevatmarkkinoilla\/"},"wordCount":194,"image":{"@id":"https:\/\/meripelastus.fi\/jyvaskyla\/yhdessa-vesille-kampanja-kala-ja-kevatmarkkinoilla\/#primaryimage"},"thumbnailUrl":"https:\/\/meripelastus.fi\/jyvaskyla\/wp-content\/uploads\/sites\/2\/2018\/05\/n\u00e4yt\u00f6s-e1527580372374.jpg","articleSection":["Uutiset"],"inLanguage":"fi"},{"@type":"WebPage","@id":"https:\/\/meripelastus.fi\/jyvaskyla\/yhdessa-vesille-kampanja-kala-ja-kevatmarkkinoilla\/","url":"https:\/\/meripelastus.fi\/jyvaskyla\/yhdessa-vesille-kampanja-kala-ja-kevatmarkkinoilla\/","name":"Yhdess\u00e4 vesille -kampanja Kala- ja kev\u00e4tmarkkinoilla - Jyv\u00e4skyl\u00e4n j\u00e4rvipelastajat","isPartOf":{"@id":"https:\/\/meripelastus.fi\/jyvaskyla\/#website"},"primaryImageOfPage":{"@id":"https:\/\/meripelastus.fi\/jyvaskyla\/yhdessa-vesille-kampanja-kala-ja-kevatmarkkinoilla\/#primaryimage"},"image":{"@id":"https:\/\/meripelastus.fi\/jyvaskyla\/yhdessa-vesille-kampanja-kala-ja-kevatmarkkinoilla\/#primaryimage"},"thumbnailUrl":"https:\/\/meripelastus.fi\/jyvaskyla\/wp-content\/uploads\/sites\/2\/2018\/05\/n\u00e4yt\u00f6s-e1527580372374.jpg","datePublished":"2018-05-29T07:41:37+00:00","dateModified":"2022-03-18T09:33:13+00:00","author":{"@id":"https:\/\/meripelastus.fi\/jyvaskyla\/#\/schema\/person\/bdd82f5e7674bc927d8f6d7ef1023ea8"},"breadcrumb":{"@id":"https:\/\/meripelastus.fi\/jyvaskyla\/yhdessa-vesille-kampanja-kala-ja-kevatmarkkinoilla\/#breadcrumb"},"inLanguage":"fi","potentialAction":[{"@type":"ReadAction","target":["https:\/\/meripelastus.fi\/jyvaskyla\/yhdessa-vesille-kampanja-kala-ja-kevatmarkkinoilla\/"]}]},{"@type":"ImageObject","inLanguage":"fi","@id":"https:\/\/meripelastus.fi\/jyvaskyla\/yhdessa-vesille-kampanja-kala-ja-kevatmarkkinoilla\/#primaryimage","url":"https:\/\/meripelastus.fi\/jyvaskyla\/wp-content\/uploads\/sites\/2\/2018\/05\/n\u00e4yt\u00f6s-e1527580372374.jpg","contentUrl":"https:\/\/meripelastus.fi\/jyvaskyla\/wp-content\/uploads\/sites\/2\/2018\/05\/n\u00e4yt\u00f6s-e1527580372374.jpg","width":3244,"height":1353},{"@type":"BreadcrumbList","@id":"https:\/\/meripelastus.fi\/jyvaskyla\/yhdessa-vesille-kampanja-kala-ja-kevatmarkkinoilla\/#breadcrumb","itemListElement":[{"@type":"ListItem","position":1,"name":"Etusivu","item":"https:\/\/meripelastus.fi\/jyvaskyla\/"},{"@type":"ListItem","position":2,"name":"Yhdess\u00e4 vesille -kampanja Kala- ja kev\u00e4tmarkkinoilla"}]},{"@type":"WebSite","@id":"https:\/\/meripelastus.fi\/jyvaskyla\/#website","url":"https:\/\/meripelastus.fi\/jyvaskyla\/","name":"Jyv\u00e4skyl\u00e4n j\u00e4rvipelastajat","description":"Vapaaehtoiset apunasi vesill\u00e4","potentialAction":[{"@type":"SearchAction","target":{"@type":"EntryPoint","urlTemplate":"https:\/\/meripelastus.fi\/jyvaskyla\/?s={search_term_string}"},"query-input":{"@type":"PropertyValueSpecification","valueRequired":true,"valueName":"search_term_string"}}],"inLanguage":"fi"},{"@type":"Person","@id":"https:\/\/meripelastus.fi\/jyvaskyla\/#\/schema\/person\/bdd82f5e7674bc927d8f6d7ef1023ea8","name":"Jaakko Heikkil\u00e4","image":{"@type":"ImageObject","inLanguage":"fi","@id":"https:\/\/secure.gravatar.com\/avatar\/352944456ba3740564d9025478b3e13ef03108a0d6bb6bb0bddf39e6a5fa1482?s=96&d=mm&r=g","url":"https:\/\/secure.gravatar.com\/avatar\/352944456ba3740564d9025478b3e13ef03108a0d6bb6bb0bddf39e6a5fa1482?s=96&d=mm&r=g","contentUrl":"https:\/\/secure.gravatar.com\/avatar\/352944456ba3740564d9025478b3e13ef03108a0d6bb6bb0bddf39e6a5fa1482?s=96&d=mm&r=g","caption":"Jaakko Heikkil\u00e4"},"url":"https:\/\/meripelastus.fi\/jyvaskyla\/author\/jaakko\/"}]}},"_links":{"self":[{"href":"https:\/\/meripelastus.fi\/jyvaskyla\/wp-json\/wp\/v2\/posts\/586","targetHints":{"allow":["GET"]}}],"collection":[{"href":"https:\/\/meripelastus.fi\/jyvaskyla\/wp-json\/wp\/v2\/posts"}],"about":[{"href":"https:\/\/meripelastus.fi\/jyvaskyla\/wp-json\/wp\/v2\/types\/post"}],"author":[{"embeddable":true,"href":"https:\/\/meripelastus.fi\/jyvaskyla\/wp-json\/wp\/v2\/users\/4"}],"replies":[{"embeddable":true,"href":"https:\/\/meripelastus.fi\/jyvaskyla\/wp-json\/wp\/v2\/comments?post=586"}],"version-history":[{"count":5,"href":"https:\/\/meripelastus.fi\/jyvaskyla\/wp-json\/wp\/v2\/posts\/586\/revisions"}],"predecessor-version":[{"id":814,"href":"https:\/\/meripelastus.fi\/jyvaskyla\/wp-json\/wp\/v2\/posts\/586\/revisions\/814"}],"wp:featuredmedia":[{"embeddable":true,"href":"https:\/\/meripelastus.fi\/jyvaskyla\/wp-json\/wp\/v2\/media\/587"}],"wp:attachment":[{"href":"https:\/\/meripelastus.fi\/jyvaskyla\/wp-json\/wp\/v2\/media?parent=586"}],"wp:term":[{"taxonomy":"category","embeddable":true,"href":"https:\/\/meripelastus.fi\/jyvaskyla\/wp-json\/wp\/v2\/categories?post=586"},{"taxonomy":"post_tag","embeddable":true,"href":"https:\/\/meripelastus.fi\/jyvaskyla\/wp-json\/wp\/v2\/tags?post=586"}],"curies":[{"name":"wp","href":"https:\/\/api.w.org\/{rel}","templated":true}]}}