{"id":419,"date":"2018-05-04T00:20:49","date_gmt":"2018-05-03T21:20:49","guid":{"rendered":"https:\/\/meripelastus.fi\/jyvaskyla\/?p=419"},"modified":"2022-03-18T11:33:37","modified_gmt":"2022-03-18T09:33:37","slug":"paivystyskausi-2018-on-alkanut","status":"publish","type":"post","link":"https:\/\/meripelastus.fi\/jyvaskyla\/paivystyskausi-2018-on-alkanut\/","title":{"rendered":"P\u00e4ivystyskausi 2018 on alkanut"},"content":{"rendered":"<p>Jyv\u00e4skyl\u00e4n j\u00e4rvipelastajien operatiivinen p\u00e4ivystyskausi on aloitettu t\u00e4n\u00e4\u00e4n 1.5. Pelastusalukset PV L\u00e4hitapiola ja PV Helvi Harjula ovat valmiudessa miehist\u00f6ineen koko kes\u00e4n pitk\u00e4lle syksyyn asti.<br \/>\nVesill\u00e4 liikkujia ei viel\u00e4 ole kovin paljon, mutta saimme jo ensimm\u00e4isen\u00e4 p\u00e4iv\u00e4n\u00e4 avustusteht\u00e4v\u00e4n. PV L\u00e4hitapiola miehist\u00f6ineen on p\u00e4ivystyksell\u00e4 saaritukikohdassamme Konjakissa. Laituriimme kiinnittyy yksin\u00e4inen veneilij\u00e4, joka ilmoittaa olevansa eksyksiss\u00e4. Voidaan vaan todeta, ett\u00e4 t\u00e4st\u00e4 se kausi alkaa.<\/p>\n<p>Meripelastusseuran Trossi- palvelunumero 0800 30 22 30 p\u00e4ivyst\u00e4\u00e4 1.5 &#8211; 30.10.2018. Trossi on tarkoitettu ongelmatilanteisiin, joissa kyseess\u00e4 ei ole vaaratilanne eik\u00e4 avun saamisella ole kiire.<br \/>\nH\u00e4t\u00e4tilanteissa on j\u00e4rvialueilla soitettava h\u00e4t\u00e4numeroon 112.<\/p>\n<p>Turvallista veneilykes\u00e4\u00e4 2018!<\/p>\n<p>&nbsp;<\/p>\n<p>&nbsp;<\/p>\n","protected":false},"excerpt":{"rendered":"<p>Jyv\u00e4skyl\u00e4n j\u00e4rvipelastajien operatiivinen p\u00e4ivystyskausi on aloitettu t\u00e4n\u00e4\u00e4n 1.5. Pelastusalukset PV L\u00e4hitapiola ja PV Helvi Harjula ovat valmiudessa miehist\u00f6ineen koko kes\u00e4n pitk\u00e4lle syksyyn asti. Vesill\u00e4 liikkujia ei viel\u00e4 ole kovin paljon, mutta saimme jo ensimm\u00e4isen\u00e4 p\u00e4iv\u00e4n\u00e4 avustusteht\u00e4v\u00e4n. PV L\u00e4hitapiola miehist\u00f6ineen on p\u00e4ivystyksell\u00e4 saaritukikohdassamme Konjakissa. Laituriimme kiinnittyy yksin\u00e4inen veneilij\u00e4, joka ilmoittaa olevansa eksyksiss\u00e4. Voidaan vaan todeta, ett\u00e4 [&hellip;]<\/p>\n","protected":false},"author":4,"featured_media":570,"comment_status":"closed","ping_status":"closed","sticky":false,"template":"","format":"standard","meta":{"_acf_changed":false,"inline_featured_image":false,"footnotes":""},"categories":[1],"tags":[],"class_list":["post-419","post","type-post","status-publish","format-standard","has-post-thumbnail","hentry","category-uutiset"],"acf":[],"yoast_head":"<!-- This site is optimized with the Yoast SEO Premium plugin v27.4 (Yoast SEO v27.4) - https:\/\/yoast.com\/product\/yoast-seo-premium-wordpress\/ -->\n<title>P\u00e4ivystyskausi 2018 on alkanut - Jyv\u00e4skyl\u00e4n j\u00e4rvipelastajat<\/title>\n<meta name=\"robots\" content=\"index, follow, max-snippet:-1, max-image-preview:large, max-video-preview:-1\" \/>\n<link rel=\"canonical\" href=\"https:\/\/meripelastus.fi\/jyvaskyla\/paivystyskausi-2018-on-alkanut\/\" \/>\n<meta property=\"og:locale\" content=\"fi_FI\" \/>\n<meta property=\"og:type\" content=\"article\" \/>\n<meta property=\"og:title\" content=\"P\u00e4ivystyskausi 2018 on alkanut\" \/>\n<meta property=\"og:description\" content=\"Jyv\u00e4skyl\u00e4n j\u00e4rvipelastajien operatiivinen p\u00e4ivystyskausi on aloitettu t\u00e4n\u00e4\u00e4n 1.5. Pelastusalukset PV L\u00e4hitapiola ja PV Helvi Harjula ovat valmiudessa miehist\u00f6ineen koko kes\u00e4n pitk\u00e4lle syksyyn asti. Vesill\u00e4 liikkujia ei viel\u00e4 ole kovin paljon, mutta saimme jo ensimm\u00e4isen\u00e4 p\u00e4iv\u00e4n\u00e4 avustusteht\u00e4v\u00e4n. PV L\u00e4hitapiola miehist\u00f6ineen on p\u00e4ivystyksell\u00e4 saaritukikohdassamme Konjakissa. Laituriimme kiinnittyy yksin\u00e4inen veneilij\u00e4, joka ilmoittaa olevansa eksyksiss\u00e4. Voidaan vaan todeta, ett\u00e4 [&hellip;]\" \/>\n<meta property=\"og:url\" content=\"https:\/\/meripelastus.fi\/jyvaskyla\/paivystyskausi-2018-on-alkanut\/\" \/>\n<meta property=\"og:site_name\" content=\"Jyv\u00e4skyl\u00e4n j\u00e4rvipelastajat\" \/>\n<meta property=\"article:published_time\" content=\"2018-05-03T21:20:49+00:00\" \/>\n<meta property=\"article:modified_time\" content=\"2022-03-18T09:33:37+00:00\" \/>\n<meta property=\"og:image\" content=\"https:\/\/meripelastus.fi\/jyvaskyla\/wp-content\/uploads\/sites\/2\/2018\/05\/AnkkaWappu-1-1024x683.jpg\" \/>\n\t<meta property=\"og:image:width\" content=\"1024\" \/>\n\t<meta property=\"og:image:height\" content=\"683\" \/>\n\t<meta property=\"og:image:type\" content=\"image\/jpeg\" \/>\n<meta name=\"author\" content=\"Jaakko Heikkil\u00e4\" \/>\n<meta name=\"twitter:card\" content=\"summary_large_image\" \/>\n<meta name=\"twitter:label1\" content=\"Kirjoittanut\" \/>\n\t<meta name=\"twitter:data1\" content=\"Jaakko Heikkil\u00e4\" \/>\n\t<meta name=\"twitter:label2\" content=\"Arvioitu lukuaika\" \/>\n\t<meta name=\"twitter:data2\" content=\"1 minuutti\" \/>\n<script type=\"application\/ld+json\" class=\"yoast-schema-graph\">{\"@context\":\"https:\\\/\\\/schema.org\",\"@graph\":[{\"@type\":\"Article\",\"@id\":\"https:\\\/\\\/meripelastus.fi\\\/jyvaskyla\\\/paivystyskausi-2018-on-alkanut\\\/#article\",\"isPartOf\":{\"@id\":\"https:\\\/\\\/meripelastus.fi\\\/jyvaskyla\\\/paivystyskausi-2018-on-alkanut\\\/\"},\"author\":{\"name\":\"Jaakko Heikkil\u00e4\",\"@id\":\"https:\\\/\\\/meripelastus.fi\\\/jyvaskyla\\\/#\\\/schema\\\/person\\\/bdd82f5e7674bc927d8f6d7ef1023ea8\"},\"headline\":\"P\u00e4ivystyskausi 2018 on alkanut\",\"datePublished\":\"2018-05-03T21:20:49+00:00\",\"dateModified\":\"2022-03-18T09:33:37+00:00\",\"mainEntityOfPage\":{\"@id\":\"https:\\\/\\\/meripelastus.fi\\\/jyvaskyla\\\/paivystyskausi-2018-on-alkanut\\\/\"},\"wordCount\":116,\"image\":{\"@id\":\"https:\\\/\\\/meripelastus.fi\\\/jyvaskyla\\\/paivystyskausi-2018-on-alkanut\\\/#primaryimage\"},\"thumbnailUrl\":\"https:\\\/\\\/meripelastus.fi\\\/jyvaskyla\\\/wp-content\\\/uploads\\\/sites\\\/2\\\/2018\\\/05\\\/AnkkaWappu-1.jpg\",\"articleSection\":[\"Uutiset\"],\"inLanguage\":\"fi\"},{\"@type\":\"WebPage\",\"@id\":\"https:\\\/\\\/meripelastus.fi\\\/jyvaskyla\\\/paivystyskausi-2018-on-alkanut\\\/\",\"url\":\"https:\\\/\\\/meripelastus.fi\\\/jyvaskyla\\\/paivystyskausi-2018-on-alkanut\\\/\",\"name\":\"P\u00e4ivystyskausi 2018 on alkanut - Jyv\u00e4skyl\u00e4n j\u00e4rvipelastajat\",\"isPartOf\":{\"@id\":\"https:\\\/\\\/meripelastus.fi\\\/jyvaskyla\\\/#website\"},\"primaryImageOfPage\":{\"@id\":\"https:\\\/\\\/meripelastus.fi\\\/jyvaskyla\\\/paivystyskausi-2018-on-alkanut\\\/#primaryimage\"},\"image\":{\"@id\":\"https:\\\/\\\/meripelastus.fi\\\/jyvaskyla\\\/paivystyskausi-2018-on-alkanut\\\/#primaryimage\"},\"thumbnailUrl\":\"https:\\\/\\\/meripelastus.fi\\\/jyvaskyla\\\/wp-content\\\/uploads\\\/sites\\\/2\\\/2018\\\/05\\\/AnkkaWappu-1.jpg\",\"datePublished\":\"2018-05-03T21:20:49+00:00\",\"dateModified\":\"2022-03-18T09:33:37+00:00\",\"author\":{\"@id\":\"https:\\\/\\\/meripelastus.fi\\\/jyvaskyla\\\/#\\\/schema\\\/person\\\/bdd82f5e7674bc927d8f6d7ef1023ea8\"},\"breadcrumb\":{\"@id\":\"https:\\\/\\\/meripelastus.fi\\\/jyvaskyla\\\/paivystyskausi-2018-on-alkanut\\\/#breadcrumb\"},\"inLanguage\":\"fi\",\"potentialAction\":[{\"@type\":\"ReadAction\",\"target\":[\"https:\\\/\\\/meripelastus.fi\\\/jyvaskyla\\\/paivystyskausi-2018-on-alkanut\\\/\"]}]},{\"@type\":\"ImageObject\",\"inLanguage\":\"fi\",\"@id\":\"https:\\\/\\\/meripelastus.fi\\\/jyvaskyla\\\/paivystyskausi-2018-on-alkanut\\\/#primaryimage\",\"url\":\"https:\\\/\\\/meripelastus.fi\\\/jyvaskyla\\\/wp-content\\\/uploads\\\/sites\\\/2\\\/2018\\\/05\\\/AnkkaWappu-1.jpg\",\"contentUrl\":\"https:\\\/\\\/meripelastus.fi\\\/jyvaskyla\\\/wp-content\\\/uploads\\\/sites\\\/2\\\/2018\\\/05\\\/AnkkaWappu-1.jpg\",\"width\":3888,\"height\":2592},{\"@type\":\"BreadcrumbList\",\"@id\":\"https:\\\/\\\/meripelastus.fi\\\/jyvaskyla\\\/paivystyskausi-2018-on-alkanut\\\/#breadcrumb\",\"itemListElement\":[{\"@type\":\"ListItem\",\"position\":1,\"name\":\"Etusivu\",\"item\":\"https:\\\/\\\/meripelastus.fi\\\/jyvaskyla\\\/\"},{\"@type\":\"ListItem\",\"position\":2,\"name\":\"P\u00e4ivystyskausi 2018 on alkanut\"}]},{\"@type\":\"WebSite\",\"@id\":\"https:\\\/\\\/meripelastus.fi\\\/jyvaskyla\\\/#website\",\"url\":\"https:\\\/\\\/meripelastus.fi\\\/jyvaskyla\\\/\",\"name\":\"Jyv\u00e4skyl\u00e4n j\u00e4rvipelastajat\",\"description\":\"Vapaaehtoiset apunasi vesill\u00e4\",\"potentialAction\":[{\"@type\":\"SearchAction\",\"target\":{\"@type\":\"EntryPoint\",\"urlTemplate\":\"https:\\\/\\\/meripelastus.fi\\\/jyvaskyla\\\/?s={search_term_string}\"},\"query-input\":{\"@type\":\"PropertyValueSpecification\",\"valueRequired\":true,\"valueName\":\"search_term_string\"}}],\"inLanguage\":\"fi\"},{\"@type\":\"Person\",\"@id\":\"https:\\\/\\\/meripelastus.fi\\\/jyvaskyla\\\/#\\\/schema\\\/person\\\/bdd82f5e7674bc927d8f6d7ef1023ea8\",\"name\":\"Jaakko Heikkil\u00e4\",\"image\":{\"@type\":\"ImageObject\",\"inLanguage\":\"fi\",\"@id\":\"https:\\\/\\\/secure.gravatar.com\\\/avatar\\\/352944456ba3740564d9025478b3e13ef03108a0d6bb6bb0bddf39e6a5fa1482?s=96&d=mm&r=g\",\"url\":\"https:\\\/\\\/secure.gravatar.com\\\/avatar\\\/352944456ba3740564d9025478b3e13ef03108a0d6bb6bb0bddf39e6a5fa1482?s=96&d=mm&r=g\",\"contentUrl\":\"https:\\\/\\\/secure.gravatar.com\\\/avatar\\\/352944456ba3740564d9025478b3e13ef03108a0d6bb6bb0bddf39e6a5fa1482?s=96&d=mm&r=g\",\"caption\":\"Jaakko Heikkil\u00e4\"},\"url\":\"https:\\\/\\\/meripelastus.fi\\\/jyvaskyla\\\/author\\\/jaakko\\\/\"}]}<\/script>\n<!-- \/ Yoast SEO Premium plugin. -->","yoast_head_json":{"title":"P\u00e4ivystyskausi 2018 on alkanut - Jyv\u00e4skyl\u00e4n j\u00e4rvipelastajat","robots":{"index":"index","follow":"follow","max-snippet":"max-snippet:-1","max-image-preview":"max-image-preview:large","max-video-preview":"max-video-preview:-1"},"canonical":"https:\/\/meripelastus.fi\/jyvaskyla\/paivystyskausi-2018-on-alkanut\/","og_locale":"fi_FI","og_type":"article","og_title":"P\u00e4ivystyskausi 2018 on alkanut","og_description":"Jyv\u00e4skyl\u00e4n j\u00e4rvipelastajien operatiivinen p\u00e4ivystyskausi on aloitettu t\u00e4n\u00e4\u00e4n 1.5. Pelastusalukset PV L\u00e4hitapiola ja PV Helvi Harjula ovat valmiudessa miehist\u00f6ineen koko kes\u00e4n pitk\u00e4lle syksyyn asti. Vesill\u00e4 liikkujia ei viel\u00e4 ole kovin paljon, mutta saimme jo ensimm\u00e4isen\u00e4 p\u00e4iv\u00e4n\u00e4 avustusteht\u00e4v\u00e4n. PV L\u00e4hitapiola miehist\u00f6ineen on p\u00e4ivystyksell\u00e4 saaritukikohdassamme Konjakissa. Laituriimme kiinnittyy yksin\u00e4inen veneilij\u00e4, joka ilmoittaa olevansa eksyksiss\u00e4. Voidaan vaan todeta, ett\u00e4 [&hellip;]","og_url":"https:\/\/meripelastus.fi\/jyvaskyla\/paivystyskausi-2018-on-alkanut\/","og_site_name":"Jyv\u00e4skyl\u00e4n j\u00e4rvipelastajat","article_published_time":"2018-05-03T21:20:49+00:00","article_modified_time":"2022-03-18T09:33:37+00:00","og_image":[{"width":1024,"height":683,"url":"https:\/\/meripelastus.fi\/jyvaskyla\/wp-content\/uploads\/sites\/2\/2018\/05\/AnkkaWappu-1-1024x683.jpg","type":"image\/jpeg"}],"author":"Jaakko Heikkil\u00e4","twitter_card":"summary_large_image","twitter_misc":{"Kirjoittanut":"Jaakko Heikkil\u00e4","Arvioitu lukuaika":"1 minuutti"},"schema":{"@context":"https:\/\/schema.org","@graph":[{"@type":"Article","@id":"https:\/\/meripelastus.fi\/jyvaskyla\/paivystyskausi-2018-on-alkanut\/#article","isPartOf":{"@id":"https:\/\/meripelastus.fi\/jyvaskyla\/paivystyskausi-2018-on-alkanut\/"},"author":{"name":"Jaakko Heikkil\u00e4","@id":"https:\/\/meripelastus.fi\/jyvaskyla\/#\/schema\/person\/bdd82f5e7674bc927d8f6d7ef1023ea8"},"headline":"P\u00e4ivystyskausi 2018 on alkanut","datePublished":"2018-05-03T21:20:49+00:00","dateModified":"2022-03-18T09:33:37+00:00","mainEntityOfPage":{"@id":"https:\/\/meripelastus.fi\/jyvaskyla\/paivystyskausi-2018-on-alkanut\/"},"wordCount":116,"image":{"@id":"https:\/\/meripelastus.fi\/jyvaskyla\/paivystyskausi-2018-on-alkanut\/#primaryimage"},"thumbnailUrl":"https:\/\/meripelastus.fi\/jyvaskyla\/wp-content\/uploads\/sites\/2\/2018\/05\/AnkkaWappu-1.jpg","articleSection":["Uutiset"],"inLanguage":"fi"},{"@type":"WebPage","@id":"https:\/\/meripelastus.fi\/jyvaskyla\/paivystyskausi-2018-on-alkanut\/","url":"https:\/\/meripelastus.fi\/jyvaskyla\/paivystyskausi-2018-on-alkanut\/","name":"P\u00e4ivystyskausi 2018 on alkanut - Jyv\u00e4skyl\u00e4n j\u00e4rvipelastajat","isPartOf":{"@id":"https:\/\/meripelastus.fi\/jyvaskyla\/#website"},"primaryImageOfPage":{"@id":"https:\/\/meripelastus.fi\/jyvaskyla\/paivystyskausi-2018-on-alkanut\/#primaryimage"},"image":{"@id":"https:\/\/meripelastus.fi\/jyvaskyla\/paivystyskausi-2018-on-alkanut\/#primaryimage"},"thumbnailUrl":"https:\/\/meripelastus.fi\/jyvaskyla\/wp-content\/uploads\/sites\/2\/2018\/05\/AnkkaWappu-1.jpg","datePublished":"2018-05-03T21:20:49+00:00","dateModified":"2022-03-18T09:33:37+00:00","author":{"@id":"https:\/\/meripelastus.fi\/jyvaskyla\/#\/schema\/person\/bdd82f5e7674bc927d8f6d7ef1023ea8"},"breadcrumb":{"@id":"https:\/\/meripelastus.fi\/jyvaskyla\/paivystyskausi-2018-on-alkanut\/#breadcrumb"},"inLanguage":"fi","potentialAction":[{"@type":"ReadAction","target":["https:\/\/meripelastus.fi\/jyvaskyla\/paivystyskausi-2018-on-alkanut\/"]}]},{"@type":"ImageObject","inLanguage":"fi","@id":"https:\/\/meripelastus.fi\/jyvaskyla\/paivystyskausi-2018-on-alkanut\/#primaryimage","url":"https:\/\/meripelastus.fi\/jyvaskyla\/wp-content\/uploads\/sites\/2\/2018\/05\/AnkkaWappu-1.jpg","contentUrl":"https:\/\/meripelastus.fi\/jyvaskyla\/wp-content\/uploads\/sites\/2\/2018\/05\/AnkkaWappu-1.jpg","width":3888,"height":2592},{"@type":"BreadcrumbList","@id":"https:\/\/meripelastus.fi\/jyvaskyla\/paivystyskausi-2018-on-alkanut\/#breadcrumb","itemListElement":[{"@type":"ListItem","position":1,"name":"Etusivu","item":"https:\/\/meripelastus.fi\/jyvaskyla\/"},{"@type":"ListItem","position":2,"name":"P\u00e4ivystyskausi 2018 on alkanut"}]},{"@type":"WebSite","@id":"https:\/\/meripelastus.fi\/jyvaskyla\/#website","url":"https:\/\/meripelastus.fi\/jyvaskyla\/","name":"Jyv\u00e4skyl\u00e4n j\u00e4rvipelastajat","description":"Vapaaehtoiset apunasi vesill\u00e4","potentialAction":[{"@type":"SearchAction","target":{"@type":"EntryPoint","urlTemplate":"https:\/\/meripelastus.fi\/jyvaskyla\/?s={search_term_string}"},"query-input":{"@type":"PropertyValueSpecification","valueRequired":true,"valueName":"search_term_string"}}],"inLanguage":"fi"},{"@type":"Person","@id":"https:\/\/meripelastus.fi\/jyvaskyla\/#\/schema\/person\/bdd82f5e7674bc927d8f6d7ef1023ea8","name":"Jaakko Heikkil\u00e4","image":{"@type":"ImageObject","inLanguage":"fi","@id":"https:\/\/secure.gravatar.com\/avatar\/352944456ba3740564d9025478b3e13ef03108a0d6bb6bb0bddf39e6a5fa1482?s=96&d=mm&r=g","url":"https:\/\/secure.gravatar.com\/avatar\/352944456ba3740564d9025478b3e13ef03108a0d6bb6bb0bddf39e6a5fa1482?s=96&d=mm&r=g","contentUrl":"https:\/\/secure.gravatar.com\/avatar\/352944456ba3740564d9025478b3e13ef03108a0d6bb6bb0bddf39e6a5fa1482?s=96&d=mm&r=g","caption":"Jaakko Heikkil\u00e4"},"url":"https:\/\/meripelastus.fi\/jyvaskyla\/author\/jaakko\/"}]}},"_links":{"self":[{"href":"https:\/\/meripelastus.fi\/jyvaskyla\/wp-json\/wp\/v2\/posts\/419","targetHints":{"allow":["GET"]}}],"collection":[{"href":"https:\/\/meripelastus.fi\/jyvaskyla\/wp-json\/wp\/v2\/posts"}],"about":[{"href":"https:\/\/meripelastus.fi\/jyvaskyla\/wp-json\/wp\/v2\/types\/post"}],"author":[{"embeddable":true,"href":"https:\/\/meripelastus.fi\/jyvaskyla\/wp-json\/wp\/v2\/users\/4"}],"replies":[{"embeddable":true,"href":"https:\/\/meripelastus.fi\/jyvaskyla\/wp-json\/wp\/v2\/comments?post=419"}],"version-history":[{"count":5,"href":"https:\/\/meripelastus.fi\/jyvaskyla\/wp-json\/wp\/v2\/posts\/419\/revisions"}],"predecessor-version":[{"id":815,"href":"https:\/\/meripelastus.fi\/jyvaskyla\/wp-json\/wp\/v2\/posts\/419\/revisions\/815"}],"wp:featuredmedia":[{"embeddable":true,"href":"https:\/\/meripelastus.fi\/jyvaskyla\/wp-json\/wp\/v2\/media\/570"}],"wp:attachment":[{"href":"https:\/\/meripelastus.fi\/jyvaskyla\/wp-json\/wp\/v2\/media?parent=419"}],"wp:term":[{"taxonomy":"category","embeddable":true,"href":"https:\/\/meripelastus.fi\/jyvaskyla\/wp-json\/wp\/v2\/categories?post=419"},{"taxonomy":"post_tag","embeddable":true,"href":"https:\/\/meripelastus.fi\/jyvaskyla\/wp-json\/wp\/v2\/tags?post=419"}],"curies":[{"name":"wp","href":"https:\/\/api.w.org\/{rel}","templated":true}]}}