{"id":918,"date":"2015-08-12T00:20:06","date_gmt":"2015-08-11T21:20:06","guid":{"rendered":"https:\/\/meripelastus.fi\/helsinki-vedos\/?p=918"},"modified":"2019-07-24T00:20:30","modified_gmt":"2019-07-23T21:20:30","slug":"paaministerille-tietoisku-jarvipelastajien-arjesta-viitasaarella","status":"publish","type":"post","link":"https:\/\/meripelastus.fi\/helsinki\/paaministerille-tietoisku-jarvipelastajien-arjesta-viitasaarella\/","title":{"rendered":"P\u00e4\u00e4ministerille tietoisku j\u00e4rvipelastajien arjesta Viitasaarella"},"content":{"rendered":"<p>Viitasaaren j\u00e4rvipelastajat p\u00e4\u00e4siv\u00e4t l\u00e4hes tunniksi lobbaamaan p\u00e4\u00e4ministeri Juha Sipil\u00e4\u00e4 j\u00e4rvi- ja meripelastajien arjesta elokuun alussa (4.8.) Viitasaarella. Sipil\u00e4 osallistui Suomen Keskustan Py\u00f6r\u00e4t py\u00f6rim\u00e4\u00e4n -polkupy\u00f6r\u00e4retkeen, jonka yhten\u00e4 pys\u00e4kkin\u00e4 oli Viitasaari tapahtumineen.<\/p>\n<p>Viitasaaren j\u00e4rvipelastajien PV Viitasaari-aluksella Sipil\u00e4 vietiin ihastelemaan Viitasaaren kaupungin maisemia Keitele-j\u00e4rven aalloilta. Aluksen p\u00e4\u00e4llikk\u00f6 Seppo Lappalainen k\u00e4ytti tilaisuutta hyv\u00e4kseen ja kertoi laajaa vapaaehtoista pelastusty\u00f6t\u00e4 tekevien j\u00e4rvi- ja meripelastusyhdistysten murheesta, alle kymmenmetristen pelastusalusten alv-kohtelusta. Isommat alukset ovat verovapaita, mutta pienemmist\u00e4 joudutaan edelleen maksamaan 24 prosentin arvonlis\u00e4vero.<\/p>\n<p>P\u00e4\u00e4ministerille erikokoisten pelastusalusten erilaiset verokohtelut olivat uutta tietoa.<\/p>\n<p>Verorasite on ajankohtainen asia, sill\u00e4 Suomen meri- ja j\u00e4rvipelastajayhdistysten pienkalusto on laajasti vanhenemassa. Pienetkin uushankinnat ovat kaikille yhdistyksille valtava taloudellinen haaste. Verohelpotus olisi \u00e4\u00e4rimm\u00e4isen tervetullut vastaantulo valtiolta ja k\u00e4denojennus arvokkaalle vapaaehtoisty\u00f6lle.<\/p>\n<p>P\u00e4\u00e4ministeri Sipil\u00e4 puki tottuneesti pelastustakin p\u00e4\u00e4lleen Viitasaaren keskustan vierasvenelaiturilla ennen kuin astui j\u00e4rvipelastajien vieraaksi. Eik\u00e4 ihme, sill\u00e4 matkan aikana Sipil\u00e4 paljastui itsekin veneilij\u00e4ksi ja Oulun Meripelastajat ry:n j\u00e4seneksi. J\u00e4rvipelastusasiat olivat h\u00e4nelle ennest\u00e4\u00e4n syd\u00e4nt\u00e4 l\u00e4hell\u00e4.<\/p>\n<p>Purjehdus sujui Lappalaisen mukaan veneily- ja pelastusasioista puhellen, samalla kun Sipil\u00e4 tutki aluksen lokikirjaa ja navigointilaitteita. Vierasvenesatamasta alus suuntasi ensin Pihkurin sel\u00e4lle, kiersi Pihkurin saaren ja rantautti kyytil\u00e4iset Lummeniemeen seurakunnan leirikeskuksen tuntumaan. J\u00e4rvipelastajat olivat k\u00e4yneet etuk\u00e4teen tarkistamassa paikat ja valitsemassa turvallisen maihinlaskupaikan.<\/p>\n<p>P\u00e4\u00e4ministerin lis\u00e4ksi risteilyll\u00e4 olivat mukana kansanedustaja Anne Kalmari, Viitasaaren kaupunginhallituksen ja yritt\u00e4j\u00e4toimikunnan j\u00e4sen Ilkka Kemppainen, Viitasaaren kaupunginhallituksen puheenjohtaja Tiina Minkkinen, p\u00e4\u00e4ministerin turvamies sek\u00e4 aluksen miehist\u00f6n\u00e4 Matti Linden ja Juha Kokkoniemi.<\/p>\n<p>P\u00e4\u00e4ministeri sai Viitasaaren-purjehdukseltaan muistoksi Meripelastusseuran p\u00f6rr\u00f6isen maskotin, K\u00f6pi-koiran, jossa oli viitasaarelaisten nimikointi. Sipil\u00e4 ihasteli lahjaansa ja arvioi sen huomattavasi helppohoitoisemmaksi kuin tytt\u00e4rens\u00e4 koiria, joita h\u00e4n joutuu joskus hoitelemaan.<\/p>\n<p>Lummeniemess\u00e4 j\u00e4rvipelastajat osallistuivat keskustelutilaisuuteen, mutta \u2013 kuten pit\u00e4\u00e4kin \u2013 velvollisuus kutsui kesken kaiken. Pelastuslaitos h\u00e4lytti j\u00e4rvipelastajat apuun ker\u00e4ilem\u00e4\u00e4n uimarannasta irrotettuja poijuja, jotka ajelehtivat veneilyreiteill\u00e4 Pihkurin sel\u00e4ll\u00e4.<\/p>\n<p>Kirjoitaja: Ansa Karjalainen<\/p>\n<p>Kuvaaja: Hilkka Rantala\/Viitasaaren Seutu<\/p>\n","protected":false},"excerpt":{"rendered":"<p>Viitasaaren j\u00e4rvipelastajat p\u00e4\u00e4siv\u00e4t l\u00e4hes tunniksi lobbaamaan p\u00e4\u00e4ministeri Juha Sipil\u00e4\u00e4 j\u00e4rvi- ja meripelastajien arjesta elokuun alussa (4.8.) Viitasaarella. Sipil\u00e4 osallistui Suomen Keskustan Py\u00f6r\u00e4t py\u00f6rim\u00e4\u00e4n -polkupy\u00f6r\u00e4retkeen, jonka yhten\u00e4 pys\u00e4kkin\u00e4 oli Viitasaari tapahtumineen. Viitasaaren j\u00e4rvipelastajien PV Viitasaari-aluksella Sipil\u00e4 vietiin ihastelemaan Viitasaaren kaupungin maisemia Keitele-j\u00e4rven aalloilta. Aluksen p\u00e4\u00e4llikk\u00f6 Seppo Lappalainen k\u00e4ytti tilaisuutta hyv\u00e4kseen ja kertoi laajaa vapaaehtoista pelastusty\u00f6t\u00e4 tekevien [&hellip;]<\/p>\n","protected":false},"author":51,"featured_media":0,"comment_status":"closed","ping_status":"open","sticky":false,"template":"","format":"standard","meta":{"_acf_changed":false,"inline_featured_image":false,"footnotes":""},"categories":[1],"tags":[],"class_list":["post-918","post","type-post","status-publish","format-standard","hentry","category-uutiset"],"acf":[],"yoast_head":"<!-- This site is optimized with the Yoast SEO Premium plugin v27.4 (Yoast SEO v27.4) - https:\/\/yoast.com\/product\/yoast-seo-premium-wordpress\/ -->\n<title>P\u00e4\u00e4ministerille tietoisku j\u00e4rvipelastajien arjesta Viitasaarella - Helsingin Meripelastusyhdistys<\/title>\n<meta name=\"robots\" content=\"index, follow, max-snippet:-1, max-image-preview:large, max-video-preview:-1\" \/>\n<link rel=\"canonical\" href=\"https:\/\/meripelastus.fi\/helsinki\/paaministerille-tietoisku-jarvipelastajien-arjesta-viitasaarella\/\" \/>\n<meta property=\"og:locale\" content=\"fi_FI\" \/>\n<meta property=\"og:type\" content=\"article\" \/>\n<meta property=\"og:title\" content=\"P\u00e4\u00e4ministerille tietoisku j\u00e4rvipelastajien arjesta Viitasaarella\" \/>\n<meta property=\"og:description\" content=\"Viitasaaren j\u00e4rvipelastajat p\u00e4\u00e4siv\u00e4t l\u00e4hes tunniksi lobbaamaan p\u00e4\u00e4ministeri Juha Sipil\u00e4\u00e4 j\u00e4rvi- ja meripelastajien arjesta elokuun alussa (4.8.) Viitasaarella. Sipil\u00e4 osallistui Suomen Keskustan Py\u00f6r\u00e4t py\u00f6rim\u00e4\u00e4n -polkupy\u00f6r\u00e4retkeen, jonka yhten\u00e4 pys\u00e4kkin\u00e4 oli Viitasaari tapahtumineen. Viitasaaren j\u00e4rvipelastajien PV Viitasaari-aluksella Sipil\u00e4 vietiin ihastelemaan Viitasaaren kaupungin maisemia Keitele-j\u00e4rven aalloilta. Aluksen p\u00e4\u00e4llikk\u00f6 Seppo Lappalainen k\u00e4ytti tilaisuutta hyv\u00e4kseen ja kertoi laajaa vapaaehtoista pelastusty\u00f6t\u00e4 tekevien [&hellip;]\" \/>\n<meta property=\"og:url\" content=\"https:\/\/meripelastus.fi\/helsinki\/paaministerille-tietoisku-jarvipelastajien-arjesta-viitasaarella\/\" \/>\n<meta property=\"og:site_name\" content=\"Helsingin Meripelastusyhdistys\" \/>\n<meta property=\"article:published_time\" content=\"2015-08-11T21:20:06+00:00\" \/>\n<meta property=\"article:modified_time\" content=\"2019-07-23T21:20:30+00:00\" \/>\n<meta name=\"author\" content=\"jaakkos\" \/>\n<meta name=\"twitter:card\" content=\"summary_large_image\" \/>\n<meta name=\"twitter:label1\" content=\"Kirjoittanut\" \/>\n\t<meta name=\"twitter:data1\" content=\"jaakkos\" \/>\n\t<meta name=\"twitter:label2\" content=\"Arvioitu lukuaika\" \/>\n\t<meta name=\"twitter:data2\" content=\"2 minuuttia\" \/>\n<script type=\"application\/ld+json\" class=\"yoast-schema-graph\">{\"@context\":\"https:\\\/\\\/schema.org\",\"@graph\":[{\"@type\":\"Article\",\"@id\":\"https:\\\/\\\/meripelastus.fi\\\/helsinki\\\/paaministerille-tietoisku-jarvipelastajien-arjesta-viitasaarella\\\/#article\",\"isPartOf\":{\"@id\":\"https:\\\/\\\/meripelastus.fi\\\/helsinki\\\/paaministerille-tietoisku-jarvipelastajien-arjesta-viitasaarella\\\/\"},\"author\":{\"name\":\"jaakkos\",\"@id\":\"https:\\\/\\\/meripelastus.fi\\\/helsinki\\\/#\\\/schema\\\/person\\\/89252608b00d3e03a6dbe0a0635dcc6c\"},\"headline\":\"P\u00e4\u00e4ministerille tietoisku j\u00e4rvipelastajien arjesta Viitasaarella\",\"datePublished\":\"2015-08-11T21:20:06+00:00\",\"dateModified\":\"2019-07-23T21:20:30+00:00\",\"mainEntityOfPage\":{\"@id\":\"https:\\\/\\\/meripelastus.fi\\\/helsinki\\\/paaministerille-tietoisku-jarvipelastajien-arjesta-viitasaarella\\\/\"},\"wordCount\":347,\"articleSection\":[\"Uutiset\"],\"inLanguage\":\"fi\"},{\"@type\":\"WebPage\",\"@id\":\"https:\\\/\\\/meripelastus.fi\\\/helsinki\\\/paaministerille-tietoisku-jarvipelastajien-arjesta-viitasaarella\\\/\",\"url\":\"https:\\\/\\\/meripelastus.fi\\\/helsinki\\\/paaministerille-tietoisku-jarvipelastajien-arjesta-viitasaarella\\\/\",\"name\":\"P\u00e4\u00e4ministerille tietoisku j\u00e4rvipelastajien arjesta Viitasaarella - Helsingin Meripelastusyhdistys\",\"isPartOf\":{\"@id\":\"https:\\\/\\\/meripelastus.fi\\\/helsinki\\\/#website\"},\"datePublished\":\"2015-08-11T21:20:06+00:00\",\"dateModified\":\"2019-07-23T21:20:30+00:00\",\"author\":{\"@id\":\"https:\\\/\\\/meripelastus.fi\\\/helsinki\\\/#\\\/schema\\\/person\\\/89252608b00d3e03a6dbe0a0635dcc6c\"},\"breadcrumb\":{\"@id\":\"https:\\\/\\\/meripelastus.fi\\\/helsinki\\\/paaministerille-tietoisku-jarvipelastajien-arjesta-viitasaarella\\\/#breadcrumb\"},\"inLanguage\":\"fi\",\"potentialAction\":[{\"@type\":\"ReadAction\",\"target\":[\"https:\\\/\\\/meripelastus.fi\\\/helsinki\\\/paaministerille-tietoisku-jarvipelastajien-arjesta-viitasaarella\\\/\"]}]},{\"@type\":\"BreadcrumbList\",\"@id\":\"https:\\\/\\\/meripelastus.fi\\\/helsinki\\\/paaministerille-tietoisku-jarvipelastajien-arjesta-viitasaarella\\\/#breadcrumb\",\"itemListElement\":[{\"@type\":\"ListItem\",\"position\":1,\"name\":\"Etusivu\",\"item\":\"https:\\\/\\\/meripelastus.fi\\\/helsinki\\\/\"},{\"@type\":\"ListItem\",\"position\":2,\"name\":\"P\u00e4\u00e4ministerille tietoisku j\u00e4rvipelastajien arjesta Viitasaarella\"}]},{\"@type\":\"WebSite\",\"@id\":\"https:\\\/\\\/meripelastus.fi\\\/helsinki\\\/#website\",\"url\":\"https:\\\/\\\/meripelastus.fi\\\/helsinki\\\/\",\"name\":\"Helsingin Meripelastusyhdistys\",\"description\":\"Vapaaehtoiset apunasi vesill\u00e4\",\"potentialAction\":[{\"@type\":\"SearchAction\",\"target\":{\"@type\":\"EntryPoint\",\"urlTemplate\":\"https:\\\/\\\/meripelastus.fi\\\/helsinki\\\/?s={search_term_string}\"},\"query-input\":{\"@type\":\"PropertyValueSpecification\",\"valueRequired\":true,\"valueName\":\"search_term_string\"}}],\"inLanguage\":\"fi\"},{\"@type\":\"Person\",\"@id\":\"https:\\\/\\\/meripelastus.fi\\\/helsinki\\\/#\\\/schema\\\/person\\\/89252608b00d3e03a6dbe0a0635dcc6c\",\"name\":\"jaakkos\",\"image\":{\"@type\":\"ImageObject\",\"inLanguage\":\"fi\",\"@id\":\"https:\\\/\\\/secure.gravatar.com\\\/avatar\\\/f8d2c0275dc44f71068450c7acb0cf432c10d67397cb4e4d9a800a939f32cb20?s=96&d=mm&r=g\",\"url\":\"https:\\\/\\\/secure.gravatar.com\\\/avatar\\\/f8d2c0275dc44f71068450c7acb0cf432c10d67397cb4e4d9a800a939f32cb20?s=96&d=mm&r=g\",\"contentUrl\":\"https:\\\/\\\/secure.gravatar.com\\\/avatar\\\/f8d2c0275dc44f71068450c7acb0cf432c10d67397cb4e4d9a800a939f32cb20?s=96&d=mm&r=g\",\"caption\":\"jaakkos\"},\"description\":\"kes\u00e4ty\u00f6, sis\u00e4ll\u00f6n p\u00e4ivitys\",\"url\":\"https:\\\/\\\/meripelastus.fi\\\/helsinki\\\/author\\\/jaakkos\\\/\"}]}<\/script>\n<!-- \/ Yoast SEO Premium plugin. -->","yoast_head_json":{"title":"P\u00e4\u00e4ministerille tietoisku j\u00e4rvipelastajien arjesta Viitasaarella - Helsingin Meripelastusyhdistys","robots":{"index":"index","follow":"follow","max-snippet":"max-snippet:-1","max-image-preview":"max-image-preview:large","max-video-preview":"max-video-preview:-1"},"canonical":"https:\/\/meripelastus.fi\/helsinki\/paaministerille-tietoisku-jarvipelastajien-arjesta-viitasaarella\/","og_locale":"fi_FI","og_type":"article","og_title":"P\u00e4\u00e4ministerille tietoisku j\u00e4rvipelastajien arjesta Viitasaarella","og_description":"Viitasaaren j\u00e4rvipelastajat p\u00e4\u00e4siv\u00e4t l\u00e4hes tunniksi lobbaamaan p\u00e4\u00e4ministeri Juha Sipil\u00e4\u00e4 j\u00e4rvi- ja meripelastajien arjesta elokuun alussa (4.8.) Viitasaarella. Sipil\u00e4 osallistui Suomen Keskustan Py\u00f6r\u00e4t py\u00f6rim\u00e4\u00e4n -polkupy\u00f6r\u00e4retkeen, jonka yhten\u00e4 pys\u00e4kkin\u00e4 oli Viitasaari tapahtumineen. Viitasaaren j\u00e4rvipelastajien PV Viitasaari-aluksella Sipil\u00e4 vietiin ihastelemaan Viitasaaren kaupungin maisemia Keitele-j\u00e4rven aalloilta. Aluksen p\u00e4\u00e4llikk\u00f6 Seppo Lappalainen k\u00e4ytti tilaisuutta hyv\u00e4kseen ja kertoi laajaa vapaaehtoista pelastusty\u00f6t\u00e4 tekevien [&hellip;]","og_url":"https:\/\/meripelastus.fi\/helsinki\/paaministerille-tietoisku-jarvipelastajien-arjesta-viitasaarella\/","og_site_name":"Helsingin Meripelastusyhdistys","article_published_time":"2015-08-11T21:20:06+00:00","article_modified_time":"2019-07-23T21:20:30+00:00","author":"jaakkos","twitter_card":"summary_large_image","twitter_misc":{"Kirjoittanut":"jaakkos","Arvioitu lukuaika":"2 minuuttia"},"schema":{"@context":"https:\/\/schema.org","@graph":[{"@type":"Article","@id":"https:\/\/meripelastus.fi\/helsinki\/paaministerille-tietoisku-jarvipelastajien-arjesta-viitasaarella\/#article","isPartOf":{"@id":"https:\/\/meripelastus.fi\/helsinki\/paaministerille-tietoisku-jarvipelastajien-arjesta-viitasaarella\/"},"author":{"name":"jaakkos","@id":"https:\/\/meripelastus.fi\/helsinki\/#\/schema\/person\/89252608b00d3e03a6dbe0a0635dcc6c"},"headline":"P\u00e4\u00e4ministerille tietoisku j\u00e4rvipelastajien arjesta Viitasaarella","datePublished":"2015-08-11T21:20:06+00:00","dateModified":"2019-07-23T21:20:30+00:00","mainEntityOfPage":{"@id":"https:\/\/meripelastus.fi\/helsinki\/paaministerille-tietoisku-jarvipelastajien-arjesta-viitasaarella\/"},"wordCount":347,"articleSection":["Uutiset"],"inLanguage":"fi"},{"@type":"WebPage","@id":"https:\/\/meripelastus.fi\/helsinki\/paaministerille-tietoisku-jarvipelastajien-arjesta-viitasaarella\/","url":"https:\/\/meripelastus.fi\/helsinki\/paaministerille-tietoisku-jarvipelastajien-arjesta-viitasaarella\/","name":"P\u00e4\u00e4ministerille tietoisku j\u00e4rvipelastajien arjesta Viitasaarella - Helsingin Meripelastusyhdistys","isPartOf":{"@id":"https:\/\/meripelastus.fi\/helsinki\/#website"},"datePublished":"2015-08-11T21:20:06+00:00","dateModified":"2019-07-23T21:20:30+00:00","author":{"@id":"https:\/\/meripelastus.fi\/helsinki\/#\/schema\/person\/89252608b00d3e03a6dbe0a0635dcc6c"},"breadcrumb":{"@id":"https:\/\/meripelastus.fi\/helsinki\/paaministerille-tietoisku-jarvipelastajien-arjesta-viitasaarella\/#breadcrumb"},"inLanguage":"fi","potentialAction":[{"@type":"ReadAction","target":["https:\/\/meripelastus.fi\/helsinki\/paaministerille-tietoisku-jarvipelastajien-arjesta-viitasaarella\/"]}]},{"@type":"BreadcrumbList","@id":"https:\/\/meripelastus.fi\/helsinki\/paaministerille-tietoisku-jarvipelastajien-arjesta-viitasaarella\/#breadcrumb","itemListElement":[{"@type":"ListItem","position":1,"name":"Etusivu","item":"https:\/\/meripelastus.fi\/helsinki\/"},{"@type":"ListItem","position":2,"name":"P\u00e4\u00e4ministerille tietoisku j\u00e4rvipelastajien arjesta Viitasaarella"}]},{"@type":"WebSite","@id":"https:\/\/meripelastus.fi\/helsinki\/#website","url":"https:\/\/meripelastus.fi\/helsinki\/","name":"Helsingin Meripelastusyhdistys","description":"Vapaaehtoiset apunasi vesill\u00e4","potentialAction":[{"@type":"SearchAction","target":{"@type":"EntryPoint","urlTemplate":"https:\/\/meripelastus.fi\/helsinki\/?s={search_term_string}"},"query-input":{"@type":"PropertyValueSpecification","valueRequired":true,"valueName":"search_term_string"}}],"inLanguage":"fi"},{"@type":"Person","@id":"https:\/\/meripelastus.fi\/helsinki\/#\/schema\/person\/89252608b00d3e03a6dbe0a0635dcc6c","name":"jaakkos","image":{"@type":"ImageObject","inLanguage":"fi","@id":"https:\/\/secure.gravatar.com\/avatar\/f8d2c0275dc44f71068450c7acb0cf432c10d67397cb4e4d9a800a939f32cb20?s=96&d=mm&r=g","url":"https:\/\/secure.gravatar.com\/avatar\/f8d2c0275dc44f71068450c7acb0cf432c10d67397cb4e4d9a800a939f32cb20?s=96&d=mm&r=g","contentUrl":"https:\/\/secure.gravatar.com\/avatar\/f8d2c0275dc44f71068450c7acb0cf432c10d67397cb4e4d9a800a939f32cb20?s=96&d=mm&r=g","caption":"jaakkos"},"description":"kes\u00e4ty\u00f6, sis\u00e4ll\u00f6n p\u00e4ivitys","url":"https:\/\/meripelastus.fi\/helsinki\/author\/jaakkos\/"}]}},"_links":{"self":[{"href":"https:\/\/meripelastus.fi\/helsinki\/wp-json\/wp\/v2\/posts\/918","targetHints":{"allow":["GET"]}}],"collection":[{"href":"https:\/\/meripelastus.fi\/helsinki\/wp-json\/wp\/v2\/posts"}],"about":[{"href":"https:\/\/meripelastus.fi\/helsinki\/wp-json\/wp\/v2\/types\/post"}],"author":[{"embeddable":true,"href":"https:\/\/meripelastus.fi\/helsinki\/wp-json\/wp\/v2\/users\/51"}],"replies":[{"embeddable":true,"href":"https:\/\/meripelastus.fi\/helsinki\/wp-json\/wp\/v2\/comments?post=918"}],"version-history":[{"count":1,"href":"https:\/\/meripelastus.fi\/helsinki\/wp-json\/wp\/v2\/posts\/918\/revisions"}],"predecessor-version":[{"id":919,"href":"https:\/\/meripelastus.fi\/helsinki\/wp-json\/wp\/v2\/posts\/918\/revisions\/919"}],"wp:attachment":[{"href":"https:\/\/meripelastus.fi\/helsinki\/wp-json\/wp\/v2\/media?parent=918"}],"wp:term":[{"taxonomy":"category","embeddable":true,"href":"https:\/\/meripelastus.fi\/helsinki\/wp-json\/wp\/v2\/categories?post=918"},{"taxonomy":"post_tag","embeddable":true,"href":"https:\/\/meripelastus.fi\/helsinki\/wp-json\/wp\/v2\/tags?post=918"}],"curies":[{"name":"wp","href":"https:\/\/api.w.org\/{rel}","templated":true}]}}