{"id":528,"date":"2020-04-17T23:57:52","date_gmt":"2020-04-17T20:57:52","guid":{"rendered":"https:\/\/meripelastus.fi\/hameenlinna\/?p=528"},"modified":"2020-04-17T23:57:52","modified_gmt":"2020-04-17T20:57:52","slug":"nihti-on-laskettu-vesille","status":"publish","type":"post","link":"https:\/\/meripelastus.fi\/hameenlinna\/nihti-on-laskettu-vesille\/","title":{"rendered":"Nihti on laskettu vesille"},"content":{"rendered":"<p>Nihti on t\u00e4n\u00e4\u00e4n laskettu vesille, kiitos Jirkalle JPK-Marineen. Talven aikana tekem\u00e4mme korjaukset mm hydraulij\u00e4rjestelm\u00e4\u00e4n ovat onnistuneet, ja tekniikka pelasi hienosti?. Pient\u00e4 laittoa ja varustelua on viel\u00e4 ohjelmassa ennen kuin siirrymme h\u00e4lytysvalmiuteen 1.5. alkaen.<\/p>\n<p>Vaikka kuinka jo kuumottaakin p\u00e4\u00e4st\u00e4 vesille, niin muistetaan viranomaisten suositus v\u00e4ltt\u00e4\u00e4 toistaiseksi veneily\u00e4. Poikkeustilanteen vuoksi avun saaminen vesill\u00e4 voi kest\u00e4\u00e4 normaalia kauemmin. S\u00e4\u00e4stet\u00e4\u00e4n nyt yhdess\u00e4 viranomaisten resursseja muihin hommiin kuin vesipelastusteht\u00e4viin?! #h\u00e4meen poliisi #kanta-h\u00e4meen pelastuslaitos #meripelastus<\/p>\n","protected":false},"excerpt":{"rendered":"<p>Nihti on t\u00e4n\u00e4\u00e4n laskettu vesille, kiitos Jirkalle JPK-Marineen. Talven aikana tekem\u00e4mme korjaukset mm hydraulij\u00e4rjestelm\u00e4\u00e4n ovat onnistuneet, ja tekniikka pelasi hienosti?. Pient\u00e4 laittoa ja varustelua on viel\u00e4 ohjelmassa ennen kuin siirrymme h\u00e4lytysvalmiuteen 1.5. alkaen. Vaikka kuinka jo kuumottaakin p\u00e4\u00e4st\u00e4 vesille, niin muistetaan viranomaisten suositus v\u00e4ltt\u00e4\u00e4 toistaiseksi veneily\u00e4. Poikkeustilanteen vuoksi avun saaminen vesill\u00e4 voi kest\u00e4\u00e4 normaalia kauemmin. [&hellip;]<\/p>\n","protected":false},"author":53,"featured_media":529,"comment_status":"closed","ping_status":"open","sticky":false,"template":"","format":"standard","meta":{"_acf_changed":false,"inline_featured_image":false,"footnotes":""},"categories":[1],"tags":[],"class_list":["post-528","post","type-post","status-publish","format-standard","has-post-thumbnail","hentry","category-uutiset"],"acf":[],"yoast_head":"<!-- This site is optimized with the Yoast SEO Premium plugin v27.4 (Yoast SEO v27.4) - https:\/\/yoast.com\/product\/yoast-seo-premium-wordpress\/ -->\n<title>Nihti on laskettu vesille - H\u00e4meenlinnan j\u00e4rvipelastajat<\/title>\n<meta name=\"robots\" content=\"index, follow, max-snippet:-1, max-image-preview:large, max-video-preview:-1\" \/>\n<link rel=\"canonical\" href=\"https:\/\/meripelastus.fi\/hameenlinna\/nihti-on-laskettu-vesille\/\" \/>\n<meta property=\"og:locale\" content=\"fi_FI\" \/>\n<meta property=\"og:type\" content=\"article\" \/>\n<meta property=\"og:title\" content=\"Nihti on laskettu vesille\" \/>\n<meta property=\"og:description\" content=\"Nihti on t\u00e4n\u00e4\u00e4n laskettu vesille, kiitos Jirkalle JPK-Marineen. Talven aikana tekem\u00e4mme korjaukset mm hydraulij\u00e4rjestelm\u00e4\u00e4n ovat onnistuneet, ja tekniikka pelasi hienosti?. Pient\u00e4 laittoa ja varustelua on viel\u00e4 ohjelmassa ennen kuin siirrymme h\u00e4lytysvalmiuteen 1.5. alkaen. Vaikka kuinka jo kuumottaakin p\u00e4\u00e4st\u00e4 vesille, niin muistetaan viranomaisten suositus v\u00e4ltt\u00e4\u00e4 toistaiseksi veneily\u00e4. Poikkeustilanteen vuoksi avun saaminen vesill\u00e4 voi kest\u00e4\u00e4 normaalia kauemmin. [&hellip;]\" \/>\n<meta property=\"og:url\" content=\"https:\/\/meripelastus.fi\/hameenlinna\/nihti-on-laskettu-vesille\/\" \/>\n<meta property=\"og:site_name\" content=\"H\u00e4meenlinnan j\u00e4rvipelastajat\" \/>\n<meta property=\"article:published_time\" content=\"2020-04-17T20:57:52+00:00\" \/>\n<meta property=\"og:image\" content=\"https:\/\/meripelastus.fi\/hameenlinna\/wp-content\/uploads\/sites\/8\/2020\/04\/93273984_1856741251129213_8635876259437477888_n_c.jpg\" \/>\n\t<meta property=\"og:image:width\" content=\"960\" \/>\n\t<meta property=\"og:image:height\" content=\"453\" \/>\n\t<meta property=\"og:image:type\" content=\"image\/jpeg\" \/>\n<meta name=\"author\" content=\"Eeva\" \/>\n<meta name=\"twitter:card\" content=\"summary_large_image\" \/>\n<meta name=\"twitter:label1\" content=\"Kirjoittanut\" \/>\n\t<meta name=\"twitter:data1\" content=\"Eeva\" \/>\n<script type=\"application\/ld+json\" class=\"yoast-schema-graph\">{\"@context\":\"https:\\\/\\\/schema.org\",\"@graph\":[{\"@type\":\"Article\",\"@id\":\"https:\\\/\\\/meripelastus.fi\\\/hameenlinna\\\/nihti-on-laskettu-vesille\\\/#article\",\"isPartOf\":{\"@id\":\"https:\\\/\\\/meripelastus.fi\\\/hameenlinna\\\/nihti-on-laskettu-vesille\\\/\"},\"author\":{\"name\":\"Eeva\",\"@id\":\"https:\\\/\\\/meripelastus.fi\\\/hameenlinna\\\/#\\\/schema\\\/person\\\/6956c8222f0e14f1d0fb446b78d7b6c9\"},\"headline\":\"Nihti on laskettu vesille\",\"datePublished\":\"2020-04-17T20:57:52+00:00\",\"mainEntityOfPage\":{\"@id\":\"https:\\\/\\\/meripelastus.fi\\\/hameenlinna\\\/nihti-on-laskettu-vesille\\\/\"},\"wordCount\":85,\"image\":{\"@id\":\"https:\\\/\\\/meripelastus.fi\\\/hameenlinna\\\/nihti-on-laskettu-vesille\\\/#primaryimage\"},\"thumbnailUrl\":\"https:\\\/\\\/meripelastus.fi\\\/hameenlinna\\\/wp-content\\\/uploads\\\/sites\\\/8\\\/2020\\\/04\\\/93273984_1856741251129213_8635876259437477888_n_c.jpg\",\"articleSection\":[\"Uutiset\"],\"inLanguage\":\"fi\"},{\"@type\":\"WebPage\",\"@id\":\"https:\\\/\\\/meripelastus.fi\\\/hameenlinna\\\/nihti-on-laskettu-vesille\\\/\",\"url\":\"https:\\\/\\\/meripelastus.fi\\\/hameenlinna\\\/nihti-on-laskettu-vesille\\\/\",\"name\":\"Nihti on laskettu vesille - H\u00e4meenlinnan j\u00e4rvipelastajat\",\"isPartOf\":{\"@id\":\"https:\\\/\\\/meripelastus.fi\\\/hameenlinna\\\/#website\"},\"primaryImageOfPage\":{\"@id\":\"https:\\\/\\\/meripelastus.fi\\\/hameenlinna\\\/nihti-on-laskettu-vesille\\\/#primaryimage\"},\"image\":{\"@id\":\"https:\\\/\\\/meripelastus.fi\\\/hameenlinna\\\/nihti-on-laskettu-vesille\\\/#primaryimage\"},\"thumbnailUrl\":\"https:\\\/\\\/meripelastus.fi\\\/hameenlinna\\\/wp-content\\\/uploads\\\/sites\\\/8\\\/2020\\\/04\\\/93273984_1856741251129213_8635876259437477888_n_c.jpg\",\"datePublished\":\"2020-04-17T20:57:52+00:00\",\"author\":{\"@id\":\"https:\\\/\\\/meripelastus.fi\\\/hameenlinna\\\/#\\\/schema\\\/person\\\/6956c8222f0e14f1d0fb446b78d7b6c9\"},\"breadcrumb\":{\"@id\":\"https:\\\/\\\/meripelastus.fi\\\/hameenlinna\\\/nihti-on-laskettu-vesille\\\/#breadcrumb\"},\"inLanguage\":\"fi\",\"potentialAction\":[{\"@type\":\"ReadAction\",\"target\":[\"https:\\\/\\\/meripelastus.fi\\\/hameenlinna\\\/nihti-on-laskettu-vesille\\\/\"]}]},{\"@type\":\"ImageObject\",\"inLanguage\":\"fi\",\"@id\":\"https:\\\/\\\/meripelastus.fi\\\/hameenlinna\\\/nihti-on-laskettu-vesille\\\/#primaryimage\",\"url\":\"https:\\\/\\\/meripelastus.fi\\\/hameenlinna\\\/wp-content\\\/uploads\\\/sites\\\/8\\\/2020\\\/04\\\/93273984_1856741251129213_8635876259437477888_n_c.jpg\",\"contentUrl\":\"https:\\\/\\\/meripelastus.fi\\\/hameenlinna\\\/wp-content\\\/uploads\\\/sites\\\/8\\\/2020\\\/04\\\/93273984_1856741251129213_8635876259437477888_n_c.jpg\",\"width\":960,\"height\":453},{\"@type\":\"BreadcrumbList\",\"@id\":\"https:\\\/\\\/meripelastus.fi\\\/hameenlinna\\\/nihti-on-laskettu-vesille\\\/#breadcrumb\",\"itemListElement\":[{\"@type\":\"ListItem\",\"position\":1,\"name\":\"Etusivu\",\"item\":\"https:\\\/\\\/meripelastus.fi\\\/hameenlinna\\\/\"},{\"@type\":\"ListItem\",\"position\":2,\"name\":\"Nihti on laskettu vesille\"}]},{\"@type\":\"WebSite\",\"@id\":\"https:\\\/\\\/meripelastus.fi\\\/hameenlinna\\\/#website\",\"url\":\"https:\\\/\\\/meripelastus.fi\\\/hameenlinna\\\/\",\"name\":\"H\u00e4meenlinnan j\u00e4rvipelastajat\",\"description\":\"Vapaaehtoiset apunasi vesill\u00e4\",\"potentialAction\":[{\"@type\":\"SearchAction\",\"target\":{\"@type\":\"EntryPoint\",\"urlTemplate\":\"https:\\\/\\\/meripelastus.fi\\\/hameenlinna\\\/?s={search_term_string}\"},\"query-input\":{\"@type\":\"PropertyValueSpecification\",\"valueRequired\":true,\"valueName\":\"search_term_string\"}}],\"inLanguage\":\"fi\"},{\"@type\":\"Person\",\"@id\":\"https:\\\/\\\/meripelastus.fi\\\/hameenlinna\\\/#\\\/schema\\\/person\\\/6956c8222f0e14f1d0fb446b78d7b6c9\",\"name\":\"Eeva\",\"image\":{\"@type\":\"ImageObject\",\"inLanguage\":\"fi\",\"@id\":\"https:\\\/\\\/secure.gravatar.com\\\/avatar\\\/ad73d5a7899fdc67942e4d6a21aab25d7e68ef0ee7032e8e5a0170152f6590f7?s=96&d=mm&r=g\",\"url\":\"https:\\\/\\\/secure.gravatar.com\\\/avatar\\\/ad73d5a7899fdc67942e4d6a21aab25d7e68ef0ee7032e8e5a0170152f6590f7?s=96&d=mm&r=g\",\"contentUrl\":\"https:\\\/\\\/secure.gravatar.com\\\/avatar\\\/ad73d5a7899fdc67942e4d6a21aab25d7e68ef0ee7032e8e5a0170152f6590f7?s=96&d=mm&r=g\",\"caption\":\"Eeva\"},\"url\":\"https:\\\/\\\/meripelastus.fi\\\/hameenlinna\\\/author\\\/eevamarja\\\/\"}]}<\/script>\n<!-- \/ Yoast SEO Premium plugin. -->","yoast_head_json":{"title":"Nihti on laskettu vesille - H\u00e4meenlinnan j\u00e4rvipelastajat","robots":{"index":"index","follow":"follow","max-snippet":"max-snippet:-1","max-image-preview":"max-image-preview:large","max-video-preview":"max-video-preview:-1"},"canonical":"https:\/\/meripelastus.fi\/hameenlinna\/nihti-on-laskettu-vesille\/","og_locale":"fi_FI","og_type":"article","og_title":"Nihti on laskettu vesille","og_description":"Nihti on t\u00e4n\u00e4\u00e4n laskettu vesille, kiitos Jirkalle JPK-Marineen. Talven aikana tekem\u00e4mme korjaukset mm hydraulij\u00e4rjestelm\u00e4\u00e4n ovat onnistuneet, ja tekniikka pelasi hienosti?. Pient\u00e4 laittoa ja varustelua on viel\u00e4 ohjelmassa ennen kuin siirrymme h\u00e4lytysvalmiuteen 1.5. alkaen. Vaikka kuinka jo kuumottaakin p\u00e4\u00e4st\u00e4 vesille, niin muistetaan viranomaisten suositus v\u00e4ltt\u00e4\u00e4 toistaiseksi veneily\u00e4. Poikkeustilanteen vuoksi avun saaminen vesill\u00e4 voi kest\u00e4\u00e4 normaalia kauemmin. [&hellip;]","og_url":"https:\/\/meripelastus.fi\/hameenlinna\/nihti-on-laskettu-vesille\/","og_site_name":"H\u00e4meenlinnan j\u00e4rvipelastajat","article_published_time":"2020-04-17T20:57:52+00:00","og_image":[{"width":960,"height":453,"url":"https:\/\/meripelastus.fi\/hameenlinna\/wp-content\/uploads\/sites\/8\/2020\/04\/93273984_1856741251129213_8635876259437477888_n_c.jpg","type":"image\/jpeg"}],"author":"Eeva","twitter_card":"summary_large_image","twitter_misc":{"Kirjoittanut":"Eeva"},"schema":{"@context":"https:\/\/schema.org","@graph":[{"@type":"Article","@id":"https:\/\/meripelastus.fi\/hameenlinna\/nihti-on-laskettu-vesille\/#article","isPartOf":{"@id":"https:\/\/meripelastus.fi\/hameenlinna\/nihti-on-laskettu-vesille\/"},"author":{"name":"Eeva","@id":"https:\/\/meripelastus.fi\/hameenlinna\/#\/schema\/person\/6956c8222f0e14f1d0fb446b78d7b6c9"},"headline":"Nihti on laskettu vesille","datePublished":"2020-04-17T20:57:52+00:00","mainEntityOfPage":{"@id":"https:\/\/meripelastus.fi\/hameenlinna\/nihti-on-laskettu-vesille\/"},"wordCount":85,"image":{"@id":"https:\/\/meripelastus.fi\/hameenlinna\/nihti-on-laskettu-vesille\/#primaryimage"},"thumbnailUrl":"https:\/\/meripelastus.fi\/hameenlinna\/wp-content\/uploads\/sites\/8\/2020\/04\/93273984_1856741251129213_8635876259437477888_n_c.jpg","articleSection":["Uutiset"],"inLanguage":"fi"},{"@type":"WebPage","@id":"https:\/\/meripelastus.fi\/hameenlinna\/nihti-on-laskettu-vesille\/","url":"https:\/\/meripelastus.fi\/hameenlinna\/nihti-on-laskettu-vesille\/","name":"Nihti on laskettu vesille - H\u00e4meenlinnan j\u00e4rvipelastajat","isPartOf":{"@id":"https:\/\/meripelastus.fi\/hameenlinna\/#website"},"primaryImageOfPage":{"@id":"https:\/\/meripelastus.fi\/hameenlinna\/nihti-on-laskettu-vesille\/#primaryimage"},"image":{"@id":"https:\/\/meripelastus.fi\/hameenlinna\/nihti-on-laskettu-vesille\/#primaryimage"},"thumbnailUrl":"https:\/\/meripelastus.fi\/hameenlinna\/wp-content\/uploads\/sites\/8\/2020\/04\/93273984_1856741251129213_8635876259437477888_n_c.jpg","datePublished":"2020-04-17T20:57:52+00:00","author":{"@id":"https:\/\/meripelastus.fi\/hameenlinna\/#\/schema\/person\/6956c8222f0e14f1d0fb446b78d7b6c9"},"breadcrumb":{"@id":"https:\/\/meripelastus.fi\/hameenlinna\/nihti-on-laskettu-vesille\/#breadcrumb"},"inLanguage":"fi","potentialAction":[{"@type":"ReadAction","target":["https:\/\/meripelastus.fi\/hameenlinna\/nihti-on-laskettu-vesille\/"]}]},{"@type":"ImageObject","inLanguage":"fi","@id":"https:\/\/meripelastus.fi\/hameenlinna\/nihti-on-laskettu-vesille\/#primaryimage","url":"https:\/\/meripelastus.fi\/hameenlinna\/wp-content\/uploads\/sites\/8\/2020\/04\/93273984_1856741251129213_8635876259437477888_n_c.jpg","contentUrl":"https:\/\/meripelastus.fi\/hameenlinna\/wp-content\/uploads\/sites\/8\/2020\/04\/93273984_1856741251129213_8635876259437477888_n_c.jpg","width":960,"height":453},{"@type":"BreadcrumbList","@id":"https:\/\/meripelastus.fi\/hameenlinna\/nihti-on-laskettu-vesille\/#breadcrumb","itemListElement":[{"@type":"ListItem","position":1,"name":"Etusivu","item":"https:\/\/meripelastus.fi\/hameenlinna\/"},{"@type":"ListItem","position":2,"name":"Nihti on laskettu vesille"}]},{"@type":"WebSite","@id":"https:\/\/meripelastus.fi\/hameenlinna\/#website","url":"https:\/\/meripelastus.fi\/hameenlinna\/","name":"H\u00e4meenlinnan j\u00e4rvipelastajat","description":"Vapaaehtoiset apunasi vesill\u00e4","potentialAction":[{"@type":"SearchAction","target":{"@type":"EntryPoint","urlTemplate":"https:\/\/meripelastus.fi\/hameenlinna\/?s={search_term_string}"},"query-input":{"@type":"PropertyValueSpecification","valueRequired":true,"valueName":"search_term_string"}}],"inLanguage":"fi"},{"@type":"Person","@id":"https:\/\/meripelastus.fi\/hameenlinna\/#\/schema\/person\/6956c8222f0e14f1d0fb446b78d7b6c9","name":"Eeva","image":{"@type":"ImageObject","inLanguage":"fi","@id":"https:\/\/secure.gravatar.com\/avatar\/ad73d5a7899fdc67942e4d6a21aab25d7e68ef0ee7032e8e5a0170152f6590f7?s=96&d=mm&r=g","url":"https:\/\/secure.gravatar.com\/avatar\/ad73d5a7899fdc67942e4d6a21aab25d7e68ef0ee7032e8e5a0170152f6590f7?s=96&d=mm&r=g","contentUrl":"https:\/\/secure.gravatar.com\/avatar\/ad73d5a7899fdc67942e4d6a21aab25d7e68ef0ee7032e8e5a0170152f6590f7?s=96&d=mm&r=g","caption":"Eeva"},"url":"https:\/\/meripelastus.fi\/hameenlinna\/author\/eevamarja\/"}]}},"_links":{"self":[{"href":"https:\/\/meripelastus.fi\/hameenlinna\/wp-json\/wp\/v2\/posts\/528","targetHints":{"allow":["GET"]}}],"collection":[{"href":"https:\/\/meripelastus.fi\/hameenlinna\/wp-json\/wp\/v2\/posts"}],"about":[{"href":"https:\/\/meripelastus.fi\/hameenlinna\/wp-json\/wp\/v2\/types\/post"}],"author":[{"embeddable":true,"href":"https:\/\/meripelastus.fi\/hameenlinna\/wp-json\/wp\/v2\/users\/53"}],"replies":[{"embeddable":true,"href":"https:\/\/meripelastus.fi\/hameenlinna\/wp-json\/wp\/v2\/comments?post=528"}],"version-history":[{"count":1,"href":"https:\/\/meripelastus.fi\/hameenlinna\/wp-json\/wp\/v2\/posts\/528\/revisions"}],"predecessor-version":[{"id":532,"href":"https:\/\/meripelastus.fi\/hameenlinna\/wp-json\/wp\/v2\/posts\/528\/revisions\/532"}],"wp:featuredmedia":[{"embeddable":true,"href":"https:\/\/meripelastus.fi\/hameenlinna\/wp-json\/wp\/v2\/media\/529"}],"wp:attachment":[{"href":"https:\/\/meripelastus.fi\/hameenlinna\/wp-json\/wp\/v2\/media?parent=528"}],"wp:term":[{"taxonomy":"category","embeddable":true,"href":"https:\/\/meripelastus.fi\/hameenlinna\/wp-json\/wp\/v2\/categories?post=528"},{"taxonomy":"post_tag","embeddable":true,"href":"https:\/\/meripelastus.fi\/hameenlinna\/wp-json\/wp\/v2\/tags?post=528"}],"curies":[{"name":"wp","href":"https:\/\/api.w.org\/{rel}","templated":true}]}}