{"id":510,"date":"2020-03-08T14:01:22","date_gmt":"2020-03-08T12:01:22","guid":{"rendered":"https:\/\/meripelastus.fi\/hameenlinna\/?p=510"},"modified":"2020-03-19T21:29:41","modified_gmt":"2020-03-19T19:29:41","slug":"kevatkokous-ke-25-3-2020","status":"publish","type":"post","link":"https:\/\/meripelastus.fi\/hameenlinna\/kevatkokous-ke-25-3-2020\/","title":{"rendered":"Kev\u00e4tkokous ke 25.3.2020"},"content":{"rendered":"<p>SMPS H\u00e4meenlinnan J\u00e4rvipelastajat ry:n s\u00e4\u00e4nt\u00f6m\u00e4\u00e4r\u00e4inen kev\u00e4tkokous pidet\u00e4\u00e4n keskiviikkona 25.3.2020 klo 18.00 VPK:n talo H\u00e4meenlinna, Palokunnankatu 18.\u00a0 Sis\u00e4\u00e4nk\u00e4ynti pihanpuolelta. Autopaikkoja Wetterin kirjastop\u00e4\u00e4ss\u00e4.<\/p>\n<p lang=\"en-US\"><span><span>Kokous toteutetaan kokonaan nettikokouksena<\/span><span>, katso seuraava <a href=\"https:\/\/meripelastus.fi\/hameenlinna\/muutos-kevatkokoukseen\/\">artikkeli<\/a>.<\/span><\/span><\/p>\n<p>Kokouksen asialista on s\u00e4\u00e4nt\u00f6jen mukaiset kev\u00e4tkokousasiat. P\u00e4\u00e4tet\u00e4\u00e4n 2019 vuosikertomuksen ja tilinp\u00e4\u00e4t\u00f6ksen vahvistamisesta sek\u00e4 vastuuvapauden my\u00f6nt\u00e4misest\u00e4 hallitukselle ja muille tilivelvollisille.<\/p>\n<p>Tervetuloa t. hallitus<\/p>\n","protected":false},"excerpt":{"rendered":"<p>SMPS H\u00e4meenlinnan J\u00e4rvipelastajat ry:n s\u00e4\u00e4nt\u00f6m\u00e4\u00e4r\u00e4inen kev\u00e4tkokous pidet\u00e4\u00e4n keskiviikkona 25.3.2020 klo 18.00 VPK:n talo H\u00e4meenlinna, Palokunnankatu 18.\u00a0 Sis\u00e4\u00e4nk\u00e4ynti pihanpuolelta. Autopaikkoja Wetterin kirjastop\u00e4\u00e4ss\u00e4. Kokous toteutetaan kokonaan nettikokouksena, katso seuraava artikkeli. Kokouksen asialista on s\u00e4\u00e4nt\u00f6jen mukaiset kev\u00e4tkokousasiat. P\u00e4\u00e4tet\u00e4\u00e4n 2019 vuosikertomuksen ja tilinp\u00e4\u00e4t\u00f6ksen vahvistamisesta sek\u00e4 vastuuvapauden my\u00f6nt\u00e4misest\u00e4 hallitukselle ja muille tilivelvollisille. Tervetuloa t. hallitus<\/p>\n","protected":false},"author":53,"featured_media":0,"comment_status":"closed","ping_status":"open","sticky":false,"template":"","format":"standard","meta":{"_acf_changed":false,"inline_featured_image":false,"footnotes":""},"categories":[1],"tags":[],"class_list":["post-510","post","type-post","status-publish","format-standard","hentry","category-uutiset"],"acf":[],"yoast_head":"<!-- This site is optimized with the Yoast SEO Premium plugin v27.4 (Yoast SEO v27.4) - https:\/\/yoast.com\/product\/yoast-seo-premium-wordpress\/ -->\n<title>Kev\u00e4tkokous ke 25.3.2020 - H\u00e4meenlinnan j\u00e4rvipelastajat<\/title>\n<meta name=\"robots\" content=\"index, follow, max-snippet:-1, max-image-preview:large, max-video-preview:-1\" \/>\n<link rel=\"canonical\" href=\"https:\/\/meripelastus.fi\/hameenlinna\/kevatkokous-ke-25-3-2020\/\" \/>\n<meta property=\"og:locale\" content=\"fi_FI\" \/>\n<meta property=\"og:type\" content=\"article\" \/>\n<meta property=\"og:title\" content=\"Kev\u00e4tkokous ke 25.3.2020\" \/>\n<meta property=\"og:description\" content=\"SMPS H\u00e4meenlinnan J\u00e4rvipelastajat ry:n s\u00e4\u00e4nt\u00f6m\u00e4\u00e4r\u00e4inen kev\u00e4tkokous pidet\u00e4\u00e4n keskiviikkona 25.3.2020 klo 18.00 VPK:n talo H\u00e4meenlinna, Palokunnankatu 18.\u00a0 Sis\u00e4\u00e4nk\u00e4ynti pihanpuolelta. Autopaikkoja Wetterin kirjastop\u00e4\u00e4ss\u00e4. Kokous toteutetaan kokonaan nettikokouksena, katso seuraava artikkeli. Kokouksen asialista on s\u00e4\u00e4nt\u00f6jen mukaiset kev\u00e4tkokousasiat. P\u00e4\u00e4tet\u00e4\u00e4n 2019 vuosikertomuksen ja tilinp\u00e4\u00e4t\u00f6ksen vahvistamisesta sek\u00e4 vastuuvapauden my\u00f6nt\u00e4misest\u00e4 hallitukselle ja muille tilivelvollisille. Tervetuloa t. hallitus\" \/>\n<meta property=\"og:url\" content=\"https:\/\/meripelastus.fi\/hameenlinna\/kevatkokous-ke-25-3-2020\/\" \/>\n<meta property=\"og:site_name\" content=\"H\u00e4meenlinnan j\u00e4rvipelastajat\" \/>\n<meta property=\"article:published_time\" content=\"2020-03-08T12:01:22+00:00\" \/>\n<meta property=\"article:modified_time\" content=\"2020-03-19T19:29:41+00:00\" \/>\n<meta name=\"author\" content=\"Eeva\" \/>\n<meta name=\"twitter:card\" content=\"summary_large_image\" \/>\n<meta name=\"twitter:label1\" content=\"Kirjoittanut\" \/>\n\t<meta name=\"twitter:data1\" content=\"Eeva\" \/>\n<script type=\"application\/ld+json\" class=\"yoast-schema-graph\">{\"@context\":\"https:\\\/\\\/schema.org\",\"@graph\":[{\"@type\":\"Article\",\"@id\":\"https:\\\/\\\/meripelastus.fi\\\/hameenlinna\\\/kevatkokous-ke-25-3-2020\\\/#article\",\"isPartOf\":{\"@id\":\"https:\\\/\\\/meripelastus.fi\\\/hameenlinna\\\/kevatkokous-ke-25-3-2020\\\/\"},\"author\":{\"name\":\"Eeva\",\"@id\":\"https:\\\/\\\/meripelastus.fi\\\/hameenlinna\\\/#\\\/schema\\\/person\\\/6956c8222f0e14f1d0fb446b78d7b6c9\"},\"headline\":\"Kev\u00e4tkokous ke 25.3.2020\",\"datePublished\":\"2020-03-08T12:01:22+00:00\",\"dateModified\":\"2020-03-19T19:29:41+00:00\",\"mainEntityOfPage\":{\"@id\":\"https:\\\/\\\/meripelastus.fi\\\/hameenlinna\\\/kevatkokous-ke-25-3-2020\\\/\"},\"wordCount\":72,\"articleSection\":[\"Uutiset\"],\"inLanguage\":\"fi\"},{\"@type\":\"WebPage\",\"@id\":\"https:\\\/\\\/meripelastus.fi\\\/hameenlinna\\\/kevatkokous-ke-25-3-2020\\\/\",\"url\":\"https:\\\/\\\/meripelastus.fi\\\/hameenlinna\\\/kevatkokous-ke-25-3-2020\\\/\",\"name\":\"Kev\u00e4tkokous ke 25.3.2020 - H\u00e4meenlinnan j\u00e4rvipelastajat\",\"isPartOf\":{\"@id\":\"https:\\\/\\\/meripelastus.fi\\\/hameenlinna\\\/#website\"},\"datePublished\":\"2020-03-08T12:01:22+00:00\",\"dateModified\":\"2020-03-19T19:29:41+00:00\",\"author\":{\"@id\":\"https:\\\/\\\/meripelastus.fi\\\/hameenlinna\\\/#\\\/schema\\\/person\\\/6956c8222f0e14f1d0fb446b78d7b6c9\"},\"breadcrumb\":{\"@id\":\"https:\\\/\\\/meripelastus.fi\\\/hameenlinna\\\/kevatkokous-ke-25-3-2020\\\/#breadcrumb\"},\"inLanguage\":\"fi\",\"potentialAction\":[{\"@type\":\"ReadAction\",\"target\":[\"https:\\\/\\\/meripelastus.fi\\\/hameenlinna\\\/kevatkokous-ke-25-3-2020\\\/\"]}]},{\"@type\":\"BreadcrumbList\",\"@id\":\"https:\\\/\\\/meripelastus.fi\\\/hameenlinna\\\/kevatkokous-ke-25-3-2020\\\/#breadcrumb\",\"itemListElement\":[{\"@type\":\"ListItem\",\"position\":1,\"name\":\"Etusivu\",\"item\":\"https:\\\/\\\/meripelastus.fi\\\/hameenlinna\\\/\"},{\"@type\":\"ListItem\",\"position\":2,\"name\":\"Kev\u00e4tkokous ke 25.3.2020\"}]},{\"@type\":\"WebSite\",\"@id\":\"https:\\\/\\\/meripelastus.fi\\\/hameenlinna\\\/#website\",\"url\":\"https:\\\/\\\/meripelastus.fi\\\/hameenlinna\\\/\",\"name\":\"H\u00e4meenlinnan j\u00e4rvipelastajat\",\"description\":\"Vapaaehtoiset apunasi vesill\u00e4\",\"potentialAction\":[{\"@type\":\"SearchAction\",\"target\":{\"@type\":\"EntryPoint\",\"urlTemplate\":\"https:\\\/\\\/meripelastus.fi\\\/hameenlinna\\\/?s={search_term_string}\"},\"query-input\":{\"@type\":\"PropertyValueSpecification\",\"valueRequired\":true,\"valueName\":\"search_term_string\"}}],\"inLanguage\":\"fi\"},{\"@type\":\"Person\",\"@id\":\"https:\\\/\\\/meripelastus.fi\\\/hameenlinna\\\/#\\\/schema\\\/person\\\/6956c8222f0e14f1d0fb446b78d7b6c9\",\"name\":\"Eeva\",\"image\":{\"@type\":\"ImageObject\",\"inLanguage\":\"fi\",\"@id\":\"https:\\\/\\\/secure.gravatar.com\\\/avatar\\\/ad73d5a7899fdc67942e4d6a21aab25d7e68ef0ee7032e8e5a0170152f6590f7?s=96&d=mm&r=g\",\"url\":\"https:\\\/\\\/secure.gravatar.com\\\/avatar\\\/ad73d5a7899fdc67942e4d6a21aab25d7e68ef0ee7032e8e5a0170152f6590f7?s=96&d=mm&r=g\",\"contentUrl\":\"https:\\\/\\\/secure.gravatar.com\\\/avatar\\\/ad73d5a7899fdc67942e4d6a21aab25d7e68ef0ee7032e8e5a0170152f6590f7?s=96&d=mm&r=g\",\"caption\":\"Eeva\"},\"url\":\"https:\\\/\\\/meripelastus.fi\\\/hameenlinna\\\/author\\\/eevamarja\\\/\"}]}<\/script>\n<!-- \/ Yoast SEO Premium plugin. -->","yoast_head_json":{"title":"Kev\u00e4tkokous ke 25.3.2020 - H\u00e4meenlinnan j\u00e4rvipelastajat","robots":{"index":"index","follow":"follow","max-snippet":"max-snippet:-1","max-image-preview":"max-image-preview:large","max-video-preview":"max-video-preview:-1"},"canonical":"https:\/\/meripelastus.fi\/hameenlinna\/kevatkokous-ke-25-3-2020\/","og_locale":"fi_FI","og_type":"article","og_title":"Kev\u00e4tkokous ke 25.3.2020","og_description":"SMPS H\u00e4meenlinnan J\u00e4rvipelastajat ry:n s\u00e4\u00e4nt\u00f6m\u00e4\u00e4r\u00e4inen kev\u00e4tkokous pidet\u00e4\u00e4n keskiviikkona 25.3.2020 klo 18.00 VPK:n talo H\u00e4meenlinna, Palokunnankatu 18.\u00a0 Sis\u00e4\u00e4nk\u00e4ynti pihanpuolelta. Autopaikkoja Wetterin kirjastop\u00e4\u00e4ss\u00e4. Kokous toteutetaan kokonaan nettikokouksena, katso seuraava artikkeli. Kokouksen asialista on s\u00e4\u00e4nt\u00f6jen mukaiset kev\u00e4tkokousasiat. P\u00e4\u00e4tet\u00e4\u00e4n 2019 vuosikertomuksen ja tilinp\u00e4\u00e4t\u00f6ksen vahvistamisesta sek\u00e4 vastuuvapauden my\u00f6nt\u00e4misest\u00e4 hallitukselle ja muille tilivelvollisille. Tervetuloa t. hallitus","og_url":"https:\/\/meripelastus.fi\/hameenlinna\/kevatkokous-ke-25-3-2020\/","og_site_name":"H\u00e4meenlinnan j\u00e4rvipelastajat","article_published_time":"2020-03-08T12:01:22+00:00","article_modified_time":"2020-03-19T19:29:41+00:00","author":"Eeva","twitter_card":"summary_large_image","twitter_misc":{"Kirjoittanut":"Eeva"},"schema":{"@context":"https:\/\/schema.org","@graph":[{"@type":"Article","@id":"https:\/\/meripelastus.fi\/hameenlinna\/kevatkokous-ke-25-3-2020\/#article","isPartOf":{"@id":"https:\/\/meripelastus.fi\/hameenlinna\/kevatkokous-ke-25-3-2020\/"},"author":{"name":"Eeva","@id":"https:\/\/meripelastus.fi\/hameenlinna\/#\/schema\/person\/6956c8222f0e14f1d0fb446b78d7b6c9"},"headline":"Kev\u00e4tkokous ke 25.3.2020","datePublished":"2020-03-08T12:01:22+00:00","dateModified":"2020-03-19T19:29:41+00:00","mainEntityOfPage":{"@id":"https:\/\/meripelastus.fi\/hameenlinna\/kevatkokous-ke-25-3-2020\/"},"wordCount":72,"articleSection":["Uutiset"],"inLanguage":"fi"},{"@type":"WebPage","@id":"https:\/\/meripelastus.fi\/hameenlinna\/kevatkokous-ke-25-3-2020\/","url":"https:\/\/meripelastus.fi\/hameenlinna\/kevatkokous-ke-25-3-2020\/","name":"Kev\u00e4tkokous ke 25.3.2020 - H\u00e4meenlinnan j\u00e4rvipelastajat","isPartOf":{"@id":"https:\/\/meripelastus.fi\/hameenlinna\/#website"},"datePublished":"2020-03-08T12:01:22+00:00","dateModified":"2020-03-19T19:29:41+00:00","author":{"@id":"https:\/\/meripelastus.fi\/hameenlinna\/#\/schema\/person\/6956c8222f0e14f1d0fb446b78d7b6c9"},"breadcrumb":{"@id":"https:\/\/meripelastus.fi\/hameenlinna\/kevatkokous-ke-25-3-2020\/#breadcrumb"},"inLanguage":"fi","potentialAction":[{"@type":"ReadAction","target":["https:\/\/meripelastus.fi\/hameenlinna\/kevatkokous-ke-25-3-2020\/"]}]},{"@type":"BreadcrumbList","@id":"https:\/\/meripelastus.fi\/hameenlinna\/kevatkokous-ke-25-3-2020\/#breadcrumb","itemListElement":[{"@type":"ListItem","position":1,"name":"Etusivu","item":"https:\/\/meripelastus.fi\/hameenlinna\/"},{"@type":"ListItem","position":2,"name":"Kev\u00e4tkokous ke 25.3.2020"}]},{"@type":"WebSite","@id":"https:\/\/meripelastus.fi\/hameenlinna\/#website","url":"https:\/\/meripelastus.fi\/hameenlinna\/","name":"H\u00e4meenlinnan j\u00e4rvipelastajat","description":"Vapaaehtoiset apunasi vesill\u00e4","potentialAction":[{"@type":"SearchAction","target":{"@type":"EntryPoint","urlTemplate":"https:\/\/meripelastus.fi\/hameenlinna\/?s={search_term_string}"},"query-input":{"@type":"PropertyValueSpecification","valueRequired":true,"valueName":"search_term_string"}}],"inLanguage":"fi"},{"@type":"Person","@id":"https:\/\/meripelastus.fi\/hameenlinna\/#\/schema\/person\/6956c8222f0e14f1d0fb446b78d7b6c9","name":"Eeva","image":{"@type":"ImageObject","inLanguage":"fi","@id":"https:\/\/secure.gravatar.com\/avatar\/ad73d5a7899fdc67942e4d6a21aab25d7e68ef0ee7032e8e5a0170152f6590f7?s=96&d=mm&r=g","url":"https:\/\/secure.gravatar.com\/avatar\/ad73d5a7899fdc67942e4d6a21aab25d7e68ef0ee7032e8e5a0170152f6590f7?s=96&d=mm&r=g","contentUrl":"https:\/\/secure.gravatar.com\/avatar\/ad73d5a7899fdc67942e4d6a21aab25d7e68ef0ee7032e8e5a0170152f6590f7?s=96&d=mm&r=g","caption":"Eeva"},"url":"https:\/\/meripelastus.fi\/hameenlinna\/author\/eevamarja\/"}]}},"_links":{"self":[{"href":"https:\/\/meripelastus.fi\/hameenlinna\/wp-json\/wp\/v2\/posts\/510","targetHints":{"allow":["GET"]}}],"collection":[{"href":"https:\/\/meripelastus.fi\/hameenlinna\/wp-json\/wp\/v2\/posts"}],"about":[{"href":"https:\/\/meripelastus.fi\/hameenlinna\/wp-json\/wp\/v2\/types\/post"}],"author":[{"embeddable":true,"href":"https:\/\/meripelastus.fi\/hameenlinna\/wp-json\/wp\/v2\/users\/53"}],"replies":[{"embeddable":true,"href":"https:\/\/meripelastus.fi\/hameenlinna\/wp-json\/wp\/v2\/comments?post=510"}],"version-history":[{"count":5,"href":"https:\/\/meripelastus.fi\/hameenlinna\/wp-json\/wp\/v2\/posts\/510\/revisions"}],"predecessor-version":[{"id":521,"href":"https:\/\/meripelastus.fi\/hameenlinna\/wp-json\/wp\/v2\/posts\/510\/revisions\/521"}],"wp:attachment":[{"href":"https:\/\/meripelastus.fi\/hameenlinna\/wp-json\/wp\/v2\/media?parent=510"}],"wp:term":[{"taxonomy":"category","embeddable":true,"href":"https:\/\/meripelastus.fi\/hameenlinna\/wp-json\/wp\/v2\/categories?post=510"},{"taxonomy":"post_tag","embeddable":true,"href":"https:\/\/meripelastus.fi\/hameenlinna\/wp-json\/wp\/v2\/tags?post=510"}],"curies":[{"name":"wp","href":"https:\/\/api.w.org\/{rel}","templated":true}]}}