{"id":1183,"date":"2026-05-01T08:18:13","date_gmt":"2026-05-01T05:18:13","guid":{"rendered":"https:\/\/meripelastus.fi\/hameenlinna\/?p=1183"},"modified":"2026-05-01T08:18:14","modified_gmt":"2026-05-01T05:18:14","slug":"paivystyskausi-alkoi-1-5-2026","status":"publish","type":"post","link":"https:\/\/meripelastus.fi\/hameenlinna\/paivystyskausi-alkoi-1-5-2026\/","title":{"rendered":"P\u00e4ivystyskausi ALKOI 1.5.2026"},"content":{"rendered":"\n<p>Nihti miehist\u00f6ineen on valmiina 1.5. alkavaan p\u00e4ivystyskauteen. H\u00e4t\u00e4tilanteessa soita 112, kiireett\u00f6m\u00e4t avustusteht\u00e4v\u00e4t valtakunnalliseen palvelunumeroon 0800 30 22 30.<\/p>\n\n\n\n<p>Oikein hyv\u00e4\u00e4 vappua ja turvallista veneilykautta 2026 kaikille- #vapaaehtoiset #jatkuvavalmius #meripelastus #h\u00e4meenlinnanj\u00e4rvipelastajat #meripelastusseura<\/p>\n\n\n\n<p><\/p>\n","protected":false},"excerpt":{"rendered":"<p>Nihti miehist\u00f6ineen on valmiina 1.5. alkavaan p\u00e4ivystyskauteen. H\u00e4t\u00e4tilanteessa soita 112, kiireett\u00f6m\u00e4t avustusteht\u00e4v\u00e4t valtakunnalliseen palvelunumeroon 0800 30 22 30. Oikein hyv\u00e4\u00e4 vappua ja turvallista veneilykautta 2026 kaikille- #vapaaehtoiset #jatkuvavalmius #meripelastus #h\u00e4meenlinnanj\u00e4rvipelastajat #meripelastusseura<\/p>\n","protected":false},"author":145,"featured_media":890,"comment_status":"closed","ping_status":"open","sticky":false,"template":"","format":"standard","meta":{"_acf_changed":false,"inline_featured_image":false,"footnotes":""},"categories":[1],"tags":[],"class_list":["post-1183","post","type-post","status-publish","format-standard","has-post-thumbnail","hentry","category-uutiset"],"acf":[],"yoast_head":"<!-- This site is optimized with the Yoast SEO Premium plugin v27.4 (Yoast SEO v27.4) - https:\/\/yoast.com\/product\/yoast-seo-premium-wordpress\/ -->\n<title>P\u00e4ivystyskausi ALKOI 1.5.2026 - H\u00e4meenlinnan j\u00e4rvipelastajat<\/title>\n<meta name=\"robots\" content=\"index, follow, max-snippet:-1, max-image-preview:large, max-video-preview:-1\" \/>\n<link rel=\"canonical\" href=\"https:\/\/meripelastus.fi\/hameenlinna\/paivystyskausi-alkoi-1-5-2026\/\" \/>\n<meta property=\"og:locale\" content=\"fi_FI\" \/>\n<meta property=\"og:type\" content=\"article\" \/>\n<meta property=\"og:title\" content=\"P\u00e4ivystyskausi ALKOI 1.5.2026\" \/>\n<meta property=\"og:description\" content=\"Nihti miehist\u00f6ineen on valmiina 1.5. alkavaan p\u00e4ivystyskauteen. H\u00e4t\u00e4tilanteessa soita 112, kiireett\u00f6m\u00e4t avustusteht\u00e4v\u00e4t valtakunnalliseen palvelunumeroon 0800 30 22 30. Oikein hyv\u00e4\u00e4 vappua ja turvallista veneilykautta 2026 kaikille- #vapaaehtoiset #jatkuvavalmius #meripelastus #h\u00e4meenlinnanj\u00e4rvipelastajat #meripelastusseura\" \/>\n<meta property=\"og:url\" content=\"https:\/\/meripelastus.fi\/hameenlinna\/paivystyskausi-alkoi-1-5-2026\/\" \/>\n<meta property=\"og:site_name\" content=\"H\u00e4meenlinnan j\u00e4rvipelastajat\" \/>\n<meta property=\"article:published_time\" content=\"2026-05-01T05:18:13+00:00\" \/>\n<meta property=\"article:modified_time\" content=\"2026-05-01T05:18:14+00:00\" \/>\n<meta property=\"og:image\" content=\"https:\/\/meripelastus.fi\/hameenlinna\/wp-content\/uploads\/sites\/8\/2022\/11\/alukset_kansikuva.jpg\" \/>\n\t<meta property=\"og:image:width\" content=\"1800\" \/>\n\t<meta property=\"og:image:height\" content=\"850\" \/>\n\t<meta property=\"og:image:type\" content=\"image\/jpeg\" \/>\n<meta name=\"author\" content=\"samit\" \/>\n<meta name=\"twitter:card\" content=\"summary_large_image\" \/>\n<meta name=\"twitter:label1\" content=\"Kirjoittanut\" \/>\n\t<meta name=\"twitter:data1\" content=\"samit\" \/>\n\t<meta name=\"twitter:label2\" content=\"Arvioitu lukuaika\" \/>\n\t<meta name=\"twitter:data2\" content=\"1 minuutti\" \/>\n<script type=\"application\/ld+json\" class=\"yoast-schema-graph\">{\"@context\":\"https:\\\/\\\/schema.org\",\"@graph\":[{\"@type\":\"Article\",\"@id\":\"https:\\\/\\\/meripelastus.fi\\\/hameenlinna\\\/paivystyskausi-alkoi-1-5-2026\\\/#article\",\"isPartOf\":{\"@id\":\"https:\\\/\\\/meripelastus.fi\\\/hameenlinna\\\/paivystyskausi-alkoi-1-5-2026\\\/\"},\"author\":{\"name\":\"samit\",\"@id\":\"https:\\\/\\\/meripelastus.fi\\\/hameenlinna\\\/#\\\/schema\\\/person\\\/03b400181bc16c3bf9f93aea2e2d1bec\"},\"headline\":\"P\u00e4ivystyskausi ALKOI 1.5.2026\",\"datePublished\":\"2026-05-01T05:18:13+00:00\",\"dateModified\":\"2026-05-01T05:18:14+00:00\",\"mainEntityOfPage\":{\"@id\":\"https:\\\/\\\/meripelastus.fi\\\/hameenlinna\\\/paivystyskausi-alkoi-1-5-2026\\\/\"},\"wordCount\":37,\"image\":{\"@id\":\"https:\\\/\\\/meripelastus.fi\\\/hameenlinna\\\/paivystyskausi-alkoi-1-5-2026\\\/#primaryimage\"},\"thumbnailUrl\":\"https:\\\/\\\/meripelastus.fi\\\/hameenlinna\\\/wp-content\\\/uploads\\\/sites\\\/8\\\/2022\\\/11\\\/alukset_kansikuva.jpg\",\"articleSection\":[\"Uutiset\"],\"inLanguage\":\"fi\"},{\"@type\":\"WebPage\",\"@id\":\"https:\\\/\\\/meripelastus.fi\\\/hameenlinna\\\/paivystyskausi-alkoi-1-5-2026\\\/\",\"url\":\"https:\\\/\\\/meripelastus.fi\\\/hameenlinna\\\/paivystyskausi-alkoi-1-5-2026\\\/\",\"name\":\"P\u00e4ivystyskausi ALKOI 1.5.2026 - H\u00e4meenlinnan j\u00e4rvipelastajat\",\"isPartOf\":{\"@id\":\"https:\\\/\\\/meripelastus.fi\\\/hameenlinna\\\/#website\"},\"primaryImageOfPage\":{\"@id\":\"https:\\\/\\\/meripelastus.fi\\\/hameenlinna\\\/paivystyskausi-alkoi-1-5-2026\\\/#primaryimage\"},\"image\":{\"@id\":\"https:\\\/\\\/meripelastus.fi\\\/hameenlinna\\\/paivystyskausi-alkoi-1-5-2026\\\/#primaryimage\"},\"thumbnailUrl\":\"https:\\\/\\\/meripelastus.fi\\\/hameenlinna\\\/wp-content\\\/uploads\\\/sites\\\/8\\\/2022\\\/11\\\/alukset_kansikuva.jpg\",\"datePublished\":\"2026-05-01T05:18:13+00:00\",\"dateModified\":\"2026-05-01T05:18:14+00:00\",\"author\":{\"@id\":\"https:\\\/\\\/meripelastus.fi\\\/hameenlinna\\\/#\\\/schema\\\/person\\\/03b400181bc16c3bf9f93aea2e2d1bec\"},\"breadcrumb\":{\"@id\":\"https:\\\/\\\/meripelastus.fi\\\/hameenlinna\\\/paivystyskausi-alkoi-1-5-2026\\\/#breadcrumb\"},\"inLanguage\":\"fi\",\"potentialAction\":[{\"@type\":\"ReadAction\",\"target\":[\"https:\\\/\\\/meripelastus.fi\\\/hameenlinna\\\/paivystyskausi-alkoi-1-5-2026\\\/\"]}]},{\"@type\":\"ImageObject\",\"inLanguage\":\"fi\",\"@id\":\"https:\\\/\\\/meripelastus.fi\\\/hameenlinna\\\/paivystyskausi-alkoi-1-5-2026\\\/#primaryimage\",\"url\":\"https:\\\/\\\/meripelastus.fi\\\/hameenlinna\\\/wp-content\\\/uploads\\\/sites\\\/8\\\/2022\\\/11\\\/alukset_kansikuva.jpg\",\"contentUrl\":\"https:\\\/\\\/meripelastus.fi\\\/hameenlinna\\\/wp-content\\\/uploads\\\/sites\\\/8\\\/2022\\\/11\\\/alukset_kansikuva.jpg\",\"width\":1800,\"height\":850},{\"@type\":\"BreadcrumbList\",\"@id\":\"https:\\\/\\\/meripelastus.fi\\\/hameenlinna\\\/paivystyskausi-alkoi-1-5-2026\\\/#breadcrumb\",\"itemListElement\":[{\"@type\":\"ListItem\",\"position\":1,\"name\":\"Etusivu\",\"item\":\"https:\\\/\\\/meripelastus.fi\\\/hameenlinna\\\/\"},{\"@type\":\"ListItem\",\"position\":2,\"name\":\"P\u00e4ivystyskausi ALKOI 1.5.2026\"}]},{\"@type\":\"WebSite\",\"@id\":\"https:\\\/\\\/meripelastus.fi\\\/hameenlinna\\\/#website\",\"url\":\"https:\\\/\\\/meripelastus.fi\\\/hameenlinna\\\/\",\"name\":\"H\u00e4meenlinnan j\u00e4rvipelastajat\",\"description\":\"Vapaaehtoiset apunasi vesill\u00e4\",\"potentialAction\":[{\"@type\":\"SearchAction\",\"target\":{\"@type\":\"EntryPoint\",\"urlTemplate\":\"https:\\\/\\\/meripelastus.fi\\\/hameenlinna\\\/?s={search_term_string}\"},\"query-input\":{\"@type\":\"PropertyValueSpecification\",\"valueRequired\":true,\"valueName\":\"search_term_string\"}}],\"inLanguage\":\"fi\"},{\"@type\":\"Person\",\"@id\":\"https:\\\/\\\/meripelastus.fi\\\/hameenlinna\\\/#\\\/schema\\\/person\\\/03b400181bc16c3bf9f93aea2e2d1bec\",\"name\":\"samit\",\"image\":{\"@type\":\"ImageObject\",\"inLanguage\":\"fi\",\"@id\":\"https:\\\/\\\/secure.gravatar.com\\\/avatar\\\/037da38d63d615cdf68cc2fc832456725f6b03eeef0c28afa9da1c4dd0a08798?s=96&d=mm&r=g\",\"url\":\"https:\\\/\\\/secure.gravatar.com\\\/avatar\\\/037da38d63d615cdf68cc2fc832456725f6b03eeef0c28afa9da1c4dd0a08798?s=96&d=mm&r=g\",\"contentUrl\":\"https:\\\/\\\/secure.gravatar.com\\\/avatar\\\/037da38d63d615cdf68cc2fc832456725f6b03eeef0c28afa9da1c4dd0a08798?s=96&d=mm&r=g\",\"caption\":\"samit\"},\"url\":\"https:\\\/\\\/meripelastus.fi\\\/hameenlinna\\\/author\\\/samit\\\/\"}]}<\/script>\n<!-- \/ Yoast SEO Premium plugin. -->","yoast_head_json":{"title":"P\u00e4ivystyskausi ALKOI 1.5.2026 - H\u00e4meenlinnan j\u00e4rvipelastajat","robots":{"index":"index","follow":"follow","max-snippet":"max-snippet:-1","max-image-preview":"max-image-preview:large","max-video-preview":"max-video-preview:-1"},"canonical":"https:\/\/meripelastus.fi\/hameenlinna\/paivystyskausi-alkoi-1-5-2026\/","og_locale":"fi_FI","og_type":"article","og_title":"P\u00e4ivystyskausi ALKOI 1.5.2026","og_description":"Nihti miehist\u00f6ineen on valmiina 1.5. alkavaan p\u00e4ivystyskauteen. H\u00e4t\u00e4tilanteessa soita 112, kiireett\u00f6m\u00e4t avustusteht\u00e4v\u00e4t valtakunnalliseen palvelunumeroon 0800 30 22 30. Oikein hyv\u00e4\u00e4 vappua ja turvallista veneilykautta 2026 kaikille- #vapaaehtoiset #jatkuvavalmius #meripelastus #h\u00e4meenlinnanj\u00e4rvipelastajat #meripelastusseura","og_url":"https:\/\/meripelastus.fi\/hameenlinna\/paivystyskausi-alkoi-1-5-2026\/","og_site_name":"H\u00e4meenlinnan j\u00e4rvipelastajat","article_published_time":"2026-05-01T05:18:13+00:00","article_modified_time":"2026-05-01T05:18:14+00:00","og_image":[{"width":1800,"height":850,"url":"https:\/\/meripelastus.fi\/hameenlinna\/wp-content\/uploads\/sites\/8\/2022\/11\/alukset_kansikuva.jpg","type":"image\/jpeg"}],"author":"samit","twitter_card":"summary_large_image","twitter_misc":{"Kirjoittanut":"samit","Arvioitu lukuaika":"1 minuutti"},"schema":{"@context":"https:\/\/schema.org","@graph":[{"@type":"Article","@id":"https:\/\/meripelastus.fi\/hameenlinna\/paivystyskausi-alkoi-1-5-2026\/#article","isPartOf":{"@id":"https:\/\/meripelastus.fi\/hameenlinna\/paivystyskausi-alkoi-1-5-2026\/"},"author":{"name":"samit","@id":"https:\/\/meripelastus.fi\/hameenlinna\/#\/schema\/person\/03b400181bc16c3bf9f93aea2e2d1bec"},"headline":"P\u00e4ivystyskausi ALKOI 1.5.2026","datePublished":"2026-05-01T05:18:13+00:00","dateModified":"2026-05-01T05:18:14+00:00","mainEntityOfPage":{"@id":"https:\/\/meripelastus.fi\/hameenlinna\/paivystyskausi-alkoi-1-5-2026\/"},"wordCount":37,"image":{"@id":"https:\/\/meripelastus.fi\/hameenlinna\/paivystyskausi-alkoi-1-5-2026\/#primaryimage"},"thumbnailUrl":"https:\/\/meripelastus.fi\/hameenlinna\/wp-content\/uploads\/sites\/8\/2022\/11\/alukset_kansikuva.jpg","articleSection":["Uutiset"],"inLanguage":"fi"},{"@type":"WebPage","@id":"https:\/\/meripelastus.fi\/hameenlinna\/paivystyskausi-alkoi-1-5-2026\/","url":"https:\/\/meripelastus.fi\/hameenlinna\/paivystyskausi-alkoi-1-5-2026\/","name":"P\u00e4ivystyskausi ALKOI 1.5.2026 - H\u00e4meenlinnan j\u00e4rvipelastajat","isPartOf":{"@id":"https:\/\/meripelastus.fi\/hameenlinna\/#website"},"primaryImageOfPage":{"@id":"https:\/\/meripelastus.fi\/hameenlinna\/paivystyskausi-alkoi-1-5-2026\/#primaryimage"},"image":{"@id":"https:\/\/meripelastus.fi\/hameenlinna\/paivystyskausi-alkoi-1-5-2026\/#primaryimage"},"thumbnailUrl":"https:\/\/meripelastus.fi\/hameenlinna\/wp-content\/uploads\/sites\/8\/2022\/11\/alukset_kansikuva.jpg","datePublished":"2026-05-01T05:18:13+00:00","dateModified":"2026-05-01T05:18:14+00:00","author":{"@id":"https:\/\/meripelastus.fi\/hameenlinna\/#\/schema\/person\/03b400181bc16c3bf9f93aea2e2d1bec"},"breadcrumb":{"@id":"https:\/\/meripelastus.fi\/hameenlinna\/paivystyskausi-alkoi-1-5-2026\/#breadcrumb"},"inLanguage":"fi","potentialAction":[{"@type":"ReadAction","target":["https:\/\/meripelastus.fi\/hameenlinna\/paivystyskausi-alkoi-1-5-2026\/"]}]},{"@type":"ImageObject","inLanguage":"fi","@id":"https:\/\/meripelastus.fi\/hameenlinna\/paivystyskausi-alkoi-1-5-2026\/#primaryimage","url":"https:\/\/meripelastus.fi\/hameenlinna\/wp-content\/uploads\/sites\/8\/2022\/11\/alukset_kansikuva.jpg","contentUrl":"https:\/\/meripelastus.fi\/hameenlinna\/wp-content\/uploads\/sites\/8\/2022\/11\/alukset_kansikuva.jpg","width":1800,"height":850},{"@type":"BreadcrumbList","@id":"https:\/\/meripelastus.fi\/hameenlinna\/paivystyskausi-alkoi-1-5-2026\/#breadcrumb","itemListElement":[{"@type":"ListItem","position":1,"name":"Etusivu","item":"https:\/\/meripelastus.fi\/hameenlinna\/"},{"@type":"ListItem","position":2,"name":"P\u00e4ivystyskausi ALKOI 1.5.2026"}]},{"@type":"WebSite","@id":"https:\/\/meripelastus.fi\/hameenlinna\/#website","url":"https:\/\/meripelastus.fi\/hameenlinna\/","name":"H\u00e4meenlinnan j\u00e4rvipelastajat","description":"Vapaaehtoiset apunasi vesill\u00e4","potentialAction":[{"@type":"SearchAction","target":{"@type":"EntryPoint","urlTemplate":"https:\/\/meripelastus.fi\/hameenlinna\/?s={search_term_string}"},"query-input":{"@type":"PropertyValueSpecification","valueRequired":true,"valueName":"search_term_string"}}],"inLanguage":"fi"},{"@type":"Person","@id":"https:\/\/meripelastus.fi\/hameenlinna\/#\/schema\/person\/03b400181bc16c3bf9f93aea2e2d1bec","name":"samit","image":{"@type":"ImageObject","inLanguage":"fi","@id":"https:\/\/secure.gravatar.com\/avatar\/037da38d63d615cdf68cc2fc832456725f6b03eeef0c28afa9da1c4dd0a08798?s=96&d=mm&r=g","url":"https:\/\/secure.gravatar.com\/avatar\/037da38d63d615cdf68cc2fc832456725f6b03eeef0c28afa9da1c4dd0a08798?s=96&d=mm&r=g","contentUrl":"https:\/\/secure.gravatar.com\/avatar\/037da38d63d615cdf68cc2fc832456725f6b03eeef0c28afa9da1c4dd0a08798?s=96&d=mm&r=g","caption":"samit"},"url":"https:\/\/meripelastus.fi\/hameenlinna\/author\/samit\/"}]}},"_links":{"self":[{"href":"https:\/\/meripelastus.fi\/hameenlinna\/wp-json\/wp\/v2\/posts\/1183","targetHints":{"allow":["GET"]}}],"collection":[{"href":"https:\/\/meripelastus.fi\/hameenlinna\/wp-json\/wp\/v2\/posts"}],"about":[{"href":"https:\/\/meripelastus.fi\/hameenlinna\/wp-json\/wp\/v2\/types\/post"}],"author":[{"embeddable":true,"href":"https:\/\/meripelastus.fi\/hameenlinna\/wp-json\/wp\/v2\/users\/145"}],"replies":[{"embeddable":true,"href":"https:\/\/meripelastus.fi\/hameenlinna\/wp-json\/wp\/v2\/comments?post=1183"}],"version-history":[{"count":1,"href":"https:\/\/meripelastus.fi\/hameenlinna\/wp-json\/wp\/v2\/posts\/1183\/revisions"}],"predecessor-version":[{"id":1184,"href":"https:\/\/meripelastus.fi\/hameenlinna\/wp-json\/wp\/v2\/posts\/1183\/revisions\/1184"}],"wp:featuredmedia":[{"embeddable":true,"href":"https:\/\/meripelastus.fi\/hameenlinna\/wp-json\/wp\/v2\/media\/890"}],"wp:attachment":[{"href":"https:\/\/meripelastus.fi\/hameenlinna\/wp-json\/wp\/v2\/media?parent=1183"}],"wp:term":[{"taxonomy":"category","embeddable":true,"href":"https:\/\/meripelastus.fi\/hameenlinna\/wp-json\/wp\/v2\/categories?post=1183"},{"taxonomy":"post_tag","embeddable":true,"href":"https:\/\/meripelastus.fi\/hameenlinna\/wp-json\/wp\/v2\/tags?post=1183"}],"curies":[{"name":"wp","href":"https:\/\/api.w.org\/{rel}","templated":true}]}}